{"id":10499,"date":"2024-06-10T22:46:25","date_gmt":"2024-06-10T20:46:25","guid":{"rendered":"https:\/\/www.ferembach.com\/cestquilescreas\/?p=10499"},"modified":"2024-06-11T16:10:09","modified_gmt":"2024-06-11T14:10:09","slug":"maximilien-guibert-jeremy-burnand","status":"publish","type":"post","link":"https:\/\/www.ferembach.com\/cestquilescreas\/team\/maximilien-guibert-jeremy-burnand\/","title":{"rendered":"Maximilien Guibert &amp; J\u00e9r\u00e9my Burnand"},"content":{"rendered":"\n<figure class=\"wp-block-image size-full\"><img loading=\"lazy\" decoding=\"async\" width=\"1400\" height=\"576\" src=\"https:\/\/www.ferembach.com\/cestquilescreas\/wp-content\/uploads\/2024\/06\/max-jerem-1.jpg\" alt=\"\" class=\"wp-image-10530\" srcset=\"https:\/\/www.ferembach.com\/cestquilescreas\/wp-content\/uploads\/2024\/06\/max-jerem-1.jpg 1400w, https:\/\/www.ferembach.com\/cestquilescreas\/wp-content\/uploads\/2024\/06\/max-jerem-1-1280x527.jpg 1280w, https:\/\/www.ferembach.com\/cestquilescreas\/wp-content\/uploads\/2024\/06\/max-jerem-1-980x403.jpg 980w, https:\/\/www.ferembach.com\/cestquilescreas\/wp-content\/uploads\/2024\/06\/max-jerem-1-480x197.jpg 480w\" sizes=\"auto, (min-width: 0px) and (max-width: 480px) 480px, (min-width: 481px) and (max-width: 980px) 980px, (min-width: 981px) and (max-width: 1280px) 1280px, (min-width: 1281px) 1400px, 100vw\" \/><\/figure>\n\n\n\n<p class=\"has-vivid-cyan-blue-color has-text-color has-link-color has-medium-font-size wp-elements-a189ee15916d9837adda1a35b7b31139\">Bonjour, quel ont \u00e9t\u00e9 vos parcours ?<\/p>\n\n\n\n<p><strong>J\u00e9r\u00e9my (le CR, \u00e0 droite sur le bandeau) \u00a0<\/strong>: \u00c0 la fin d\u2019un parcours scolaire que mes profs pourraient qualifier de \u00ab\u00a0Bien mais pas top\u00a0\u00bb je me retrouve devant la conseill\u00e8re d\u2019orientation qui me dit\u00a0: \u00ab\u00a0Si vous ne savez pas quoi faire apr\u00e8s votre Bac, faites une \u00e9cole de commerce, \u00e7a ouvre plein de portes\u00a0!\u00a0\u00bb Alors concr\u00e8tement, \u00e7a ne m\u2019a pas ouvert de portes mais \u00e7a m\u2019a ouvert les yeux sur ce que je ne voulais surtout pas faire et c\u2019\u00e9tait d\u00e9j\u00e0 pas mal. Apr\u00e8s une seule et unique ann\u00e9e en \u00e9cole de commerce, je m\u2019oriente vers un BTS Communication.<br><br> Je passe en coup de vent \u00e0 l\u2019ISCOM pour valider une licence. Par la suite, j\u2019ai la chance de tomber sur Didier Aerts et Bangaly Fofana en stage chez Publicis Conseil et gr\u00e2ce \u00e0 eux, je me fais un premier doss et je pars \u00e0 Sup de Cr\u00e9a encore \u00e0 Roubaix. Stage de fin d\u2019\u00e9tudes chez BETC, puis premier boulot chez Change. Quelques temps apr\u00e8s et un peu de free plus tard, on d\u00e9barque chez DDB avec Max.<\/p>\n\n\n\n<p><strong>Max\u00a0(le DA, \u00e0 gauche sur le bandeau) :<\/strong> \u00c7a a toujours \u00e9t\u00e9 un peu compliqu\u00e9 de r\u00e9pondre \u00e0 la question \u00ab\u00a0D\u2019o\u00f9 viens-tu\u00a0?\u00a0\u00bb. Mon p\u00e8re \u00e9tant expat\u2019, j\u2019ai beaucoup boug\u00e9 et j\u2019ai eu la chance de vivre dans diff\u00e9rents endroits \u00e0 travers le monde. Des endroits cools comme Buenos Aires, Santiago, Prague et des endroits un poil moins cools comme Mulhouse ou Belfort.<\/p>\n\n\n\n<p>Pour les \u00e9tudes \u00e7a a aussi \u00e9t\u00e9 un peu mouvement\u00e9. J\u2019ai eu mon Bac au Lyc\u00e9e Fran\u00e7ais de Prague, puis direction Marseille pour int\u00e9grer Euromed Marseille, \u00e9cole de commerce post-bac en 5 ans. Ce n\u2019\u00e9tait pas sp\u00e9cialement ma came mais \u00e7a m\u2019a permis de continuer \u00e0 voyager. J\u2019avais pris l\u2019option double dipl\u00f4me dans un petit coin sympa que l\u2019on appelle le Mexique. Me revoil\u00e0 reparti en vadrouille. J\u2019ai toujours voulu faire de la pub, du coup j\u2019ai commenc\u00e9 avec des stages en tant que commercial. <br><br>Mais j\u2019ai tr\u00e8s vite compris que c\u2019\u00e9tait la cr\u00e9ation qui m\u2019attirait. J\u2019ai termin\u00e9 mon \u00e9cole et suis rest\u00e9 un an de plus au Mexique \u00e0 travailler \u00e0 mi-temps et \u00e0 graffer le reste du temps. C\u2019\u00e9tait sympa mais \u00e7a ne payait pas vraiment. Du coup, retour en France. Je d\u00e9cide de me former pour un truc qui me pla\u00eet vraiment cette fois&nbsp;: direction Sup de Cr\u00e9ation, \u00e0 Roubaix. \u00c7a y est, j\u2019ai trouv\u00e9 ce qui m\u2019anime et un r\u00e9dac\u2019.<\/p>\n\n\n\n<p class=\"has-vivid-cyan-blue-color has-text-color has-link-color has-medium-font-size wp-elements-d2ad171d78ebc7accc112cc949e0d693\">Depuis combien d\u2019ann\u00e9es travailles-tu dans le milieu de la publicit\u00e9 ?<\/p>\n\n\n\n<p>Max et J\u00e9r\u00e9my&nbsp;: On est sortis de Sup\u2019 de Cr\u00e9a fin 2014 donc \u00e7a fera 10 ans cette ann\u00e9e. Et sinon dans 26 ans ont aura 60 ans. Voil\u00e0 pour le petit coup de vieux.<\/p>\n\n\n\n<figure class=\"wp-block-image aligncenter size-large is-resized\"><img loading=\"lazy\" decoding=\"async\" width=\"1024\" height=\"672\" src=\"https:\/\/www.ferembach.com\/cestquilescreas\/wp-content\/uploads\/2024\/06\/maxjerem-1024x672.jpg\" alt=\"\" class=\"wp-image-10533\" style=\"width:560px;height:auto\" srcset=\"https:\/\/www.ferembach.com\/cestquilescreas\/wp-content\/uploads\/2024\/06\/maxjerem-1024x672.jpg 1024w, https:\/\/www.ferembach.com\/cestquilescreas\/wp-content\/uploads\/2024\/06\/maxjerem-980x643.jpg 980w, https:\/\/www.ferembach.com\/cestquilescreas\/wp-content\/uploads\/2024\/06\/maxjerem-480x315.jpg 480w\" sizes=\"auto, (min-width: 0px) and (max-width: 480px) 480px, (min-width: 481px) and (max-width: 980px) 980px, (min-width: 981px) 1024px, 100vw\" \/><\/figure>\n\n\n\n<p class=\"has-vivid-cyan-blue-color has-text-color has-link-color has-medium-font-size wp-elements-9e16d5ddccad25f88f27bf57ca84ece6\">As-tu h\u00e9sit\u00e9 \u00e0 faire de la pub, tu aurais fait quoi \u00e0 la place ?<\/p>\n\n\n\n<p><strong>J\u00e9r\u00e9my<\/strong>&nbsp;: J\u2019ai toujours \u00e9t\u00e9 attir\u00e9 par la pub. Je me souviens que je demandais la permission de me coucher plus tard les soirs de Culture Pub et que j\u2019\u00e9tais d\u00e9\u00e7u quand on n\u2019arrivait pas pour les pubs avant la s\u00e9ance de cin\u00e9. Et puis quand j\u2019ai compris qu\u2019Indiana Jones ce n\u2019\u00e9tait pas un m\u00e9tier, il fallait bien que je trouve autre chose. Si je n\u2019avais pas travaill\u00e9 dans la pub, j\u2019aurai vraiment ador\u00e9 \u00eatre acteur. Ou tester les infrastructures du Club Med \u00e0 travers le monde (oui, ce m\u00e9tier existe). Apr\u00e8s, il n\u2019y a pas d\u2019\u00e2ge pour une r\u00e9orientation professionnelle, si ?<\/p>\n\n\n\n<p><strong>Max&nbsp;<\/strong>: Non pas vraiment non plus. J\u2019ai h\u00e9sit\u00e9 au moment de mon choix d\u2019\u00e9tude \u00e0 faire une \u00e9cole d\u2019art mais comme je ne connaissais personne qui avait ce genre de cursus autour de moi je me suis dit qu\u2019une \u00e9cole d\u2019art rimait forc\u00e9ment avec le fait de devenir peintre. Si j\u2019avais d\u00fb choisir autre chose que la pub, j\u2019aurais quand m\u00eame choisi un parcours artistique. J\u2019ai toujours \u00e9t\u00e9 passionn\u00e9 par le dessin des lettres. Va savoir. J\u2019aurais bien fini par trouver un m\u00e9tier en lien avec ma passion.<\/p>\n\n\n\n<p class=\"has-vivid-cyan-blue-color has-text-color has-link-color has-medium-font-size wp-elements-91f33cb7b018c4f420b8652067cf970c\">Tu es &lsquo;fan&rsquo; de quoi ? <\/p>\n\n\n\n<p><strong>J\u00e9r\u00e9my<\/strong>&nbsp;: Je suis un fan inconditionnel d\u2019Arsenal et je fais pas mal d\u2019escalade. Dans les deux cas ce sont des hauts et des bas. Je suis passionn\u00e9 par l\u2019histoire et particuli\u00e8rement par la Seconde Guerre Mondiale. Je lis beaucoup de bouquins consacr\u00e9s \u00e0 cette p\u00e9riode. Comme beaucoup, j\u2019essaye d\u2019aller au cin\u00e9 d\u00e8s que j\u2019ai une fen\u00eatre de tir. \u00c9tant un gros fan de rock, j\u2019aime bien arpenter les rayons des disquaires ou me balader dans des brocantes au beau milieu de nulle part pour trouver des perles rares en vinyle.<\/p>\n\n\n\n<p><strong>Max&nbsp;<\/strong>: Du coup petit spoil \u00e0 la fin de la question pr\u00e9c\u00e9dente. Je suis un grand fan de typographie. \u00c7a a commenc\u00e9 par le graffiti que j\u2019ai pratiqu\u00e9 pendant plus de 10 ans. Puis \u00e7a s\u2019est transform\u00e9 avec le lettering et plus grossi\u00e8rement le design graphique. Je ne sais absolument pas dessiner, mais les lettres, \u00e7a je sais faire. J\u2019essaye de continuer \u00e0 cr\u00e9er en dehors du boulot, m\u00eame si le temps manque. Sinon j\u2019aime aussi beaucoup le foot et notamment le PSG. Et puis comme tout le monde, \u00e9couter de la musique. Le cin\u00e9ma aussi mais je ne vais pas commencer \u00e0 \u00ab&nbsp;name dropper&nbsp;\u00bb. Tant que l\u2019histoire est cool et l\u2019image belle, je prends.<\/p>\n\n\n\n<p class=\"has-vivid-cyan-blue-color has-text-color has-link-color has-medium-font-size wp-elements-95dbc7e676d9a03b2aa0e88abb8e56be\">Tu as travaill\u00e9 sur quels budgets, avec qui, dans quels pays ? &nbsp;<\/p>\n\n\n\n<p><strong>Max et J\u00e9r\u00e9my&nbsp;<\/strong>: Quand on est arriv\u00e9 chez DDB, on a boss\u00e9 exclusivement sur McDo. On a \u00e9t\u00e9 recrut\u00e9 par M\u00e9lanie Pennec qui \u00e9tait DC sur ce compte. C\u2019est elle qui nous a ouvert la porte de l\u2019agence. On a remport\u00e9 pas mal de compets\u2019 avec elle notamment sur McDo, mais aussi d\u2019autres budgets comme l\u2019ADEME, Monoprix et Leboncoin. On a ensuite commenc\u00e9 \u00e0 travailler avec Alexander Kalchev sur l\u2019\u00c9quipe, Volkswagen, Tag Heuer, Rock&amp;Folk, ou encore Amnesty International. <br><br>Puis en parall\u00e8le sur Hennessy, Honda avec Alexis Benbehe et Pierre Mathonat, Skoda avec Benjamin Dessagne et St\u00e9phane Santana et Prime Video ou encore Spotify avec Clara Noguier et Olivier Le Lostec. Aujourd\u2019hui, on travaille sur les diff\u00e9rents budgets de l\u2019agence et sur les compets avec Alexander et on a des briefs avec les autres DC. Nous avons aussi pris le r\u00f4le de&nbsp;Creative Lead sur CUPRA cette ann\u00e9e.<\/p>\n\n\n\n<p class=\"has-vivid-cyan-blue-color has-text-color has-link-color has-medium-font-size wp-elements-e29277bc3723730fd70f2a68fa807404\">Parlez-nous de vos projets pub :<\/p>\n\n\n\n<p>Notre premier film pour McDo Code Cin\u00e9. Une op\u00e9 pendant laquelle on pouvait gagner des films gratuitement en achetant des menus&nbsp;:  <\/p>\n\n\n<figure class=\"wp-block-embed-youtube wp-block-embed is-type-video is-provider-youtube wp-embed-aspect-16-9 wp-has-aspect-ratio\"><div class=\"lyte-wrapper\" style=\"width:853px;max-width:100%;margin:5px auto;\"><div class=\"lyMe\" id=\"WYL_Nwb9b3r7EK0\"><div id=\"lyte_Nwb9b3r7EK0\" data-src=\"https:\/\/www.ferembach.com\/cestquilescreas\/wp-content\/plugins\/wp-youtube-lyte\/lyteCache.php?origThumbUrl=%2F%2Fi.ytimg.com%2Fvi%2FNwb9b3r7EK0%2Fhqdefault.jpg\" class=\"pL\"><div class=\"tC\"><div class=\"tT\"><\/div><\/div><div class=\"play\"><\/div><div class=\"ctrl\"><div class=\"Lctrl\"><\/div><div class=\"Rctrl\"><\/div><\/div><\/div><noscript><a href=\"https:\/\/youtu.be\/Nwb9b3r7EK0\" rel=\"nofollow\"><img loading=\"lazy\" decoding=\"async\" src=\"https:\/\/www.ferembach.com\/cestquilescreas\/wp-content\/plugins\/wp-youtube-lyte\/lyteCache.php?origThumbUrl=https%3A%2F%2Fi.ytimg.com%2Fvi%2FNwb9b3r7EK0%2F0.jpg\" alt=\"YouTube video thumbnail\" width=\"853\" height=\"460\" \/><br \/>Lire cette vid\u00e9o sur YouTube<\/a><\/noscript><\/div><\/div><div class=\"lL\" style=\"max-width:100%;width:853px;margin:5px auto;\"><\/div><figcaption><\/figcaption><\/figure>\n\n\n<p>Notre derni\u00e8re campagne Amnesty International sur la sortie de leur rapport annuel. Comme quoi on reconna\u00eet une bonne association \u00e0 tous ceux qui voudraient qu\u2019elle se taise.<\/p>\n\n\n\n<figure class=\"wp-block-gallery has-nested-images columns-3 is-cropped wp-block-gallery-1 is-layout-flex wp-block-gallery-is-layout-flex\">\n<figure class=\"wp-block-image size-full\"><a href=\"https:\/\/www.ferembach.com\/cestquilescreas\/wp-content\/uploads\/2024\/06\/PISTE_2_PRINT_180424_FR.jpg\"><img loading=\"lazy\" decoding=\"async\" width=\"800\" height=\"1131\" data-id=\"10501\" src=\"https:\/\/www.ferembach.com\/cestquilescreas\/wp-content\/uploads\/2024\/06\/PISTE_2_PRINT_180424_FR.jpg\" alt=\"\" class=\"wp-image-10501\" srcset=\"https:\/\/www.ferembach.com\/cestquilescreas\/wp-content\/uploads\/2024\/06\/PISTE_2_PRINT_180424_FR.jpg 800w, https:\/\/www.ferembach.com\/cestquilescreas\/wp-content\/uploads\/2024\/06\/PISTE_2_PRINT_180424_FR-480x679.jpg 480w\" sizes=\"auto, (min-width: 0px) and (max-width: 480px) 480px, (min-width: 481px) 800px, 100vw\" \/><\/a><\/figure>\n\n\n\n<figure class=\"wp-block-image size-full\"><a href=\"https:\/\/www.ferembach.com\/cestquilescreas\/wp-content\/uploads\/2024\/06\/PISTE_2_PRINT_180424_FR2.jpg\"><img loading=\"lazy\" decoding=\"async\" width=\"800\" height=\"1131\" data-id=\"10502\" src=\"https:\/\/www.ferembach.com\/cestquilescreas\/wp-content\/uploads\/2024\/06\/PISTE_2_PRINT_180424_FR2.jpg\" alt=\"\" class=\"wp-image-10502\" srcset=\"https:\/\/www.ferembach.com\/cestquilescreas\/wp-content\/uploads\/2024\/06\/PISTE_2_PRINT_180424_FR2.jpg 800w, https:\/\/www.ferembach.com\/cestquilescreas\/wp-content\/uploads\/2024\/06\/PISTE_2_PRINT_180424_FR2-480x679.jpg 480w\" sizes=\"auto, (min-width: 0px) and (max-width: 480px) 480px, (min-width: 481px) 800px, 100vw\" \/><\/a><\/figure>\n\n\n\n<figure class=\"wp-block-image size-full\"><a href=\"https:\/\/www.ferembach.com\/cestquilescreas\/wp-content\/uploads\/2024\/06\/PISTE_2_PRINT_180424_FR5.jpg\"><img loading=\"lazy\" decoding=\"async\" width=\"800\" height=\"1131\" data-id=\"10505\" src=\"https:\/\/www.ferembach.com\/cestquilescreas\/wp-content\/uploads\/2024\/06\/PISTE_2_PRINT_180424_FR5.jpg\" alt=\"\" class=\"wp-image-10505\" srcset=\"https:\/\/www.ferembach.com\/cestquilescreas\/wp-content\/uploads\/2024\/06\/PISTE_2_PRINT_180424_FR5.jpg 800w, https:\/\/www.ferembach.com\/cestquilescreas\/wp-content\/uploads\/2024\/06\/PISTE_2_PRINT_180424_FR5-480x679.jpg 480w\" sizes=\"auto, (min-width: 0px) and (max-width: 480px) 480px, (min-width: 481px) 800px, 100vw\" \/><\/a><\/figure>\n\n\n\n<figure class=\"wp-block-image size-full\"><a href=\"https:\/\/www.ferembach.com\/cestquilescreas\/wp-content\/uploads\/2024\/06\/PISTE_2_PRINT_180424_FR4.jpg\"><img loading=\"lazy\" decoding=\"async\" width=\"800\" height=\"1131\" data-id=\"10504\" src=\"https:\/\/www.ferembach.com\/cestquilescreas\/wp-content\/uploads\/2024\/06\/PISTE_2_PRINT_180424_FR4.jpg\" alt=\"\" class=\"wp-image-10504\" srcset=\"https:\/\/www.ferembach.com\/cestquilescreas\/wp-content\/uploads\/2024\/06\/PISTE_2_PRINT_180424_FR4.jpg 800w, https:\/\/www.ferembach.com\/cestquilescreas\/wp-content\/uploads\/2024\/06\/PISTE_2_PRINT_180424_FR4-480x679.jpg 480w\" sizes=\"auto, (min-width: 0px) and (max-width: 480px) 480px, (min-width: 481px) 800px, 100vw\" \/><\/a><\/figure>\n\n\n\n<figure class=\"wp-block-image size-full\"><a href=\"https:\/\/www.ferembach.com\/cestquilescreas\/wp-content\/uploads\/2024\/06\/PISTE_2_PRINT_180424_FR3.jpg\"><img loading=\"lazy\" decoding=\"async\" width=\"800\" height=\"1131\" data-id=\"10503\" src=\"https:\/\/www.ferembach.com\/cestquilescreas\/wp-content\/uploads\/2024\/06\/PISTE_2_PRINT_180424_FR3.jpg\" alt=\"\" class=\"wp-image-10503\" srcset=\"https:\/\/www.ferembach.com\/cestquilescreas\/wp-content\/uploads\/2024\/06\/PISTE_2_PRINT_180424_FR3.jpg 800w, https:\/\/www.ferembach.com\/cestquilescreas\/wp-content\/uploads\/2024\/06\/PISTE_2_PRINT_180424_FR3-480x679.jpg 480w\" sizes=\"auto, (min-width: 0px) and (max-width: 480px) 480px, (min-width: 481px) 800px, 100vw\" \/><\/a><\/figure>\n\n\n\n<figure class=\"wp-block-image size-full\"><a href=\"https:\/\/www.ferembach.com\/cestquilescreas\/wp-content\/uploads\/2024\/06\/PISTE_2_PRINT_180424_FR7.jpg\"><img loading=\"lazy\" decoding=\"async\" width=\"800\" height=\"1131\" data-id=\"10507\" src=\"https:\/\/www.ferembach.com\/cestquilescreas\/wp-content\/uploads\/2024\/06\/PISTE_2_PRINT_180424_FR7.jpg\" alt=\"\" class=\"wp-image-10507\" srcset=\"https:\/\/www.ferembach.com\/cestquilescreas\/wp-content\/uploads\/2024\/06\/PISTE_2_PRINT_180424_FR7.jpg 800w, https:\/\/www.ferembach.com\/cestquilescreas\/wp-content\/uploads\/2024\/06\/PISTE_2_PRINT_180424_FR7-480x679.jpg 480w\" sizes=\"auto, (min-width: 0px) and (max-width: 480px) 480px, (min-width: 481px) 800px, 100vw\" \/><\/a><\/figure>\n<\/figure>\n\n\n\n<div style=\"height:42px\" aria-hidden=\"true\" class=\"wp-block-spacer\"><\/div>\n\n\n\n<figure class=\"wp-block-embed is-type-video is-provider-vimeo wp-block-embed-vimeo wp-embed-aspect-16-9 wp-has-aspect-ratio\"><div class=\"wp-block-embed__wrapper\">\n<iframe loading=\"lazy\" title=\"Amnesty International - THE COMMON ENEMY\" src=\"https:\/\/player.vimeo.com\/video\/954326724?dnt=1&amp;app_id=122963\" width=\"1080\" height=\"608\" frameborder=\"0\" allow=\"autoplay; fullscreen; picture-in-picture; clipboard-write\"><\/iframe>\n<\/div><\/figure>\n\n\n\n<p>Une campagne pour le hors-s\u00e9rie sp\u00e9cial M\u00e9tal du magazine Rock &amp; Folk. Testons l\u2019effet du m\u00e9tal sur votre imagination.<\/p>\n\n\n\n<figure class=\"wp-block-gallery has-nested-images columns-default is-cropped wp-block-gallery-2 is-layout-flex wp-block-gallery-is-layout-flex\">\n<figure class=\"wp-block-image size-large\"><img loading=\"lazy\" decoding=\"async\" width=\"600\" height=\"849\" data-id=\"10509\" src=\"https:\/\/www.ferembach.com\/cestquilescreas\/wp-content\/uploads\/2024\/06\/RockFolk2.jpg\" alt=\"\" class=\"wp-image-10509\" srcset=\"https:\/\/www.ferembach.com\/cestquilescreas\/wp-content\/uploads\/2024\/06\/RockFolk2.jpg 600w, https:\/\/www.ferembach.com\/cestquilescreas\/wp-content\/uploads\/2024\/06\/RockFolk2-480x679.jpg 480w\" sizes=\"auto, (min-width: 0px) and (max-width: 480px) 480px, (min-width: 481px) 600px, 100vw\" \/><\/figure>\n\n\n\n<figure class=\"wp-block-image size-large\"><img loading=\"lazy\" decoding=\"async\" width=\"600\" height=\"849\" data-id=\"10510\" src=\"https:\/\/www.ferembach.com\/cestquilescreas\/wp-content\/uploads\/2024\/06\/RockFolk3.jpg\" alt=\"\" class=\"wp-image-10510\" srcset=\"https:\/\/www.ferembach.com\/cestquilescreas\/wp-content\/uploads\/2024\/06\/RockFolk3.jpg 600w, https:\/\/www.ferembach.com\/cestquilescreas\/wp-content\/uploads\/2024\/06\/RockFolk3-480x679.jpg 480w\" sizes=\"auto, (min-width: 0px) and (max-width: 480px) 480px, (min-width: 481px) 600px, 100vw\" \/><\/figure>\n\n\n\n<figure class=\"wp-block-image size-large\"><img loading=\"lazy\" decoding=\"async\" width=\"600\" height=\"849\" data-id=\"10511\" src=\"https:\/\/www.ferembach.com\/cestquilescreas\/wp-content\/uploads\/2024\/06\/RockFolk1.jpg\" alt=\"\" class=\"wp-image-10511\" srcset=\"https:\/\/www.ferembach.com\/cestquilescreas\/wp-content\/uploads\/2024\/06\/RockFolk1.jpg 600w, https:\/\/www.ferembach.com\/cestquilescreas\/wp-content\/uploads\/2024\/06\/RockFolk1-480x679.jpg 480w\" sizes=\"auto, (min-width: 0px) and (max-width: 480px) 480px, (min-width: 481px) 600px, 100vw\" \/><\/figure>\n<\/figure>\n\n\n\n<p>Une activation pour Volkswagen le soir de la victoire de l\u2019\u00c9quipe de France \u00e0 la Coupe du Monde 2018.<\/p>\n\n\n<figure class=\"wp-block-embed-youtube wp-block-embed is-type-video is-provider-youtube wp-embed-aspect-16-9 wp-has-aspect-ratio\"><div class=\"lyte-wrapper\" style=\"width:853px;max-width:100%;margin:5px auto;\"><div class=\"lyMe\" id=\"WYL_CXBEsCrxS1w\"><div id=\"lyte_CXBEsCrxS1w\" data-src=\"https:\/\/www.ferembach.com\/cestquilescreas\/wp-content\/plugins\/wp-youtube-lyte\/lyteCache.php?origThumbUrl=%2F%2Fi.ytimg.com%2Fvi%2FCXBEsCrxS1w%2Fhqdefault.jpg\" class=\"pL\"><div class=\"tC\"><div class=\"tT\"><\/div><\/div><div class=\"play\"><\/div><div class=\"ctrl\"><div class=\"Lctrl\"><\/div><div class=\"Rctrl\"><\/div><\/div><\/div><noscript><a href=\"https:\/\/youtu.be\/CXBEsCrxS1w\" rel=\"nofollow\"><img loading=\"lazy\" decoding=\"async\" src=\"https:\/\/www.ferembach.com\/cestquilescreas\/wp-content\/plugins\/wp-youtube-lyte\/lyteCache.php?origThumbUrl=https%3A%2F%2Fi.ytimg.com%2Fvi%2FCXBEsCrxS1w%2F0.jpg\" alt=\"YouTube video thumbnail\" width=\"853\" height=\"460\" \/><br \/>Lire cette vid\u00e9o sur YouTube<\/a><\/noscript><\/div><\/div><div class=\"lL\" style=\"max-width:100%;width:853px;margin:5px auto;\"><\/div><figcaption><\/figcaption><\/figure>\n\n\n<p>Une campagne Honda avec plein de mots dedans et du Patrice Dumas.<\/p>\n\n\n\n<figure class=\"wp-block-gallery has-nested-images columns-2 is-cropped wp-block-gallery-3 is-layout-flex wp-block-gallery-is-layout-flex\">\n<figure class=\"wp-block-image size-large\"><img loading=\"lazy\" decoding=\"async\" width=\"1024\" height=\"724\" data-id=\"10514\" src=\"https:\/\/www.ferembach.com\/cestquilescreas\/wp-content\/uploads\/2024\/06\/HONDA_LOA_1-1024x724.jpg\" alt=\"\" class=\"wp-image-10514\" srcset=\"https:\/\/www.ferembach.com\/cestquilescreas\/wp-content\/uploads\/2024\/06\/HONDA_LOA_1-1024x724.jpg 1024w, https:\/\/www.ferembach.com\/cestquilescreas\/wp-content\/uploads\/2024\/06\/HONDA_LOA_1-980x693.jpg 980w, https:\/\/www.ferembach.com\/cestquilescreas\/wp-content\/uploads\/2024\/06\/HONDA_LOA_1-480x340.jpg 480w\" sizes=\"auto, (min-width: 0px) and (max-width: 480px) 480px, (min-width: 481px) and (max-width: 980px) 980px, (min-width: 981px) 1024px, 100vw\" \/><\/figure>\n\n\n\n<figure class=\"wp-block-image size-large\"><img loading=\"lazy\" decoding=\"async\" width=\"1024\" height=\"724\" data-id=\"10513\" src=\"https:\/\/www.ferembach.com\/cestquilescreas\/wp-content\/uploads\/2024\/06\/HONDA_LOA_2-1024x724.jpg\" alt=\"\" class=\"wp-image-10513\" srcset=\"https:\/\/www.ferembach.com\/cestquilescreas\/wp-content\/uploads\/2024\/06\/HONDA_LOA_2-1024x724.jpg 1024w, https:\/\/www.ferembach.com\/cestquilescreas\/wp-content\/uploads\/2024\/06\/HONDA_LOA_2-980x693.jpg 980w, https:\/\/www.ferembach.com\/cestquilescreas\/wp-content\/uploads\/2024\/06\/HONDA_LOA_2-480x340.jpg 480w\" sizes=\"auto, (min-width: 0px) and (max-width: 480px) 480px, (min-width: 481px) and (max-width: 980px) 980px, (min-width: 981px) 1024px, 100vw\" \/><\/figure>\n\n\n\n<figure class=\"wp-block-image size-large\"><img loading=\"lazy\" decoding=\"async\" width=\"1024\" height=\"724\" data-id=\"10512\" src=\"https:\/\/www.ferembach.com\/cestquilescreas\/wp-content\/uploads\/2024\/06\/HONDA_LOA_3-1024x724.jpg\" alt=\"\" class=\"wp-image-10512\" srcset=\"https:\/\/www.ferembach.com\/cestquilescreas\/wp-content\/uploads\/2024\/06\/HONDA_LOA_3-1024x724.jpg 1024w, https:\/\/www.ferembach.com\/cestquilescreas\/wp-content\/uploads\/2024\/06\/HONDA_LOA_3-980x693.jpg 980w, https:\/\/www.ferembach.com\/cestquilescreas\/wp-content\/uploads\/2024\/06\/HONDA_LOA_3-480x340.jpg 480w\" sizes=\"auto, (min-width: 0px) and (max-width: 480px) 480px, (min-width: 481px) and (max-width: 980px) 980px, (min-width: 981px) 1024px, 100vw\" \/><\/figure>\n\n\n\n<figure class=\"wp-block-image size-large\"><img loading=\"lazy\" decoding=\"async\" width=\"1024\" height=\"724\" data-id=\"10515\" src=\"https:\/\/www.ferembach.com\/cestquilescreas\/wp-content\/uploads\/2024\/06\/HONDA_LOA_5-1024x724.jpg\" alt=\"\" class=\"wp-image-10515\" srcset=\"https:\/\/www.ferembach.com\/cestquilescreas\/wp-content\/uploads\/2024\/06\/HONDA_LOA_5-1024x724.jpg 1024w, https:\/\/www.ferembach.com\/cestquilescreas\/wp-content\/uploads\/2024\/06\/HONDA_LOA_5-980x693.jpg 980w, https:\/\/www.ferembach.com\/cestquilescreas\/wp-content\/uploads\/2024\/06\/HONDA_LOA_5-480x340.jpg 480w\" sizes=\"auto, (min-width: 0px) and (max-width: 480px) 480px, (min-width: 481px) and (max-width: 980px) 980px, (min-width: 981px) 1024px, 100vw\" \/><\/figure>\n<\/figure>\n\n\n\n<p>La refonte de l\u2019image de DDB Worldwide. Oui, \u00e7a fait extr\u00eamement pr\u00e9tentieux dit comme \u00e7a&nbsp;\u2026<\/p>\n\n\n\n<figure class=\"wp-block-image size-large\"><img loading=\"lazy\" decoding=\"async\" width=\"1006\" height=\"1024\" src=\"https:\/\/www.ferembach.com\/cestquilescreas\/wp-content\/uploads\/2024\/06\/ddb-1006x1024.jpg\" alt=\"\" class=\"wp-image-10516\" srcset=\"https:\/\/www.ferembach.com\/cestquilescreas\/wp-content\/uploads\/2024\/06\/ddb-980x997.jpg 980w, https:\/\/www.ferembach.com\/cestquilescreas\/wp-content\/uploads\/2024\/06\/ddb-480x488.jpg 480w\" sizes=\"auto, (min-width: 0px) and (max-width: 480px) 480px, (min-width: 481px) and (max-width: 980px) 980px, (min-width: 981px) 1006px, 100vw\" \/><\/figure>\n\n\n\n<p class=\"has-vivid-cyan-blue-color has-text-color has-link-color has-medium-font-size wp-elements-af61760e26cee80e7885e468f992ad00\">Tu fais quelque chose en parall\u00e8le de ton m\u00e9tier, des projets ?<\/p>\n\n\n\n<p><strong>J\u00e9r\u00e9my<\/strong>&nbsp;: Depuis que je lis les interviews sur ce site, je suis admiratif de tous ces gens qui ont 1000 projets \u00e0 c\u00f4t\u00e9 de leurs boulots, qui lancent des bo\u00eetes, qui s\u2019investissent \u00e0 fond dans telle ou telle chose. J\u2019avoue que pour ma part, j\u2019essaye d\u00e9j\u00e0 de profiter de mes proches, de faire du sport, d\u2019aller au cin\u00e9, voir des expos, de lire et geeker (un peu trop).<\/p>\n\n\n\n<p><strong>Max&nbsp;<\/strong>: Je fais pas mal de choses qui touchent \u00e0 la typographie. Des affiches, des \u00e9tiquettes de vin, des covers d\u2019album (\u00e0 mon \u00e9poque on disais pochettes d\u2019albums mais maintenant \u00e7a finit surtout sur des plateformes de stream), ou justes de petites exp\u00e9rimentation autour de la typo. C\u2019est vraiment ma passion, que ce soit de la cr\u00e9ation ou juste de la mise en page. C\u2019est \u00e0 mon sens une exp\u00e9rimentation sans fin.   <br><em><br>Insta : <a href=\"https:\/\/www.instagram.com\/maxguib\" target=\"_blank\" rel=\"noreferrer noopener\">@maxguib<\/a> <\/em><\/p>\n\n\n\n<figure class=\"wp-block-image size-large\"><img loading=\"lazy\" decoding=\"async\" width=\"1013\" height=\"1024\" src=\"https:\/\/www.ferembach.com\/cestquilescreas\/wp-content\/uploads\/2024\/06\/max-insta-1013x1024.jpg\" alt=\"\" class=\"wp-image-10528\" srcset=\"https:\/\/www.ferembach.com\/cestquilescreas\/wp-content\/uploads\/2024\/06\/max-insta-1013x1024.jpg 1013w, https:\/\/www.ferembach.com\/cestquilescreas\/wp-content\/uploads\/2024\/06\/max-insta-980x991.jpg 980w, https:\/\/www.ferembach.com\/cestquilescreas\/wp-content\/uploads\/2024\/06\/max-insta-480x485.jpg 480w\" sizes=\"auto, (min-width: 0px) and (max-width: 480px) 480px, (min-width: 481px) and (max-width: 980px) 980px, (min-width: 981px) 1013px, 100vw\" \/><\/figure>\n\n\n\n<p class=\"has-vivid-cyan-blue-color has-text-color has-link-color has-medium-font-size wp-elements-a7983a929a25b4ec07cb50cfa36f839b\">Quel est ton meilleur et pire souvenir ?&nbsp;<\/p>\n\n\n\n<p><strong>J\u00e9r\u00e9my<\/strong>&nbsp;: Voir toute une salle se marrer en voyant ta pub sur un grand \u00e9cran de cin\u00e9ma, c\u2019est de loin la meilleure r\u00e9compense du monde pour un cr\u00e9atif.<\/p>\n\n\n\n<p>Le pire souvenir je dirai que c\u2019est d\u2019avoir pr\u00e9vu bien en avance un tournage en pleine for\u00eat, au beau milieu de la nuit, et que \u00e7a tombe le soir le plus froid de l\u2019ann\u00e9e&nbsp;: -9\u00b0C de 18h \u00e0 5h30 du matin. Bonheur.<\/p>\n\n\n\n<p><strong>Max&nbsp;<\/strong>: Un des meilleurs \u00e9tait une op\u00e9 pour Volkswagen qu\u2019on a r\u00e9alis\u00e9 avec Jean Weessa. On venait d\u2019arriver chez DDB et on s\u2019est retrouv\u00e9 Place de l\u2019\u00c9toile le soir de la victoire de l\u2019\u00e9quipe de France \u00e0 la Coupe du Monde 2018 pour changer toutes les plaques de la place en \u00ab Place des Deux \u00c9toiles \u00bb. On a litt\u00e9ralement entendu la France crier \u00e0 la 90\u00e8me minute avant de se retrouver dans une foule en liesse. J\u2019ai fini avec un cam\u00e9raman sur les \u00e9paules avant de me faire gazer par les flics. Puis retour \u00e0 l\u2019agence pour monter le film et le poster dans la foul\u00e9e.<\/p>\n\n\n\n<p>Le pire souvenir, c\u2019est d\u2019avoir d\u00fb faire une charrette ce soir-l\u00e0.<\/p>\n\n\n\n<p class=\"has-vivid-cyan-blue-color has-text-color has-link-color has-medium-font-size wp-elements-a44237ecb3cb96d402a7cabb51a659ea\">C\u2019est qui ta g\u00e9n\u00e9ration de cr\u00e9as, ceux avec qui tu as grandi ?<\/p>\n\n\n\n<p><strong>Max et J\u00e9r\u00e9my&nbsp;<\/strong>: Dans notre promo de Sup\u2019 de Cr\u00e9a, il reste assez peu de personnes qui font de la pub en agence. Beaucoup sont maintenant en free. On pense notamment \u00e0 des gens comme Ludwig Couet Buisseret, Camille Saison, Thibault Abitbol ou encore Sylvain Weiss (\u00e0 contacter d\u2019urgence si vous cherchez des personnes sympas et cr\u00e9atives en free&nbsp;!). <br><br>Ensuite chez DDB, notre g\u00e9n\u00e9ration de cr\u00e9as ce sont des gens comme Mathieu Masse et Ondine Simon&nbsp;: deux cr\u00e9atifs avec un \u00e9norme niveau de craft et une incroyable culture de l\u2019image qui sont en plus de \u00e7a, des photographes de talent. Sonia Dos Santos et Julien Beuvry, des cr\u00e9atifs tellement intelligents qui arrivent toujours avec des id\u00e9es surprenantes. Cl\u00e9ment Oberlin, un DA qui sait tout faire et qui le fait vraiment bien. Yassine Ouadah Tsabet, Nicolas Denis, Tom Desmettre et Matthieu Dubl\u00e9, 4 autres cr\u00e9atifs talentueux que nous sommes oblig\u00e9s de citer ici (sous la contrainte car nous partageons le m\u00eame bench).<\/p>\n\n\n\n<p class=\"has-vivid-cyan-blue-color has-text-color has-link-color has-medium-font-size wp-elements-a083913120d3a7abccad13df97e3b35b\">Quelles sont les pubs que tu pr\u00e9f\u00e8res, tes classiques ?&nbsp;<\/p>\n\n\n\n<p><\/p>\n\n\n<figure class=\"wp-block-embed-youtube wp-block-embed is-type-video is-provider-youtube wp-embed-aspect-16-9 wp-has-aspect-ratio\"><div class=\"lyte-wrapper\" style=\"width:853px;max-width:100%;margin:5px auto;\"><div class=\"lyMe\" id=\"WYL_JE4Bc2qu1Y0\"><div id=\"lyte_JE4Bc2qu1Y0\" data-src=\"https:\/\/www.ferembach.com\/cestquilescreas\/wp-content\/plugins\/wp-youtube-lyte\/lyteCache.php?origThumbUrl=%2F%2Fi.ytimg.com%2Fvi%2FJE4Bc2qu1Y0%2Fhqdefault.jpg\" class=\"pL\"><div class=\"tC\"><div class=\"tT\"><\/div><\/div><div class=\"play\"><\/div><div class=\"ctrl\"><div class=\"Lctrl\"><\/div><div class=\"Rctrl\"><\/div><\/div><\/div><noscript><a href=\"https:\/\/youtu.be\/JE4Bc2qu1Y0\" rel=\"nofollow\"><img loading=\"lazy\" decoding=\"async\" src=\"https:\/\/www.ferembach.com\/cestquilescreas\/wp-content\/plugins\/wp-youtube-lyte\/lyteCache.php?origThumbUrl=https%3A%2F%2Fi.ytimg.com%2Fvi%2FJE4Bc2qu1Y0%2F0.jpg\" alt=\"YouTube video thumbnail\" width=\"853\" height=\"460\" \/><br \/>Lire cette vid\u00e9o sur YouTube<\/a><\/noscript><\/div><\/div><div class=\"lL\" style=\"max-width:100%;width:853px;margin:5px auto;\"><\/div><figcaption><\/figcaption><\/figure>\n\n<figure class=\"wp-block-embed-youtube wp-block-embed is-type-video is-provider-youtube wp-embed-aspect-16-9 wp-has-aspect-ratio\"><div class=\"lyte-wrapper\" style=\"width:853px;max-width:100%;margin:5px auto;\"><div class=\"lyMe\" id=\"WYL_2WYdJP97n44\"><div id=\"lyte_2WYdJP97n44\" data-src=\"https:\/\/www.ferembach.com\/cestquilescreas\/wp-content\/plugins\/wp-youtube-lyte\/lyteCache.php?origThumbUrl=%2F%2Fi.ytimg.com%2Fvi%2F2WYdJP97n44%2Fhqdefault.jpg\" class=\"pL\"><div class=\"tC\"><div class=\"tT\"><\/div><\/div><div class=\"play\"><\/div><div class=\"ctrl\"><div class=\"Lctrl\"><\/div><div class=\"Rctrl\"><\/div><\/div><\/div><noscript><a href=\"https:\/\/youtu.be\/2WYdJP97n44\" rel=\"nofollow\"><img loading=\"lazy\" decoding=\"async\" src=\"https:\/\/www.ferembach.com\/cestquilescreas\/wp-content\/plugins\/wp-youtube-lyte\/lyteCache.php?origThumbUrl=https%3A%2F%2Fi.ytimg.com%2Fvi%2F2WYdJP97n44%2F0.jpg\" alt=\"YouTube video thumbnail\" width=\"853\" height=\"460\" \/><br \/>Lire cette vid\u00e9o sur YouTube<\/a><\/noscript><\/div><\/div><div class=\"lL\" style=\"max-width:100%;width:853px;margin:5px auto;\"><\/div><figcaption><\/figcaption><\/figure>\n\n<figure class=\"wp-block-embed-youtube wp-block-embed is-type-video is-provider-youtube wp-embed-aspect-4-3 wp-has-aspect-ratio\"><div class=\"lyte-wrapper\" style=\"width:853px;max-width:100%;margin:5px auto;\"><div class=\"lyMe\" id=\"WYL_NtFjwOQm_-k\"><div id=\"lyte_NtFjwOQm_-k\" data-src=\"https:\/\/www.ferembach.com\/cestquilescreas\/wp-content\/plugins\/wp-youtube-lyte\/lyteCache.php?origThumbUrl=%2F%2Fi.ytimg.com%2Fvi%2FNtFjwOQm_-k%2Fhqdefault.jpg\" class=\"pL\"><div class=\"tC\"><div class=\"tT\"><\/div><\/div><div class=\"play\"><\/div><div class=\"ctrl\"><div class=\"Lctrl\"><\/div><div class=\"Rctrl\"><\/div><\/div><\/div><noscript><a href=\"https:\/\/youtu.be\/NtFjwOQm_-k\" rel=\"nofollow\"><img loading=\"lazy\" decoding=\"async\" src=\"https:\/\/www.ferembach.com\/cestquilescreas\/wp-content\/plugins\/wp-youtube-lyte\/lyteCache.php?origThumbUrl=https%3A%2F%2Fi.ytimg.com%2Fvi%2FNtFjwOQm_-k%2F0.jpg\" alt=\"YouTube video thumbnail\" width=\"853\" height=\"460\" \/><br \/>Lire cette vid\u00e9o sur YouTube<\/a><\/noscript><\/div><\/div><div class=\"lL\" style=\"max-width:100%;width:853px;margin:5px auto;\"><\/div><figcaption><\/figcaption><\/figure>\n\n<figure class=\"wp-block-embed-youtube wp-block-embed is-type-video is-provider-youtube wp-embed-aspect-4-3 wp-has-aspect-ratio\"><div class=\"lyte-wrapper\" style=\"width:853px;max-width:100%;margin:5px auto;\"><div class=\"lyMe\" id=\"WYL_lqk2U1MoaVQ\"><div id=\"lyte_lqk2U1MoaVQ\" data-src=\"https:\/\/www.ferembach.com\/cestquilescreas\/wp-content\/plugins\/wp-youtube-lyte\/lyteCache.php?origThumbUrl=%2F%2Fi.ytimg.com%2Fvi%2Flqk2U1MoaVQ%2Fhqdefault.jpg\" class=\"pL\"><div class=\"tC\"><div class=\"tT\"><\/div><\/div><div class=\"play\"><\/div><div class=\"ctrl\"><div class=\"Lctrl\"><\/div><div class=\"Rctrl\"><\/div><\/div><\/div><noscript><a href=\"https:\/\/youtu.be\/lqk2U1MoaVQ\" rel=\"nofollow\"><img loading=\"lazy\" decoding=\"async\" src=\"https:\/\/www.ferembach.com\/cestquilescreas\/wp-content\/plugins\/wp-youtube-lyte\/lyteCache.php?origThumbUrl=https%3A%2F%2Fi.ytimg.com%2Fvi%2Flqk2U1MoaVQ%2F0.jpg\" alt=\"YouTube video thumbnail\" width=\"853\" height=\"460\" \/><br \/>Lire cette vid\u00e9o sur YouTube<\/a><\/noscript><\/div><\/div><div class=\"lL\" style=\"max-width:100%;width:853px;margin:5px auto;\"><\/div><figcaption><\/figcaption><\/figure>\n\n<figure class=\"wp-block-embed-youtube wp-block-embed is-type-video is-provider-youtube wp-embed-aspect-4-3 wp-has-aspect-ratio\"><div class=\"lyte-wrapper\" style=\"width:853px;max-width:100%;margin:5px auto;\"><div class=\"lyMe\" id=\"WYL_cjU7tXZH_1o\"><div id=\"lyte_cjU7tXZH_1o\" data-src=\"https:\/\/www.ferembach.com\/cestquilescreas\/wp-content\/plugins\/wp-youtube-lyte\/lyteCache.php?origThumbUrl=%2F%2Fi.ytimg.com%2Fvi%2FcjU7tXZH_1o%2Fhqdefault.jpg\" class=\"pL\"><div class=\"tC\"><div class=\"tT\"><\/div><\/div><div class=\"play\"><\/div><div class=\"ctrl\"><div class=\"Lctrl\"><\/div><div class=\"Rctrl\"><\/div><\/div><\/div><noscript><a href=\"https:\/\/youtu.be\/cjU7tXZH_1o\" rel=\"nofollow\"><img loading=\"lazy\" decoding=\"async\" src=\"https:\/\/www.ferembach.com\/cestquilescreas\/wp-content\/plugins\/wp-youtube-lyte\/lyteCache.php?origThumbUrl=https%3A%2F%2Fi.ytimg.com%2Fvi%2FcjU7tXZH_1o%2F0.jpg\" alt=\"YouTube video thumbnail\" width=\"853\" height=\"460\" \/><br \/>Lire cette vid\u00e9o sur YouTube<\/a><\/noscript><\/div><\/div><div class=\"lL\" style=\"max-width:100%;width:853px;margin:5px auto;\"><\/div><figcaption><\/figcaption><\/figure>\n\n<figure class=\"wp-block-embed-youtube wp-block-embed is-type-video is-provider-youtube wp-embed-aspect-16-9 wp-has-aspect-ratio\"><div class=\"lyte-wrapper\" style=\"width:853px;max-width:100%;margin:5px auto;\"><div class=\"lyMe\" id=\"WYL_uUQ67IjpAbQ\"><div id=\"lyte_uUQ67IjpAbQ\" data-src=\"https:\/\/www.ferembach.com\/cestquilescreas\/wp-content\/plugins\/wp-youtube-lyte\/lyteCache.php?origThumbUrl=%2F%2Fi.ytimg.com%2Fvi%2FuUQ67IjpAbQ%2Fhqdefault.jpg\" class=\"pL\"><div class=\"tC\"><div class=\"tT\"><\/div><\/div><div class=\"play\"><\/div><div class=\"ctrl\"><div class=\"Lctrl\"><\/div><div class=\"Rctrl\"><\/div><\/div><\/div><noscript><a href=\"https:\/\/youtu.be\/uUQ67IjpAbQ\" rel=\"nofollow\"><img loading=\"lazy\" decoding=\"async\" src=\"https:\/\/www.ferembach.com\/cestquilescreas\/wp-content\/plugins\/wp-youtube-lyte\/lyteCache.php?origThumbUrl=https%3A%2F%2Fi.ytimg.com%2Fvi%2FuUQ67IjpAbQ%2F0.jpg\" alt=\"YouTube video thumbnail\" width=\"853\" height=\"460\" \/><br \/>Lire cette vid\u00e9o sur YouTube<\/a><\/noscript><\/div><\/div><div class=\"lL\" style=\"max-width:100%;width:853px;margin:5px auto;\"><\/div><figcaption><\/figcaption><\/figure>\n\n<figure class=\"wp-block-embed-youtube wp-block-embed is-type-video is-provider-youtube wp-embed-aspect-16-9 wp-has-aspect-ratio\"><div class=\"lyte-wrapper\" style=\"width:853px;max-width:100%;margin:5px auto;\"><div class=\"lyMe\" id=\"WYL_law8ySzfEto\"><div id=\"lyte_law8ySzfEto\" data-src=\"https:\/\/www.ferembach.com\/cestquilescreas\/wp-content\/plugins\/wp-youtube-lyte\/lyteCache.php?origThumbUrl=%2F%2Fi.ytimg.com%2Fvi%2Flaw8ySzfEto%2Fhqdefault.jpg\" class=\"pL\"><div class=\"tC\"><div class=\"tT\"><\/div><\/div><div class=\"play\"><\/div><div class=\"ctrl\"><div class=\"Lctrl\"><\/div><div class=\"Rctrl\"><\/div><\/div><\/div><noscript><a href=\"https:\/\/youtu.be\/law8ySzfEto\" rel=\"nofollow\"><img loading=\"lazy\" decoding=\"async\" src=\"https:\/\/www.ferembach.com\/cestquilescreas\/wp-content\/plugins\/wp-youtube-lyte\/lyteCache.php?origThumbUrl=https%3A%2F%2Fi.ytimg.com%2Fvi%2Flaw8ySzfEto%2F0.jpg\" alt=\"YouTube video thumbnail\" width=\"853\" height=\"460\" \/><br \/>Lire cette vid\u00e9o sur YouTube<\/a><\/noscript><\/div><\/div><div class=\"lL\" style=\"max-width:100%;width:853px;margin:5px auto;\"><\/div><figcaption><\/figcaption><\/figure>\n\n<figure class=\"wp-block-embed-youtube wp-block-embed is-type-video is-provider-youtube wp-embed-aspect-4-3 wp-has-aspect-ratio\"><div class=\"lyte-wrapper\" style=\"width:853px;max-width:100%;margin:5px auto;\"><div class=\"lyMe\" id=\"WYL_uRq7HNgte8s\"><div id=\"lyte_uRq7HNgte8s\" data-src=\"https:\/\/www.ferembach.com\/cestquilescreas\/wp-content\/plugins\/wp-youtube-lyte\/lyteCache.php?origThumbUrl=%2F%2Fi.ytimg.com%2Fvi%2FuRq7HNgte8s%2Fhqdefault.jpg\" class=\"pL\"><div class=\"tC\"><div class=\"tT\"><\/div><\/div><div class=\"play\"><\/div><div class=\"ctrl\"><div class=\"Lctrl\"><\/div><div class=\"Rctrl\"><\/div><\/div><\/div><noscript><a href=\"https:\/\/youtu.be\/uRq7HNgte8s\" rel=\"nofollow\"><img loading=\"lazy\" decoding=\"async\" src=\"https:\/\/www.ferembach.com\/cestquilescreas\/wp-content\/plugins\/wp-youtube-lyte\/lyteCache.php?origThumbUrl=https%3A%2F%2Fi.ytimg.com%2Fvi%2FuRq7HNgte8s%2F0.jpg\" alt=\"YouTube video thumbnail\" width=\"853\" height=\"460\" \/><br \/>Lire cette vid\u00e9o sur YouTube<\/a><\/noscript><\/div><\/div><div class=\"lL\" style=\"max-width:100%;width:853px;margin:5px auto;\"><\/div><figcaption><\/figcaption><\/figure>\n\n<figure class=\"wp-block-embed-youtube wp-block-embed is-type-video is-provider-youtube wp-embed-aspect-16-9 wp-has-aspect-ratio\"><div class=\"lyte-wrapper\" style=\"width:853px;max-width:100%;margin:5px auto;\"><div class=\"lyMe\" id=\"WYL_mnToQxhFiXU\"><div id=\"lyte_mnToQxhFiXU\" data-src=\"https:\/\/www.ferembach.com\/cestquilescreas\/wp-content\/plugins\/wp-youtube-lyte\/lyteCache.php?origThumbUrl=%2F%2Fi.ytimg.com%2Fvi%2FmnToQxhFiXU%2Fhqdefault.jpg\" class=\"pL\"><div class=\"tC\"><div class=\"tT\"><\/div><\/div><div class=\"play\"><\/div><div class=\"ctrl\"><div class=\"Lctrl\"><\/div><div class=\"Rctrl\"><\/div><\/div><\/div><noscript><a href=\"https:\/\/youtu.be\/mnToQxhFiXU\" rel=\"nofollow\"><img loading=\"lazy\" decoding=\"async\" src=\"https:\/\/www.ferembach.com\/cestquilescreas\/wp-content\/plugins\/wp-youtube-lyte\/lyteCache.php?origThumbUrl=https%3A%2F%2Fi.ytimg.com%2Fvi%2FmnToQxhFiXU%2F0.jpg\" alt=\"YouTube video thumbnail\" width=\"853\" height=\"460\" \/><br \/>Lire cette vid\u00e9o sur YouTube<\/a><\/noscript><\/div><\/div><div class=\"lL\" style=\"max-width:100%;width:853px;margin:5px auto;\"><\/div><figcaption><\/figcaption><\/figure>\n\n<figure class=\"wp-block-embed-youtube wp-block-embed is-type-video is-provider-youtube wp-embed-aspect-16-9 wp-has-aspect-ratio\"><div class=\"lyte-wrapper\" style=\"width:853px;max-width:100%;margin:5px auto;\"><div class=\"lyMe\" id=\"WYL_Fz4uN8yGOeE\"><div id=\"lyte_Fz4uN8yGOeE\" data-src=\"https:\/\/www.ferembach.com\/cestquilescreas\/wp-content\/plugins\/wp-youtube-lyte\/lyteCache.php?origThumbUrl=%2F%2Fi.ytimg.com%2Fvi%2FFz4uN8yGOeE%2Fhqdefault.jpg\" class=\"pL\"><div class=\"tC\"><div class=\"tT\"><\/div><\/div><div class=\"play\"><\/div><div class=\"ctrl\"><div class=\"Lctrl\"><\/div><div class=\"Rctrl\"><\/div><\/div><\/div><noscript><a href=\"https:\/\/youtu.be\/Fz4uN8yGOeE\" rel=\"nofollow\"><img loading=\"lazy\" decoding=\"async\" src=\"https:\/\/www.ferembach.com\/cestquilescreas\/wp-content\/plugins\/wp-youtube-lyte\/lyteCache.php?origThumbUrl=https%3A%2F%2Fi.ytimg.com%2Fvi%2FFz4uN8yGOeE%2F0.jpg\" alt=\"YouTube video thumbnail\" width=\"853\" height=\"460\" \/><br \/>Lire cette vid\u00e9o sur YouTube<\/a><\/noscript><\/div><\/div><div class=\"lL\" style=\"max-width:100%;width:853px;margin:5px auto;\"><\/div><figcaption><\/figcaption><\/figure>\n\n<figure class=\"wp-block-embed-youtube wp-block-embed is-type-video is-provider-youtube wp-embed-aspect-16-9 wp-has-aspect-ratio\"><div class=\"lyte-wrapper\" style=\"width:853px;max-width:100%;margin:5px auto;\"><div class=\"lyMe\" id=\"WYL_CbKDRNDu0kQ\"><div id=\"lyte_CbKDRNDu0kQ\" data-src=\"https:\/\/www.ferembach.com\/cestquilescreas\/wp-content\/plugins\/wp-youtube-lyte\/lyteCache.php?origThumbUrl=%2F%2Fi.ytimg.com%2Fvi%2FCbKDRNDu0kQ%2Fhqdefault.jpg\" class=\"pL\"><div class=\"tC\"><div class=\"tT\"><\/div><\/div><div class=\"play\"><\/div><div class=\"ctrl\"><div class=\"Lctrl\"><\/div><div class=\"Rctrl\"><\/div><\/div><\/div><noscript><a href=\"https:\/\/youtu.be\/CbKDRNDu0kQ\" rel=\"nofollow\"><img loading=\"lazy\" decoding=\"async\" src=\"https:\/\/www.ferembach.com\/cestquilescreas\/wp-content\/plugins\/wp-youtube-lyte\/lyteCache.php?origThumbUrl=https%3A%2F%2Fi.ytimg.com%2Fvi%2FCbKDRNDu0kQ%2F0.jpg\" alt=\"YouTube video thumbnail\" width=\"853\" height=\"460\" \/><br \/>Lire cette vid\u00e9o sur YouTube<\/a><\/noscript><\/div><\/div><div class=\"lL\" style=\"max-width:100%;width:853px;margin:5px auto;\"><\/div><figcaption><\/figcaption><\/figure>\n\n<figure class=\"wp-block-embed-youtube wp-block-embed is-type-video is-provider-youtube wp-embed-aspect-4-3 wp-has-aspect-ratio\"><div class=\"lyte-wrapper\" style=\"width:853px;max-width:100%;margin:5px auto;\"><div class=\"lyMe\" id=\"WYL_vXdWIsvZilA\"><div id=\"lyte_vXdWIsvZilA\" data-src=\"https:\/\/www.ferembach.com\/cestquilescreas\/wp-content\/plugins\/wp-youtube-lyte\/lyteCache.php?origThumbUrl=%2F%2Fi.ytimg.com%2Fvi%2FvXdWIsvZilA%2Fhqdefault.jpg\" class=\"pL\"><div class=\"tC\"><div class=\"tT\"><\/div><\/div><div class=\"play\"><\/div><div class=\"ctrl\"><div class=\"Lctrl\"><\/div><div class=\"Rctrl\"><\/div><\/div><\/div><noscript><a href=\"https:\/\/youtu.be\/vXdWIsvZilA\" rel=\"nofollow\"><img loading=\"lazy\" decoding=\"async\" src=\"https:\/\/www.ferembach.com\/cestquilescreas\/wp-content\/plugins\/wp-youtube-lyte\/lyteCache.php?origThumbUrl=https%3A%2F%2Fi.ytimg.com%2Fvi%2FvXdWIsvZilA%2F0.jpg\" alt=\"YouTube video thumbnail\" width=\"853\" height=\"460\" \/><br \/>Lire cette vid\u00e9o sur YouTube<\/a><\/noscript><\/div><\/div><div class=\"lL\" style=\"max-width:100%;width:853px;margin:5px auto;\"><\/div><figcaption><\/figcaption><\/figure>\n\n<figure class=\"wp-block-embed-youtube wp-block-embed is-type-video is-provider-youtube wp-embed-aspect-16-9 wp-has-aspect-ratio\"><div class=\"lyte-wrapper\" style=\"width:853px;max-width:100%;margin:5px auto;\"><div class=\"lyMe\" id=\"WYL_TwwA45XkHH4\"><div id=\"lyte_TwwA45XkHH4\" data-src=\"https:\/\/www.ferembach.com\/cestquilescreas\/wp-content\/plugins\/wp-youtube-lyte\/lyteCache.php?origThumbUrl=%2F%2Fi.ytimg.com%2Fvi%2FTwwA45XkHH4%2Fhqdefault.jpg\" class=\"pL\"><div class=\"tC\"><div class=\"tT\"><\/div><\/div><div class=\"play\"><\/div><div class=\"ctrl\"><div class=\"Lctrl\"><\/div><div class=\"Rctrl\"><\/div><\/div><\/div><noscript><a href=\"https:\/\/youtu.be\/TwwA45XkHH4\" rel=\"nofollow\"><img loading=\"lazy\" decoding=\"async\" src=\"https:\/\/www.ferembach.com\/cestquilescreas\/wp-content\/plugins\/wp-youtube-lyte\/lyteCache.php?origThumbUrl=https%3A%2F%2Fi.ytimg.com%2Fvi%2FTwwA45XkHH4%2F0.jpg\" alt=\"YouTube video thumbnail\" width=\"853\" height=\"460\" \/><br \/>Lire cette vid\u00e9o sur YouTube<\/a><\/noscript><\/div><\/div><div class=\"lL\" style=\"max-width:100%;width:853px;margin:5px auto;\"><\/div><figcaption><\/figcaption><\/figure>\n\n<figure class=\"wp-block-embed-youtube wp-block-embed is-type-video is-provider-youtube wp-embed-aspect-4-3 wp-has-aspect-ratio\"><div class=\"lyte-wrapper\" style=\"width:853px;max-width:100%;margin:5px auto;\"><div class=\"lyMe\" id=\"WYL_k1TrL4XWyH4\"><div id=\"lyte_k1TrL4XWyH4\" data-src=\"https:\/\/www.ferembach.com\/cestquilescreas\/wp-content\/plugins\/wp-youtube-lyte\/lyteCache.php?origThumbUrl=%2F%2Fi.ytimg.com%2Fvi%2Fk1TrL4XWyH4%2Fhqdefault.jpg\" class=\"pL\"><div class=\"tC\"><div class=\"tT\"><\/div><\/div><div class=\"play\"><\/div><div class=\"ctrl\"><div class=\"Lctrl\"><\/div><div class=\"Rctrl\"><\/div><\/div><\/div><noscript><a href=\"https:\/\/youtu.be\/k1TrL4XWyH4\" rel=\"nofollow\"><img loading=\"lazy\" decoding=\"async\" src=\"https:\/\/www.ferembach.com\/cestquilescreas\/wp-content\/plugins\/wp-youtube-lyte\/lyteCache.php?origThumbUrl=https%3A%2F%2Fi.ytimg.com%2Fvi%2Fk1TrL4XWyH4%2F0.jpg\" alt=\"YouTube video thumbnail\" width=\"853\" height=\"460\" \/><br \/>Lire cette vid\u00e9o sur YouTube<\/a><\/noscript><\/div><\/div><div class=\"lL\" style=\"max-width:100%;width:853px;margin:5px auto;\"><\/div><figcaption><\/figcaption><\/figure>\n\n<figure class=\"wp-block-embed-youtube wp-block-embed is-type-video is-provider-youtube wp-embed-aspect-4-3 wp-has-aspect-ratio\"><div class=\"lyte-wrapper\" style=\"width:853px;max-width:100%;margin:5px auto;\"><div class=\"lyMe\" id=\"WYL_NZ80SVOHKoo\"><div id=\"lyte_NZ80SVOHKoo\" data-src=\"https:\/\/www.ferembach.com\/cestquilescreas\/wp-content\/plugins\/wp-youtube-lyte\/lyteCache.php?origThumbUrl=%2F%2Fi.ytimg.com%2Fvi%2FNZ80SVOHKoo%2Fhqdefault.jpg\" class=\"pL\"><div class=\"tC\"><div class=\"tT\"><\/div><\/div><div class=\"play\"><\/div><div class=\"ctrl\"><div class=\"Lctrl\"><\/div><div class=\"Rctrl\"><\/div><\/div><\/div><noscript><a href=\"https:\/\/youtu.be\/NZ80SVOHKoo\" rel=\"nofollow\"><img loading=\"lazy\" decoding=\"async\" src=\"https:\/\/www.ferembach.com\/cestquilescreas\/wp-content\/plugins\/wp-youtube-lyte\/lyteCache.php?origThumbUrl=https%3A%2F%2Fi.ytimg.com%2Fvi%2FNZ80SVOHKoo%2F0.jpg\" alt=\"YouTube video thumbnail\" width=\"853\" height=\"460\" \/><br \/>Lire cette vid\u00e9o sur YouTube<\/a><\/noscript><\/div><\/div><div class=\"lL\" style=\"max-width:100%;width:853px;margin:5px auto;\"><\/div><figcaption><\/figcaption><\/figure>\n\n<figure class=\"wp-block-embed-youtube wp-block-embed is-type-video is-provider-youtube wp-embed-aspect-16-9 wp-has-aspect-ratio\"><div class=\"lyte-wrapper\" style=\"width:853px;max-width:100%;margin:5px auto;\"><div class=\"lyMe\" id=\"WYL_mDQDTPWNcQ0\"><div id=\"lyte_mDQDTPWNcQ0\" data-src=\"https:\/\/www.ferembach.com\/cestquilescreas\/wp-content\/plugins\/wp-youtube-lyte\/lyteCache.php?origThumbUrl=%2F%2Fi.ytimg.com%2Fvi%2FmDQDTPWNcQ0%2Fhqdefault.jpg\" class=\"pL\"><div class=\"tC\"><div class=\"tT\"><\/div><\/div><div class=\"play\"><\/div><div class=\"ctrl\"><div class=\"Lctrl\"><\/div><div class=\"Rctrl\"><\/div><\/div><\/div><noscript><a href=\"https:\/\/youtu.be\/mDQDTPWNcQ0\" rel=\"nofollow\"><img loading=\"lazy\" decoding=\"async\" src=\"https:\/\/www.ferembach.com\/cestquilescreas\/wp-content\/plugins\/wp-youtube-lyte\/lyteCache.php?origThumbUrl=https%3A%2F%2Fi.ytimg.com%2Fvi%2FmDQDTPWNcQ0%2F0.jpg\" alt=\"YouTube video thumbnail\" width=\"853\" height=\"460\" \/><br \/>Lire cette vid\u00e9o sur YouTube<\/a><\/noscript><\/div><\/div><div class=\"lL\" style=\"max-width:100%;width:853px;margin:5px auto;\"><\/div><figcaption><\/figcaption><\/figure>\n\n<figure class=\"wp-block-embed-youtube wp-block-embed is-type-video is-provider-youtube wp-embed-aspect-4-3 wp-has-aspect-ratio\"><div class=\"lyte-wrapper\" style=\"width:853px;max-width:100%;margin:5px auto;\"><div class=\"lyMe\" id=\"WYL_PycZ9Ek6vaw\"><div id=\"lyte_PycZ9Ek6vaw\" data-src=\"https:\/\/www.ferembach.com\/cestquilescreas\/wp-content\/plugins\/wp-youtube-lyte\/lyteCache.php?origThumbUrl=%2F%2Fi.ytimg.com%2Fvi%2FPycZ9Ek6vaw%2Fhqdefault.jpg\" class=\"pL\"><div class=\"tC\"><div class=\"tT\"><\/div><\/div><div class=\"play\"><\/div><div class=\"ctrl\"><div class=\"Lctrl\"><\/div><div class=\"Rctrl\"><\/div><\/div><\/div><noscript><a href=\"https:\/\/youtu.be\/PycZ9Ek6vaw\" rel=\"nofollow\"><img loading=\"lazy\" decoding=\"async\" src=\"https:\/\/www.ferembach.com\/cestquilescreas\/wp-content\/plugins\/wp-youtube-lyte\/lyteCache.php?origThumbUrl=https%3A%2F%2Fi.ytimg.com%2Fvi%2FPycZ9Ek6vaw%2F0.jpg\" alt=\"YouTube video thumbnail\" width=\"853\" height=\"460\" \/><br \/>Lire cette vid\u00e9o sur YouTube<\/a><\/noscript><\/div><\/div><div class=\"lL\" style=\"max-width:100%;width:853px;margin:5px auto;\"><\/div><figcaption><\/figcaption><\/figure>\n\n\n<p class=\"has-vivid-cyan-blue-color has-text-color has-link-color has-medium-font-size wp-elements-f9bfdb07d70bb6ac77ae116cf4d30fd0\">Tu as des mod\u00e8les de cr\u00e9atifs dans la publicit\u00e9 ou en dehors, des gens qui t&rsquo;inspirent ?<\/p>\n\n\n\n<p><strong>Max&nbsp;<\/strong>: Il y a pas mal de gens qui m\u2019inspirent en dehors de la pub. Je commencerais par le GOAT de la mise en page, de la typo et du design graphique, monsieur Matt Whilley. C\u2019est une vraie r\u00e9f\u00e9rence pour moi. J\u2019aime aussi beaucoup tout l\u2019univers de Pablo Delcan ou Javier Ja\u00e9n, des cracks de l\u2019id\u00e9e visuelle et du craft. Je ne peux m\u2019emp\u00eacher de citer aussi Herb Luballin, le boss de la typo ou encore Daniel Escudeiro, un designer\/typographe plus moderne qui repousse sans cesse les limites de la typographie. <br><br>Je suis aussi assez fan de l\u2019univers de Mike McQuade, un designer qui utilise le collage et r\u00e9ussi toujours \u00e0 cr\u00e9er des visuels incroyables. Puis pas mal de studios de design comme Pentagram, We Are Collins, Studio Dumbar entre autres. Je m\u2019arr\u00eate l\u00e0 car je pourrais continuer pendant des heures.<\/p>\n\n\n\n<p>Il y en a aussi pas mal dans la pub. Notamment tous ceux qu\u2019\u00e9num\u00e8rent J\u00e9r\u00e9my juste apr\u00e8s. Ce sont des gens qui nous inspirent mais qui nous ont aussi beaucoup appris.<\/p>\n\n\n\n<p><strong>J\u00e9r\u00e9my&nbsp;<\/strong>: Globalement dans la vie, je suis d\u00e9j\u00e0 \u00e9merveill\u00e9 par les gens qui ont des id\u00e9es mais surtout qui les r\u00e9alisent. Avoir une id\u00e9e c\u2019est une chose, arriver \u00e0 la concr\u00e9tiser exactement comme vous l\u2019aviez imagin\u00e9 en est une autre. Apr\u00e8s j\u2019ai la chance de partager le m\u00eame open-space que deux r\u00e9dacs que j\u2019admire \u00e9norm\u00e9ment, Patrice Dumas et <a href=\"https:\/\/www.ferembach.com\/cestquilescreas\/team\/benoit-oulhen-mickael-jacquemin\/\">Beno\u00eet Oulhen<\/a>.<\/p>\n\n\n\n<p><a href=\"https:\/\/www.ferembach.com\/cestquilescreas\/redacteur\/didier-aerts\/\">Didier Aerts<\/a> parce qu\u2019il est simplement brillant et sympa. <a href=\"https:\/\/www.ferembach.com\/cestquilescreas\/ddb\/alexander-kalchev\/\">Alexander Kalchev<\/a>, El Patron. Il arrive toujours \u00e0 tirer le meilleur de nous tout en nous laissant ce qu\u2019il faut d\u2019ind\u00e9pendance. Et puis il a ce pouvoir magique de toujours r\u00e9ussir \u00e0 nous montrer des trucs qu\u2019on n\u2019a jamais vu&nbsp;: \u00ab Vous ne connaissez pas ce film de pub hongrois de 1977 ?!?&nbsp;\u00bb. <a href=\"https:\/\/www.ferembach.com\/cestquilescreas\/directeurs-artistiques\/melanie-pennec\/\">M\u00e9lanie Pennec<\/a> pour ses raisonnements et sa compr\u00e9hension des marques, Jean Weessa et Damien Veillet humbles et talentueux (c\u2019est bon Jean, j\u2019ai bon&nbsp;?), Ondine Simon, <a href=\"https:\/\/www.ferembach.com\/cestquilescreas\/creatif\/lion-d-or-2\/\">Sonia Dos Santos et Julien Beuvry<\/a> que j\u2019ai d\u00e9j\u00e0 cit\u00e9 plus haut.<\/p>\n\n\n\n<p>\u00c9videmment Gabriel Gaultier,<a href=\"https:\/\/www.ferembach.com\/cestquilescreas\/directeur-de-creation\/royer\/\"> Jean-Christophe Royer<\/a>, <a href=\"https:\/\/www.ferembach.com\/cestquilescreas\/redacteur\/jean-francois-bouchet\/\">Jean Fran\u00e7ois Bouchet<\/a>, <a href=\"https:\/\/www.ferembach.com\/cestquilescreas\/redacteur\/virgile-lassalle\/\">Virgile Lassalle<\/a> pour leurs \u0153uvres respectives.<\/p>\n\n\n\n<p>Et puis j\u2019ai lu il y a peu de temps une phrase d\u2019Ogilvy qui disait : \u00ab Tell the truth, but make the truth fascinating \u00bb. J\u2019aime bien cette id\u00e9e pour parler de notre m\u00e9tier.<\/p>\n\n\n\n<p class=\"has-vivid-cyan-blue-color has-text-color has-link-color has-medium-font-size wp-elements-2f82e323ea09dc5e868d45b6fba616cd\">Tu vois quoi comme changement entre tes d\u00e9buts et maintenant ?<\/p>\n\n\n\n<p><strong>Max&nbsp;<\/strong>: Le principal changement, je dirais que c\u2019est Keynote. Aujourd\u2019hui, je passe mon temps \u00e0 faire des pr\u00e9sentations de je ne sais pas combien de slides pour pr\u00e9senter une id\u00e9e. Avant il ne suffisait que de quelques boards, maintenant il faut montrer comment une id\u00e9e va se d\u00e9cliner sur Facebook, Insta, Tiktok, en presse, en affichage. Et je ne parle pas de la petite d\u00e9cli d\u2019un print ou d\u2019un cut down de film, mais d\u2019id\u00e9es compl\u00e9mentaires pour chaque plateforme. On en demande de plus en plus pour vendre une id\u00e9e&nbsp;: faire un case study par exemple \u2026<\/p>\n\n\n\n<p>Autre chose qui a chang\u00e9 et qui va s\u00fbrement de pair avec ce que je disais avant, c\u2019est le temps qu\u2019on a pour tomber une id\u00e9e versus le temps qu\u2019il faut pour arriver \u00e0 la produire. Maintenant on a quelques jours de conception pour sortir quelque chose 6 mois apr\u00e8s (dans le meilleur des monde). \u00c7a peut \u00eatre tr\u00e8s frustrant. Surtout quand \u00e7a finit par ne pas se faire.<\/p>\n\n\n\n<p><strong>J\u00e9r\u00e9my&nbsp;<\/strong>: Alors le principal changement, c\u2019est que je vois Max faire beaucoup plus de keynotes qu\u2019avant. Du coup, je dois remplir les slides des keynotes. Apr\u00e8s, c\u2019est une g\u00e9n\u00e9ralit\u00e9 mais on a toujours moins de temps pour travailler et les clients ont besoin d\u2019\u00eatre de plus en plus rassur\u00e9s. Avec l\u2019arriv\u00e9e de l\u2019IA et la g\u00e9n\u00e9ralisation des moods, ils veulent voir les films et les prints d\u00e9j\u00e0 fait avant m\u00eame d\u2019avoir \u00e9t\u00e9 shoot\u00e9s. Et puis on doit faire plus attention \u00e0 ce que l\u2019on dit. Il y a de moins de moins de r\u00e9elle prise de risque de la part des clients. Mais au final, notre m\u00e9tier ne change pas&nbsp;tant que \u00e7a. Qu\u2019importe la demande, qu\u2019importe les plateformes, il faut trouver la bonne id\u00e9e. C\u2019est toujours aussi difficile mais toujours aussi excitant.<\/p>\n\n\n\n<p class=\"has-vivid-cyan-blue-color has-text-color has-link-color has-medium-font-size wp-elements-542c28fe5b2f7e03ed579ee4ec1c48a4\">Un conseil pour &lsquo;r\u00e9ussir&rsquo; dans ce m\u00e9tier ?<\/p>\n\n\n\n<p><strong>J\u00e9r\u00e9my<\/strong>&nbsp;: Ne vraiment pas n\u00e9gliger l\u2019importance des stages. Il n\u2019y a pas mieux pour mettre un premier pied dans une agence et apprendre aux c\u00f4t\u00e9s de gens du m\u00e9tier. L\u2019id\u00e9e, c\u2019est de se rendre indispensable. Et enfin je dirai prendre du recul. \u00c7a para\u00eet b\u00eate mais on est pay\u00e9 pour trouver des id\u00e9es et \u00e9crire des blagues. On ne sauve pas des vies. Restons humbles et essayons de faire marrer les gens.<\/p>\n\n\n\n<p><strong>Max&nbsp;<\/strong>: Le premier conseil que je peux donner c\u2019est de bien s\u2019entourer. Il y a des personnes qui te tirent vers le haut et tous les autres. Choisissez bien les premiers. Et puis bosser, bosser, bosser. C\u2019est b\u00eate \u00e0 dire mais \u00e7a finit toujours par faire la diff&rsquo;. <br>Enfin je l\u2019esp\u00e8re. <br>Et puis s\u2019amuser un peu quand m\u00eame.<\/p>\n\n\n\n<p><\/p>\n\n\n\n<div style=\"height:43px\" aria-hidden=\"true\" class=\"wp-block-spacer\"><\/div>\n\n\n\n<p>Pour en voir + sur leur doss&rsquo; :<a href=\"https:\/\/www.behance.net\/maxandjeremy\"> behance.net\/maxandjeremy<\/a><\/p>\n\n\n\n<div style=\"height:100px\" aria-hidden=\"true\" class=\"wp-block-spacer\"><\/div>\n","protected":false},"excerpt":{"rendered":"<p>Bonjour, quel ont \u00e9t\u00e9 vos parcours ? J\u00e9r\u00e9my (le CR, \u00e0 droite sur le bandeau) \u00a0: \u00c0 la fin d\u2019un parcours scolaire que mes profs pourraient qualifier de \u00ab\u00a0Bien mais pas top\u00a0\u00bb je me retrouve devant la conseill\u00e8re d\u2019orientation qui me dit\u00a0: \u00ab\u00a0Si vous ne savez pas quoi faire apr\u00e8s votre Bac, faites une \u00e9cole [&hellip;]<\/p>\n","protected":false},"author":4,"featured_media":10520,"comment_status":"closed","ping_status":"closed","sticky":false,"template":"","format":"standard","meta":{"_et_pb_use_builder":"off","_et_pb_old_content":"","_et_gb_content_width":"","_uag_custom_page_level_css":"","footnotes":""},"categories":[44,36,10],"tags":[],"class_list":["post-10499","post","type-post","status-publish","format-standard","has-post-thumbnail","hentry","category-creatif","category-team","category-ddb"],"yoast_head":"<!-- This site is optimized with the Yoast SEO plugin v27.5 - https:\/\/yoast.com\/product\/yoast-seo-wordpress\/ -->\n<title>Maximilien Guibert &amp; J\u00e9r\u00e9my Burnand &#8226; C&#039;est qui les Cr\u00e9as ?<\/title>\n<meta name=\"robots\" content=\"index, follow, max-snippet:-1, max-image-preview:large, max-video-preview:-1\" \/>\n<link rel=\"canonical\" href=\"https:\/\/www.ferembach.com\/cestquilescreas\/team\/maximilien-guibert-jeremy-burnand\/\" \/>\n<meta property=\"og:locale\" content=\"fr_FR\" \/>\n<meta property=\"og:type\" content=\"article\" \/>\n<meta property=\"og:title\" content=\"Maximilien Guibert &amp; J\u00e9r\u00e9my Burnand &#8226; C&#039;est qui les Cr\u00e9as ?\" \/>\n<meta property=\"og:description\" content=\"Bonjour, quel ont \u00e9t\u00e9 vos parcours ? J\u00e9r\u00e9my (le CR, \u00e0 droite sur le bandeau) \u00a0: \u00c0 la fin d\u2019un parcours scolaire que mes profs pourraient qualifier de \u00ab\u00a0Bien mais pas top\u00a0\u00bb je me retrouve devant la conseill\u00e8re d\u2019orientation qui me dit\u00a0: \u00ab\u00a0Si vous ne savez pas quoi faire apr\u00e8s votre Bac, faites une \u00e9cole [&hellip;]\" \/>\n<meta property=\"og:url\" content=\"https:\/\/www.ferembach.com\/cestquilescreas\/team\/maximilien-guibert-jeremy-burnand\/\" \/>\n<meta property=\"og:site_name\" content=\"C&#039;est qui les Cr\u00e9as ?\" \/>\n<meta property=\"article:publisher\" content=\"https:\/\/www.facebook.com\/CestquilesCreas\/\" \/>\n<meta property=\"article:published_time\" content=\"2024-06-10T20:46:25+00:00\" \/>\n<meta property=\"article:modified_time\" content=\"2024-06-11T14:10:09+00:00\" \/>\n<meta property=\"og:image\" content=\"https:\/\/www.ferembach.com\/cestquilescreas\/wp-content\/uploads\/2024\/06\/Max_Jerem.jpg\" \/>\n\t<meta property=\"og:image:width\" content=\"900\" \/>\n\t<meta property=\"og:image:height\" content=\"600\" \/>\n\t<meta property=\"og:image:type\" content=\"image\/jpeg\" \/>\n<meta name=\"author\" content=\"gregory ferembach\" \/>\n<meta name=\"twitter:card\" content=\"summary_large_image\" \/>\n<meta name=\"twitter:label1\" content=\"\u00c9crit par\" \/>\n\t<meta name=\"twitter:data1\" content=\"gregory ferembach\" \/>\n\t<meta name=\"twitter:label2\" content=\"Dur\u00e9e de lecture estim\u00e9e\" \/>\n\t<meta name=\"twitter:data2\" content=\"17 minutes\" \/>\n<script type=\"application\/ld+json\" class=\"yoast-schema-graph\">{\"@context\":\"https:\\\/\\\/schema.org\",\"@graph\":[{\"@type\":\"Article\",\"@id\":\"https:\\\/\\\/www.ferembach.com\\\/cestquilescreas\\\/team\\\/maximilien-guibert-jeremy-burnand\\\/#article\",\"isPartOf\":{\"@id\":\"https:\\\/\\\/www.ferembach.com\\\/cestquilescreas\\\/team\\\/maximilien-guibert-jeremy-burnand\\\/\"},\"author\":{\"name\":\"gregory ferembach\",\"@id\":\"https:\\\/\\\/www.ferembach.com\\\/cestquilescreas\\\/#\\\/schema\\\/person\\\/228b651374249a02f20a1921f0e2516b\"},\"headline\":\"Maximilien Guibert &amp; J\u00e9r\u00e9my Burnand\",\"datePublished\":\"2024-06-10T20:46:25+00:00\",\"dateModified\":\"2024-06-11T14:10:09+00:00\",\"mainEntityOfPage\":{\"@id\":\"https:\\\/\\\/www.ferembach.com\\\/cestquilescreas\\\/team\\\/maximilien-guibert-jeremy-burnand\\\/\"},\"wordCount\":3036,\"publisher\":{\"@id\":\"https:\\\/\\\/www.ferembach.com\\\/cestquilescreas\\\/#organization\"},\"image\":{\"@id\":\"https:\\\/\\\/www.ferembach.com\\\/cestquilescreas\\\/team\\\/maximilien-guibert-jeremy-burnand\\\/#primaryimage\"},\"thumbnailUrl\":\"https:\\\/\\\/www.ferembach.com\\\/cestquilescreas\\\/wp-content\\\/uploads\\\/2024\\\/06\\\/Max_Jerem.jpg\",\"articleSection\":[\".cr\u00e9atif\",\".Team\",\"DDB\"],\"inLanguage\":\"fr-FR\"},{\"@type\":\"WebPage\",\"@id\":\"https:\\\/\\\/www.ferembach.com\\\/cestquilescreas\\\/team\\\/maximilien-guibert-jeremy-burnand\\\/\",\"url\":\"https:\\\/\\\/www.ferembach.com\\\/cestquilescreas\\\/team\\\/maximilien-guibert-jeremy-burnand\\\/\",\"name\":\"Maximilien Guibert &amp; J\u00e9r\u00e9my Burnand &#8226; C&#039;est qui les Cr\u00e9as ?\",\"isPartOf\":{\"@id\":\"https:\\\/\\\/www.ferembach.com\\\/cestquilescreas\\\/#website\"},\"primaryImageOfPage\":{\"@id\":\"https:\\\/\\\/www.ferembach.com\\\/cestquilescreas\\\/team\\\/maximilien-guibert-jeremy-burnand\\\/#primaryimage\"},\"image\":{\"@id\":\"https:\\\/\\\/www.ferembach.com\\\/cestquilescreas\\\/team\\\/maximilien-guibert-jeremy-burnand\\\/#primaryimage\"},\"thumbnailUrl\":\"https:\\\/\\\/www.ferembach.com\\\/cestquilescreas\\\/wp-content\\\/uploads\\\/2024\\\/06\\\/Max_Jerem.jpg\",\"datePublished\":\"2024-06-10T20:46:25+00:00\",\"dateModified\":\"2024-06-11T14:10:09+00:00\",\"breadcrumb\":{\"@id\":\"https:\\\/\\\/www.ferembach.com\\\/cestquilescreas\\\/team\\\/maximilien-guibert-jeremy-burnand\\\/#breadcrumb\"},\"inLanguage\":\"fr-FR\",\"potentialAction\":[{\"@type\":\"ReadAction\",\"target\":[\"https:\\\/\\\/www.ferembach.com\\\/cestquilescreas\\\/team\\\/maximilien-guibert-jeremy-burnand\\\/\"]}]},{\"@type\":\"ImageObject\",\"inLanguage\":\"fr-FR\",\"@id\":\"https:\\\/\\\/www.ferembach.com\\\/cestquilescreas\\\/team\\\/maximilien-guibert-jeremy-burnand\\\/#primaryimage\",\"url\":\"https:\\\/\\\/www.ferembach.com\\\/cestquilescreas\\\/wp-content\\\/uploads\\\/2024\\\/06\\\/Max_Jerem.jpg\",\"contentUrl\":\"https:\\\/\\\/www.ferembach.com\\\/cestquilescreas\\\/wp-content\\\/uploads\\\/2024\\\/06\\\/Max_Jerem.jpg\",\"width\":900,\"height\":600},{\"@type\":\"BreadcrumbList\",\"@id\":\"https:\\\/\\\/www.ferembach.com\\\/cestquilescreas\\\/team\\\/maximilien-guibert-jeremy-burnand\\\/#breadcrumb\",\"itemListElement\":[{\"@type\":\"ListItem\",\"position\":1,\"name\":\"Accueil\",\"item\":\"https:\\\/\\\/www.ferembach.com\\\/cestquilescreas\\\/\"},{\"@type\":\"ListItem\",\"position\":2,\"name\":\"Maximilien Guibert &amp; J\u00e9r\u00e9my Burnand\"}]},{\"@type\":\"WebSite\",\"@id\":\"https:\\\/\\\/www.ferembach.com\\\/cestquilescreas\\\/#website\",\"url\":\"https:\\\/\\\/www.ferembach.com\\\/cestquilescreas\\\/\",\"name\":\"C'est qui les Cr\u00e9as ?\",\"description\":\"D\u00e9couvrez les cr\u00e9atifs, leurs parcours et leurs (en)vies...\",\"publisher\":{\"@id\":\"https:\\\/\\\/www.ferembach.com\\\/cestquilescreas\\\/#organization\"},\"potentialAction\":[{\"@type\":\"SearchAction\",\"target\":{\"@type\":\"EntryPoint\",\"urlTemplate\":\"https:\\\/\\\/www.ferembach.com\\\/cestquilescreas\\\/?s={search_term_string}\"},\"query-input\":{\"@type\":\"PropertyValueSpecification\",\"valueRequired\":true,\"valueName\":\"search_term_string\"}}],\"inLanguage\":\"fr-FR\"},{\"@type\":\"Organization\",\"@id\":\"https:\\\/\\\/www.ferembach.com\\\/cestquilescreas\\\/#organization\",\"name\":\"C'est qui les Cr\u00e9as ?\",\"url\":\"https:\\\/\\\/www.ferembach.com\\\/cestquilescreas\\\/\",\"logo\":{\"@type\":\"ImageObject\",\"inLanguage\":\"fr-FR\",\"@id\":\"https:\\\/\\\/www.ferembach.com\\\/cestquilescreas\\\/#\\\/schema\\\/logo\\\/image\\\/\",\"url\":\"https:\\\/\\\/www.ferembach.com\\\/cestquilescreas\\\/wp-content\\\/uploads\\\/2020\\\/02\\\/logo-cqlc-1024x368-3.png\",\"contentUrl\":\"https:\\\/\\\/www.ferembach.com\\\/cestquilescreas\\\/wp-content\\\/uploads\\\/2020\\\/02\\\/logo-cqlc-1024x368-3.png\",\"width\":1024,\"height\":368,\"caption\":\"C'est qui les Cr\u00e9as ?\"},\"image\":{\"@id\":\"https:\\\/\\\/www.ferembach.com\\\/cestquilescreas\\\/#\\\/schema\\\/logo\\\/image\\\/\"},\"sameAs\":[\"https:\\\/\\\/www.facebook.com\\\/CestquilesCreas\\\/\"]},{\"@type\":\"Person\",\"@id\":\"https:\\\/\\\/www.ferembach.com\\\/cestquilescreas\\\/#\\\/schema\\\/person\\\/228b651374249a02f20a1921f0e2516b\",\"name\":\"gregory ferembach\",\"image\":{\"@type\":\"ImageObject\",\"inLanguage\":\"fr-FR\",\"@id\":\"https:\\\/\\\/secure.gravatar.com\\\/avatar\\\/605c4bda0e1d2a91637e7bb2eb4af75b09419585355d212ee36e067ca646749c?s=96&d=mm&r=g\",\"url\":\"https:\\\/\\\/secure.gravatar.com\\\/avatar\\\/605c4bda0e1d2a91637e7bb2eb4af75b09419585355d212ee36e067ca646749c?s=96&d=mm&r=g\",\"contentUrl\":\"https:\\\/\\\/secure.gravatar.com\\\/avatar\\\/605c4bda0e1d2a91637e7bb2eb4af75b09419585355d212ee36e067ca646749c?s=96&d=mm&r=g\",\"caption\":\"gregory ferembach\"}}]}<\/script>\n<!-- \/ Yoast SEO plugin. -->","yoast_head_json":{"title":"Maximilien Guibert &amp; J\u00e9r\u00e9my Burnand &#8226; C&#039;est qui les Cr\u00e9as ?","robots":{"index":"index","follow":"follow","max-snippet":"max-snippet:-1","max-image-preview":"max-image-preview:large","max-video-preview":"max-video-preview:-1"},"canonical":"https:\/\/www.ferembach.com\/cestquilescreas\/team\/maximilien-guibert-jeremy-burnand\/","og_locale":"fr_FR","og_type":"article","og_title":"Maximilien Guibert &amp; J\u00e9r\u00e9my Burnand &#8226; C&#039;est qui les Cr\u00e9as ?","og_description":"Bonjour, quel ont \u00e9t\u00e9 vos parcours ? J\u00e9r\u00e9my (le CR, \u00e0 droite sur le bandeau) \u00a0: \u00c0 la fin d\u2019un parcours scolaire que mes profs pourraient qualifier de \u00ab\u00a0Bien mais pas top\u00a0\u00bb je me retrouve devant la conseill\u00e8re d\u2019orientation qui me dit\u00a0: \u00ab\u00a0Si vous ne savez pas quoi faire apr\u00e8s votre Bac, faites une \u00e9cole [&hellip;]","og_url":"https:\/\/www.ferembach.com\/cestquilescreas\/team\/maximilien-guibert-jeremy-burnand\/","og_site_name":"C&#039;est qui les Cr\u00e9as ?","article_publisher":"https:\/\/www.facebook.com\/CestquilesCreas\/","article_published_time":"2024-06-10T20:46:25+00:00","article_modified_time":"2024-06-11T14:10:09+00:00","og_image":[{"width":900,"height":600,"url":"https:\/\/www.ferembach.com\/cestquilescreas\/wp-content\/uploads\/2024\/06\/Max_Jerem.jpg","type":"image\/jpeg"}],"author":"gregory ferembach","twitter_card":"summary_large_image","twitter_misc":{"\u00c9crit par":"gregory ferembach","Dur\u00e9e de lecture estim\u00e9e":"17 minutes"},"schema":{"@context":"https:\/\/schema.org","@graph":[{"@type":"Article","@id":"https:\/\/www.ferembach.com\/cestquilescreas\/team\/maximilien-guibert-jeremy-burnand\/#article","isPartOf":{"@id":"https:\/\/www.ferembach.com\/cestquilescreas\/team\/maximilien-guibert-jeremy-burnand\/"},"author":{"name":"gregory ferembach","@id":"https:\/\/www.ferembach.com\/cestquilescreas\/#\/schema\/person\/228b651374249a02f20a1921f0e2516b"},"headline":"Maximilien Guibert &amp; J\u00e9r\u00e9my Burnand","datePublished":"2024-06-10T20:46:25+00:00","dateModified":"2024-06-11T14:10:09+00:00","mainEntityOfPage":{"@id":"https:\/\/www.ferembach.com\/cestquilescreas\/team\/maximilien-guibert-jeremy-burnand\/"},"wordCount":3036,"publisher":{"@id":"https:\/\/www.ferembach.com\/cestquilescreas\/#organization"},"image":{"@id":"https:\/\/www.ferembach.com\/cestquilescreas\/team\/maximilien-guibert-jeremy-burnand\/#primaryimage"},"thumbnailUrl":"https:\/\/www.ferembach.com\/cestquilescreas\/wp-content\/uploads\/2024\/06\/Max_Jerem.jpg","articleSection":[".cr\u00e9atif",".Team","DDB"],"inLanguage":"fr-FR"},{"@type":"WebPage","@id":"https:\/\/www.ferembach.com\/cestquilescreas\/team\/maximilien-guibert-jeremy-burnand\/","url":"https:\/\/www.ferembach.com\/cestquilescreas\/team\/maximilien-guibert-jeremy-burnand\/","name":"Maximilien Guibert &amp; J\u00e9r\u00e9my Burnand &#8226; C&#039;est qui les Cr\u00e9as ?","isPartOf":{"@id":"https:\/\/www.ferembach.com\/cestquilescreas\/#website"},"primaryImageOfPage":{"@id":"https:\/\/www.ferembach.com\/cestquilescreas\/team\/maximilien-guibert-jeremy-burnand\/#primaryimage"},"image":{"@id":"https:\/\/www.ferembach.com\/cestquilescreas\/team\/maximilien-guibert-jeremy-burnand\/#primaryimage"},"thumbnailUrl":"https:\/\/www.ferembach.com\/cestquilescreas\/wp-content\/uploads\/2024\/06\/Max_Jerem.jpg","datePublished":"2024-06-10T20:46:25+00:00","dateModified":"2024-06-11T14:10:09+00:00","breadcrumb":{"@id":"https:\/\/www.ferembach.com\/cestquilescreas\/team\/maximilien-guibert-jeremy-burnand\/#breadcrumb"},"inLanguage":"fr-FR","potentialAction":[{"@type":"ReadAction","target":["https:\/\/www.ferembach.com\/cestquilescreas\/team\/maximilien-guibert-jeremy-burnand\/"]}]},{"@type":"ImageObject","inLanguage":"fr-FR","@id":"https:\/\/www.ferembach.com\/cestquilescreas\/team\/maximilien-guibert-jeremy-burnand\/#primaryimage","url":"https:\/\/www.ferembach.com\/cestquilescreas\/wp-content\/uploads\/2024\/06\/Max_Jerem.jpg","contentUrl":"https:\/\/www.ferembach.com\/cestquilescreas\/wp-content\/uploads\/2024\/06\/Max_Jerem.jpg","width":900,"height":600},{"@type":"BreadcrumbList","@id":"https:\/\/www.ferembach.com\/cestquilescreas\/team\/maximilien-guibert-jeremy-burnand\/#breadcrumb","itemListElement":[{"@type":"ListItem","position":1,"name":"Accueil","item":"https:\/\/www.ferembach.com\/cestquilescreas\/"},{"@type":"ListItem","position":2,"name":"Maximilien Guibert &amp; J\u00e9r\u00e9my Burnand"}]},{"@type":"WebSite","@id":"https:\/\/www.ferembach.com\/cestquilescreas\/#website","url":"https:\/\/www.ferembach.com\/cestquilescreas\/","name":"C'est qui les Cr\u00e9as ?","description":"D\u00e9couvrez les cr\u00e9atifs, leurs parcours et leurs (en)vies...","publisher":{"@id":"https:\/\/www.ferembach.com\/cestquilescreas\/#organization"},"potentialAction":[{"@type":"SearchAction","target":{"@type":"EntryPoint","urlTemplate":"https:\/\/www.ferembach.com\/cestquilescreas\/?s={search_term_string}"},"query-input":{"@type":"PropertyValueSpecification","valueRequired":true,"valueName":"search_term_string"}}],"inLanguage":"fr-FR"},{"@type":"Organization","@id":"https:\/\/www.ferembach.com\/cestquilescreas\/#organization","name":"C'est qui les Cr\u00e9as ?","url":"https:\/\/www.ferembach.com\/cestquilescreas\/","logo":{"@type":"ImageObject","inLanguage":"fr-FR","@id":"https:\/\/www.ferembach.com\/cestquilescreas\/#\/schema\/logo\/image\/","url":"https:\/\/www.ferembach.com\/cestquilescreas\/wp-content\/uploads\/2020\/02\/logo-cqlc-1024x368-3.png","contentUrl":"https:\/\/www.ferembach.com\/cestquilescreas\/wp-content\/uploads\/2020\/02\/logo-cqlc-1024x368-3.png","width":1024,"height":368,"caption":"C'est qui les Cr\u00e9as ?"},"image":{"@id":"https:\/\/www.ferembach.com\/cestquilescreas\/#\/schema\/logo\/image\/"},"sameAs":["https:\/\/www.facebook.com\/CestquilesCreas\/"]},{"@type":"Person","@id":"https:\/\/www.ferembach.com\/cestquilescreas\/#\/schema\/person\/228b651374249a02f20a1921f0e2516b","name":"gregory ferembach","image":{"@type":"ImageObject","inLanguage":"fr-FR","@id":"https:\/\/secure.gravatar.com\/avatar\/605c4bda0e1d2a91637e7bb2eb4af75b09419585355d212ee36e067ca646749c?s=96&d=mm&r=g","url":"https:\/\/secure.gravatar.com\/avatar\/605c4bda0e1d2a91637e7bb2eb4af75b09419585355d212ee36e067ca646749c?s=96&d=mm&r=g","contentUrl":"https:\/\/secure.gravatar.com\/avatar\/605c4bda0e1d2a91637e7bb2eb4af75b09419585355d212ee36e067ca646749c?s=96&d=mm&r=g","caption":"gregory ferembach"}}]}},"uagb_featured_image_src":{"full":["https:\/\/www.ferembach.com\/cestquilescreas\/wp-content\/uploads\/2024\/06\/Max_Jerem.jpg",900,600,false],"thumbnail":["https:\/\/www.ferembach.com\/cestquilescreas\/wp-content\/uploads\/2024\/06\/Max_Jerem-120x120.jpg",120,120,true],"medium":["https:\/\/www.ferembach.com\/cestquilescreas\/wp-content\/uploads\/2024\/06\/Max_Jerem-60x40.jpg",60,40,true],"medium_large":["https:\/\/www.ferembach.com\/cestquilescreas\/wp-content\/uploads\/2024\/06\/Max_Jerem-768x512.jpg",768,512,true],"large":["https:\/\/www.ferembach.com\/cestquilescreas\/wp-content\/uploads\/2024\/06\/Max_Jerem.jpg",900,600,false],"1536x1536":["https:\/\/www.ferembach.com\/cestquilescreas\/wp-content\/uploads\/2024\/06\/Max_Jerem.jpg",900,600,false],"2048x2048":["https:\/\/www.ferembach.com\/cestquilescreas\/wp-content\/uploads\/2024\/06\/Max_Jerem.jpg",900,600,false],"et-pb-post-main-image":["https:\/\/www.ferembach.com\/cestquilescreas\/wp-content\/uploads\/2024\/06\/Max_Jerem-400x250.jpg",400,250,true],"et-pb-post-main-image-fullwidth":["https:\/\/www.ferembach.com\/cestquilescreas\/wp-content\/uploads\/2024\/06\/Max_Jerem.jpg",900,600,false],"et-pb-portfolio-image":["https:\/\/www.ferembach.com\/cestquilescreas\/wp-content\/uploads\/2024\/06\/Max_Jerem-400x284.jpg",400,284,true],"et-pb-portfolio-module-image":["https:\/\/www.ferembach.com\/cestquilescreas\/wp-content\/uploads\/2024\/06\/Max_Jerem-510x382.jpg",510,382,true],"et-pb-portfolio-image-single":["https:\/\/www.ferembach.com\/cestquilescreas\/wp-content\/uploads\/2024\/06\/Max_Jerem.jpg",900,600,false],"et-pb-gallery-module-image-portrait":["https:\/\/www.ferembach.com\/cestquilescreas\/wp-content\/uploads\/2024\/06\/Max_Jerem-400x516.jpg",400,516,true],"et-pb-post-main-image-fullwidth-large":["https:\/\/www.ferembach.com\/cestquilescreas\/wp-content\/uploads\/2024\/06\/Max_Jerem.jpg",900,600,false],"et-pb-image--responsive--desktop":["https:\/\/www.ferembach.com\/cestquilescreas\/wp-content\/uploads\/2024\/06\/Max_Jerem.jpg",900,600,false],"et-pb-image--responsive--tablet":["https:\/\/www.ferembach.com\/cestquilescreas\/wp-content\/uploads\/2024\/06\/Max_Jerem.jpg",827,551,false],"et-pb-image--responsive--phone":["https:\/\/www.ferembach.com\/cestquilescreas\/wp-content\/uploads\/2024\/06\/Max_Jerem-480x320.jpg",405,270,true]},"uagb_author_info":{"display_name":"gregory ferembach","author_link":"https:\/\/www.ferembach.com\/cestquilescreas\/author\/gregoryferembach\/"},"uagb_comment_info":0,"uagb_excerpt":"Bonjour, quel ont \u00e9t\u00e9 vos parcours ? J\u00e9r\u00e9my (le CR, \u00e0 droite sur le bandeau) \u00a0: \u00c0 la fin d\u2019un parcours scolaire que mes profs pourraient qualifier de \u00ab\u00a0Bien mais pas top\u00a0\u00bb je me retrouve devant la conseill\u00e8re d\u2019orientation qui me dit\u00a0: \u00ab\u00a0Si vous ne savez pas quoi faire apr\u00e8s votre Bac, faites une \u00e9cole\u2026","_links":{"self":[{"href":"https:\/\/www.ferembach.com\/cestquilescreas\/wp-json\/wp\/v2\/posts\/10499","targetHints":{"allow":["GET"]}}],"collection":[{"href":"https:\/\/www.ferembach.com\/cestquilescreas\/wp-json\/wp\/v2\/posts"}],"about":[{"href":"https:\/\/www.ferembach.com\/cestquilescreas\/wp-json\/wp\/v2\/types\/post"}],"author":[{"embeddable":true,"href":"https:\/\/www.ferembach.com\/cestquilescreas\/wp-json\/wp\/v2\/users\/4"}],"replies":[{"embeddable":true,"href":"https:\/\/www.ferembach.com\/cestquilescreas\/wp-json\/wp\/v2\/comments?post=10499"}],"version-history":[{"count":0,"href":"https:\/\/www.ferembach.com\/cestquilescreas\/wp-json\/wp\/v2\/posts\/10499\/revisions"}],"wp:featuredmedia":[{"embeddable":true,"href":"https:\/\/www.ferembach.com\/cestquilescreas\/wp-json\/wp\/v2\/media\/10520"}],"wp:attachment":[{"href":"https:\/\/www.ferembach.com\/cestquilescreas\/wp-json\/wp\/v2\/media?parent=10499"}],"wp:term":[{"taxonomy":"category","embeddable":true,"href":"https:\/\/www.ferembach.com\/cestquilescreas\/wp-json\/wp\/v2\/categories?post=10499"},{"taxonomy":"post_tag","embeddable":true,"href":"https:\/\/www.ferembach.com\/cestquilescreas\/wp-json\/wp\/v2\/tags?post=10499"}],"curies":[{"name":"wp","href":"https:\/\/api.w.org\/{rel}","templated":true}]}}