{"id":11871,"date":"2025-12-04T14:42:09","date_gmt":"2025-12-04T12:42:09","guid":{"rendered":"https:\/\/www.ferembach.com\/cestquilescreas\/?p=11871"},"modified":"2025-12-04T16:11:06","modified_gmt":"2025-12-04T14:11:06","slug":"gwendal-lebec","status":"publish","type":"post","link":"https:\/\/www.ferembach.com\/cestquilescreas\/illustrateur\/gwendal-lebec\/","title":{"rendered":"C\u2019est qui les illustrateurs #06 : Gwendal Lebec"},"content":{"rendered":"\n<div class=\"wp-block-group alignfull has-background is-vertical is-content-justification-center is-layout-flex wp-container-core-group-is-layout-73a99bce wp-block-group-is-layout-flex\" style=\"background-color:#eeeeee\">\n<p>INTRO<\/p>\n\n\n\n<p class=\"has-small-font-size\">Il y a ceux qui ont les id\u00e9es, et ceux qui les r\u00e9alisent, parmi eux, il y a les illustrateurs.&nbsp;<br>Un monde \u00e0 part, qui rencontre celui de la publicit\u00e9 pour cr\u00e9er des campagnes originales, parfois prim\u00e9es dans des cat\u00e9gories sur mesure. L\u2019illustration comme moyen d\u2019expression publicitaire soul\u00e8ve des questions aupr\u00e8s des annonceurs. Ce n\u2019est ni le dessin libre des enfants, ni les peintures que l\u2019on contemple au mus\u00e9e. C\u2019est un art appliqu\u00e9 si vaste qu\u2019il d\u00e9borde dans d&rsquo;autres cases. Certains illustrateurs vous diront qu\u2019ils sont graphistes, des artistes au sens large ou de simples dessinateurs. C\u2019est un univers que la publicit\u00e9 a compl\u00e8tement investi et pourtant qui lui est parfois compl\u00e8tement \u00e9tranger. Il y a des ma\u00eetres, des mouvements et de nombreux salons. &nbsp;<br>Notre r\u00f4le en tant que DA est souvent de diriger l\u2019illustrateur, mais aussi de filtrer les demandes clients. De prot\u00e9ger l\u2019artiste, de savoir respecter le processus cr\u00e9atif de chacun.&nbsp;<strong>Mais eux, qu\u2019en pensent-ils ?<\/strong><br><em>&#8211; Jenna<\/em><\/p>\n\n\n\n<figure class=\"wp-block-image size-thumbnail\"><img loading=\"lazy\" decoding=\"async\" width=\"120\" height=\"120\" src=\"https:\/\/www.ferembach.com\/cestquilescreas\/wp-content\/uploads\/2024\/11\/jenna-8-120x120.png\" alt=\"\" class=\"wp-image-10781\"\/><\/figure>\n\n\n\n<p class=\"has-text-align-center has-small-font-size\"><em><strong><a href=\"https:\/\/www.linkedin.com\/in\/jennahaugmard\" target=\"_blank\" rel=\"noreferrer noopener\">Jenna Haugma<\/a><\/strong><a href=\"https:\/\/fr.linkedin.com\/in\/joseph-rozier-8186375b\" target=\"_blank\" rel=\"noreferrer noopener\"><strong>rd<\/strong><\/a> est DA, dans son agence, elle a travaill\u00e9 avec des dizaines d\u2019illustrateurs. Elle partage r\u00e9guli\u00e8rement ses coups de c\u0153ur sur le compte insta&nbsp;<a href=\"https:\/\/www.instagram.com\/he_lo_ilu\/\" target=\"_blank\" rel=\"noreferrer noopener\">@he_lo_ilu<\/a>. Elle est aussi illustratrice,&nbsp;jur\u00e9 illu au Club des DA et au D&amp;AD.&nbsp;Bref,&nbsp;elle est bien plac\u00e9e pour aller \u00e0 la rencontre de ces cr\u00e9atifs<\/em> !<\/p>\n<\/div>\n\n\n\n<figure class=\"wp-block-image size-large\"><img loading=\"lazy\" decoding=\"async\" width=\"1024\" height=\"422\" src=\"https:\/\/www.ferembach.com\/cestquilescreas\/wp-content\/uploads\/2025\/12\/image-2-1024x422.png\" alt=\"\" class=\"wp-image-11876\" srcset=\"https:\/\/www.ferembach.com\/cestquilescreas\/wp-content\/uploads\/2025\/12\/image-2-980x404.png 980w, https:\/\/www.ferembach.com\/cestquilescreas\/wp-content\/uploads\/2025\/12\/image-2-480x198.png 480w\" sizes=\"auto, (min-width: 0px) and (max-width: 480px) 480px, (min-width: 481px) and (max-width: 980px) 980px, (min-width: 981px) 1024px, 100vw\" \/><\/figure>\n\n\n\n<p class=\"has-vivid-cyan-blue-color has-text-color has-link-color has-medium-font-size wp-elements-41a8cef62488c2433d2fa7bfe39d4a94\"><strong>Bonjour, quel est ton nom d\u2019illustrateur ?<\/strong><\/p>\n\n\n\n<p>Gwendal Le Bec. Comme \u00e0 l\u2019\u00e9tat civil\u2026<\/p>\n\n\n\n<p class=\"has-vivid-cyan-blue-color has-text-color has-link-color has-medium-font-size wp-elements-8301fba417bc6fa8bc3f8da03a176533\"><strong>Tu peux te dessiner ?<\/strong><\/p>\n\n\n\n<figure class=\"wp-block-image size-large is-resized\"><img loading=\"lazy\" decoding=\"async\" width=\"1024\" height=\"1024\" src=\"https:\/\/www.ferembach.com\/cestquilescreas\/wp-content\/uploads\/2025\/12\/image-1024x1024.png\" alt=\"\" class=\"wp-image-11872\" style=\"width:529px;height:auto\" srcset=\"https:\/\/www.ferembach.com\/cestquilescreas\/wp-content\/uploads\/2025\/12\/image-980x980.png 980w, https:\/\/www.ferembach.com\/cestquilescreas\/wp-content\/uploads\/2025\/12\/image-480x480.png 480w\" sizes=\"auto, (min-width: 0px) and (max-width: 480px) 480px, (min-width: 481px) and (max-width: 980px) 980px, (min-width: 981px) 1024px, 100vw\" \/><\/figure>\n\n\n\n<p class=\"has-vivid-cyan-blue-color has-text-color has-link-color has-medium-font-size wp-elements-7ab23b4af174ec7cd10c7203be51111a\"><strong>Quel a \u00e9t\u00e9 ton parcours ?  <\/strong><\/p>\n\n\n\n<p>J\u2019ai grandi \u00e0 la campagne, dans le centre Finist\u00e8re. Une famille de 6 enfants, un grand jardin entour\u00e9 de champs et de for\u00eats. J\u2019ai quitt\u00e9 la maison pour aller au lyc\u00e9e Vauban \u00e0 Brest o\u00f9 j\u2019ai entam\u00e9 un cursus Arts Appliqu\u00e9s. Apr\u00e8s \u00e7a j\u2019ai fait un an de design de mode \u00e0 Tourcoing, un accident de parcours, je voulais d\u00e9j\u00e0 \u00eatre dessinateur et je n\u2019aimais pas trop l\u2019\u00e9cole, alors je ne voulais pas m\u00e9langer les 2, donc je me suis dit : Pourquoi pas la mode\u2026<\/p>\n\n\n\n<p>Apr\u00e8s un an, j\u2019ai d\u00e9chant\u00e9 et je suis parti \u00e0 Paris pour faire un BTS de communication visuelle \u00e0 l\u2019\u00e9cole Duperr\u00e9.<\/p>\n\n\n\n<p>J\u2019avais h\u00e2te de commencer \u00e0 travailler, donc je m\u2019y suis mis juste apr\u00e8s. J&rsquo;ai eu la chance de signer un livre jeunesse chez Gallimard juste \u00e0 la sortie de l&rsquo;\u00e9cole, \u00e7a a commenc\u00e9 comme \u00e7a. <br>Mon deuxi\u00e8me livre a remport\u00e9 la p\u00e9pite de l&rsquo;album \u00e0 Montreuil, apr\u00e8s \u00e7a je suis parti \u00e0 Londres, puis \u00e0 New York o\u00f9 j&rsquo;ai v\u00e9cu pendant 6 ans. Faire des livres jeunesses en France ne payait pas assez pour une vie new-yorkaise (pour une vie parisienne non plus d&rsquo;ailleurs\u2026) et j&rsquo;ai commenc\u00e9 \u00e0 faire de plus en plus d&rsquo;illustrations de commandes, presse, pub ou autre\u2026 Maintenant, j&rsquo;ai la chance de faire un peu de tout.<\/p>\n\n\n\n<p>Mon plan B dans la vie, c&rsquo;\u00e9tait de faire des \u00e9tudes de th\u00e9\u00e2tre, mais comme le plan A n\u2019a pas d\u00e9raill\u00e9, \u00e7a ne s\u2019est pas pr\u00e9sent\u00e9.<\/p>\n\n\n\n<figure class=\"wp-block-gallery has-nested-images columns-2 uag-masonry uagb-block-a770745c wp-block-gallery-1 is-layout-flex wp-block-gallery-is-layout-flex\">\n<figure class=\"wp-block-image size-large\"><img loading=\"lazy\" decoding=\"async\" width=\"757\" height=\"951\" data-id=\"11898\" src=\"https:\/\/www.ferembach.com\/cestquilescreas\/wp-content\/uploads\/2025\/12\/prt_378x475_1552859468_2x.jpg\" alt=\"\" class=\"wp-image-11898\" srcset=\"https:\/\/www.ferembach.com\/cestquilescreas\/wp-content\/uploads\/2025\/12\/prt_378x475_1552859468_2x.jpg 757w, https:\/\/www.ferembach.com\/cestquilescreas\/wp-content\/uploads\/2025\/12\/prt_378x475_1552859468_2x-480x603.jpg 480w\" sizes=\"auto, (min-width: 0px) and (max-width: 480px) 480px, (min-width: 481px) 757px, 100vw\" \/><\/figure>\n\n\n\n<figure class=\"wp-block-image size-large\"><img loading=\"lazy\" decoding=\"async\" width=\"900\" height=\"935\" data-id=\"11897\" src=\"https:\/\/www.ferembach.com\/cestquilescreas\/wp-content\/uploads\/2025\/12\/prt_450x467_1700065372_2x.jpg\" alt=\"\" class=\"wp-image-11897\" srcset=\"https:\/\/www.ferembach.com\/cestquilescreas\/wp-content\/uploads\/2025\/12\/prt_450x467_1700065372_2x.jpg 900w, https:\/\/www.ferembach.com\/cestquilescreas\/wp-content\/uploads\/2025\/12\/prt_450x467_1700065372_2x-480x499.jpg 480w\" sizes=\"auto, (min-width: 0px) and (max-width: 480px) 480px, (min-width: 481px) 900px, 100vw\" \/><\/figure>\n\n\n\n<figure class=\"wp-block-image size-large\"><img loading=\"lazy\" decoding=\"async\" width=\"1000\" height=\"667\" data-id=\"11902\" src=\"https:\/\/www.ferembach.com\/cestquilescreas\/wp-content\/uploads\/2025\/12\/prt_500x333_1700064110_2x.jpg\" alt=\"\" class=\"wp-image-11902\" srcset=\"https:\/\/www.ferembach.com\/cestquilescreas\/wp-content\/uploads\/2025\/12\/prt_500x333_1700064110_2x.jpg 1000w, https:\/\/www.ferembach.com\/cestquilescreas\/wp-content\/uploads\/2025\/12\/prt_500x333_1700064110_2x-980x654.jpg 980w, https:\/\/www.ferembach.com\/cestquilescreas\/wp-content\/uploads\/2025\/12\/prt_500x333_1700064110_2x-480x320.jpg 480w\" sizes=\"auto, (min-width: 0px) and (max-width: 480px) 480px, (min-width: 481px) and (max-width: 980px) 980px, (min-width: 981px) 1000px, 100vw\" \/><\/figure>\n\n\n\n<figure class=\"wp-block-image size-large\"><img loading=\"lazy\" decoding=\"async\" width=\"799\" height=\"519\" data-id=\"11881\" src=\"https:\/\/www.ferembach.com\/cestquilescreas\/wp-content\/uploads\/2025\/12\/d7hftxdivxxvm.cloudfront.webp\" alt=\"\" class=\"wp-image-11881\" srcset=\"https:\/\/www.ferembach.com\/cestquilescreas\/wp-content\/uploads\/2025\/12\/d7hftxdivxxvm.cloudfront.webp 799w, https:\/\/www.ferembach.com\/cestquilescreas\/wp-content\/uploads\/2025\/12\/d7hftxdivxxvm.cloudfront-480x312.webp 480w\" sizes=\"auto, (min-width: 0px) and (max-width: 480px) 480px, (min-width: 481px) 799px, 100vw\" \/><\/figure>\n\n\n\n<figure class=\"wp-block-image size-large\"><img loading=\"lazy\" decoding=\"async\" width=\"1000\" height=\"637\" data-id=\"11904\" src=\"https:\/\/www.ferembach.com\/cestquilescreas\/wp-content\/uploads\/2025\/12\/prt_500x318_1700063549_2x.jpg\" alt=\"\" class=\"wp-image-11904\" srcset=\"https:\/\/www.ferembach.com\/cestquilescreas\/wp-content\/uploads\/2025\/12\/prt_500x318_1700063549_2x.jpg 1000w, https:\/\/www.ferembach.com\/cestquilescreas\/wp-content\/uploads\/2025\/12\/prt_500x318_1700063549_2x-980x624.jpg 980w, https:\/\/www.ferembach.com\/cestquilescreas\/wp-content\/uploads\/2025\/12\/prt_500x318_1700063549_2x-480x306.jpg 480w\" sizes=\"auto, (min-width: 0px) and (max-width: 480px) 480px, (min-width: 481px) and (max-width: 980px) 980px, (min-width: 981px) 1000px, 100vw\" \/><\/figure>\n\n\n\n<figure class=\"wp-block-image size-large\"><img loading=\"lazy\" decoding=\"async\" width=\"1024\" height=\"750\" data-id=\"11894\" src=\"https:\/\/www.ferembach.com\/cestquilescreas\/wp-content\/uploads\/2025\/12\/Capture-decran-2025-12-02-a-18.00.04-1024x750.jpg\" alt=\"\" class=\"wp-image-11894\" srcset=\"https:\/\/www.ferembach.com\/cestquilescreas\/wp-content\/uploads\/2025\/12\/Capture-decran-2025-12-02-a-18.00.04-980x718.jpg 980w, https:\/\/www.ferembach.com\/cestquilescreas\/wp-content\/uploads\/2025\/12\/Capture-decran-2025-12-02-a-18.00.04-480x351.jpg 480w\" sizes=\"auto, (min-width: 0px) and (max-width: 480px) 480px, (min-width: 481px) and (max-width: 980px) 980px, (min-width: 981px) 1024px, 100vw\" \/><\/figure>\n\n\n\n<figure class=\"wp-block-image size-large\"><img loading=\"lazy\" decoding=\"async\" width=\"838\" height=\"1024\" data-id=\"11892\" src=\"https:\/\/www.ferembach.com\/cestquilescreas\/wp-content\/uploads\/2025\/12\/Capture-decran-2025-12-02-a-17.58.11-838x1024.jpg\" alt=\"\" class=\"wp-image-11892\"\/><\/figure>\n\n\n\n<figure class=\"wp-block-image size-large\"><img loading=\"lazy\" decoding=\"async\" width=\"1024\" height=\"776\" data-id=\"11891\" src=\"https:\/\/www.ferembach.com\/cestquilescreas\/wp-content\/uploads\/2025\/12\/Garance_Illustration-Gwendal-LeBec-Mirazur-Residency-Sydney-1024x776.jpg\" alt=\"\" class=\"wp-image-11891\" srcset=\"https:\/\/www.ferembach.com\/cestquilescreas\/wp-content\/uploads\/2025\/12\/Garance_Illustration-Gwendal-LeBec-Mirazur-Residency-Sydney-980x742.jpg 980w, https:\/\/www.ferembach.com\/cestquilescreas\/wp-content\/uploads\/2025\/12\/Garance_Illustration-Gwendal-LeBec-Mirazur-Residency-Sydney-480x364.jpg 480w\" sizes=\"auto, (min-width: 0px) and (max-width: 480px) 480px, (min-width: 481px) and (max-width: 980px) 980px, (min-width: 981px) 1024px, 100vw\" \/><\/figure>\n\n\n\n<figure class=\"wp-block-image size-large\"><img loading=\"lazy\" decoding=\"async\" width=\"1988\" height=\"1130\" data-id=\"11889\" src=\"https:\/\/www.ferembach.com\/cestquilescreas\/wp-content\/uploads\/2025\/12\/Capture-decran-2025-12-02-a-17.59.08.jpg\" alt=\"\" class=\"wp-image-11889\" srcset=\"https:\/\/www.ferembach.com\/cestquilescreas\/wp-content\/uploads\/2025\/12\/Capture-decran-2025-12-02-a-17.59.08.jpg 1988w, https:\/\/www.ferembach.com\/cestquilescreas\/wp-content\/uploads\/2025\/12\/Capture-decran-2025-12-02-a-17.59.08-1280x728.jpg 1280w, https:\/\/www.ferembach.com\/cestquilescreas\/wp-content\/uploads\/2025\/12\/Capture-decran-2025-12-02-a-17.59.08-980x557.jpg 980w, https:\/\/www.ferembach.com\/cestquilescreas\/wp-content\/uploads\/2025\/12\/Capture-decran-2025-12-02-a-17.59.08-480x273.jpg 480w\" sizes=\"auto, (min-width: 0px) and (max-width: 480px) 480px, (min-width: 481px) and (max-width: 980px) 980px, (min-width: 981px) and (max-width: 1280px) 1280px, (min-width: 1281px) 1988px, 100vw\" \/><\/figure>\n\n\n\n<figure class=\"wp-block-image size-large\"><img loading=\"lazy\" decoding=\"async\" width=\"1846\" height=\"1312\" data-id=\"11888\" src=\"https:\/\/www.ferembach.com\/cestquilescreas\/wp-content\/uploads\/2025\/12\/Capture-decran-2025-12-02-a-17.58.40.jpg\" alt=\"\" class=\"wp-image-11888\" srcset=\"https:\/\/www.ferembach.com\/cestquilescreas\/wp-content\/uploads\/2025\/12\/Capture-decran-2025-12-02-a-17.58.40.jpg 1846w, https:\/\/www.ferembach.com\/cestquilescreas\/wp-content\/uploads\/2025\/12\/Capture-decran-2025-12-02-a-17.58.40-1280x910.jpg 1280w, https:\/\/www.ferembach.com\/cestquilescreas\/wp-content\/uploads\/2025\/12\/Capture-decran-2025-12-02-a-17.58.40-980x697.jpg 980w, https:\/\/www.ferembach.com\/cestquilescreas\/wp-content\/uploads\/2025\/12\/Capture-decran-2025-12-02-a-17.58.40-480x341.jpg 480w\" sizes=\"auto, (min-width: 0px) and (max-width: 480px) 480px, (min-width: 481px) and (max-width: 980px) 980px, (min-width: 981px) and (max-width: 1280px) 1280px, (min-width: 1281px) 1846px, 100vw\" \/><\/figure>\n\n\n\n<figure class=\"wp-block-image size-large\"><img loading=\"lazy\" decoding=\"async\" width=\"765\" height=\"1024\" data-id=\"11887\" src=\"https:\/\/www.ferembach.com\/cestquilescreas\/wp-content\/uploads\/2025\/12\/Capture-decran-2025-12-02-a-17.57.10-765x1024.jpg\" alt=\"\" class=\"wp-image-11887\" srcset=\"https:\/\/www.ferembach.com\/cestquilescreas\/wp-content\/uploads\/2025\/12\/Capture-decran-2025-12-02-a-17.57.10-765x1024.jpg 765w, https:\/\/www.ferembach.com\/cestquilescreas\/wp-content\/uploads\/2025\/12\/Capture-decran-2025-12-02-a-17.57.10-480x643.jpg 480w\" sizes=\"auto, (min-width: 0px) and (max-width: 480px) 480px, (min-width: 481px) 765px, 100vw\" \/><\/figure>\n\n\n\n<figure class=\"wp-block-image size-large\"><img loading=\"lazy\" decoding=\"async\" width=\"800\" height=\"566\" data-id=\"11886\" src=\"https:\/\/www.ferembach.com\/cestquilescreas\/wp-content\/uploads\/2025\/12\/gwendal-yann-le-bec-talkie-walkie-tour-leveque-2025-8.jpg\" alt=\"\" class=\"wp-image-11886\" srcset=\"https:\/\/www.ferembach.com\/cestquilescreas\/wp-content\/uploads\/2025\/12\/gwendal-yann-le-bec-talkie-walkie-tour-leveque-2025-8.jpg 800w, https:\/\/www.ferembach.com\/cestquilescreas\/wp-content\/uploads\/2025\/12\/gwendal-yann-le-bec-talkie-walkie-tour-leveque-2025-8-480x340.jpg 480w\" sizes=\"auto, (min-width: 0px) and (max-width: 480px) 480px, (min-width: 481px) 800px, 100vw\" \/><\/figure>\n\n\n\n<figure class=\"wp-block-image size-large\"><img loading=\"lazy\" decoding=\"async\" width=\"800\" height=\"522\" data-id=\"11884\" src=\"https:\/\/www.ferembach.com\/cestquilescreas\/wp-content\/uploads\/2025\/12\/gwendal-le-bec-talkie-walkie-Raymond-Color-22-23.jpg\" alt=\"\" class=\"wp-image-11884\" srcset=\"https:\/\/www.ferembach.com\/cestquilescreas\/wp-content\/uploads\/2025\/12\/gwendal-le-bec-talkie-walkie-Raymond-Color-22-23.jpg 800w, https:\/\/www.ferembach.com\/cestquilescreas\/wp-content\/uploads\/2025\/12\/gwendal-le-bec-talkie-walkie-Raymond-Color-22-23-480x313.jpg 480w\" sizes=\"auto, (min-width: 0px) and (max-width: 480px) 480px, (min-width: 481px) 800px, 100vw\" \/><\/figure>\n\n\n\n<figure class=\"wp-block-image size-large\"><img loading=\"lazy\" decoding=\"async\" width=\"1000\" height=\"839\" data-id=\"11883\" src=\"https:\/\/www.ferembach.com\/cestquilescreas\/wp-content\/uploads\/2025\/12\/71C2OauS4ML._AC_UF10001000_QL80_.jpg\" alt=\"\" class=\"wp-image-11883\" srcset=\"https:\/\/www.ferembach.com\/cestquilescreas\/wp-content\/uploads\/2025\/12\/71C2OauS4ML._AC_UF10001000_QL80_.jpg 1000w, https:\/\/www.ferembach.com\/cestquilescreas\/wp-content\/uploads\/2025\/12\/71C2OauS4ML._AC_UF10001000_QL80_-980x822.jpg 980w, https:\/\/www.ferembach.com\/cestquilescreas\/wp-content\/uploads\/2025\/12\/71C2OauS4ML._AC_UF10001000_QL80_-480x403.jpg 480w\" sizes=\"auto, (min-width: 0px) and (max-width: 480px) 480px, (min-width: 481px) and (max-width: 980px) 980px, (min-width: 981px) 1000px, 100vw\" \/><\/figure>\n\n\n\n<figure class=\"wp-block-image size-large\"><img loading=\"lazy\" decoding=\"async\" width=\"1024\" height=\"372\" data-id=\"11893\" src=\"https:\/\/www.ferembach.com\/cestquilescreas\/wp-content\/uploads\/2025\/12\/Gwendal-le-bec-1-ok5dcsga88nwaq7y4cma9hgbev0bowo9fengs55h28-1024x372.jpg\" alt=\"\" class=\"wp-image-11893\" srcset=\"https:\/\/www.ferembach.com\/cestquilescreas\/wp-content\/uploads\/2025\/12\/Gwendal-le-bec-1-ok5dcsga88nwaq7y4cma9hgbev0bowo9fengs55h28-1024x372.jpg 1024w, https:\/\/www.ferembach.com\/cestquilescreas\/wp-content\/uploads\/2025\/12\/Gwendal-le-bec-1-ok5dcsga88nwaq7y4cma9hgbev0bowo9fengs55h28-980x356.jpg 980w, https:\/\/www.ferembach.com\/cestquilescreas\/wp-content\/uploads\/2025\/12\/Gwendal-le-bec-1-ok5dcsga88nwaq7y4cma9hgbev0bowo9fengs55h28-480x175.jpg 480w\" sizes=\"auto, (min-width: 0px) and (max-width: 480px) 480px, (min-width: 481px) and (max-width: 980px) 980px, (min-width: 981px) 1024px, 100vw\" \/><\/figure>\n\n\n\n<figure class=\"wp-block-image size-large\"><img loading=\"lazy\" decoding=\"async\" width=\"900\" height=\"662\" data-id=\"11882\" src=\"https:\/\/www.ferembach.com\/cestquilescreas\/wp-content\/uploads\/2025\/12\/Capture-decran-2025-12-02-a-17.57.56.jpg\" alt=\"\" class=\"wp-image-11882\" srcset=\"https:\/\/www.ferembach.com\/cestquilescreas\/wp-content\/uploads\/2025\/12\/Capture-decran-2025-12-02-a-17.57.56.jpg 900w, https:\/\/www.ferembach.com\/cestquilescreas\/wp-content\/uploads\/2025\/12\/Capture-decran-2025-12-02-a-17.57.56-480x353.jpg 480w\" sizes=\"auto, (min-width: 0px) and (max-width: 480px) 480px, (min-width: 481px) 900px, 100vw\" \/><\/figure>\n\n\n\n<figure class=\"wp-block-image size-large\"><img loading=\"lazy\" decoding=\"async\" width=\"1226\" height=\"1190\" data-id=\"11880\" src=\"https:\/\/www.ferembach.com\/cestquilescreas\/wp-content\/uploads\/2025\/12\/Capture-decran-2025-12-02-a-17.58.56.jpg\" alt=\"\" class=\"wp-image-11880\" srcset=\"https:\/\/www.ferembach.com\/cestquilescreas\/wp-content\/uploads\/2025\/12\/Capture-decran-2025-12-02-a-17.58.56.jpg 1226w, https:\/\/www.ferembach.com\/cestquilescreas\/wp-content\/uploads\/2025\/12\/Capture-decran-2025-12-02-a-17.58.56-980x951.jpg 980w, https:\/\/www.ferembach.com\/cestquilescreas\/wp-content\/uploads\/2025\/12\/Capture-decran-2025-12-02-a-17.58.56-480x466.jpg 480w\" sizes=\"auto, (min-width: 0px) and (max-width: 480px) 480px, (min-width: 481px) and (max-width: 980px) 980px, (min-width: 981px) 1226px, 100vw\" \/><\/figure>\n<\/figure>\n\n\n\n<figure class=\"wp-block-gallery has-nested-images columns-2 uag-masonry uagb-block-a770745c wp-block-gallery-2 is-layout-flex wp-block-gallery-is-layout-flex\">\n<figure class=\"wp-block-image size-large\"><img loading=\"lazy\" decoding=\"async\" width=\"1000\" height=\"663\" data-id=\"11900\" src=\"https:\/\/www.ferembach.com\/cestquilescreas\/wp-content\/uploads\/2025\/12\/prt_500x331_1442513746_2x.jpg\" alt=\"\" class=\"wp-image-11900\" srcset=\"https:\/\/www.ferembach.com\/cestquilescreas\/wp-content\/uploads\/2025\/12\/prt_500x331_1442513746_2x.jpg 1000w, https:\/\/www.ferembach.com\/cestquilescreas\/wp-content\/uploads\/2025\/12\/prt_500x331_1442513746_2x-980x650.jpg 980w, https:\/\/www.ferembach.com\/cestquilescreas\/wp-content\/uploads\/2025\/12\/prt_500x331_1442513746_2x-480x318.jpg 480w\" sizes=\"auto, (min-width: 0px) and (max-width: 480px) 480px, (min-width: 481px) and (max-width: 980px) 980px, (min-width: 981px) 1000px, 100vw\" \/><\/figure>\n\n\n\n<figure class=\"wp-block-image size-large\"><img loading=\"lazy\" decoding=\"async\" width=\"1926\" height=\"1274\" data-id=\"11885\" src=\"https:\/\/www.ferembach.com\/cestquilescreas\/wp-content\/uploads\/2025\/12\/Capture-decran-2025-12-02-a-17.59.51.jpg\" alt=\"\" class=\"wp-image-11885\" srcset=\"https:\/\/www.ferembach.com\/cestquilescreas\/wp-content\/uploads\/2025\/12\/Capture-decran-2025-12-02-a-17.59.51.jpg 1926w, https:\/\/www.ferembach.com\/cestquilescreas\/wp-content\/uploads\/2025\/12\/Capture-decran-2025-12-02-a-17.59.51-1280x847.jpg 1280w, https:\/\/www.ferembach.com\/cestquilescreas\/wp-content\/uploads\/2025\/12\/Capture-decran-2025-12-02-a-17.59.51-980x648.jpg 980w, https:\/\/www.ferembach.com\/cestquilescreas\/wp-content\/uploads\/2025\/12\/Capture-decran-2025-12-02-a-17.59.51-480x318.jpg 480w\" sizes=\"auto, (min-width: 0px) and (max-width: 480px) 480px, (min-width: 481px) and (max-width: 980px) 980px, (min-width: 981px) and (max-width: 1280px) 1280px, (min-width: 1281px) 1926px, 100vw\" \/><\/figure>\n\n\n\n<figure class=\"wp-block-image size-large\"><img loading=\"lazy\" decoding=\"async\" width=\"1000\" height=\"663\" data-id=\"11899\" src=\"https:\/\/www.ferembach.com\/cestquilescreas\/wp-content\/uploads\/2025\/12\/prt_500x331_1553012470_2x.jpg\" alt=\"\" class=\"wp-image-11899\" srcset=\"https:\/\/www.ferembach.com\/cestquilescreas\/wp-content\/uploads\/2025\/12\/prt_500x331_1553012470_2x.jpg 1000w, https:\/\/www.ferembach.com\/cestquilescreas\/wp-content\/uploads\/2025\/12\/prt_500x331_1553012470_2x-980x650.jpg 980w, https:\/\/www.ferembach.com\/cestquilescreas\/wp-content\/uploads\/2025\/12\/prt_500x331_1553012470_2x-480x318.jpg 480w\" sizes=\"auto, (min-width: 0px) and (max-width: 480px) 480px, (min-width: 481px) and (max-width: 980px) 980px, (min-width: 981px) 1000px, 100vw\" \/><\/figure>\n\n\n\n<figure class=\"wp-block-image size-large\"><img loading=\"lazy\" decoding=\"async\" width=\"1024\" height=\"679\" data-id=\"11903\" src=\"https:\/\/www.ferembach.com\/cestquilescreas\/wp-content\/uploads\/2025\/12\/Un-Bois2b_1500-1024x679.jpg\" alt=\"\" class=\"wp-image-11903\" srcset=\"https:\/\/www.ferembach.com\/cestquilescreas\/wp-content\/uploads\/2025\/12\/Un-Bois2b_1500-980x649.jpg 980w, https:\/\/www.ferembach.com\/cestquilescreas\/wp-content\/uploads\/2025\/12\/Un-Bois2b_1500-480x318.jpg 480w\" sizes=\"auto, (min-width: 0px) and (max-width: 480px) 480px, (min-width: 481px) and (max-width: 980px) 980px, (min-width: 981px) 1024px, 100vw\" \/><\/figure>\n<\/figure>\n\n\n\n<figure class=\"wp-block-gallery has-nested-images columns-3 uag-masonry uagb-block-a770745c wp-block-gallery-3 is-layout-flex wp-block-gallery-is-layout-flex\">\n<figure class=\"wp-block-image size-full\"><img loading=\"lazy\" decoding=\"async\" width=\"800\" height=\"566\" data-id=\"11886\" src=\"https:\/\/www.ferembach.com\/cestquilescreas\/wp-content\/uploads\/2025\/12\/gwendal-yann-le-bec-talkie-walkie-tour-leveque-2025-8.jpg\" alt=\"\" class=\"wp-image-11886\" srcset=\"https:\/\/www.ferembach.com\/cestquilescreas\/wp-content\/uploads\/2025\/12\/gwendal-yann-le-bec-talkie-walkie-tour-leveque-2025-8.jpg 800w, https:\/\/www.ferembach.com\/cestquilescreas\/wp-content\/uploads\/2025\/12\/gwendal-yann-le-bec-talkie-walkie-tour-leveque-2025-8-480x340.jpg 480w\" sizes=\"auto, (min-width: 0px) and (max-width: 480px) 480px, (min-width: 481px) 800px, 100vw\" \/><\/figure>\n\n\n\n<figure class=\"wp-block-image size-large\"><img loading=\"lazy\" decoding=\"async\" width=\"800\" height=\"557\" data-id=\"11896\" src=\"https:\/\/www.ferembach.com\/cestquilescreas\/wp-content\/uploads\/2025\/12\/gwendal-yann-le-bec-talkie-walkie-tour-leveque-2025-11.jpg\" alt=\"\" class=\"wp-image-11896\" srcset=\"https:\/\/www.ferembach.com\/cestquilescreas\/wp-content\/uploads\/2025\/12\/gwendal-yann-le-bec-talkie-walkie-tour-leveque-2025-11.jpg 800w, https:\/\/www.ferembach.com\/cestquilescreas\/wp-content\/uploads\/2025\/12\/gwendal-yann-le-bec-talkie-walkie-tour-leveque-2025-11-480x334.jpg 480w\" sizes=\"auto, (min-width: 0px) and (max-width: 480px) 480px, (min-width: 481px) 800px, 100vw\" \/><\/figure>\n\n\n\n<figure class=\"wp-block-image size-large\"><img loading=\"lazy\" decoding=\"async\" width=\"1024\" height=\"702\" data-id=\"11895\" src=\"https:\/\/www.ferembach.com\/cestquilescreas\/wp-content\/uploads\/2025\/12\/Capture-decran-2025-12-02-a-18.36.15-1024x702.jpg\" alt=\"\" class=\"wp-image-11895\" srcset=\"https:\/\/www.ferembach.com\/cestquilescreas\/wp-content\/uploads\/2025\/12\/Capture-decran-2025-12-02-a-18.36.15-980x672.jpg 980w, https:\/\/www.ferembach.com\/cestquilescreas\/wp-content\/uploads\/2025\/12\/Capture-decran-2025-12-02-a-18.36.15-480x329.jpg 480w\" sizes=\"auto, (min-width: 0px) and (max-width: 480px) 480px, (min-width: 481px) and (max-width: 980px) 980px, (min-width: 981px) 1024px, 100vw\" \/><\/figure>\n<\/figure>\n\n\n\n<p class=\"has-vivid-cyan-blue-color has-text-color has-link-color has-medium-font-size wp-elements-359a38d1c377b0f9868daa983ca92d15\"><strong>Petit, tu \u00e9tais fan de quel\/le illustrateur\/trice?<\/strong><\/p>\n\n\n\n<p>J\u2019aimais des dessinateurs que j\u2019aime toujours. Quentin Blake, Tomi Ungerer, Semp\u00e9. J\u2019adorais aussi beaucoup des dessinateurs de BD, comme Jean-Giraud\/Moebius, Jij\u00e9, Franquin, Bernadette Despr\u00e9s qui dessinait Tom-Tom et Nana, etc\u2026<\/p>\n\n\n\n<figure class=\"wp-block-gallery has-nested-images columns-default uag-masonry uagb-block-e32d9fff wp-block-gallery-4 is-layout-flex wp-block-gallery-is-layout-flex\">\n<figure class=\"wp-block-image size-large\"><img loading=\"lazy\" decoding=\"async\" width=\"806\" height=\"1024\" data-id=\"11905\" src=\"https:\/\/www.ferembach.com\/cestquilescreas\/wp-content\/uploads\/2025\/12\/Quentin-Blake-806x1024.jpg\" alt=\"\" class=\"wp-image-11905\" srcset=\"https:\/\/www.ferembach.com\/cestquilescreas\/wp-content\/uploads\/2025\/12\/Quentin-Blake-806x1024.jpg 806w, https:\/\/www.ferembach.com\/cestquilescreas\/wp-content\/uploads\/2025\/12\/Quentin-Blake-480x610.jpg 480w\" sizes=\"auto, (min-width: 0px) and (max-width: 480px) 480px, (min-width: 481px) 806px, 100vw\" \/><\/figure>\n\n\n\n<figure class=\"wp-block-image size-large\"><img loading=\"lazy\" decoding=\"async\" width=\"1024\" height=\"768\" data-id=\"11907\" src=\"https:\/\/www.ferembach.com\/cestquilescreas\/wp-content\/uploads\/2025\/12\/Franquin.jpg\" alt=\"\" class=\"wp-image-11907\" srcset=\"https:\/\/www.ferembach.com\/cestquilescreas\/wp-content\/uploads\/2025\/12\/Franquin.jpg 1024w, https:\/\/www.ferembach.com\/cestquilescreas\/wp-content\/uploads\/2025\/12\/Franquin-980x735.jpg 980w, https:\/\/www.ferembach.com\/cestquilescreas\/wp-content\/uploads\/2025\/12\/Franquin-480x360.jpg 480w\" sizes=\"auto, (min-width: 0px) and (max-width: 480px) 480px, (min-width: 481px) and (max-width: 980px) 980px, (min-width: 981px) 1024px, 100vw\" \/><\/figure>\n\n\n\n<figure class=\"wp-block-image size-large\"><img loading=\"lazy\" decoding=\"async\" width=\"1024\" height=\"689\" data-id=\"11912\" src=\"https:\/\/www.ferembach.com\/cestquilescreas\/wp-content\/uploads\/2025\/12\/Tomi-Ungerer-1024x689.jpg\" alt=\"\" class=\"wp-image-11912\" srcset=\"https:\/\/www.ferembach.com\/cestquilescreas\/wp-content\/uploads\/2025\/12\/Tomi-Ungerer-980x660.jpg 980w, https:\/\/www.ferembach.com\/cestquilescreas\/wp-content\/uploads\/2025\/12\/Tomi-Ungerer-480x323.jpg 480w\" sizes=\"auto, (min-width: 0px) and (max-width: 480px) 480px, (min-width: 481px) and (max-width: 980px) 980px, (min-width: 981px) 1024px, 100vw\" \/><\/figure>\n\n\n\n<figure class=\"wp-block-image size-large\"><img loading=\"lazy\" decoding=\"async\" width=\"730\" height=\"1024\" data-id=\"11909\" src=\"https:\/\/www.ferembach.com\/cestquilescreas\/wp-content\/uploads\/2025\/12\/Giraud-730x1024.jpg\" alt=\"\" class=\"wp-image-11909\"\/><\/figure>\n\n\n\n<figure class=\"wp-block-image size-large\"><img loading=\"lazy\" decoding=\"async\" width=\"768\" height=\"1024\" data-id=\"11906\" src=\"https:\/\/www.ferembach.com\/cestquilescreas\/wp-content\/uploads\/2025\/12\/Jean-Jullien-768x1024.jpg\" alt=\"\" class=\"wp-image-11906\" srcset=\"https:\/\/www.ferembach.com\/cestquilescreas\/wp-content\/uploads\/2025\/12\/Jean-Jullien-768x1024.jpg 768w, https:\/\/www.ferembach.com\/cestquilescreas\/wp-content\/uploads\/2025\/12\/Jean-Jullien-480x640.jpg 480w\" sizes=\"auto, (min-width: 0px) and (max-width: 480px) 480px, (min-width: 481px) 768px, 100vw\" \/><\/figure>\n\n\n\n<figure class=\"wp-block-image size-large\"><img loading=\"lazy\" decoding=\"async\" width=\"953\" height=\"1024\" data-id=\"11908\" src=\"https:\/\/www.ferembach.com\/cestquilescreas\/wp-content\/uploads\/2025\/12\/Sempe-953x1024.jpg\" alt=\"\" class=\"wp-image-11908\"\/><\/figure>\n\n\n\n<figure class=\"wp-block-image size-large\"><img loading=\"lazy\" decoding=\"async\" width=\"700\" height=\"900\" data-id=\"11910\" src=\"https:\/\/www.ferembach.com\/cestquilescreas\/wp-content\/uploads\/2025\/12\/Jije.jpg\" alt=\"\" class=\"wp-image-11910\" srcset=\"https:\/\/www.ferembach.com\/cestquilescreas\/wp-content\/uploads\/2025\/12\/Jije.jpg 700w, https:\/\/www.ferembach.com\/cestquilescreas\/wp-content\/uploads\/2025\/12\/Jije-480x617.jpg 480w\" sizes=\"auto, (min-width: 0px) and (max-width: 480px) 480px, (min-width: 481px) 700px, 100vw\" \/><\/figure>\n\n\n\n<figure class=\"wp-block-image size-large\"><img loading=\"lazy\" decoding=\"async\" width=\"769\" height=\"1024\" data-id=\"11911\" src=\"https:\/\/www.ferembach.com\/cestquilescreas\/wp-content\/uploads\/2025\/12\/Bernadette-Despres-769x1024.jpg\" alt=\"\" class=\"wp-image-11911\" srcset=\"https:\/\/www.ferembach.com\/cestquilescreas\/wp-content\/uploads\/2025\/12\/Bernadette-Despres-769x1024.jpg 769w, https:\/\/www.ferembach.com\/cestquilescreas\/wp-content\/uploads\/2025\/12\/Bernadette-Despres-480x639.jpg 480w\" sizes=\"auto, (min-width: 0px) and (max-width: 480px) 480px, (min-width: 481px) 769px, 100vw\" \/><\/figure>\n<\/figure>\n\n\n\n<p class=\"has-vivid-cyan-blue-color has-text-color has-link-color has-medium-font-size wp-elements-6965332885df5678e4f516a2ac0ad309\"><strong>As-tu h\u00e9sit\u00e9 \u00e0 faire de la pub ? Si oui, pourquoi ?<\/strong><\/p>\n\n\n\n<p>Non, je n\u2019ai jamais h\u00e9sit\u00e9, c\u2019est une des rares branche de l\u2019illustration qui paye correctement. C&rsquo;est aussi un moyen d&rsquo;atteindre un public qui ne s&rsquo;int\u00e9resse pas particuli\u00e8rement au dessin, et \u00e7a, c&rsquo;est toujours un plaisir.<\/p>\n\n\n\n<p class=\"has-vivid-cyan-blue-color has-text-color has-link-color has-medium-font-size wp-elements-2e3bf860c55fb28b06bda3c7eb5baf8b\"><strong>Tu as travaill\u00e9 sur quels budgets ?&nbsp;<\/strong><\/p>\n\n\n\n<p>Pour les gros clients, j&rsquo;ai travaill\u00e9 entre autres pour Google, Netflix, Herm\u00e8s, Amnesty International, Bill &amp; Melinda Gates Foundation, Le Secours Populaire\u2026<\/p>\n\n\n\n<p>Pour les journaux, des titres fran\u00e7ais et internationaux, The New York Times, The Guardian, The Sunday Times, Le Monde, L&rsquo;\u00c9quipe, L&rsquo;Obs, Frankfurter Allgemeine Quarterly, MIT Technology Review, Bloomberg Mag etc\u2026<\/p>\n\n\n\n<p>Pour les \u00e9diteurs, Walker Books, Albin Michel Jeunesse, Gallimard Jeunesse, Le Seuil Jeunesse, Comme des g\u00e9ants, Flying Eye Books, Bayard, Casterman et Vieux (le magazine) pour qui je travaille en ce moment.<\/p>\n\n\n\n<p class=\"has-vivid-cyan-blue-color has-text-color has-link-color has-medium-font-size wp-elements-639884ec8cbe7c99cabc91ade14c3cc3\"><strong>Est-ce qu\u2019il y a des marques pour lesquelles tu refuserais de travailler ?<\/strong><\/p>\n\n\n\n<p>Et oui, il y a bien quelques entreprises pour qui je ne voudrais pas travailler, mais \u00e7a ne s\u2019est pas pr\u00e9sent\u00e9 pour le moment. Et puis on a parfois des surprises, j&rsquo;ai r\u00e9cemment fait un projet pour le minist\u00e8re de l&rsquo;Int\u00e9rieur, pour promouvoir l&rsquo;\u00e9galit\u00e9 femmes\/hommes au bureau. Je n&rsquo;aurais jamais envisag\u00e9 travailler pour eux, et je suis assez content du projet, comme quoi\u2026<\/p>\n\n\n\n<p class=\"has-vivid-cyan-blue-color has-text-color has-link-color has-medium-font-size wp-elements-5baa3be3f92de40b63f228cfe060fb1e\"><strong>Parle-nous des projets dont tu es le plus fier  ?  <\/strong><\/p>\n\n\n\n<p>J\u2019ai sorti ma premi\u00e8re bande dessin\u00e9e cette ann\u00e9e, c\u2019est ce que j\u2019ai toujours voulu faire, je suis assez fier d\u2019avoir pouss\u00e9 le projet jusqu\u2019au bout. \u00c7a s\u2019appelle Le Prolongement, et c\u2019est publi\u00e9 chez Casterman.<\/p>\n\n\n\n<p><a href=\"https:\/\/www.casterman.com\/Bande-dessinee\/Catalogue\/le-prolongement\/9782203280823\">https:\/\/www.casterman.com\/Bande-dessinee\/Catalogue\/le-prolongement\/9782203280823<\/a><\/p>\n\n\n\n<figure class=\"wp-block-gallery has-nested-images columns-default wp-block-gallery-5 is-layout-flex wp-block-gallery-is-layout-flex\">\n<figure class=\"wp-block-image size-large\"><img loading=\"lazy\" decoding=\"async\" width=\"345\" height=\"456\" data-id=\"11947\" src=\"https:\/\/www.ferembach.com\/cestquilescreas\/wp-content\/uploads\/2025\/12\/image-7.png\" alt=\"\" class=\"wp-image-11947\" srcset=\"https:\/\/www.ferembach.com\/cestquilescreas\/wp-content\/uploads\/2025\/12\/image-7.png 345w, https:\/\/www.ferembach.com\/cestquilescreas\/wp-content\/uploads\/2025\/12\/image-7-45x60.png 45w\" sizes=\"auto, (max-width: 345px) 100vw, 345px\" \/><\/figure>\n\n\n\n<figure class=\"wp-block-image size-large\"><img decoding=\"async\" data-id=\"11940\" src=\"https:\/\/www.ferembach.com\/cestquilescreas\/wp-content\/uploads\/2025\/12\/image-5-768x1024.png\" alt=\"\" class=\"wp-image-11940\"\/><\/figure>\n\n\n\n<figure class=\"wp-block-image size-large\"><img loading=\"lazy\" decoding=\"async\" width=\"768\" height=\"1024\" data-id=\"11946\" src=\"https:\/\/www.ferembach.com\/cestquilescreas\/wp-content\/uploads\/2025\/12\/image-6-768x1024.png\" alt=\"\" class=\"wp-image-11946\"\/><\/figure>\n<\/figure>\n\n\n\n<p class=\"has-vivid-cyan-blue-color has-text-color has-link-color has-medium-font-size wp-elements-93b9b854cffebcc221372bd8dff79428\"><strong>Quel est ton outil de pr\u00e9dilection ? <\/strong><\/p>\n\n\n\n<p>Pour l\u2019illustration, je suis un inconditionnel de la plume et de l\u2019encre de Chine. C&rsquo;est un outil r\u00e9calcitrant, mais qui m&rsquo;\u00e9meut beaucoup.<\/p>\n\n\n\n<p>Pour les couleurs, je varie entre des couleurs num\u00e9riques ou des lavis \u00e0 l\u2019encre.<\/p>\n\n\n\n<p>J\u2019utilise aussi beaucoup les pastels \u00e0 l\u2019huile, mais pour des expositions en galeries, pas pour mon travail de commandes.<\/p>\n\n\n\n<p class=\"has-vivid-cyan-blue-color has-text-color has-link-color has-medium-font-size wp-elements-ff225ca16d4685b1556b718dcd0e85a6\"><strong>C\u2019est quoi la pire chose \u00e0 demander \u00e0 un illustrateur ? <\/strong><\/p>\n\n\n\n<p>\u00c7a n\u2019est jamais tr\u00e8s flatteur d\u2019\u00eatre approch\u00e9 avec un croquis et une id\u00e9e d\u00e9j\u00e0 tr\u00e8s pr\u00e9cise de ce que le client veut. <br>50\u2009% de mon travail c\u2019est de trouver des id\u00e9es, c\u2019est aussi \u00e7a qui donne un ton particulier \u00e0 mes dessins. <br><br>Cela dit, dans la pub, on est souvent approch\u00e9 avec un brief d\u00e9j\u00e0 tr\u00e8s \u00e9tabli, et je m\u2019arrange tr\u00e8s bien avec \u00e7a.<\/p>\n\n\n\n<p>Je me m\u00e9fie aussi des cartes blanches. Je n\u2019ai jamais eu une carte blanche qui en soit vraiment une\u2026<\/p>\n\n\n\n<p class=\"has-vivid-cyan-blue-color has-text-color has-link-color has-medium-font-size wp-elements-acd21a0866241b2be1dc37163df9c7cf\"><strong>Quels sont les illustrateurs que tu admires ?&nbsp;<\/strong><\/p>\n\n\n\n<p>Il y en a beaucoup.<\/p>\n\n\n\n<p>Il y a ceux que j\u2019ai nomm\u00e9s plus haut, qui me restent de l\u2019enfance, mais aussi William Steig, Andr\u00e9 Fran\u00e7ois, Saul Steinberg, Charles Schulz.<\/p>\n\n\n\n<figure class=\"wp-block-gallery has-nested-images columns-default wp-block-gallery-6 is-layout-flex wp-block-gallery-is-layout-flex\">\n<figure class=\"wp-block-image size-large\"><img loading=\"lazy\" decoding=\"async\" width=\"800\" height=\"970\" data-id=\"11915\" src=\"https:\/\/www.ferembach.com\/cestquilescreas\/wp-content\/uploads\/2025\/12\/Charles-Schulz.jpg\" alt=\"\" class=\"wp-image-11915\" srcset=\"https:\/\/www.ferembach.com\/cestquilescreas\/wp-content\/uploads\/2025\/12\/Charles-Schulz.jpg 800w, https:\/\/www.ferembach.com\/cestquilescreas\/wp-content\/uploads\/2025\/12\/Charles-Schulz-480x582.jpg 480w\" sizes=\"auto, (min-width: 0px) and (max-width: 480px) 480px, (min-width: 481px) 800px, 100vw\" \/><\/figure>\n\n\n\n<figure class=\"wp-block-image size-large\"><img loading=\"lazy\" decoding=\"async\" width=\"900\" height=\"566\" data-id=\"11914\" src=\"https:\/\/www.ferembach.com\/cestquilescreas\/wp-content\/uploads\/2025\/12\/Saul-Steinberg.jpg\" alt=\"\" class=\"wp-image-11914\" srcset=\"https:\/\/www.ferembach.com\/cestquilescreas\/wp-content\/uploads\/2025\/12\/Saul-Steinberg.jpg 900w, https:\/\/www.ferembach.com\/cestquilescreas\/wp-content\/uploads\/2025\/12\/Saul-Steinberg-480x302.jpg 480w\" sizes=\"auto, (min-width: 0px) and (max-width: 480px) 480px, (min-width: 481px) 900px, 100vw\" \/><\/figure>\n\n\n\n<figure class=\"wp-block-image size-large\"><img loading=\"lazy\" decoding=\"async\" width=\"817\" height=\"587\" data-id=\"11913\" src=\"https:\/\/www.ferembach.com\/cestquilescreas\/wp-content\/uploads\/2025\/12\/Steig.jpg\" alt=\"\" class=\"wp-image-11913\" srcset=\"https:\/\/www.ferembach.com\/cestquilescreas\/wp-content\/uploads\/2025\/12\/Steig.jpg 817w, https:\/\/www.ferembach.com\/cestquilescreas\/wp-content\/uploads\/2025\/12\/Steig-480x345.jpg 480w\" sizes=\"auto, (min-width: 0px) and (max-width: 480px) 480px, (min-width: 481px) 817px, 100vw\" \/><\/figure>\n<\/figure>\n\n\n\n<p> Il y a aussi de tr\u00e8s bons dessinateurs et dessinatrices de BD, comme Blutch, Christophe Blain ou Olivier Schrauwen, Claire Bret\u00e9cher, Anouk Ricard, Catherine Meurisse. Robert Crumb et sa compagne Aline Kominsky Crumb, dont une anthologie est sortie \u00e0 l\u2019Association cette ann\u00e9e, Sacr\u00e9e Bunche, je la recommande chaudement, c\u2019est ma derni\u00e8re grosse claque en BD.<\/p>\n\n\n\n<figure class=\"wp-block-gallery has-nested-images columns-default uag-masonry uagb-block-undefined wp-block-gallery-7 is-layout-flex wp-block-gallery-is-layout-flex\">\n<figure class=\"wp-block-image size-large\"><img loading=\"lazy\" decoding=\"async\" width=\"637\" height=\"900\" data-id=\"11918\" src=\"https:\/\/www.ferembach.com\/cestquilescreas\/wp-content\/uploads\/2025\/12\/Blutch.jpg\" alt=\"\" class=\"wp-image-11918\" srcset=\"https:\/\/www.ferembach.com\/cestquilescreas\/wp-content\/uploads\/2025\/12\/Blutch.jpg 637w, https:\/\/www.ferembach.com\/cestquilescreas\/wp-content\/uploads\/2025\/12\/Blutch-480x678.jpg 480w\" sizes=\"auto, (min-width: 0px) and (max-width: 480px) 480px, (min-width: 481px) 637px, 100vw\" \/><\/figure>\n\n\n\n<figure class=\"wp-block-image size-large\"><img loading=\"lazy\" decoding=\"async\" width=\"755\" height=\"1024\" data-id=\"11916\" src=\"https:\/\/www.ferembach.com\/cestquilescreas\/wp-content\/uploads\/2025\/12\/Anouk-Ricard-755x1024.jpg\" alt=\"\" class=\"wp-image-11916\" srcset=\"https:\/\/www.ferembach.com\/cestquilescreas\/wp-content\/uploads\/2025\/12\/Anouk-Ricard-755x1024.jpg 755w, https:\/\/www.ferembach.com\/cestquilescreas\/wp-content\/uploads\/2025\/12\/Anouk-Ricard-480x651.jpg 480w\" sizes=\"auto, (min-width: 0px) and (max-width: 480px) 480px, (min-width: 481px) 755px, 100vw\" \/><\/figure>\n\n\n\n<figure class=\"wp-block-image size-large\"><img loading=\"lazy\" decoding=\"async\" width=\"900\" height=\"620\" data-id=\"11919\" src=\"https:\/\/www.ferembach.com\/cestquilescreas\/wp-content\/uploads\/2025\/12\/Catherine-Meurisse.jpg\" alt=\"\" class=\"wp-image-11919\" srcset=\"https:\/\/www.ferembach.com\/cestquilescreas\/wp-content\/uploads\/2025\/12\/Catherine-Meurisse.jpg 900w, https:\/\/www.ferembach.com\/cestquilescreas\/wp-content\/uploads\/2025\/12\/Catherine-Meurisse-480x331.jpg 480w\" sizes=\"auto, (min-width: 0px) and (max-width: 480px) 480px, (min-width: 481px) 900px, 100vw\" \/><\/figure>\n\n\n\n<figure class=\"wp-block-image size-large\"><img loading=\"lazy\" decoding=\"async\" width=\"746\" height=\"1024\" data-id=\"11921\" src=\"https:\/\/www.ferembach.com\/cestquilescreas\/wp-content\/uploads\/2025\/12\/Christophe-Blain--746x1024.jpg\" alt=\"\" class=\"wp-image-11921\"\/><\/figure>\n\n\n\n<figure class=\"wp-block-image size-large\"><img loading=\"lazy\" decoding=\"async\" width=\"781\" height=\"1024\" data-id=\"11920\" src=\"https:\/\/www.ferembach.com\/cestquilescreas\/wp-content\/uploads\/2025\/12\/Claire-Bretecher-781x1024.jpg\" alt=\"\" class=\"wp-image-11920\"\/><\/figure>\n\n\n\n<figure class=\"wp-block-image size-large\"><img loading=\"lazy\" decoding=\"async\" width=\"754\" height=\"900\" data-id=\"11917\" src=\"https:\/\/www.ferembach.com\/cestquilescreas\/wp-content\/uploads\/2025\/12\/Olivier-Schrauwen.jpg\" alt=\"\" class=\"wp-image-11917\" srcset=\"https:\/\/www.ferembach.com\/cestquilescreas\/wp-content\/uploads\/2025\/12\/Olivier-Schrauwen.jpg 754w, https:\/\/www.ferembach.com\/cestquilescreas\/wp-content\/uploads\/2025\/12\/Olivier-Schrauwen-480x573.jpg 480w\" sizes=\"auto, (min-width: 0px) and (max-width: 480px) 480px, (min-width: 481px) 754px, 100vw\" \/><\/figure>\n\n\n\n<figure class=\"wp-block-image size-large\"><img loading=\"lazy\" decoding=\"async\" width=\"900\" height=\"613\" data-id=\"11922\" src=\"https:\/\/www.ferembach.com\/cestquilescreas\/wp-content\/uploads\/2025\/12\/Robert-Crumb.jpg\" alt=\"\" class=\"wp-image-11922\" srcset=\"https:\/\/www.ferembach.com\/cestquilescreas\/wp-content\/uploads\/2025\/12\/Robert-Crumb.jpg 900w, https:\/\/www.ferembach.com\/cestquilescreas\/wp-content\/uploads\/2025\/12\/Robert-Crumb-480x327.jpg 480w\" sizes=\"auto, (min-width: 0px) and (max-width: 480px) 480px, (min-width: 481px) 900px, 100vw\" \/><\/figure>\n\n\n\n<figure class=\"wp-block-image size-large\"><img loading=\"lazy\" decoding=\"async\" width=\"719\" height=\"1024\" data-id=\"11924\" src=\"https:\/\/www.ferembach.com\/cestquilescreas\/wp-content\/uploads\/2025\/12\/Aline-Kominsky-1-719x1024.jpg\" alt=\"\" class=\"wp-image-11924\"\/><\/figure>\n<\/figure>\n\n\n\n<p>J\u2019ai aussi commenc\u00e9 \u00e0 lire l\u2019int\u00e9grale des Love &amp; Rockets des fr\u00e8res Hernandez, c\u2019est tr\u00e8s inspirant.<\/p>\n\n\n\n<figure class=\"wp-block-image size-full is-resized\"><img loading=\"lazy\" decoding=\"async\" width=\"718\" height=\"900\" src=\"https:\/\/www.ferembach.com\/cestquilescreas\/wp-content\/uploads\/2025\/12\/Love-and-Rockets.jpg\" alt=\"\" class=\"wp-image-11925\" style=\"width:324px;height:auto\" srcset=\"https:\/\/www.ferembach.com\/cestquilescreas\/wp-content\/uploads\/2025\/12\/Love-and-Rockets.jpg 718w, https:\/\/www.ferembach.com\/cestquilescreas\/wp-content\/uploads\/2025\/12\/Love-and-Rockets-480x602.jpg 480w\" sizes=\"auto, (min-width: 0px) and (max-width: 480px) 480px, (min-width: 481px) 718px, 100vw\" \/><\/figure>\n\n\n\n<p>Et puis en haut de la pile il y a Chu Ta (Zhu Da) un peintre chinois du 17\u1d49 si\u00e8cle. Qi Baishi et&nbsp;Ding Yanyong fin 19\u1d49 d\u00e9but 20\u1d49 ou encore&nbsp;Sengai, un peintre zen japonais \u00e0 cheval entre le 18 et 19\u1d49 si\u00e8cle. Tout \u00e7a n\u2019a pas pris une ride, c\u2019est incroyable.<\/p>\n\n\n\n<figure class=\"wp-block-gallery has-nested-images columns-default uag-masonry uagb-block-f8330dfd wp-block-gallery-8 is-layout-flex wp-block-gallery-is-layout-flex\">\n<figure class=\"wp-block-image size-large\"><img loading=\"lazy\" decoding=\"async\" width=\"900\" height=\"900\" data-id=\"11927\" src=\"https:\/\/www.ferembach.com\/cestquilescreas\/wp-content\/uploads\/2025\/12\/Chu-Ta.jpg\" alt=\"\" class=\"wp-image-11927\" srcset=\"https:\/\/www.ferembach.com\/cestquilescreas\/wp-content\/uploads\/2025\/12\/Chu-Ta.jpg 900w, https:\/\/www.ferembach.com\/cestquilescreas\/wp-content\/uploads\/2025\/12\/Chu-Ta-480x480.jpg 480w\" sizes=\"auto, (min-width: 0px) and (max-width: 480px) 480px, (min-width: 481px) 900px, 100vw\" \/><\/figure>\n\n\n\n<figure class=\"wp-block-image size-large\"><img loading=\"lazy\" decoding=\"async\" width=\"900\" height=\"584\" data-id=\"11926\" src=\"https:\/\/www.ferembach.com\/cestquilescreas\/wp-content\/uploads\/2025\/12\/Ding-Yanyong.jpg\" alt=\"\" class=\"wp-image-11926\" srcset=\"https:\/\/www.ferembach.com\/cestquilescreas\/wp-content\/uploads\/2025\/12\/Ding-Yanyong.jpg 900w, https:\/\/www.ferembach.com\/cestquilescreas\/wp-content\/uploads\/2025\/12\/Ding-Yanyong-480x311.jpg 480w\" sizes=\"auto, (min-width: 0px) and (max-width: 480px) 480px, (min-width: 481px) 900px, 100vw\" \/><\/figure>\n\n\n\n<figure class=\"wp-block-image size-large\"><img loading=\"lazy\" decoding=\"async\" width=\"900\" height=\"600\" data-id=\"11928\" src=\"https:\/\/www.ferembach.com\/cestquilescreas\/wp-content\/uploads\/2025\/12\/Sengai.jpg\" alt=\"\" class=\"wp-image-11928\" srcset=\"https:\/\/www.ferembach.com\/cestquilescreas\/wp-content\/uploads\/2025\/12\/Sengai.jpg 900w, https:\/\/www.ferembach.com\/cestquilescreas\/wp-content\/uploads\/2025\/12\/Sengai-480x320.jpg 480w\" sizes=\"auto, (min-width: 0px) and (max-width: 480px) 480px, (min-width: 481px) 900px, 100vw\" \/><\/figure>\n<\/figure>\n\n\n\n<p>Dans mes contemporains, j&rsquo;admire le travail de Yann Kebbi, qui je pense est le meilleur dessinateur de ma g\u00e9n\u00e9ration, Edouard Steed qui est le meilleur cartoonist du New Yorker depuis une dizaine d\u2019ann\u00e9es et puis le travail de mon fr\u00e8re Yann Le Bec et de mes amis Jean Jullien et Thibaud H\u00e9rem, qui sont de grands dessinateurs. Marie Jacotey qui est aussi une amie, qui n\u2019a pas vraiment de pratique commerciale et qui est une excellente dessinatrice.<\/p>\n\n\n\n<figure class=\"wp-block-gallery has-nested-images columns-default uag-masonry uagb-block-1130b2a0 wp-block-gallery-9 is-layout-flex wp-block-gallery-is-layout-flex\">\n<figure class=\"wp-block-image size-large\"><img loading=\"lazy\" decoding=\"async\" width=\"900\" height=\"747\" data-id=\"11929\" src=\"https:\/\/www.ferembach.com\/cestquilescreas\/wp-content\/uploads\/2025\/12\/Edouard-Steed.jpg\" alt=\"\" class=\"wp-image-11929\" srcset=\"https:\/\/www.ferembach.com\/cestquilescreas\/wp-content\/uploads\/2025\/12\/Edouard-Steed.jpg 900w, https:\/\/www.ferembach.com\/cestquilescreas\/wp-content\/uploads\/2025\/12\/Edouard-Steed-480x398.jpg 480w\" sizes=\"auto, (min-width: 0px) and (max-width: 480px) 480px, (min-width: 481px) 900px, 100vw\" \/><\/figure>\n\n\n\n<figure class=\"wp-block-image size-large\"><img loading=\"lazy\" decoding=\"async\" width=\"900\" height=\"599\" data-id=\"11933\" src=\"https:\/\/www.ferembach.com\/cestquilescreas\/wp-content\/uploads\/2025\/12\/Marie-Jacotey.jpg\" alt=\"\" class=\"wp-image-11933\" srcset=\"https:\/\/www.ferembach.com\/cestquilescreas\/wp-content\/uploads\/2025\/12\/Marie-Jacotey.jpg 900w, https:\/\/www.ferembach.com\/cestquilescreas\/wp-content\/uploads\/2025\/12\/Marie-Jacotey-480x319.jpg 480w\" sizes=\"auto, (min-width: 0px) and (max-width: 480px) 480px, (min-width: 481px) 900px, 100vw\" \/><\/figure>\n\n\n\n<figure class=\"wp-block-image size-large\"><img loading=\"lazy\" decoding=\"async\" width=\"900\" height=\"531\" data-id=\"11931\" src=\"https:\/\/www.ferembach.com\/cestquilescreas\/wp-content\/uploads\/2025\/12\/Thibaud-Herem.jpg\" alt=\"\" class=\"wp-image-11931\" srcset=\"https:\/\/www.ferembach.com\/cestquilescreas\/wp-content\/uploads\/2025\/12\/Thibaud-Herem.jpg 900w, https:\/\/www.ferembach.com\/cestquilescreas\/wp-content\/uploads\/2025\/12\/Thibaud-Herem-480x283.jpg 480w\" sizes=\"auto, (min-width: 0px) and (max-width: 480px) 480px, (min-width: 481px) 900px, 100vw\" \/><\/figure>\n\n\n\n<figure class=\"wp-block-image size-large\"><img loading=\"lazy\" decoding=\"async\" width=\"1024\" height=\"809\" data-id=\"11932\" src=\"https:\/\/www.ferembach.com\/cestquilescreas\/wp-content\/uploads\/2025\/12\/Yann-Kebbi-1024x809.jpg\" alt=\"\" class=\"wp-image-11932\" srcset=\"https:\/\/www.ferembach.com\/cestquilescreas\/wp-content\/uploads\/2025\/12\/Yann-Kebbi-1024x809.jpg 1024w, https:\/\/www.ferembach.com\/cestquilescreas\/wp-content\/uploads\/2025\/12\/Yann-Kebbi-980x774.jpg 980w, https:\/\/www.ferembach.com\/cestquilescreas\/wp-content\/uploads\/2025\/12\/Yann-Kebbi-480x379.jpg 480w\" sizes=\"auto, (min-width: 0px) and (max-width: 480px) 480px, (min-width: 481px) and (max-width: 980px) 980px, (min-width: 981px) 1024px, 100vw\" \/><\/figure>\n\n\n\n<figure class=\"wp-block-image size-large\"><img loading=\"lazy\" decoding=\"async\" width=\"727\" height=\"1024\" data-id=\"11930\" src=\"https:\/\/www.ferembach.com\/cestquilescreas\/wp-content\/uploads\/2025\/12\/Yann-Le-Bec-727x1024.jpg\" alt=\"\" class=\"wp-image-11930\" srcset=\"https:\/\/www.ferembach.com\/cestquilescreas\/wp-content\/uploads\/2025\/12\/Yann-Le-Bec-727x1024.jpg 727w, https:\/\/www.ferembach.com\/cestquilescreas\/wp-content\/uploads\/2025\/12\/Yann-Le-Bec-480x676.jpg 480w\" sizes=\"auto, (min-width: 0px) and (max-width: 480px) 480px, (min-width: 481px) 727px, 100vw\" \/><\/figure>\n<\/figure>\n\n\n\n<p>Il y en a plein d\u2019autres\u2026<\/p>\n\n\n\n<p class=\"has-vivid-cyan-blue-color has-text-color has-link-color has-medium-font-size wp-elements-ef3c30e19ef3aa057abce8fb8d4a7c46\"><strong>Et enfin, un conseil aux illustrateurs\/trices pour &lsquo;prendre du plaisir&rsquo; dans son m\u00e9tier ?<\/strong><\/p>\n\n\n\n<p>Il faut garder de la place pour le dessin en dehors du travail. Dans l\u2019enfance le dessin est un refuge, il faut essayer de garder quelque chose de cet ordre-l\u00e0, ce qui est assez difficile quand on se professionnalise.<\/p>\n\n\n\n<div style=\"height:121px\" aria-hidden=\"true\" class=\"wp-block-spacer\"><\/div>\n","protected":false},"excerpt":{"rendered":"<p>INTRO Il y a ceux qui ont les id\u00e9es, et ceux qui les r\u00e9alisent, parmi eux, il y a les illustrateurs.&nbsp;Un monde \u00e0 part, qui rencontre celui de la publicit\u00e9 pour cr\u00e9er des campagnes originales, parfois prim\u00e9es dans des cat\u00e9gories sur mesure. L\u2019illustration comme moyen d\u2019expression publicitaire soul\u00e8ve des questions aupr\u00e8s des annonceurs. Ce n\u2019est [&hellip;]<\/p>\n","protected":false},"author":4,"featured_media":11945,"comment_status":"closed","ping_status":"closed","sticky":false,"template":"","format":"standard","meta":{"_et_pb_use_builder":"off","_et_pb_old_content":"<!-- wp:group {\"align\":\"full\",\"style\":{\"color\":{\"background\":\"#eeeeee\"}},\"layout\":{\"type\":\"flex\",\"orientation\":\"vertical\",\"justifyContent\":\"center\",\"verticalAlignment\":\"center\"}} -->\n<div class=\"wp-block-group alignfull has-background\" style=\"background-color:#eeeeee\"><!-- wp:paragraph -->\n<p>INTRO<\/p>\n<!-- \/wp:paragraph -->\n\n<!-- wp:paragraph {\"fontSize\":\"small\"} -->\n<p class=\"has-small-font-size\">Il y a ceux qui ont les id\u00e9es, et ceux qui les r\u00e9alisent, parmi eux, il y a les illustrateurs.&nbsp;<br>Un monde \u00e0 part, qui rencontre celui de la publicit\u00e9 pour cr\u00e9er des campagnes originales, parfois prim\u00e9es dans des cat\u00e9gories sur mesure. L\u2019illustration comme moyen d\u2019expression publicitaire soul\u00e8ve des questions aupr\u00e8s des annonceurs. Ce n\u2019est ni le dessin libre des enfants, ni les peintures que l\u2019on contemple au mus\u00e9e. C\u2019est un art appliqu\u00e9 si vaste qu\u2019il d\u00e9borde dans d'autres cases. Certains illustrateurs vous diront qu\u2019ils sont graphistes, des artistes au sens large ou de simples dessinateurs. C\u2019est un univers que la publicit\u00e9 a compl\u00e8tement investi et pourtant qui lui est parfois compl\u00e8tement \u00e9tranger. Il y a des ma\u00eetres, des mouvements et de nombreux salons. &nbsp;<br>Notre r\u00f4le en tant que DA est souvent de diriger l\u2019illustrateur, mais aussi de filtrer les demandes clients. De prot\u00e9ger l\u2019artiste, de savoir respecter le processus cr\u00e9atif de chacun.&nbsp;<strong>Mais eux, qu\u2019en pensent-ils ?<\/strong><br><em>- Jenna<\/em><\/p>\n<!-- \/wp:paragraph -->\n\n<!-- wp:image {\"id\":10781,\"sizeSlug\":\"thumbnail\",\"linkDestination\":\"none\"} -->\n<figure class=\"wp-block-image size-thumbnail\"><img src=\"https:\/\/www.ferembach.com\/cestquilescreas\/wp-content\/uploads\/2024\/11\/jenna-8-120x120.png\" alt=\"\" class=\"wp-image-10781\"\/><\/figure>\n<!-- \/wp:image -->\n\n<!-- wp:paragraph {\"align\":\"center\",\"fontSize\":\"small\"} -->\n<p class=\"has-text-align-center has-small-font-size\"><em><strong><a href=\"https:\/\/www.linkedin.com\/in\/jennahaugmard\" target=\"_blank\" rel=\"noreferrer noopener\">Jenna Haugma<\/a><\/strong><a href=\"https:\/\/fr.linkedin.com\/in\/joseph-rozier-8186375b\" target=\"_blank\" rel=\"noreferrer noopener\"><strong>rd<\/strong><\/a> est DA, dans son agence, elle a travaill\u00e9 avec des dizaines d\u2019illustrateurs. Elle partage r\u00e9guli\u00e8rement ses coups de c\u0153ur sur le compte insta&nbsp;<a href=\"https:\/\/www.instagram.com\/he_lo_ilu\/\" target=\"_blank\" rel=\"noreferrer noopener\">@he_lo_ilu<\/a>. Elle est aussi illustratrice,&nbsp;jur\u00e9 illu au Club des DA et au D&amp;AD.&nbsp;Bref,&nbsp;elle est bien plac\u00e9e pour aller \u00e0 la rencontre de ces cr\u00e9atifs<\/em> !<\/p>\n<!-- \/wp:paragraph --><\/div>\n<!-- \/wp:group -->\n\n<!-- wp:image {\"id\":11876,\"sizeSlug\":\"large\",\"linkDestination\":\"none\"} -->\n<figure class=\"wp-block-image size-large\"><img src=\"https:\/\/www.ferembach.com\/cestquilescreas\/wp-content\/uploads\/2025\/12\/image-2-1024x422.png\" alt=\"\" class=\"wp-image-11876\"\/><\/figure>\n<!-- \/wp:image -->\n\n<!-- wp:paragraph {\"style\":{\"elements\":{\"link\":{\"color\":{\"text\":\"var:preset|color|vivid-cyan-blue\"}}}},\"textColor\":\"vivid-cyan-blue\",\"fontSize\":\"medium\"} -->\n<p class=\"has-vivid-cyan-blue-color has-text-color has-link-color has-medium-font-size\"><strong>Bonjour, quel est ton nom d\u2019illustrateur ?<\/strong><\/p>\n<!-- \/wp:paragraph -->\n\n<!-- wp:paragraph -->\n<p>Gwendal Le Bec. Comme \u00e0 l\u2019\u00e9tat civil\u2026<\/p>\n<!-- \/wp:paragraph -->\n\n<!-- wp:paragraph {\"style\":{\"elements\":{\"link\":{\"color\":{\"text\":\"var:preset|color|vivid-cyan-blue\"}}}},\"textColor\":\"vivid-cyan-blue\",\"fontSize\":\"medium\"} -->\n<p class=\"has-vivid-cyan-blue-color has-text-color has-link-color has-medium-font-size\"><strong>Tu peux te dessiner ?<\/strong><\/p>\n<!-- \/wp:paragraph -->\n\n<!-- wp:image {\"id\":11872,\"width\":\"529px\",\"height\":\"auto\",\"sizeSlug\":\"large\",\"linkDestination\":\"none\"} -->\n<figure class=\"wp-block-image size-large is-resized\"><img src=\"https:\/\/www.ferembach.com\/cestquilescreas\/wp-content\/uploads\/2025\/12\/image-1024x1024.png\" alt=\"\" class=\"wp-image-11872\" style=\"width:529px;height:auto\"\/><\/figure>\n<!-- \/wp:image -->\n\n<!-- wp:paragraph {\"style\":{\"elements\":{\"link\":{\"color\":{\"text\":\"var:preset|color|vivid-cyan-blue\"}}}},\"textColor\":\"vivid-cyan-blue\",\"fontSize\":\"medium\"} -->\n<p class=\"has-vivid-cyan-blue-color has-text-color has-link-color has-medium-font-size\"><strong>Quel a \u00e9t\u00e9 ton parcours ?  <\/strong><\/p>\n<!-- \/wp:paragraph -->\n\n<!-- wp:paragraph -->\n<p>J\u2019ai grandi \u00e0 la campagne, dans le centre Finist\u00e8re. Une famille de 6 enfants, un grand jardin entour\u00e9 de champs et de for\u00eats. J\u2019ai quitt\u00e9 la maison pour aller au lyc\u00e9e Vauban \u00e0 Brest o\u00f9 j\u2019ai entam\u00e9 un cursus Arts Appliqu\u00e9s. Apr\u00e8s \u00e7a j\u2019ai fait un an de design de mode \u00e0 Tourcoing, un accident de parcours, je voulais d\u00e9j\u00e0 \u00eatre dessinateur et je n\u2019aimais pas trop l\u2019\u00e9cole, alors je ne voulais pas m\u00e9langer les 2, donc je me suis dit : Pourquoi pas la mode\u2026<\/p>\n<!-- \/wp:paragraph -->\n\n<!-- wp:paragraph -->\n<p>Apr\u00e8s un an, j\u2019ai d\u00e9chant\u00e9 et je suis parti \u00e0 Paris pour faire un BTS de communication visuelle \u00e0 l\u2019\u00e9cole Duperr\u00e9.<\/p>\n<!-- \/wp:paragraph -->\n\n<!-- wp:paragraph -->\n<p>J\u2019avais h\u00e2te de commencer \u00e0 travailler, donc je m\u2019y suis mis juste apr\u00e8s. J'ai eu la chance de signer un livre jeunesse chez Gallimard juste \u00e0 la sortie de l'\u00e9cole, \u00e7a a commenc\u00e9 comme \u00e7a. <br>Mon deuxi\u00e8me livre a remport\u00e9 la p\u00e9pite de l'album \u00e0 Montreuil, apr\u00e8s \u00e7a je suis parti \u00e0 Londres, puis \u00e0 New York o\u00f9 j'ai v\u00e9cu pendant 6 ans. Faire des livres jeunesses en France ne payait pas assez pour une vie new-yorkaise (pour une vie parisienne non plus d'ailleurs\u2026) et j'ai commenc\u00e9 \u00e0 faire de plus en plus d'illustrations de commandes, presse, pub ou autre\u2026 Maintenant, j'ai la chance de faire un peu de tout.<\/p>\n<!-- \/wp:paragraph -->\n\n<!-- wp:paragraph -->\n<p>Mon plan B dans la vie, c'\u00e9tait de faire des \u00e9tudes de th\u00e9\u00e2tre, mais comme le plan A n\u2019a pas d\u00e9raill\u00e9, \u00e7a ne s\u2019est pas pr\u00e9sent\u00e9.<\/p>\n<!-- \/wp:paragraph -->\n\n<!-- wp:gallery {\"imageCrop\":false,\"linkTo\":\"none\",\"className\":\"uag-masonry\",\"masonry\":true,\"block_id\":\"a770745c\"} -->\n<figure class=\"wp-block-gallery has-nested-images columns-default uag-masonry uagb-block-a770745c\"><!-- wp:image {\"id\":11895,\"sizeSlug\":\"large\",\"linkDestination\":\"none\"} -->\n<figure class=\"wp-block-image size-large\"><img src=\"https:\/\/www.ferembach.com\/cestquilescreas\/wp-content\/uploads\/2025\/12\/Capture-decran-2025-12-02-a-18.36.15-1024x702.jpg\" alt=\"\" class=\"wp-image-11895\"\/><\/figure>\n<!-- \/wp:image -->\n\n<!-- wp:image {\"id\":11896,\"sizeSlug\":\"large\",\"linkDestination\":\"none\"} -->\n<figure class=\"wp-block-image size-large\"><img src=\"https:\/\/www.ferembach.com\/cestquilescreas\/wp-content\/uploads\/2025\/12\/gwendal-yann-le-bec-talkie-walkie-tour-leveque-2025-11.jpg\" alt=\"\" class=\"wp-image-11896\"\/><\/figure>\n<!-- \/wp:image -->\n\n<!-- wp:image {\"id\":11898,\"sizeSlug\":\"large\",\"linkDestination\":\"none\"} -->\n<figure class=\"wp-block-image size-large\"><img src=\"https:\/\/www.ferembach.com\/cestquilescreas\/wp-content\/uploads\/2025\/12\/prt_378x475_1552859468_2x.jpg\" alt=\"\" class=\"wp-image-11898\"\/><\/figure>\n<!-- \/wp:image -->\n\n<!-- wp:image {\"id\":11897,\"sizeSlug\":\"large\",\"linkDestination\":\"none\"} -->\n<figure class=\"wp-block-image size-large\"><img src=\"https:\/\/www.ferembach.com\/cestquilescreas\/wp-content\/uploads\/2025\/12\/prt_450x467_1700065372_2x.jpg\" alt=\"\" class=\"wp-image-11897\"\/><\/figure>\n<!-- \/wp:image -->\n\n<!-- wp:image {\"id\":11900,\"sizeSlug\":\"large\",\"linkDestination\":\"none\"} -->\n<figure class=\"wp-block-image size-large\"><img src=\"https:\/\/www.ferembach.com\/cestquilescreas\/wp-content\/uploads\/2025\/12\/prt_500x331_1442513746_2x.jpg\" alt=\"\" class=\"wp-image-11900\"\/><\/figure>\n<!-- \/wp:image -->\n\n<!-- wp:image {\"id\":11885,\"sizeSlug\":\"large\",\"linkDestination\":\"none\"} -->\n<figure class=\"wp-block-image size-large\"><img src=\"https:\/\/www.ferembach.com\/cestquilescreas\/wp-content\/uploads\/2025\/12\/Capture-decran-2025-12-02-a-17.59.51.jpg\" alt=\"\" class=\"wp-image-11885\"\/><\/figure>\n<!-- \/wp:image -->\n\n<!-- wp:image {\"id\":11899,\"sizeSlug\":\"large\",\"linkDestination\":\"none\"} -->\n<figure class=\"wp-block-image size-large\"><img src=\"https:\/\/www.ferembach.com\/cestquilescreas\/wp-content\/uploads\/2025\/12\/prt_500x331_1553012470_2x.jpg\" alt=\"\" class=\"wp-image-11899\"\/><\/figure>\n<!-- \/wp:image -->\n\n<!-- wp:image {\"id\":11903,\"sizeSlug\":\"large\",\"linkDestination\":\"none\"} -->\n<figure class=\"wp-block-image size-large\"><img src=\"https:\/\/www.ferembach.com\/cestquilescreas\/wp-content\/uploads\/2025\/12\/Un-Bois2b_1500-1024x679.jpg\" alt=\"\" class=\"wp-image-11903\"\/><\/figure>\n<!-- \/wp:image -->\n\n<!-- wp:image {\"id\":11902,\"sizeSlug\":\"large\",\"linkDestination\":\"none\"} -->\n<figure class=\"wp-block-image size-large\"><img src=\"https:\/\/www.ferembach.com\/cestquilescreas\/wp-content\/uploads\/2025\/12\/prt_500x333_1700064110_2x.jpg\" alt=\"\" class=\"wp-image-11902\"\/><\/figure>\n<!-- \/wp:image -->\n\n<!-- wp:image {\"id\":11901,\"sizeSlug\":\"large\",\"linkDestination\":\"none\"} -->\n<figure class=\"wp-block-image size-large\"><img src=\"https:\/\/www.ferembach.com\/cestquilescreas\/wp-content\/uploads\/2025\/12\/53ecc5d95c3e3c128b001962.webp\" alt=\"\" class=\"wp-image-11901\"\/><\/figure>\n<!-- \/wp:image -->\n\n<!-- wp:image {\"id\":11881,\"sizeSlug\":\"large\",\"linkDestination\":\"none\"} -->\n<figure class=\"wp-block-image size-large\"><img src=\"https:\/\/www.ferembach.com\/cestquilescreas\/wp-content\/uploads\/2025\/12\/d7hftxdivxxvm.cloudfront.webp\" alt=\"\" class=\"wp-image-11881\"\/><\/figure>\n<!-- \/wp:image -->\n\n<!-- wp:image {\"id\":11904,\"sizeSlug\":\"large\",\"linkDestination\":\"none\"} -->\n<figure class=\"wp-block-image size-large\"><img src=\"https:\/\/www.ferembach.com\/cestquilescreas\/wp-content\/uploads\/2025\/12\/prt_500x318_1700063549_2x.jpg\" alt=\"\" class=\"wp-image-11904\"\/><\/figure>\n<!-- \/wp:image -->\n\n<!-- wp:image {\"id\":11894,\"sizeSlug\":\"large\",\"linkDestination\":\"none\"} -->\n<figure class=\"wp-block-image size-large\"><img src=\"https:\/\/www.ferembach.com\/cestquilescreas\/wp-content\/uploads\/2025\/12\/Capture-decran-2025-12-02-a-18.00.04-1024x750.jpg\" alt=\"\" class=\"wp-image-11894\"\/><\/figure>\n<!-- \/wp:image -->\n\n<!-- wp:image {\"id\":11893,\"sizeSlug\":\"large\",\"linkDestination\":\"none\"} -->\n<figure class=\"wp-block-image size-large\"><img src=\"https:\/\/www.ferembach.com\/cestquilescreas\/wp-content\/uploads\/2025\/12\/Gwendal-le-bec-1-ok5dcsga88nwaq7y4cma9hgbev0bowo9fengs55h28-1024x372.jpg\" alt=\"\" class=\"wp-image-11893\"\/><\/figure>\n<!-- \/wp:image -->\n\n<!-- wp:image {\"id\":11892,\"sizeSlug\":\"large\",\"linkDestination\":\"none\"} -->\n<figure class=\"wp-block-image size-large\"><img src=\"https:\/\/www.ferembach.com\/cestquilescreas\/wp-content\/uploads\/2025\/12\/Capture-decran-2025-12-02-a-17.58.11-838x1024.jpg\" alt=\"\" class=\"wp-image-11892\"\/><\/figure>\n<!-- \/wp:image -->\n\n<!-- wp:image {\"id\":11891,\"sizeSlug\":\"large\",\"linkDestination\":\"none\"} -->\n<figure class=\"wp-block-image size-large\"><img src=\"https:\/\/www.ferembach.com\/cestquilescreas\/wp-content\/uploads\/2025\/12\/Garance_Illustration-Gwendal-LeBec-Mirazur-Residency-Sydney-1024x776.jpg\" alt=\"\" class=\"wp-image-11891\"\/><\/figure>\n<!-- \/wp:image -->\n\n<!-- wp:image {\"id\":11890,\"sizeSlug\":\"large\",\"linkDestination\":\"none\"} -->\n<figure class=\"wp-block-image size-large\"><img src=\"https:\/\/www.ferembach.com\/cestquilescreas\/wp-content\/uploads\/2025\/12\/Capture-decran-2025-12-02-a-18.35.55-1024x816.jpg\" alt=\"\" class=\"wp-image-11890\"\/><\/figure>\n<!-- \/wp:image -->\n\n<!-- wp:image {\"id\":11889,\"sizeSlug\":\"large\",\"linkDestination\":\"none\"} -->\n<figure class=\"wp-block-image size-large\"><img src=\"https:\/\/www.ferembach.com\/cestquilescreas\/wp-content\/uploads\/2025\/12\/Capture-decran-2025-12-02-a-17.59.08.jpg\" alt=\"\" class=\"wp-image-11889\"\/><\/figure>\n<!-- \/wp:image -->\n\n<!-- wp:image {\"id\":11888,\"sizeSlug\":\"large\",\"linkDestination\":\"none\"} -->\n<figure class=\"wp-block-image size-large\"><img src=\"https:\/\/www.ferembach.com\/cestquilescreas\/wp-content\/uploads\/2025\/12\/Capture-decran-2025-12-02-a-17.58.40.jpg\" alt=\"\" class=\"wp-image-11888\"\/><\/figure>\n<!-- \/wp:image -->\n\n<!-- wp:image {\"id\":11887,\"sizeSlug\":\"large\",\"linkDestination\":\"none\"} -->\n<figure class=\"wp-block-image size-large\"><img src=\"https:\/\/www.ferembach.com\/cestquilescreas\/wp-content\/uploads\/2025\/12\/Capture-decran-2025-12-02-a-17.57.10-765x1024.jpg\" alt=\"\" class=\"wp-image-11887\"\/><\/figure>\n<!-- \/wp:image -->\n\n<!-- wp:image {\"id\":11886,\"sizeSlug\":\"large\",\"linkDestination\":\"none\"} -->\n<figure class=\"wp-block-image size-large\"><img src=\"https:\/\/www.ferembach.com\/cestquilescreas\/wp-content\/uploads\/2025\/12\/gwendal-yann-le-bec-talkie-walkie-tour-leveque-2025-8.jpg\" alt=\"\" class=\"wp-image-11886\"\/><\/figure>\n<!-- \/wp:image -->\n\n<!-- wp:image {\"id\":11884,\"sizeSlug\":\"large\",\"linkDestination\":\"none\"} -->\n<figure class=\"wp-block-image size-large\"><img src=\"https:\/\/www.ferembach.com\/cestquilescreas\/wp-content\/uploads\/2025\/12\/gwendal-le-bec-talkie-walkie-Raymond-Color-22-23.jpg\" alt=\"\" class=\"wp-image-11884\"\/><\/figure>\n<!-- \/wp:image -->\n\n<!-- wp:image {\"id\":11883,\"sizeSlug\":\"large\",\"linkDestination\":\"none\"} -->\n<figure class=\"wp-block-image size-large\"><img src=\"https:\/\/www.ferembach.com\/cestquilescreas\/wp-content\/uploads\/2025\/12\/71C2OauS4ML._AC_UF10001000_QL80_.jpg\" alt=\"\" class=\"wp-image-11883\"\/><\/figure>\n<!-- \/wp:image -->\n\n<!-- wp:image {\"id\":11882,\"sizeSlug\":\"large\",\"linkDestination\":\"none\"} -->\n<figure class=\"wp-block-image size-large\"><img src=\"https:\/\/www.ferembach.com\/cestquilescreas\/wp-content\/uploads\/2025\/12\/Capture-decran-2025-12-02-a-17.57.56.jpg\" alt=\"\" class=\"wp-image-11882\"\/><\/figure>\n<!-- \/wp:image -->\n\n<!-- wp:image {\"id\":11880,\"sizeSlug\":\"large\",\"linkDestination\":\"none\"} -->\n<figure class=\"wp-block-image size-large\"><img src=\"https:\/\/www.ferembach.com\/cestquilescreas\/wp-content\/uploads\/2025\/12\/Capture-decran-2025-12-02-a-17.58.56.jpg\" alt=\"\" class=\"wp-image-11880\"\/><\/figure>\n<!-- \/wp:image --><\/figure>\n<!-- \/wp:gallery -->\n\n<!-- wp:paragraph {\"style\":{\"elements\":{\"link\":{\"color\":{\"text\":\"var:preset|color|vivid-cyan-blue\"}}}},\"textColor\":\"vivid-cyan-blue\",\"fontSize\":\"medium\"} -->\n<p class=\"has-vivid-cyan-blue-color has-text-color has-link-color has-medium-font-size\"><strong>Petit, tu \u00e9tais fan de quel\/le illustrateur\/trice?<\/strong><\/p>\n<!-- \/wp:paragraph -->\n\n<!-- wp:paragraph -->\n<p>J\u2019aimais des dessinateurs que j\u2019aime toujours. Quentin Blake, Tomi Ungerer, Semp\u00e9. J\u2019adorais aussi beaucoup des dessinateurs de BD, comme Jean-Giraud\/Moebius, Jij\u00e9, Franquin, Bernadette Despr\u00e9s qui dessinait Tom-Tom et Nana, etc\u2026<\/p>\n<!-- \/wp:paragraph -->\n\n<!-- wp:gallery {\"imageCrop\":false,\"linkTo\":\"none\",\"className\":\"uag-masonry\",\"masonry\":true,\"block_id\":\"e32d9fff\"} -->\n<figure class=\"wp-block-gallery has-nested-images columns-default uag-masonry uagb-block-e32d9fff\"><!-- wp:image {\"id\":11905,\"sizeSlug\":\"large\",\"linkDestination\":\"none\"} -->\n<figure class=\"wp-block-image size-large\"><img src=\"https:\/\/www.ferembach.com\/cestquilescreas\/wp-content\/uploads\/2025\/12\/Quentin-Blake-806x1024.jpg\" alt=\"\" class=\"wp-image-11905\"\/><\/figure>\n<!-- \/wp:image -->\n\n<!-- wp:image {\"id\":11907,\"sizeSlug\":\"large\",\"linkDestination\":\"none\"} -->\n<figure class=\"wp-block-image size-large\"><img src=\"https:\/\/www.ferembach.com\/cestquilescreas\/wp-content\/uploads\/2025\/12\/Franquin.jpg\" alt=\"\" class=\"wp-image-11907\"\/><\/figure>\n<!-- \/wp:image -->\n\n<!-- wp:image {\"id\":11912,\"sizeSlug\":\"large\",\"linkDestination\":\"none\"} -->\n<figure class=\"wp-block-image size-large\"><img src=\"https:\/\/www.ferembach.com\/cestquilescreas\/wp-content\/uploads\/2025\/12\/Tomi-Ungerer-1024x689.jpg\" alt=\"\" class=\"wp-image-11912\"\/><\/figure>\n<!-- \/wp:image -->\n\n<!-- wp:image {\"id\":11909,\"sizeSlug\":\"large\",\"linkDestination\":\"none\"} -->\n<figure class=\"wp-block-image size-large\"><img src=\"https:\/\/www.ferembach.com\/cestquilescreas\/wp-content\/uploads\/2025\/12\/Giraud-730x1024.jpg\" alt=\"\" class=\"wp-image-11909\"\/><\/figure>\n<!-- \/wp:image -->\n\n<!-- wp:image {\"id\":11906,\"sizeSlug\":\"large\",\"linkDestination\":\"none\"} -->\n<figure class=\"wp-block-image size-large\"><img src=\"https:\/\/www.ferembach.com\/cestquilescreas\/wp-content\/uploads\/2025\/12\/Jean-Jullien-768x1024.jpg\" alt=\"\" class=\"wp-image-11906\"\/><\/figure>\n<!-- \/wp:image -->\n\n<!-- wp:image {\"id\":11908,\"sizeSlug\":\"large\",\"linkDestination\":\"none\"} -->\n<figure class=\"wp-block-image size-large\"><img src=\"https:\/\/www.ferembach.com\/cestquilescreas\/wp-content\/uploads\/2025\/12\/Sempe-953x1024.jpg\" alt=\"\" class=\"wp-image-11908\"\/><\/figure>\n<!-- \/wp:image -->\n\n<!-- wp:image {\"id\":11910,\"sizeSlug\":\"large\",\"linkDestination\":\"none\"} -->\n<figure class=\"wp-block-image size-large\"><img src=\"https:\/\/www.ferembach.com\/cestquilescreas\/wp-content\/uploads\/2025\/12\/Jije.jpg\" alt=\"\" class=\"wp-image-11910\"\/><\/figure>\n<!-- \/wp:image -->\n\n<!-- wp:image {\"id\":11911,\"sizeSlug\":\"large\",\"linkDestination\":\"none\"} -->\n<figure class=\"wp-block-image size-large\"><img src=\"https:\/\/www.ferembach.com\/cestquilescreas\/wp-content\/uploads\/2025\/12\/Bernadette-Despres-769x1024.jpg\" alt=\"\" class=\"wp-image-11911\"\/><\/figure>\n<!-- \/wp:image --><\/figure>\n<!-- \/wp:gallery -->\n\n<!-- wp:paragraph {\"style\":{\"elements\":{\"link\":{\"color\":{\"text\":\"var:preset|color|vivid-cyan-blue\"}}}},\"textColor\":\"vivid-cyan-blue\",\"fontSize\":\"medium\"} -->\n<p class=\"has-vivid-cyan-blue-color has-text-color has-link-color has-medium-font-size\"><strong>As-tu h\u00e9sit\u00e9 \u00e0 faire de la pub ? Si oui, pourquoi ?<\/strong><\/p>\n<!-- \/wp:paragraph -->\n\n<!-- wp:paragraph -->\n<p>Non, je n\u2019ai jamais h\u00e9sit\u00e9, c\u2019est une des rares branche de l\u2019illustration qui paye correctement. C'est aussi un moyen d'atteindre un public qui ne s'int\u00e9resse pas particuli\u00e8rement au dessin, et \u00e7a, c'est toujours un plaisir.<\/p>\n<!-- \/wp:paragraph -->\n\n<!-- wp:paragraph {\"style\":{\"elements\":{\"link\":{\"color\":{\"text\":\"var:preset|color|vivid-cyan-blue\"}}}},\"textColor\":\"vivid-cyan-blue\",\"fontSize\":\"medium\"} -->\n<p class=\"has-vivid-cyan-blue-color has-text-color has-link-color has-medium-font-size\"><strong>Tu as travaill\u00e9 sur quels budgets ?&nbsp;<\/strong><\/p>\n<!-- \/wp:paragraph -->\n\n<!-- wp:paragraph -->\n<p>Pour les gros clients, j'ai travaill\u00e9 entre autres pour Google, Netflix, Herm\u00e8s, Amnesty International, Bill &amp; Melinda Gates Foundation, Le Secours Populaire\u2026<\/p>\n<!-- \/wp:paragraph -->\n\n<!-- wp:paragraph -->\n<p>Pour les journaux, des titres fran\u00e7ais et internationaux, The New York Times, The Guardian, The Sunday Times, Le Monde, L'\u00c9quipe, L'Obs, Frankfurter Allgemeine Quarterly, MIT Technology Review, Bloomberg Mag etc\u2026<\/p>\n<!-- \/wp:paragraph -->\n\n<!-- wp:paragraph -->\n<p>Pour les \u00e9diteurs, Walker Books, Albin Michel Jeunesse, Gallimard Jeunesse, Le Seuil Jeunesse, Comme des g\u00e9ants, Flying Eye Books, Bayard, Casterman et Vieux (le magazine) pour qui je travaille en ce moment.<\/p>\n<!-- \/wp:paragraph -->\n\n<!-- wp:paragraph {\"style\":{\"elements\":{\"link\":{\"color\":{\"text\":\"var:preset|color|vivid-cyan-blue\"}}}},\"textColor\":\"vivid-cyan-blue\",\"fontSize\":\"medium\"} -->\n<p class=\"has-vivid-cyan-blue-color has-text-color has-link-color has-medium-font-size\"><strong>Est-ce qu\u2019il y a des marques pour lesquelles tu refuserais de travailler ?<\/strong><\/p>\n<!-- \/wp:paragraph -->\n\n<!-- wp:paragraph -->\n<p>Et oui, il y a bien quelques entreprises pour qui je ne voudrais pas travailler, mais \u00e7a ne s\u2019est pas pr\u00e9sent\u00e9 pour le moment. Et puis on a parfois des surprises, j'ai r\u00e9cemment fait un projet pour le minist\u00e8re de l'Int\u00e9rieur, pour promouvoir l'\u00e9galit\u00e9 femmes\/hommes au bureau. Je n'aurais jamais envisag\u00e9 travailler pour eux, et je suis assez content du projet, comme quoi\u2026<\/p>\n<!-- \/wp:paragraph -->\n\n<!-- wp:paragraph {\"style\":{\"elements\":{\"link\":{\"color\":{\"text\":\"var:preset|color|vivid-cyan-blue\"}}}},\"textColor\":\"vivid-cyan-blue\",\"fontSize\":\"medium\"} -->\n<p class=\"has-vivid-cyan-blue-color has-text-color has-link-color has-medium-font-size\"><strong>Parle-nous des projets dont tu es le plus fier  ?  <\/strong><\/p>\n<!-- \/wp:paragraph -->\n\n<!-- wp:paragraph -->\n<p>J\u2019ai sorti ma premi\u00e8re bande dessin\u00e9e cette ann\u00e9e, c\u2019est ce que j\u2019ai toujours voulu faire, je suis assez fier d\u2019avoir pouss\u00e9 le projet jusqu\u2019au bout. \u00c7a s\u2019appelle Le Prolongement, et c\u2019est publi\u00e9 chez Casterman.<\/p>\n<!-- \/wp:paragraph -->\n\n<!-- wp:paragraph -->\n<p><a href=\"https:\/\/www.casterman.com\/Bande-dessinee\/Catalogue\/le-prolongement\/9782203280823\">https:\/\/www.casterman.com\/Bande-dessinee\/Catalogue\/le-prolongement\/9782203280823<\/a><\/p>\n<!-- \/wp:paragraph -->\n\n<!-- wp:image -->\n<figure class=\"wp-block-image\"><img alt=\"\"\/><\/figure>\n<!-- \/wp:image -->\n\n<!-- wp:image {\"id\":11877,\"width\":\"600px\",\"height\":\"auto\",\"aspectRatio\":\"1.7777938334933374\",\"sizeSlug\":\"large\",\"linkDestination\":\"none\"} -->\n<figure class=\"wp-block-image size-large is-resized\"><img src=\"https:\/\/www.ferembach.com\/cestquilescreas\/wp-content\/uploads\/2025\/12\/image-3-1024x576.png\" alt=\"\" class=\"wp-image-11877\" style=\"aspect-ratio:1.7777938334933374;width:600px;height:auto\"\/><\/figure>\n<!-- \/wp:image -->\n\n<!-- wp:paragraph {\"style\":{\"elements\":{\"link\":{\"color\":{\"text\":\"var:preset|color|vivid-cyan-blue\"}}}},\"textColor\":\"vivid-cyan-blue\",\"fontSize\":\"medium\"} -->\n<p class=\"has-vivid-cyan-blue-color has-text-color has-link-color has-medium-font-size\"><strong>Quel est ton outil de pr\u00e9dilection ? <\/strong><\/p>\n<!-- \/wp:paragraph -->\n\n<!-- wp:paragraph -->\n<p>Pour l\u2019illustration, je suis un inconditionnel de la plume et de l\u2019encre de Chine. C'est un outil r\u00e9calcitrant, mais qui m'\u00e9meut beaucoup.<\/p>\n<!-- \/wp:paragraph -->\n\n<!-- wp:paragraph -->\n<p>Pour les couleurs, je varie entre des couleurs num\u00e9riques ou des lavis \u00e0 l\u2019encre.<\/p>\n<!-- \/wp:paragraph -->\n\n<!-- wp:paragraph -->\n<p>J\u2019utilise aussi beaucoup les pastels \u00e0 l\u2019huile, mais pour des expositions en galeries, pas pour mon travail de commandes.<\/p>\n<!-- \/wp:paragraph -->\n\n<!-- wp:paragraph {\"style\":{\"elements\":{\"link\":{\"color\":{\"text\":\"var:preset|color|vivid-cyan-blue\"}}}},\"textColor\":\"vivid-cyan-blue\",\"fontSize\":\"medium\"} -->\n<p class=\"has-vivid-cyan-blue-color has-text-color has-link-color has-medium-font-size\"><strong>C\u2019est quoi la pire chose \u00e0 demander \u00e0 un illustrateur\/trice ? <\/strong><\/p>\n<!-- \/wp:paragraph -->\n\n<!-- wp:paragraph -->\n<p>\u00c7a n\u2019est jamais tr\u00e8s flatteur d\u2019\u00eatre approch\u00e9 avec un croquis et une id\u00e9e d\u00e9j\u00e0 tr\u00e8s pr\u00e9cise de ce que le client veut. 50\u2009% de mon travail c\u2019est de trouver des id\u00e9es, c\u2019est aussi \u00e7a qui donne un ton particulier \u00e0 mes dessins. Cela dit, dans la pub, on est souvent approch\u00e9 avec un brief d\u00e9j\u00e0 tr\u00e8s \u00e9tabli, et je m\u2019arrange tr\u00e8s bien avec \u00e7a.<\/p>\n<!-- \/wp:paragraph -->\n\n<!-- wp:paragraph -->\n<p>Je me m\u00e9fie aussi des cartes blanches. Je n\u2019ai jamais eu une carte blanche qui en soit vraiment une\u2026<\/p>\n<!-- \/wp:paragraph -->\n\n<!-- wp:paragraph {\"style\":{\"elements\":{\"link\":{\"color\":{\"text\":\"var:preset|color|vivid-cyan-blue\"}}}},\"textColor\":\"vivid-cyan-blue\",\"fontSize\":\"medium\"} -->\n<p class=\"has-vivid-cyan-blue-color has-text-color has-link-color has-medium-font-size\"><strong>Quels sont les illustrateurs que tu admires ?&nbsp;<\/strong><\/p>\n<!-- \/wp:paragraph -->\n\n<!-- wp:paragraph -->\n<p>Il y en a beaucoup.<\/p>\n<!-- \/wp:paragraph -->\n\n<!-- wp:paragraph -->\n<p>Il y a ceux que j\u2019ai nomm\u00e9s plus haut, qui me restent de l\u2019enfance, mais aussi William Steig, Andr\u00e9 Fran\u00e7ois, Saul Steinberg, Charles Schulz.<\/p>\n<!-- \/wp:paragraph -->\n\n<!-- wp:gallery {\"linkTo\":\"none\"} -->\n<figure class=\"wp-block-gallery has-nested-images columns-default is-cropped\"><!-- wp:image {\"id\":11915,\"sizeSlug\":\"large\",\"linkDestination\":\"none\"} -->\n<figure class=\"wp-block-image size-large\"><img src=\"https:\/\/www.ferembach.com\/cestquilescreas\/wp-content\/uploads\/2025\/12\/Charles-Schulz.jpg\" alt=\"\" class=\"wp-image-11915\"\/><\/figure>\n<!-- \/wp:image -->\n\n<!-- wp:image {\"id\":11914,\"sizeSlug\":\"large\",\"linkDestination\":\"none\"} -->\n<figure class=\"wp-block-image size-large\"><img src=\"https:\/\/www.ferembach.com\/cestquilescreas\/wp-content\/uploads\/2025\/12\/Saul-Steinberg.jpg\" alt=\"\" class=\"wp-image-11914\"\/><\/figure>\n<!-- \/wp:image -->\n\n<!-- wp:image {\"id\":11913,\"sizeSlug\":\"large\",\"linkDestination\":\"none\"} -->\n<figure class=\"wp-block-image size-large\"><img src=\"https:\/\/www.ferembach.com\/cestquilescreas\/wp-content\/uploads\/2025\/12\/Steig.jpg\" alt=\"\" class=\"wp-image-11913\"\/><\/figure>\n<!-- \/wp:image --><\/figure>\n<!-- \/wp:gallery -->\n\n<!-- wp:paragraph -->\n<p> Il y a aussi de tr\u00e8s bons dessinateurs et dessinatrices de BD, comme Blutch, Christophe Blain ou Olivier Schrauwen, Claire Bret\u00e9cher, Anouk Ricard, Catherine Meurisse. Robert Crumb et sa compagne Aline Kominsky Crumb, dont une anthologie est sortie \u00e0 l\u2019Association cette ann\u00e9e, Sacr\u00e9e Bunche, je la recommande chaudement, c\u2019est ma derni\u00e8re grosse claque en BD.<\/p>\n<!-- \/wp:paragraph -->\n\n<!-- wp:gallery {\"imageCrop\":false,\"linkTo\":\"none\",\"className\":\"uag-masonry\",\"masonry\":true} -->\n<figure class=\"wp-block-gallery has-nested-images columns-default uag-masonry uagb-block-undefined\"><!-- wp:image {\"id\":11918,\"sizeSlug\":\"large\",\"linkDestination\":\"none\"} -->\n<figure class=\"wp-block-image size-large\"><img src=\"https:\/\/www.ferembach.com\/cestquilescreas\/wp-content\/uploads\/2025\/12\/Blutch.jpg\" alt=\"\" class=\"wp-image-11918\"\/><\/figure>\n<!-- \/wp:image -->\n\n<!-- wp:image {\"id\":11916,\"sizeSlug\":\"large\",\"linkDestination\":\"none\"} -->\n<figure class=\"wp-block-image size-large\"><img src=\"https:\/\/www.ferembach.com\/cestquilescreas\/wp-content\/uploads\/2025\/12\/Anouk-Ricard-755x1024.jpg\" alt=\"\" class=\"wp-image-11916\"\/><\/figure>\n<!-- \/wp:image -->\n\n<!-- wp:image {\"id\":11919,\"sizeSlug\":\"large\",\"linkDestination\":\"none\"} -->\n<figure class=\"wp-block-image size-large\"><img src=\"https:\/\/www.ferembach.com\/cestquilescreas\/wp-content\/uploads\/2025\/12\/Catherine-Meurisse.jpg\" alt=\"\" class=\"wp-image-11919\"\/><\/figure>\n<!-- \/wp:image -->\n\n<!-- wp:image {\"id\":11921,\"sizeSlug\":\"large\",\"linkDestination\":\"none\"} -->\n<figure class=\"wp-block-image size-large\"><img src=\"https:\/\/www.ferembach.com\/cestquilescreas\/wp-content\/uploads\/2025\/12\/Christophe-Blain--746x1024.jpg\" alt=\"\" class=\"wp-image-11921\"\/><\/figure>\n<!-- \/wp:image -->\n\n<!-- wp:image {\"id\":11920,\"sizeSlug\":\"large\",\"linkDestination\":\"none\"} -->\n<figure class=\"wp-block-image size-large\"><img src=\"https:\/\/www.ferembach.com\/cestquilescreas\/wp-content\/uploads\/2025\/12\/Claire-Bretecher-781x1024.jpg\" alt=\"\" class=\"wp-image-11920\"\/><\/figure>\n<!-- \/wp:image -->\n\n<!-- wp:image {\"id\":11917,\"sizeSlug\":\"large\",\"linkDestination\":\"none\"} -->\n<figure class=\"wp-block-image size-large\"><img src=\"https:\/\/www.ferembach.com\/cestquilescreas\/wp-content\/uploads\/2025\/12\/Olivier-Schrauwen.jpg\" alt=\"\" class=\"wp-image-11917\"\/><\/figure>\n<!-- \/wp:image -->\n\n<!-- wp:image {\"id\":11922,\"sizeSlug\":\"large\",\"linkDestination\":\"none\"} -->\n<figure class=\"wp-block-image size-large\"><img src=\"https:\/\/www.ferembach.com\/cestquilescreas\/wp-content\/uploads\/2025\/12\/Robert-Crumb.jpg\" alt=\"\" class=\"wp-image-11922\"\/><\/figure>\n<!-- \/wp:image -->\n\n<!-- wp:image {\"id\":11924,\"sizeSlug\":\"large\",\"linkDestination\":\"none\"} -->\n<figure class=\"wp-block-image size-large\"><img src=\"https:\/\/www.ferembach.com\/cestquilescreas\/wp-content\/uploads\/2025\/12\/Aline-Kominsky-1-719x1024.jpg\" alt=\"\" class=\"wp-image-11924\"\/><\/figure>\n<!-- \/wp:image --><\/figure>\n<!-- \/wp:gallery -->\n\n<!-- wp:paragraph -->\n<p>J\u2019ai aussi commenc\u00e9 \u00e0 lire l\u2019int\u00e9grale des Love &amp; Rockets des fr\u00e8res Hernandez, c\u2019est tr\u00e8s inspirant.<\/p>\n<!-- \/wp:paragraph -->\n\n<!-- wp:image {\"id\":11925,\"width\":\"324px\",\"height\":\"auto\",\"sizeSlug\":\"full\",\"linkDestination\":\"none\"} -->\n<figure class=\"wp-block-image size-full is-resized\"><img src=\"https:\/\/www.ferembach.com\/cestquilescreas\/wp-content\/uploads\/2025\/12\/Love-and-Rockets.jpg\" alt=\"\" class=\"wp-image-11925\" style=\"width:324px;height:auto\"\/><\/figure>\n<!-- \/wp:image -->\n\n<!-- wp:paragraph -->\n<p>Et puis en haut de la pile il y a Chu Ta (Zhu Da) un peintre chinois du 17\u1d49 si\u00e8cle. Qi Baishi et\u00a0Ding Yanyong fin 19\u1d49 d\u00e9but 20\u1d49 ou encore\u00a0Sengai, un peintre zen japonais \u00e0 cheval entre le 18 et 19\u1d49 si\u00e8cle. Tout \u00e7a n\u2019a pas pris une ride, c\u2019est incroyable.<\/p>\n<!-- \/wp:paragraph -->\n\n<!-- wp:gallery {\"imageCrop\":false,\"linkTo\":\"none\",\"className\":\"uag-masonry\",\"masonry\":true,\"block_id\":\"f8330dfd\"} -->\n<figure class=\"wp-block-gallery has-nested-images columns-default uag-masonry uagb-block-f8330dfd\"><!-- wp:image {\"id\":11927,\"sizeSlug\":\"large\",\"linkDestination\":\"none\"} -->\n<figure class=\"wp-block-image size-large\"><img src=\"https:\/\/www.ferembach.com\/cestquilescreas\/wp-content\/uploads\/2025\/12\/Chu-Ta.jpg\" alt=\"\" class=\"wp-image-11927\"\/><\/figure>\n<!-- \/wp:image -->\n\n<!-- wp:image {\"id\":11926,\"sizeSlug\":\"large\",\"linkDestination\":\"none\"} -->\n<figure class=\"wp-block-image size-large\"><img src=\"https:\/\/www.ferembach.com\/cestquilescreas\/wp-content\/uploads\/2025\/12\/Ding-Yanyong.jpg\" alt=\"\" class=\"wp-image-11926\"\/><\/figure>\n<!-- \/wp:image -->\n\n<!-- wp:image {\"id\":11928,\"sizeSlug\":\"large\",\"linkDestination\":\"none\"} -->\n<figure class=\"wp-block-image size-large\"><img src=\"https:\/\/www.ferembach.com\/cestquilescreas\/wp-content\/uploads\/2025\/12\/Sengai.jpg\" alt=\"\" class=\"wp-image-11928\"\/><\/figure>\n<!-- \/wp:image --><\/figure>\n<!-- \/wp:gallery -->\n\n<!-- wp:paragraph -->\n<p>Dans mes contemporains, j'admire le travail de Yann Kebbi, qui je pense est le meilleur dessinateur de ma g\u00e9n\u00e9ration, Edouard Steed qui est le meilleur cartoonist du New Yorker depuis une dizaine d\u2019ann\u00e9es et puis le travail de mon fr\u00e8re Yann Le Bec et de mes amis Jean Jullien et Thibaud H\u00e9rem, qui sont de grands dessinateurs. Marie Jacotey qui est aussi une amie, qui n\u2019a pas vraiment de pratique commerciale et qui est une excellente dessinatrice.<\/p>\n<!-- \/wp:paragraph -->\n\n<!-- wp:gallery {\"imageCrop\":false,\"linkTo\":\"none\",\"className\":\"uag-masonry\",\"masonry\":true,\"block_id\":\"1130b2a0\"} -->\n<figure class=\"wp-block-gallery has-nested-images columns-default uag-masonry uagb-block-1130b2a0\"><!-- wp:image {\"id\":11929,\"sizeSlug\":\"large\",\"linkDestination\":\"none\"} -->\n<figure class=\"wp-block-image size-large\"><img src=\"https:\/\/www.ferembach.com\/cestquilescreas\/wp-content\/uploads\/2025\/12\/Edouard-Steed.jpg\" alt=\"\" class=\"wp-image-11929\"\/><\/figure>\n<!-- \/wp:image -->\n\n<!-- wp:image {\"id\":11933,\"sizeSlug\":\"large\",\"linkDestination\":\"none\"} -->\n<figure class=\"wp-block-image size-large\"><img src=\"https:\/\/www.ferembach.com\/cestquilescreas\/wp-content\/uploads\/2025\/12\/Marie-Jacotey.jpg\" alt=\"\" class=\"wp-image-11933\"\/><\/figure>\n<!-- \/wp:image -->\n\n<!-- wp:image {\"id\":11931,\"sizeSlug\":\"large\",\"linkDestination\":\"none\"} -->\n<figure class=\"wp-block-image size-large\"><img src=\"https:\/\/www.ferembach.com\/cestquilescreas\/wp-content\/uploads\/2025\/12\/Thibaud-Herem.jpg\" alt=\"\" class=\"wp-image-11931\"\/><\/figure>\n<!-- \/wp:image -->\n\n<!-- wp:image {\"id\":11932,\"sizeSlug\":\"large\",\"linkDestination\":\"none\"} -->\n<figure class=\"wp-block-image size-large\"><img src=\"https:\/\/www.ferembach.com\/cestquilescreas\/wp-content\/uploads\/2025\/12\/Yann-Kebbi-1024x809.jpg\" alt=\"\" class=\"wp-image-11932\"\/><\/figure>\n<!-- \/wp:image -->\n\n<!-- wp:image {\"id\":11930,\"sizeSlug\":\"large\",\"linkDestination\":\"none\"} -->\n<figure class=\"wp-block-image size-large\"><img src=\"https:\/\/www.ferembach.com\/cestquilescreas\/wp-content\/uploads\/2025\/12\/Yann-Le-Bec-727x1024.jpg\" alt=\"\" class=\"wp-image-11930\"\/><\/figure>\n<!-- \/wp:image --><\/figure>\n<!-- \/wp:gallery -->\n\n<!-- wp:paragraph -->\n<p>Il y en a plein d\u2019autres\u2026<\/p>\n<!-- \/wp:paragraph -->\n\n<!-- wp:paragraph {\"style\":{\"elements\":{\"link\":{\"color\":{\"text\":\"var:preset|color|vivid-cyan-blue\"}}}},\"textColor\":\"vivid-cyan-blue\",\"fontSize\":\"medium\"} -->\n<p class=\"has-vivid-cyan-blue-color has-text-color has-link-color has-medium-font-size\"><strong>Et enfin, un conseil aux illustrateurs\/trices pour 'prendre du plaisir' dans son m\u00e9tier ?<\/strong><\/p>\n<!-- \/wp:paragraph -->\n\n<!-- wp:paragraph -->\n<p>Il faut garder de la place pour le dessin en dehors du travail. Dans l\u2019enfance le dessin est un refuge, il faut essayer de garder quelque chose de cet ordre-l\u00e0, ce qui est assez difficile quand on se professionnalise.<\/p>\n<!-- \/wp:paragraph -->","_et_gb_content_width":"","_uag_custom_page_level_css":"","footnotes":""},"categories":[113],"tags":[],"class_list":["post-11871","post","type-post","status-publish","format-standard","has-post-thumbnail","hentry","category-illustrateur"],"yoast_head":"<!-- This site is optimized with the Yoast SEO plugin v27.5 - https:\/\/yoast.com\/product\/yoast-seo-wordpress\/ -->\n<title>C\u2019est qui les illustrateurs #06 : Gwendal Lebec &#8226; C&#039;est qui les Cr\u00e9as ?<\/title>\n<meta name=\"robots\" content=\"index, follow, max-snippet:-1, max-image-preview:large, max-video-preview:-1\" \/>\n<link rel=\"canonical\" href=\"https:\/\/www.ferembach.com\/cestquilescreas\/illustrateur\/gwendal-lebec\/\" \/>\n<meta property=\"og:locale\" content=\"fr_FR\" \/>\n<meta property=\"og:type\" content=\"article\" \/>\n<meta property=\"og:title\" content=\"C\u2019est qui les illustrateurs #06 : Gwendal Lebec &#8226; C&#039;est qui les Cr\u00e9as ?\" \/>\n<meta property=\"og:description\" content=\"INTRO Il y a ceux qui ont les id\u00e9es, et ceux qui les r\u00e9alisent, parmi eux, il y a les illustrateurs.&nbsp;Un monde \u00e0 part, qui rencontre celui de la publicit\u00e9 pour cr\u00e9er des campagnes originales, parfois prim\u00e9es dans des cat\u00e9gories sur mesure. L\u2019illustration comme moyen d\u2019expression publicitaire soul\u00e8ve des questions aupr\u00e8s des annonceurs. Ce n\u2019est [&hellip;]\" \/>\n<meta property=\"og:url\" content=\"https:\/\/www.ferembach.com\/cestquilescreas\/illustrateur\/gwendal-lebec\/\" \/>\n<meta property=\"og:site_name\" content=\"C&#039;est qui les Cr\u00e9as ?\" \/>\n<meta property=\"article:publisher\" content=\"https:\/\/www.facebook.com\/CestquilesCreas\/\" \/>\n<meta property=\"article:published_time\" content=\"2025-12-04T12:42:09+00:00\" \/>\n<meta property=\"article:modified_time\" content=\"2025-12-04T14:11:06+00:00\" \/>\n<meta property=\"og:image\" content=\"https:\/\/www.ferembach.com\/cestquilescreas\/wp-content\/uploads\/2025\/12\/Capture-decran-2025-12-04-a-13.48.52.png\" \/>\n\t<meta property=\"og:image:width\" content=\"1404\" \/>\n\t<meta property=\"og:image:height\" content=\"878\" \/>\n\t<meta property=\"og:image:type\" content=\"image\/png\" \/>\n<meta name=\"author\" content=\"gregory ferembach\" \/>\n<meta name=\"twitter:card\" content=\"summary_large_image\" \/>\n<meta name=\"twitter:label1\" content=\"\u00c9crit par\" \/>\n\t<meta name=\"twitter:data1\" content=\"gregory ferembach\" \/>\n\t<meta name=\"twitter:label2\" content=\"Dur\u00e9e de lecture estim\u00e9e\" \/>\n\t<meta name=\"twitter:data2\" content=\"19 minutes\" \/>\n<script type=\"application\/ld+json\" class=\"yoast-schema-graph\">{\"@context\":\"https:\\\/\\\/schema.org\",\"@graph\":[{\"@type\":\"Article\",\"@id\":\"https:\\\/\\\/www.ferembach.com\\\/cestquilescreas\\\/illustrateur\\\/gwendal-lebec\\\/#article\",\"isPartOf\":{\"@id\":\"https:\\\/\\\/www.ferembach.com\\\/cestquilescreas\\\/illustrateur\\\/gwendal-lebec\\\/\"},\"author\":{\"name\":\"gregory ferembach\",\"@id\":\"https:\\\/\\\/www.ferembach.com\\\/cestquilescreas\\\/#\\\/schema\\\/person\\\/228b651374249a02f20a1921f0e2516b\"},\"headline\":\"C\u2019est qui les illustrateurs #06 : Gwendal Lebec\",\"datePublished\":\"2025-12-04T12:42:09+00:00\",\"dateModified\":\"2025-12-04T14:11:06+00:00\",\"mainEntityOfPage\":{\"@id\":\"https:\\\/\\\/www.ferembach.com\\\/cestquilescreas\\\/illustrateur\\\/gwendal-lebec\\\/\"},\"wordCount\":1374,\"publisher\":{\"@id\":\"https:\\\/\\\/www.ferembach.com\\\/cestquilescreas\\\/#organization\"},\"image\":{\"@id\":\"https:\\\/\\\/www.ferembach.com\\\/cestquilescreas\\\/illustrateur\\\/gwendal-lebec\\\/#primaryimage\"},\"thumbnailUrl\":\"https:\\\/\\\/www.ferembach.com\\\/cestquilescreas\\\/wp-content\\\/uploads\\\/2025\\\/12\\\/Capture-decran-2025-12-04-a-13.48.52.png\",\"articleSection\":[\"Illustrateur\"],\"inLanguage\":\"fr-FR\"},{\"@type\":\"WebPage\",\"@id\":\"https:\\\/\\\/www.ferembach.com\\\/cestquilescreas\\\/illustrateur\\\/gwendal-lebec\\\/\",\"url\":\"https:\\\/\\\/www.ferembach.com\\\/cestquilescreas\\\/illustrateur\\\/gwendal-lebec\\\/\",\"name\":\"C\u2019est qui les illustrateurs #06 : Gwendal Lebec &#8226; C&#039;est qui les Cr\u00e9as ?\",\"isPartOf\":{\"@id\":\"https:\\\/\\\/www.ferembach.com\\\/cestquilescreas\\\/#website\"},\"primaryImageOfPage\":{\"@id\":\"https:\\\/\\\/www.ferembach.com\\\/cestquilescreas\\\/illustrateur\\\/gwendal-lebec\\\/#primaryimage\"},\"image\":{\"@id\":\"https:\\\/\\\/www.ferembach.com\\\/cestquilescreas\\\/illustrateur\\\/gwendal-lebec\\\/#primaryimage\"},\"thumbnailUrl\":\"https:\\\/\\\/www.ferembach.com\\\/cestquilescreas\\\/wp-content\\\/uploads\\\/2025\\\/12\\\/Capture-decran-2025-12-04-a-13.48.52.png\",\"datePublished\":\"2025-12-04T12:42:09+00:00\",\"dateModified\":\"2025-12-04T14:11:06+00:00\",\"breadcrumb\":{\"@id\":\"https:\\\/\\\/www.ferembach.com\\\/cestquilescreas\\\/illustrateur\\\/gwendal-lebec\\\/#breadcrumb\"},\"inLanguage\":\"fr-FR\",\"potentialAction\":[{\"@type\":\"ReadAction\",\"target\":[\"https:\\\/\\\/www.ferembach.com\\\/cestquilescreas\\\/illustrateur\\\/gwendal-lebec\\\/\"]}]},{\"@type\":\"ImageObject\",\"inLanguage\":\"fr-FR\",\"@id\":\"https:\\\/\\\/www.ferembach.com\\\/cestquilescreas\\\/illustrateur\\\/gwendal-lebec\\\/#primaryimage\",\"url\":\"https:\\\/\\\/www.ferembach.com\\\/cestquilescreas\\\/wp-content\\\/uploads\\\/2025\\\/12\\\/Capture-decran-2025-12-04-a-13.48.52.png\",\"contentUrl\":\"https:\\\/\\\/www.ferembach.com\\\/cestquilescreas\\\/wp-content\\\/uploads\\\/2025\\\/12\\\/Capture-decran-2025-12-04-a-13.48.52.png\",\"width\":1404,\"height\":878},{\"@type\":\"BreadcrumbList\",\"@id\":\"https:\\\/\\\/www.ferembach.com\\\/cestquilescreas\\\/illustrateur\\\/gwendal-lebec\\\/#breadcrumb\",\"itemListElement\":[{\"@type\":\"ListItem\",\"position\":1,\"name\":\"Accueil\",\"item\":\"https:\\\/\\\/www.ferembach.com\\\/cestquilescreas\\\/\"},{\"@type\":\"ListItem\",\"position\":2,\"name\":\"C\u2019est qui les illustrateurs #06 : Gwendal Lebec\"}]},{\"@type\":\"WebSite\",\"@id\":\"https:\\\/\\\/www.ferembach.com\\\/cestquilescreas\\\/#website\",\"url\":\"https:\\\/\\\/www.ferembach.com\\\/cestquilescreas\\\/\",\"name\":\"C'est qui les Cr\u00e9as ?\",\"description\":\"D\u00e9couvrez les cr\u00e9atifs, leurs parcours et leurs (en)vies...\",\"publisher\":{\"@id\":\"https:\\\/\\\/www.ferembach.com\\\/cestquilescreas\\\/#organization\"},\"potentialAction\":[{\"@type\":\"SearchAction\",\"target\":{\"@type\":\"EntryPoint\",\"urlTemplate\":\"https:\\\/\\\/www.ferembach.com\\\/cestquilescreas\\\/?s={search_term_string}\"},\"query-input\":{\"@type\":\"PropertyValueSpecification\",\"valueRequired\":true,\"valueName\":\"search_term_string\"}}],\"inLanguage\":\"fr-FR\"},{\"@type\":\"Organization\",\"@id\":\"https:\\\/\\\/www.ferembach.com\\\/cestquilescreas\\\/#organization\",\"name\":\"C'est qui les Cr\u00e9as ?\",\"url\":\"https:\\\/\\\/www.ferembach.com\\\/cestquilescreas\\\/\",\"logo\":{\"@type\":\"ImageObject\",\"inLanguage\":\"fr-FR\",\"@id\":\"https:\\\/\\\/www.ferembach.com\\\/cestquilescreas\\\/#\\\/schema\\\/logo\\\/image\\\/\",\"url\":\"https:\\\/\\\/www.ferembach.com\\\/cestquilescreas\\\/wp-content\\\/uploads\\\/2020\\\/02\\\/logo-cqlc-1024x368-3.png\",\"contentUrl\":\"https:\\\/\\\/www.ferembach.com\\\/cestquilescreas\\\/wp-content\\\/uploads\\\/2020\\\/02\\\/logo-cqlc-1024x368-3.png\",\"width\":1024,\"height\":368,\"caption\":\"C'est qui les Cr\u00e9as ?\"},\"image\":{\"@id\":\"https:\\\/\\\/www.ferembach.com\\\/cestquilescreas\\\/#\\\/schema\\\/logo\\\/image\\\/\"},\"sameAs\":[\"https:\\\/\\\/www.facebook.com\\\/CestquilesCreas\\\/\"]},{\"@type\":\"Person\",\"@id\":\"https:\\\/\\\/www.ferembach.com\\\/cestquilescreas\\\/#\\\/schema\\\/person\\\/228b651374249a02f20a1921f0e2516b\",\"name\":\"gregory ferembach\",\"image\":{\"@type\":\"ImageObject\",\"inLanguage\":\"fr-FR\",\"@id\":\"https:\\\/\\\/secure.gravatar.com\\\/avatar\\\/605c4bda0e1d2a91637e7bb2eb4af75b09419585355d212ee36e067ca646749c?s=96&d=mm&r=g\",\"url\":\"https:\\\/\\\/secure.gravatar.com\\\/avatar\\\/605c4bda0e1d2a91637e7bb2eb4af75b09419585355d212ee36e067ca646749c?s=96&d=mm&r=g\",\"contentUrl\":\"https:\\\/\\\/secure.gravatar.com\\\/avatar\\\/605c4bda0e1d2a91637e7bb2eb4af75b09419585355d212ee36e067ca646749c?s=96&d=mm&r=g\",\"caption\":\"gregory ferembach\"}}]}<\/script>\n<!-- \/ Yoast SEO plugin. -->","yoast_head_json":{"title":"C\u2019est qui les illustrateurs #06 : Gwendal Lebec &#8226; C&#039;est qui les Cr\u00e9as ?","robots":{"index":"index","follow":"follow","max-snippet":"max-snippet:-1","max-image-preview":"max-image-preview:large","max-video-preview":"max-video-preview:-1"},"canonical":"https:\/\/www.ferembach.com\/cestquilescreas\/illustrateur\/gwendal-lebec\/","og_locale":"fr_FR","og_type":"article","og_title":"C\u2019est qui les illustrateurs #06 : Gwendal Lebec &#8226; C&#039;est qui les Cr\u00e9as ?","og_description":"INTRO Il y a ceux qui ont les id\u00e9es, et ceux qui les r\u00e9alisent, parmi eux, il y a les illustrateurs.&nbsp;Un monde \u00e0 part, qui rencontre celui de la publicit\u00e9 pour cr\u00e9er des campagnes originales, parfois prim\u00e9es dans des cat\u00e9gories sur mesure. L\u2019illustration comme moyen d\u2019expression publicitaire soul\u00e8ve des questions aupr\u00e8s des annonceurs. Ce n\u2019est [&hellip;]","og_url":"https:\/\/www.ferembach.com\/cestquilescreas\/illustrateur\/gwendal-lebec\/","og_site_name":"C&#039;est qui les Cr\u00e9as ?","article_publisher":"https:\/\/www.facebook.com\/CestquilesCreas\/","article_published_time":"2025-12-04T12:42:09+00:00","article_modified_time":"2025-12-04T14:11:06+00:00","og_image":[{"width":1404,"height":878,"url":"https:\/\/www.ferembach.com\/cestquilescreas\/wp-content\/uploads\/2025\/12\/Capture-decran-2025-12-04-a-13.48.52.png","type":"image\/png"}],"author":"gregory ferembach","twitter_card":"summary_large_image","twitter_misc":{"\u00c9crit par":"gregory ferembach","Dur\u00e9e de lecture estim\u00e9e":"19 minutes"},"schema":{"@context":"https:\/\/schema.org","@graph":[{"@type":"Article","@id":"https:\/\/www.ferembach.com\/cestquilescreas\/illustrateur\/gwendal-lebec\/#article","isPartOf":{"@id":"https:\/\/www.ferembach.com\/cestquilescreas\/illustrateur\/gwendal-lebec\/"},"author":{"name":"gregory ferembach","@id":"https:\/\/www.ferembach.com\/cestquilescreas\/#\/schema\/person\/228b651374249a02f20a1921f0e2516b"},"headline":"C\u2019est qui les illustrateurs #06 : Gwendal Lebec","datePublished":"2025-12-04T12:42:09+00:00","dateModified":"2025-12-04T14:11:06+00:00","mainEntityOfPage":{"@id":"https:\/\/www.ferembach.com\/cestquilescreas\/illustrateur\/gwendal-lebec\/"},"wordCount":1374,"publisher":{"@id":"https:\/\/www.ferembach.com\/cestquilescreas\/#organization"},"image":{"@id":"https:\/\/www.ferembach.com\/cestquilescreas\/illustrateur\/gwendal-lebec\/#primaryimage"},"thumbnailUrl":"https:\/\/www.ferembach.com\/cestquilescreas\/wp-content\/uploads\/2025\/12\/Capture-decran-2025-12-04-a-13.48.52.png","articleSection":["Illustrateur"],"inLanguage":"fr-FR"},{"@type":"WebPage","@id":"https:\/\/www.ferembach.com\/cestquilescreas\/illustrateur\/gwendal-lebec\/","url":"https:\/\/www.ferembach.com\/cestquilescreas\/illustrateur\/gwendal-lebec\/","name":"C\u2019est qui les illustrateurs #06 : Gwendal Lebec &#8226; C&#039;est qui les Cr\u00e9as ?","isPartOf":{"@id":"https:\/\/www.ferembach.com\/cestquilescreas\/#website"},"primaryImageOfPage":{"@id":"https:\/\/www.ferembach.com\/cestquilescreas\/illustrateur\/gwendal-lebec\/#primaryimage"},"image":{"@id":"https:\/\/www.ferembach.com\/cestquilescreas\/illustrateur\/gwendal-lebec\/#primaryimage"},"thumbnailUrl":"https:\/\/www.ferembach.com\/cestquilescreas\/wp-content\/uploads\/2025\/12\/Capture-decran-2025-12-04-a-13.48.52.png","datePublished":"2025-12-04T12:42:09+00:00","dateModified":"2025-12-04T14:11:06+00:00","breadcrumb":{"@id":"https:\/\/www.ferembach.com\/cestquilescreas\/illustrateur\/gwendal-lebec\/#breadcrumb"},"inLanguage":"fr-FR","potentialAction":[{"@type":"ReadAction","target":["https:\/\/www.ferembach.com\/cestquilescreas\/illustrateur\/gwendal-lebec\/"]}]},{"@type":"ImageObject","inLanguage":"fr-FR","@id":"https:\/\/www.ferembach.com\/cestquilescreas\/illustrateur\/gwendal-lebec\/#primaryimage","url":"https:\/\/www.ferembach.com\/cestquilescreas\/wp-content\/uploads\/2025\/12\/Capture-decran-2025-12-04-a-13.48.52.png","contentUrl":"https:\/\/www.ferembach.com\/cestquilescreas\/wp-content\/uploads\/2025\/12\/Capture-decran-2025-12-04-a-13.48.52.png","width":1404,"height":878},{"@type":"BreadcrumbList","@id":"https:\/\/www.ferembach.com\/cestquilescreas\/illustrateur\/gwendal-lebec\/#breadcrumb","itemListElement":[{"@type":"ListItem","position":1,"name":"Accueil","item":"https:\/\/www.ferembach.com\/cestquilescreas\/"},{"@type":"ListItem","position":2,"name":"C\u2019est qui les illustrateurs #06 : Gwendal Lebec"}]},{"@type":"WebSite","@id":"https:\/\/www.ferembach.com\/cestquilescreas\/#website","url":"https:\/\/www.ferembach.com\/cestquilescreas\/","name":"C'est qui les Cr\u00e9as ?","description":"D\u00e9couvrez les cr\u00e9atifs, leurs parcours et leurs (en)vies...","publisher":{"@id":"https:\/\/www.ferembach.com\/cestquilescreas\/#organization"},"potentialAction":[{"@type":"SearchAction","target":{"@type":"EntryPoint","urlTemplate":"https:\/\/www.ferembach.com\/cestquilescreas\/?s={search_term_string}"},"query-input":{"@type":"PropertyValueSpecification","valueRequired":true,"valueName":"search_term_string"}}],"inLanguage":"fr-FR"},{"@type":"Organization","@id":"https:\/\/www.ferembach.com\/cestquilescreas\/#organization","name":"C'est qui les Cr\u00e9as ?","url":"https:\/\/www.ferembach.com\/cestquilescreas\/","logo":{"@type":"ImageObject","inLanguage":"fr-FR","@id":"https:\/\/www.ferembach.com\/cestquilescreas\/#\/schema\/logo\/image\/","url":"https:\/\/www.ferembach.com\/cestquilescreas\/wp-content\/uploads\/2020\/02\/logo-cqlc-1024x368-3.png","contentUrl":"https:\/\/www.ferembach.com\/cestquilescreas\/wp-content\/uploads\/2020\/02\/logo-cqlc-1024x368-3.png","width":1024,"height":368,"caption":"C'est qui les Cr\u00e9as ?"},"image":{"@id":"https:\/\/www.ferembach.com\/cestquilescreas\/#\/schema\/logo\/image\/"},"sameAs":["https:\/\/www.facebook.com\/CestquilesCreas\/"]},{"@type":"Person","@id":"https:\/\/www.ferembach.com\/cestquilescreas\/#\/schema\/person\/228b651374249a02f20a1921f0e2516b","name":"gregory ferembach","image":{"@type":"ImageObject","inLanguage":"fr-FR","@id":"https:\/\/secure.gravatar.com\/avatar\/605c4bda0e1d2a91637e7bb2eb4af75b09419585355d212ee36e067ca646749c?s=96&d=mm&r=g","url":"https:\/\/secure.gravatar.com\/avatar\/605c4bda0e1d2a91637e7bb2eb4af75b09419585355d212ee36e067ca646749c?s=96&d=mm&r=g","contentUrl":"https:\/\/secure.gravatar.com\/avatar\/605c4bda0e1d2a91637e7bb2eb4af75b09419585355d212ee36e067ca646749c?s=96&d=mm&r=g","caption":"gregory ferembach"}}]}},"uagb_featured_image_src":{"full":["https:\/\/www.ferembach.com\/cestquilescreas\/wp-content\/uploads\/2025\/12\/Capture-decran-2025-12-04-a-13.48.52.png",1404,878,false],"thumbnail":["https:\/\/www.ferembach.com\/cestquilescreas\/wp-content\/uploads\/2025\/12\/Capture-decran-2025-12-04-a-13.48.52-120x120.png",120,120,true],"medium":["https:\/\/www.ferembach.com\/cestquilescreas\/wp-content\/uploads\/2025\/12\/Capture-decran-2025-12-04-a-13.48.52-60x38.png",60,38,true],"medium_large":["https:\/\/www.ferembach.com\/cestquilescreas\/wp-content\/uploads\/2025\/12\/Capture-decran-2025-12-04-a-13.48.52-768x480.png",768,480,true],"large":["https:\/\/www.ferembach.com\/cestquilescreas\/wp-content\/uploads\/2025\/12\/Capture-decran-2025-12-04-a-13.48.52-1024x640.png",1024,640,true],"1536x1536":["https:\/\/www.ferembach.com\/cestquilescreas\/wp-content\/uploads\/2025\/12\/Capture-decran-2025-12-04-a-13.48.52.png",1404,878,false],"2048x2048":["https:\/\/www.ferembach.com\/cestquilescreas\/wp-content\/uploads\/2025\/12\/Capture-decran-2025-12-04-a-13.48.52.png",1404,878,false],"et-pb-post-main-image":["https:\/\/www.ferembach.com\/cestquilescreas\/wp-content\/uploads\/2025\/12\/Capture-decran-2025-12-04-a-13.48.52-400x250.png",400,250,true],"et-pb-post-main-image-fullwidth":["https:\/\/www.ferembach.com\/cestquilescreas\/wp-content\/uploads\/2025\/12\/Capture-decran-2025-12-04-a-13.48.52-1080x675.png",1080,675,true],"et-pb-portfolio-image":["https:\/\/www.ferembach.com\/cestquilescreas\/wp-content\/uploads\/2025\/12\/Capture-decran-2025-12-04-a-13.48.52-400x284.png",400,284,true],"et-pb-portfolio-module-image":["https:\/\/www.ferembach.com\/cestquilescreas\/wp-content\/uploads\/2025\/12\/Capture-decran-2025-12-04-a-13.48.52-510x382.png",510,382,true],"et-pb-portfolio-image-single":["https:\/\/www.ferembach.com\/cestquilescreas\/wp-content\/uploads\/2025\/12\/Capture-decran-2025-12-04-a-13.48.52-1080x675.png",1080,675,true],"et-pb-gallery-module-image-portrait":["https:\/\/www.ferembach.com\/cestquilescreas\/wp-content\/uploads\/2025\/12\/Capture-decran-2025-12-04-a-13.48.52-400x516.png",400,516,true],"et-pb-post-main-image-fullwidth-large":["https:\/\/www.ferembach.com\/cestquilescreas\/wp-content\/uploads\/2025\/12\/Capture-decran-2025-12-04-a-13.48.52.png",1404,878,false],"et-pb-image--responsive--desktop":["https:\/\/www.ferembach.com\/cestquilescreas\/wp-content\/uploads\/2025\/12\/Capture-decran-2025-12-04-a-13.48.52-1280x800.png",1152,720,true],"et-pb-image--responsive--tablet":["https:\/\/www.ferembach.com\/cestquilescreas\/wp-content\/uploads\/2025\/12\/Capture-decran-2025-12-04-a-13.48.52-980x613.png",881,551,true],"et-pb-image--responsive--phone":["https:\/\/www.ferembach.com\/cestquilescreas\/wp-content\/uploads\/2025\/12\/Capture-decran-2025-12-04-a-13.48.52-480x300.png",432,270,true]},"uagb_author_info":{"display_name":"gregory ferembach","author_link":"https:\/\/www.ferembach.com\/cestquilescreas\/author\/gregoryferembach\/"},"uagb_comment_info":0,"uagb_excerpt":"INTRO Il y a ceux qui ont les id\u00e9es, et ceux qui les r\u00e9alisent, parmi eux, il y a les illustrateurs.&nbsp;Un monde \u00e0 part, qui rencontre celui de la publicit\u00e9 pour cr\u00e9er des campagnes originales, parfois prim\u00e9es dans des cat\u00e9gories sur mesure. L\u2019illustration comme moyen d\u2019expression publicitaire soul\u00e8ve des questions aupr\u00e8s des annonceurs. Ce n\u2019est\u2026","_links":{"self":[{"href":"https:\/\/www.ferembach.com\/cestquilescreas\/wp-json\/wp\/v2\/posts\/11871","targetHints":{"allow":["GET"]}}],"collection":[{"href":"https:\/\/www.ferembach.com\/cestquilescreas\/wp-json\/wp\/v2\/posts"}],"about":[{"href":"https:\/\/www.ferembach.com\/cestquilescreas\/wp-json\/wp\/v2\/types\/post"}],"author":[{"embeddable":true,"href":"https:\/\/www.ferembach.com\/cestquilescreas\/wp-json\/wp\/v2\/users\/4"}],"replies":[{"embeddable":true,"href":"https:\/\/www.ferembach.com\/cestquilescreas\/wp-json\/wp\/v2\/comments?post=11871"}],"version-history":[{"count":14,"href":"https:\/\/www.ferembach.com\/cestquilescreas\/wp-json\/wp\/v2\/posts\/11871\/revisions"}],"predecessor-version":[{"id":11978,"href":"https:\/\/www.ferembach.com\/cestquilescreas\/wp-json\/wp\/v2\/posts\/11871\/revisions\/11978"}],"wp:featuredmedia":[{"embeddable":true,"href":"https:\/\/www.ferembach.com\/cestquilescreas\/wp-json\/wp\/v2\/media\/11945"}],"wp:attachment":[{"href":"https:\/\/www.ferembach.com\/cestquilescreas\/wp-json\/wp\/v2\/media?parent=11871"}],"wp:term":[{"taxonomy":"category","embeddable":true,"href":"https:\/\/www.ferembach.com\/cestquilescreas\/wp-json\/wp\/v2\/categories?post=11871"},{"taxonomy":"post_tag","embeddable":true,"href":"https:\/\/www.ferembach.com\/cestquilescreas\/wp-json\/wp\/v2\/tags?post=11871"}],"curies":[{"name":"wp","href":"https:\/\/api.w.org\/{rel}","templated":true}]}}