{"id":11956,"date":"2025-12-05T12:53:54","date_gmt":"2025-12-05T10:53:54","guid":{"rendered":"https:\/\/www.ferembach.com\/cestquilescreas\/?p=11956"},"modified":"2025-12-05T13:23:42","modified_gmt":"2025-12-05T11:23:42","slug":"aurelie","status":"publish","type":"post","link":"https:\/\/www.ferembach.com\/cestquilescreas\/redactrice\/aurelie\/","title":{"rendered":"5 min avec&#8230;Aur\u00e9lie et l&rsquo;IA"},"content":{"rendered":"\n<figure class=\"wp-block-image size-large\"><img loading=\"lazy\" decoding=\"async\" width=\"1024\" height=\"475\" src=\"https:\/\/www.ferembach.com\/cestquilescreas\/wp-content\/uploads\/2025\/12\/Capture-decran-2025-12-05-a-11.53.10-1024x475.png\" alt=\"\" class=\"wp-image-11961\" srcset=\"https:\/\/www.ferembach.com\/cestquilescreas\/wp-content\/uploads\/2025\/12\/Capture-decran-2025-12-05-a-11.53.10-980x455.png 980w, https:\/\/www.ferembach.com\/cestquilescreas\/wp-content\/uploads\/2025\/12\/Capture-decran-2025-12-05-a-11.53.10-480x223.png 480w\" sizes=\"auto, (min-width: 0px) and (max-width: 480px) 480px, (min-width: 481px) and (max-width: 980px) 980px, (min-width: 981px) 1024px, 100vw\" \/><\/figure>\n\n\n\n<p class=\"has-vivid-cyan-blue-color has-text-color has-link-color has-medium-font-size wp-elements-e2b1c7c5acb4cec9a7cbedaccf7529cc\"><strong>Hello Aur\u00e9lie, viens, on parle 5 min d&rsquo;IA et de cr\u00e9as pub s\u00e9nior <\/strong><br><strong>Toi quel a \u00e9t\u00e9 ton parcours ?<\/strong><\/p>\n\n\n\n<p>Salut Greg. Je suis un mod\u00e8le des ann\u00e9es 80&#8230; Donc biberonn\u00e9e au \u00ab\u00a0Quand yen a marre ya Malabar\u00a0\u00bb, \u00ab\u00a0Reviens L\u00e9on j&rsquo;ai les m\u00eames \u00e0 la maison\u00a0\u00bb, ou autre \u00ab\u00a0Quand c&rsquo;est trop c&rsquo;est trop Tropico\u00a0\u00bb&#8230; Buvard \u00e0 slogans, et amatrice de l&rsquo;\u00e9mission c\u00e9l\u00e8bre du dimanche soir, j&rsquo;ai su tr\u00e8s jeune que plus tard, je voudrais \u00ab\u00a0chercher des id\u00e9es\u00a0\u00bb&#8230; Et comme je dois \u00eatre t\u00eatue, j&rsquo;ai jamais l\u00e2ch\u00e9 cet objectif. Du coup, apr\u00e8s mon bac scientifique, quand mes potes se tournaient vers de grandes pr\u00e9pas, je me suis orient\u00e9e vers l&rsquo;\u00e9cole St Luc \u00e0 Tournai, en Belgique.<br><br>Puis, la suite logique : 2 stages (Callegari Berville Grey, CLMBBDO) et finalement le CDD transform\u00e9 en CDI chez Lowe Strat\u00e9us (aujourd&rsquo;hui Libre Lowe), o\u00f9 j&rsquo;y ai rencontr\u00e9 ma moiti\u00e9 professionnelle : Fred Rougier (DA). On est rest\u00e9 l\u00e0-bas pendant 5 ans avec Vincent Behaeghel comme DC (excellente collaboration) puis en 2012, nous avons migr\u00e9, en team, vers BETC qui avait besoin de renfort sur Ferrero, Danone, Reckitt&#8230; et que j&rsquo;ai quitt\u00e9 en 2025.<\/p>\n\n\n\n<p><a href=\"https:\/\/aurelieguilbeau.myportfolio.com\/cv\">https:\/\/aurelieguilbeau.myportfolio.com\/cv<\/a><\/p>\n\n\n\n<p><a href=\"https:\/\/www.linkedin.com\/in\/aur%C3%A9lie-guilbeau\">https:\/\/www.linkedin.com\/in\/aur%C3%A9lie-guilbeau<\/a><\/p>\n\n\n\n<p class=\"has-vivid-cyan-blue-color has-text-color has-link-color has-medium-font-size wp-elements-bcd752769c06a37a3fb5ca01d73d595c\"><strong>Comment s\u2019est termin\u00e9e ton exp\u00e9rience dans la derni\u00e8re agence ?<\/strong><\/p>\n\n\n\n<p>Malheureusement, il y a eu la perte du budget historique Ferrero, des restructurations internes, de fortes r\u00e9ductions budg\u00e9taires chez certains clients&#8230; Les temps \u00e9taient (et sont toujours) durs, m\u00eame pour les grosses agences&#8230; Je ne m&rsquo;\u00e9terniserais pas sur la fin de mon exp\u00e9rience l\u00e0-bas, je pr\u00e9f\u00e8re garder les tr\u00e8s bons souvenirs de mes 12 ann\u00e9es pass\u00e9es, ce fut une riche exp\u00e9rience avec de supers rencontres.<br>Aujourd&rsquo;hui, je mets \u00e0 profit ce temps rare et pr\u00e9cieux pour, en plus des freelances, m&rsquo;investir \u00e0 fond dans ma nouvelle passion : l&rsquo;IA.<\/p>\n\n\n\n<p><\/p>\n\n\n\n<p class=\"has-vivid-cyan-blue-color has-text-color has-link-color has-medium-font-size wp-elements-dffb2313911c5a25e254bd2c4199049b\"><strong>Pourquoi t\u2019es tu int\u00e9resse \u00e0 l\u2019IA ?&nbsp; Et \u00e0 quel moment ?<\/strong><\/p>\n\n\n\n<p>Je suis rentr\u00e9e dans l&rsquo;IA g\u00e9n\u00e9rative gr\u00e2ce \u00e0 la chanson. \u00c7a fait bizarre formul\u00e9 comme \u00e7a, mais c&rsquo;est vrai. Un coll\u00e8gue m&rsquo;a fait d\u00e9couvrir SUNO en d\u00e9cembre 2023&#8230; Le mod\u00e8le n&rsquo;\u00e9tait pas du tout aussi \u00e9volu\u00e9 qu&rsquo;aujourd&rsquo;hui mais j&rsquo;ai tout de suite flash\u00e9e. Moi qui ne pas musicienne, je pouvais tout \u00e0 coup, composer mes propres chansons ! Adorant la r\u00e9daction, c&rsquo;\u00e9tait un nouveau moyen cr\u00e9atif de passer des messages. Pendant 1an, tous les pr\u00e9textes \u00e9taient bon pour \u00e9crire une chanson (mes proches et mes anciens coll\u00e8gues s&rsquo;en souviennent&#8230;) : anniversaires, message politique, cousinade, pots de d\u00e9part&#8230; jusqu&rsquo;\u00e0 mon CV !&#8230; Oui, j&rsquo;ai tendance \u00e0 penser, qu&rsquo;on peut TOUT chanter. \ud83d\ude09<br>Sinon, via l&rsquo;agence, j&rsquo;avais aussi un peu exp\u00e9riment\u00e9e Midjourney pour la cr\u00e9ation d&rsquo;images.<br>Finalement, je me suis mise \u00e0 chat GPT assez tardivement. Je pense que mon ego de r\u00e9dactrice voulait rester dans le d\u00e9ni\u2026<\/p>\n\n\n\n<p><a href=\"https:\/\/www.linkedin.com\/posts\/aur\u00e9lie-guilbeau_cher-r\u00e9seau-lautre-jour-didier-pr\u00e9nom-activity-7335243772710035457-YzI4\">https:\/\/www.linkedin.com\/posts\/aur\u00e9lie-guilbeau_cher-r\u00e9seau-lautre-jour-didier-pr\u00e9nom-activity-7335243772710035457-YzI4<\/a><\/p>\n\n\n\n<figure class=\"wp-block-image aligncenter size-large is-resized\"><a href=\"https:\/\/www.linkedin.com\/posts\/aur%C3%A9lie-guilbeau_cher-r%C3%A9seau-lautre-jour-didier-pr%C3%A9nom-activity-7335243772710035457-YzI4?utm_source=social_share_send&amp;utm_medium=member_desktop_web&amp;rcm=ACoAAB0WovYBJfCsjmgnN1FRYRHHGnFVEYMcOYs\"><img loading=\"lazy\" decoding=\"async\" width=\"620\" height=\"1024\" src=\"https:\/\/www.ferembach.com\/cestquilescreas\/wp-content\/uploads\/2025\/12\/Capture-decran-2025-12-05-a-11.50.35-620x1024.png\" alt=\"\" class=\"wp-image-11960\" style=\"width:293px;height:auto\" srcset=\"https:\/\/www.ferembach.com\/cestquilescreas\/wp-content\/uploads\/2025\/12\/Capture-decran-2025-12-05-a-11.50.35-620x1024.png 620w, https:\/\/www.ferembach.com\/cestquilescreas\/wp-content\/uploads\/2025\/12\/Capture-decran-2025-12-05-a-11.50.35-480x793.png 480w\" sizes=\"auto, (min-width: 0px) and (max-width: 480px) 480px, (min-width: 481px) 620px, 100vw\" \/><\/a><\/figure>\n\n\n\n<p class=\"has-vivid-cyan-blue-color has-text-color has-link-color has-medium-font-size wp-elements-4810ab03a36b6090ed0484b08298ab7a\"><strong>Tu as fait des formations ? Tu en retires quoi\u202f? Est-ce utile vu le rythme des nouveaut\u00e9s ?<\/strong><\/p>\n\n\n\n<p>C&rsquo;est depuis cet \u00e9t\u00e9 (juillet 2025) que j&rsquo;ai voulu vraiment approfondir mon exp\u00e9rience en IA g\u00e9n\u00e9rative. J&rsquo;ai d&rsquo;abord fait mes recherches et premiers pas en solo, en suivant plein de comptes d&rsquo;initi\u00e9s sur Linkedin, regardant des tutos youtube, en consultant Chat GPT&#8230; Je m&rsquo;\u00e9tais aussi offert le livre \u00ab\u00a0Hyperprompt\u00a0\u00bb de Flavien Chervet (conf\u00e9rencier, auteur &amp; philosophe autour de l&rsquo;IA, et toujours passionnant \u00e0 lire ou \u00e9couter).<br>Et j&rsquo;ai voulu compl\u00e9ter tout \u00e7a, en septembre, avec les 2 jours de formation\/acculturation propos\u00e9s par Gilles Guerraz, dont je suivais d\u00e9j\u00e0 l&rsquo;excellent travail et les immanquables newsletters hebdomadaires.<br>Cette formation, sp\u00e9cifique \u00e0 la cr\u00e9ation de contenu images &amp; videos, m&rsquo;a \u00e9t\u00e9 bien utile. M\u00eame si j&rsquo;avais d\u00e9j\u00e0 d\u00e9blay\u00e9 le terrain par moi-m\u00eame, \u00e7a m&rsquo;a permis de conforter mes acquis, lever certains blocages, et me donner pas mal de tips. Aussi, le fait d&rsquo;\u00e9changer avec d&rsquo;autres, avec qui je suis toujours en contact, est tr\u00e8s appr\u00e9ciable.<\/p>\n\n\n\n<p><br>Mais il faut quand m\u00eame prendre le temps de pratiquer, pour consolider les connaissances. Du coup, tout de suite apr\u00e8s ma formation, je me suis mise pour d\u00e9fi de r\u00e9aliser un court-m\u00e9trage, de A \u00e0 Z, 100% IA. Mon challenge \u00e9tait de conserver la coh\u00e9rence (personnages, lieu) jusqu&rsquo;au bout. Je n&rsquo;avais jamais ouvert Adobe Premi\u00e8re, ni r\u00e9aliser de bande sons avant cela non plus. J&rsquo;y ai pass\u00e9 10 jours assez intensifs mais c&rsquo;\u00e9tait tr\u00e8s formateur.<\/p>\n\n\n<figure class=\"wp-block-embed-youtube wp-block-embed is-type-video is-provider-youtube wp-embed-aspect-16-9 wp-has-aspect-ratio\"><div class=\"lyte-wrapper\" style=\"width:853px;max-width:100%;margin:5px auto;\"><div class=\"lyMe\" id=\"WYL_XuUh2YxlcgI\"><div id=\"lyte_XuUh2YxlcgI\" data-src=\"https:\/\/www.ferembach.com\/cestquilescreas\/wp-content\/plugins\/wp-youtube-lyte\/lyteCache.php?origThumbUrl=%2F%2Fi.ytimg.com%2Fvi%2FXuUh2YxlcgI%2Fhqdefault.jpg\" class=\"pL\"><div class=\"tC\"><div class=\"tT\"><\/div><\/div><div class=\"play\"><\/div><div class=\"ctrl\"><div class=\"Lctrl\"><\/div><div class=\"Rctrl\"><\/div><\/div><\/div><noscript><a href=\"https:\/\/youtu.be\/XuUh2YxlcgI\" rel=\"nofollow\"><img loading=\"lazy\" decoding=\"async\" src=\"https:\/\/www.ferembach.com\/cestquilescreas\/wp-content\/plugins\/wp-youtube-lyte\/lyteCache.php?origThumbUrl=https%3A%2F%2Fi.ytimg.com%2Fvi%2FXuUh2YxlcgI%2F0.jpg\" alt=\"YouTube video thumbnail\" width=\"853\" height=\"460\" \/><br \/>Lire cette vid\u00e9o sur YouTube<\/a><\/noscript><\/div><\/div><div class=\"lL\" style=\"max-width:100%;width:853px;margin:5px auto;\"><\/div><figcaption><\/figcaption><\/figure>\n\n\n<p>Concernant les nouveaut\u00e9s, tu as raison, c&rsquo;est de la folie furieuse&#8230; Tous les 2 jours, il y a un nouveau mod\u00e8le \u00ab\u00a0Sensationnel\u00a0\u00bb ou une mise \u00e0 jour \u00ab\u00a0R\u00e9volutionnaire\u00a0\u00bb qui sort&#8230; Mais \u00e7a ne remet en question ton workflow \u00e0 chaque fois, heureusement. Et j&rsquo;ai vite compris qu&rsquo;il ne fallait pas basculer dans le FOMO : tout essayer est tout simplement impossible et co\u00fbteux et il y a aussi pas mal de \u00ab\u00a0gadgets\u00a0\u00bb ou doublons.<br>Par contre, c&rsquo;est vrai que parfois, tu as mis en place une m\u00e9thode de travail, et tout \u00e0 coup, il y a THE programme qui vient bouleverser totalement la donne, comme ce fut le cas \u00e0 la sortie de Nano Banana par exemple. Mais en g\u00e9n\u00e9ral, \u00e7a va dans le sens d&rsquo;une simplification, donc tu t&rsquo;adaptes facilement.&nbsp;<\/p>\n\n\n\n<p><a href=\"https:\/\/www.linkedin.com\/feed\/update\/urn:li:activity:7400177735589064704\">https:\/\/www.linkedin.com\/feed\/update\/urn:li:activity:7400177735589064704<\/a><\/p>\n\n\n\n<div class=\"wp-block-uagb-image uagb-block-cb151469 wp-block-uagb-image--layout-default wp-block-uagb-image--effect-static wp-block-uagb-image--align-none\"><figure class=\"wp-block-uagb-image__figure\"><a class=\"\" href=\"https:\/\/www.linkedin.com\/feed\/update\/urn:li:activity:7400177735589064704\/\" target=\"\" rel=\"noopener\"><img decoding=\"async\" srcset=\"https:\/\/www.ferembach.com\/cestquilescreas\/wp-content\/uploads\/2025\/12\/Capture-decran-2025-12-05-a-11.44.58-945x1024.png ,https:\/\/www.ferembach.com\/cestquilescreas\/wp-content\/uploads\/2025\/12\/Capture-decran-2025-12-05-a-11.44.58.png 780w, https:\/\/www.ferembach.com\/cestquilescreas\/wp-content\/uploads\/2025\/12\/Capture-decran-2025-12-05-a-11.44.58.png 360w\" sizes=\"auto, (max-width: 480px) 150px\" src=\"https:\/\/www.ferembach.com\/cestquilescreas\/wp-content\/uploads\/2025\/12\/Capture-decran-2025-12-05-a-11.44.58-945x1024.png\" alt=\"\" class=\"uag-image-11958\" width=\"376\" height=\"239\" title=\"Capture d\u2019e\u0301cran 2025-12-05 a\u0300 11.44.58\" loading=\"lazy\" role=\"img\"\/><\/a><\/figure><\/div>\n\n\n\n<p class=\"has-vivid-cyan-blue-color has-text-color has-link-color has-medium-font-size wp-elements-d2bce3bd0456f37729e3082439edfa37\"><strong>Tu penses que tous les cr\u00e9as s\u00e9niors devraient le faire ?<\/strong><\/p>\n\n\n\n<p>J&rsquo;imagine que la majorit\u00e9 des cr\u00e9as, m\u00eame s\u00e9niors, utilisent d\u00e9j\u00e0 l&rsquo;IA au quotidien et que \u00e7a va, de toutes fa\u00e7ons, devenir indispensable. Mais c&rsquo;est vrai que la formation peut mettre un bon pied \u00e0 l&rsquo;\u00e9trier si on ne se sent pas \u00e0 l&rsquo;aise. Il ne faut surtout pas pas se laisser d\u00e9passer par la technologie ou en avoir peur car, croyez-moi, on y prend vite go\u00fbt !!<br>(&#8230; Apr\u00e8s, je ne veux pas me prononcer plus que \u00e7a sur le devenir de nos professions, car le d\u00e9veloppement si rapide de l\u2019IA et son accessibilit\u00e9 posent quand m\u00eame, aussi, de vraies questions de fond &#8211; mais ce n&rsquo;est pas le sujet ici&#8230;)<\/p>\n\n\n\n<p class=\"has-vivid-cyan-blue-color has-text-color has-link-color has-medium-font-size wp-elements-5797660d2adc455ab28aad8625b97f53\"><strong>Tu bosses d\u00e9j\u00e0 avec l\u2019IA ?<\/strong><\/p>\n\n\n\n<p>M\u00eame sans \u00eatre experte de la technologie, l&rsquo;IA est devenu pour moi un formidable catalyseur de cr\u00e9ativit\u00e9. Aujourd&rsquo;hui, oui, je l&rsquo;ai int\u00e9gr\u00e9e dans ma fa\u00e7on de travailler. Mais attention, ce n&rsquo;est pas magique, il faut toujours driver \u00e9norm\u00e9ment la machine et faire le tri, mais cela enrichi et acc\u00e9l\u00e8re le processus cr\u00e9atif, c&rsquo;est ind\u00e9niable.<br>Et en plus, avoir la possibilit\u00e9 d&rsquo;auto-produire les maquettes de ses id\u00e9es, quelle jouissance ! Pour moi qui ai pass\u00e9 les 17 derni\u00e8res ann\u00e9es \u00e0 \u00e9crire des scripts qui, pour la grande majorit\u00e9, n&rsquo;ont jamais pass\u00e9 l&rsquo;\u00e9tape du Word, la promesse \u00e9tait trop tentante.<\/p>\n\n\n\n<p><a href=\"https:\/\/www.linkedin.com\/feed\/update\/urn:li:activity:7395505261651709953\">https:\/\/www.linkedin.com\/feed\/update\/urn:li:activity:7395505261651709953<\/a><\/p>\n\n\n\n<figure class=\"wp-block-image aligncenter size-large is-resized\"><img loading=\"lazy\" decoding=\"async\" width=\"888\" height=\"1024\" src=\"https:\/\/www.ferembach.com\/cestquilescreas\/wp-content\/uploads\/2025\/12\/Capture-decran-2025-12-05-a-11.47.04-888x1024.png\" alt=\"\" class=\"wp-image-11959\" style=\"aspect-ratio:0.8671829836001578;width:337px;height:auto\"\/><\/figure>\n\n\n\n<p class=\"has-vivid-cyan-blue-color has-text-color has-link-color has-medium-font-size wp-elements-36b08d51d8aafb839589cb55152ec75a\"><strong>Tu conseilles quoi ?<\/strong><\/p>\n\n\n\n<p>Concernant les outils, on prend vite ses petites IA.bitudes&#8230;<\/p>\n\n\n\n<p>Pour la r\u00e9flexion, je jongle entre GPT et G\u00e9mini (depuis la sortie du 3 qui est tr\u00e8s tr\u00e8s fort). Un peu de Claude aussi&#8230; il m&rsquo;arrive de les challenger tous les 3&#8230; Mais je n&rsquo;ai aucun abonnement payant, et, jusqu&rsquo;ici, \u00e7a ne m&rsquo;a pas manqu\u00e9.<\/p>\n\n\n\n<p>Pour la cr\u00e9ation, j&rsquo;ai mon abonnement Freepik, une plateforme bien pratique parce qu&rsquo;elle r\u00e9unit \u00e9norm\u00e9ment de mod\u00e8les diff\u00e9rents (dont les meilleurs : Kling, Veo, Sora, Banana Pro&#8230;), j&rsquo;ai aussi pris un compte Google Flow, Midjourney, Eleven Lab (incontournable pour le son et les voix), et pour la musique, je suis rest\u00e9e fid\u00e8le \u00e0 mon premier amour Suno. J&rsquo;ai test\u00e9 aussi Heygen pour les avatars, mais c&rsquo;est moins mon truc.&nbsp;<\/p>\n\n\n\n<p>Je teste ponctuellement d&rsquo;autres mod\u00e8les mais \u00e7a chiffre vite alors j&rsquo;essaye de me contenter de ce que j&rsquo;ai&#8230; Je ne dois pas \u00eatre tr\u00e8s loin de la petite centaine d&rsquo;euros consacr\u00e9e \u00e0 l&rsquo;IA tous les mois quand m\u00eame. Mais quand on aime on ne compte (presque) pas.<\/p>\n\n\n\n<p class=\"has-vivid-cyan-blue-color has-text-color has-link-color has-medium-font-size wp-elements-a1aca069c87b4e385e2fd0d0a92aea3e\"><strong>Merci !<\/strong><\/p>\n\n\n\n<div style=\"height:100px\" aria-hidden=\"true\" class=\"wp-block-spacer\"><\/div>\n","protected":false},"excerpt":{"rendered":"<p>Hello Aur\u00e9lie, viens, on parle 5 min d&rsquo;IA et de cr\u00e9as pub s\u00e9nior Toi quel a \u00e9t\u00e9 ton parcours ? Salut Greg. Je suis un mod\u00e8le des ann\u00e9es 80&#8230; Donc biberonn\u00e9e au \u00ab\u00a0Quand yen a marre ya Malabar\u00a0\u00bb, \u00ab\u00a0Reviens L\u00e9on j&rsquo;ai les m\u00eames \u00e0 la maison\u00a0\u00bb, ou autre \u00ab\u00a0Quand c&rsquo;est trop c&rsquo;est trop Tropico\u00a0\u00bb&#8230; Buvard [&hellip;]<\/p>\n","protected":false},"author":4,"featured_media":11961,"comment_status":"closed","ping_status":"closed","sticky":false,"template":"","format":"standard","meta":{"_et_pb_use_builder":"off","_et_pb_old_content":"","_et_gb_content_width":"","_uag_custom_page_level_css":"","footnotes":""},"categories":[44,75],"tags":[],"class_list":["post-11956","post","type-post","status-publish","format-standard","has-post-thumbnail","hentry","category-creatif","category-redactrice"],"yoast_head":"<!-- This site is optimized with the Yoast SEO plugin v27.5 - https:\/\/yoast.com\/product\/yoast-seo-wordpress\/ -->\n<title>5 min avec...Aur\u00e9lie et l&#039;IA &#8226; C&#039;est qui les Cr\u00e9as ?<\/title>\n<meta name=\"robots\" content=\"index, follow, max-snippet:-1, max-image-preview:large, max-video-preview:-1\" \/>\n<link rel=\"canonical\" href=\"https:\/\/www.ferembach.com\/cestquilescreas\/redactrice\/aurelie\/\" \/>\n<meta property=\"og:locale\" content=\"fr_FR\" \/>\n<meta property=\"og:type\" content=\"article\" \/>\n<meta property=\"og:title\" content=\"5 min avec...Aur\u00e9lie et l&#039;IA &#8226; C&#039;est qui les Cr\u00e9as ?\" \/>\n<meta property=\"og:description\" content=\"Hello Aur\u00e9lie, viens, on parle 5 min d&rsquo;IA et de cr\u00e9as pub s\u00e9nior Toi quel a \u00e9t\u00e9 ton parcours ? Salut Greg. Je suis un mod\u00e8le des ann\u00e9es 80&#8230; Donc biberonn\u00e9e au \u00ab\u00a0Quand yen a marre ya Malabar\u00a0\u00bb, \u00ab\u00a0Reviens L\u00e9on j&rsquo;ai les m\u00eames \u00e0 la maison\u00a0\u00bb, ou autre \u00ab\u00a0Quand c&rsquo;est trop c&rsquo;est trop Tropico\u00a0\u00bb&#8230; Buvard [&hellip;]\" \/>\n<meta property=\"og:url\" content=\"https:\/\/www.ferembach.com\/cestquilescreas\/redactrice\/aurelie\/\" \/>\n<meta property=\"og:site_name\" content=\"C&#039;est qui les Cr\u00e9as ?\" \/>\n<meta property=\"article:publisher\" content=\"https:\/\/www.facebook.com\/CestquilesCreas\/\" \/>\n<meta property=\"article:published_time\" content=\"2025-12-05T10:53:54+00:00\" \/>\n<meta property=\"article:modified_time\" content=\"2025-12-05T11:23:42+00:00\" \/>\n<meta property=\"og:image\" content=\"https:\/\/www.ferembach.com\/cestquilescreas\/wp-content\/uploads\/2025\/12\/Capture-decran-2025-12-05-a-11.53.10-scaled.png\" \/>\n\t<meta property=\"og:image:width\" content=\"2560\" \/>\n\t<meta property=\"og:image:height\" content=\"1189\" \/>\n\t<meta property=\"og:image:type\" content=\"image\/png\" \/>\n<meta name=\"author\" content=\"gregory ferembach\" \/>\n<meta name=\"twitter:card\" content=\"summary_large_image\" \/>\n<meta name=\"twitter:label1\" content=\"\u00c9crit par\" \/>\n\t<meta name=\"twitter:data1\" content=\"gregory ferembach\" \/>\n\t<meta name=\"twitter:label2\" content=\"Dur\u00e9e de lecture estim\u00e9e\" \/>\n\t<meta name=\"twitter:data2\" content=\"8 minutes\" \/>\n<script type=\"application\/ld+json\" class=\"yoast-schema-graph\">{\"@context\":\"https:\\\/\\\/schema.org\",\"@graph\":[{\"@type\":\"Article\",\"@id\":\"https:\\\/\\\/www.ferembach.com\\\/cestquilescreas\\\/redactrice\\\/aurelie\\\/#article\",\"isPartOf\":{\"@id\":\"https:\\\/\\\/www.ferembach.com\\\/cestquilescreas\\\/redactrice\\\/aurelie\\\/\"},\"author\":{\"name\":\"gregory ferembach\",\"@id\":\"https:\\\/\\\/www.ferembach.com\\\/cestquilescreas\\\/#\\\/schema\\\/person\\\/228b651374249a02f20a1921f0e2516b\"},\"headline\":\"5 min avec&#8230;Aur\u00e9lie et l&rsquo;IA\",\"datePublished\":\"2025-12-05T10:53:54+00:00\",\"dateModified\":\"2025-12-05T11:23:42+00:00\",\"mainEntityOfPage\":{\"@id\":\"https:\\\/\\\/www.ferembach.com\\\/cestquilescreas\\\/redactrice\\\/aurelie\\\/\"},\"wordCount\":1368,\"publisher\":{\"@id\":\"https:\\\/\\\/www.ferembach.com\\\/cestquilescreas\\\/#organization\"},\"image\":{\"@id\":\"https:\\\/\\\/www.ferembach.com\\\/cestquilescreas\\\/redactrice\\\/aurelie\\\/#primaryimage\"},\"thumbnailUrl\":\"https:\\\/\\\/www.ferembach.com\\\/cestquilescreas\\\/wp-content\\\/uploads\\\/2025\\\/12\\\/Capture-decran-2025-12-05-a-11.53.10-scaled.png\",\"articleSection\":[\".cr\u00e9atif\",\".R\u00e9dactrice\"],\"inLanguage\":\"fr-FR\"},{\"@type\":\"WebPage\",\"@id\":\"https:\\\/\\\/www.ferembach.com\\\/cestquilescreas\\\/redactrice\\\/aurelie\\\/\",\"url\":\"https:\\\/\\\/www.ferembach.com\\\/cestquilescreas\\\/redactrice\\\/aurelie\\\/\",\"name\":\"5 min avec...Aur\u00e9lie et l'IA &#8226; C&#039;est qui les Cr\u00e9as ?\",\"isPartOf\":{\"@id\":\"https:\\\/\\\/www.ferembach.com\\\/cestquilescreas\\\/#website\"},\"primaryImageOfPage\":{\"@id\":\"https:\\\/\\\/www.ferembach.com\\\/cestquilescreas\\\/redactrice\\\/aurelie\\\/#primaryimage\"},\"image\":{\"@id\":\"https:\\\/\\\/www.ferembach.com\\\/cestquilescreas\\\/redactrice\\\/aurelie\\\/#primaryimage\"},\"thumbnailUrl\":\"https:\\\/\\\/www.ferembach.com\\\/cestquilescreas\\\/wp-content\\\/uploads\\\/2025\\\/12\\\/Capture-decran-2025-12-05-a-11.53.10-scaled.png\",\"datePublished\":\"2025-12-05T10:53:54+00:00\",\"dateModified\":\"2025-12-05T11:23:42+00:00\",\"breadcrumb\":{\"@id\":\"https:\\\/\\\/www.ferembach.com\\\/cestquilescreas\\\/redactrice\\\/aurelie\\\/#breadcrumb\"},\"inLanguage\":\"fr-FR\",\"potentialAction\":[{\"@type\":\"ReadAction\",\"target\":[\"https:\\\/\\\/www.ferembach.com\\\/cestquilescreas\\\/redactrice\\\/aurelie\\\/\"]}]},{\"@type\":\"ImageObject\",\"inLanguage\":\"fr-FR\",\"@id\":\"https:\\\/\\\/www.ferembach.com\\\/cestquilescreas\\\/redactrice\\\/aurelie\\\/#primaryimage\",\"url\":\"https:\\\/\\\/www.ferembach.com\\\/cestquilescreas\\\/wp-content\\\/uploads\\\/2025\\\/12\\\/Capture-decran-2025-12-05-a-11.53.10-scaled.png\",\"contentUrl\":\"https:\\\/\\\/www.ferembach.com\\\/cestquilescreas\\\/wp-content\\\/uploads\\\/2025\\\/12\\\/Capture-decran-2025-12-05-a-11.53.10-scaled.png\",\"width\":2560,\"height\":1189},{\"@type\":\"BreadcrumbList\",\"@id\":\"https:\\\/\\\/www.ferembach.com\\\/cestquilescreas\\\/redactrice\\\/aurelie\\\/#breadcrumb\",\"itemListElement\":[{\"@type\":\"ListItem\",\"position\":1,\"name\":\"Accueil\",\"item\":\"https:\\\/\\\/www.ferembach.com\\\/cestquilescreas\\\/\"},{\"@type\":\"ListItem\",\"position\":2,\"name\":\"5 min avec&#8230;Aur\u00e9lie et l&rsquo;IA\"}]},{\"@type\":\"WebSite\",\"@id\":\"https:\\\/\\\/www.ferembach.com\\\/cestquilescreas\\\/#website\",\"url\":\"https:\\\/\\\/www.ferembach.com\\\/cestquilescreas\\\/\",\"name\":\"C'est qui les Cr\u00e9as ?\",\"description\":\"D\u00e9couvrez les cr\u00e9atifs, leurs parcours et leurs (en)vies...\",\"publisher\":{\"@id\":\"https:\\\/\\\/www.ferembach.com\\\/cestquilescreas\\\/#organization\"},\"potentialAction\":[{\"@type\":\"SearchAction\",\"target\":{\"@type\":\"EntryPoint\",\"urlTemplate\":\"https:\\\/\\\/www.ferembach.com\\\/cestquilescreas\\\/?s={search_term_string}\"},\"query-input\":{\"@type\":\"PropertyValueSpecification\",\"valueRequired\":true,\"valueName\":\"search_term_string\"}}],\"inLanguage\":\"fr-FR\"},{\"@type\":\"Organization\",\"@id\":\"https:\\\/\\\/www.ferembach.com\\\/cestquilescreas\\\/#organization\",\"name\":\"C'est qui les Cr\u00e9as ?\",\"url\":\"https:\\\/\\\/www.ferembach.com\\\/cestquilescreas\\\/\",\"logo\":{\"@type\":\"ImageObject\",\"inLanguage\":\"fr-FR\",\"@id\":\"https:\\\/\\\/www.ferembach.com\\\/cestquilescreas\\\/#\\\/schema\\\/logo\\\/image\\\/\",\"url\":\"https:\\\/\\\/www.ferembach.com\\\/cestquilescreas\\\/wp-content\\\/uploads\\\/2020\\\/02\\\/logo-cqlc-1024x368-3.png\",\"contentUrl\":\"https:\\\/\\\/www.ferembach.com\\\/cestquilescreas\\\/wp-content\\\/uploads\\\/2020\\\/02\\\/logo-cqlc-1024x368-3.png\",\"width\":1024,\"height\":368,\"caption\":\"C'est qui les Cr\u00e9as ?\"},\"image\":{\"@id\":\"https:\\\/\\\/www.ferembach.com\\\/cestquilescreas\\\/#\\\/schema\\\/logo\\\/image\\\/\"},\"sameAs\":[\"https:\\\/\\\/www.facebook.com\\\/CestquilesCreas\\\/\"]},{\"@type\":\"Person\",\"@id\":\"https:\\\/\\\/www.ferembach.com\\\/cestquilescreas\\\/#\\\/schema\\\/person\\\/228b651374249a02f20a1921f0e2516b\",\"name\":\"gregory ferembach\",\"image\":{\"@type\":\"ImageObject\",\"inLanguage\":\"fr-FR\",\"@id\":\"https:\\\/\\\/secure.gravatar.com\\\/avatar\\\/605c4bda0e1d2a91637e7bb2eb4af75b09419585355d212ee36e067ca646749c?s=96&d=mm&r=g\",\"url\":\"https:\\\/\\\/secure.gravatar.com\\\/avatar\\\/605c4bda0e1d2a91637e7bb2eb4af75b09419585355d212ee36e067ca646749c?s=96&d=mm&r=g\",\"contentUrl\":\"https:\\\/\\\/secure.gravatar.com\\\/avatar\\\/605c4bda0e1d2a91637e7bb2eb4af75b09419585355d212ee36e067ca646749c?s=96&d=mm&r=g\",\"caption\":\"gregory ferembach\"}}]}<\/script>\n<!-- \/ Yoast SEO plugin. -->","yoast_head_json":{"title":"5 min avec...Aur\u00e9lie et l'IA &#8226; C&#039;est qui les Cr\u00e9as ?","robots":{"index":"index","follow":"follow","max-snippet":"max-snippet:-1","max-image-preview":"max-image-preview:large","max-video-preview":"max-video-preview:-1"},"canonical":"https:\/\/www.ferembach.com\/cestquilescreas\/redactrice\/aurelie\/","og_locale":"fr_FR","og_type":"article","og_title":"5 min avec...Aur\u00e9lie et l'IA &#8226; C&#039;est qui les Cr\u00e9as ?","og_description":"Hello Aur\u00e9lie, viens, on parle 5 min d&rsquo;IA et de cr\u00e9as pub s\u00e9nior Toi quel a \u00e9t\u00e9 ton parcours ? Salut Greg. Je suis un mod\u00e8le des ann\u00e9es 80&#8230; Donc biberonn\u00e9e au \u00ab\u00a0Quand yen a marre ya Malabar\u00a0\u00bb, \u00ab\u00a0Reviens L\u00e9on j&rsquo;ai les m\u00eames \u00e0 la maison\u00a0\u00bb, ou autre \u00ab\u00a0Quand c&rsquo;est trop c&rsquo;est trop Tropico\u00a0\u00bb&#8230; Buvard [&hellip;]","og_url":"https:\/\/www.ferembach.com\/cestquilescreas\/redactrice\/aurelie\/","og_site_name":"C&#039;est qui les Cr\u00e9as ?","article_publisher":"https:\/\/www.facebook.com\/CestquilesCreas\/","article_published_time":"2025-12-05T10:53:54+00:00","article_modified_time":"2025-12-05T11:23:42+00:00","og_image":[{"width":2560,"height":1189,"url":"https:\/\/www.ferembach.com\/cestquilescreas\/wp-content\/uploads\/2025\/12\/Capture-decran-2025-12-05-a-11.53.10-scaled.png","type":"image\/png"}],"author":"gregory ferembach","twitter_card":"summary_large_image","twitter_misc":{"\u00c9crit par":"gregory ferembach","Dur\u00e9e de lecture estim\u00e9e":"8 minutes"},"schema":{"@context":"https:\/\/schema.org","@graph":[{"@type":"Article","@id":"https:\/\/www.ferembach.com\/cestquilescreas\/redactrice\/aurelie\/#article","isPartOf":{"@id":"https:\/\/www.ferembach.com\/cestquilescreas\/redactrice\/aurelie\/"},"author":{"name":"gregory ferembach","@id":"https:\/\/www.ferembach.com\/cestquilescreas\/#\/schema\/person\/228b651374249a02f20a1921f0e2516b"},"headline":"5 min avec&#8230;Aur\u00e9lie et l&rsquo;IA","datePublished":"2025-12-05T10:53:54+00:00","dateModified":"2025-12-05T11:23:42+00:00","mainEntityOfPage":{"@id":"https:\/\/www.ferembach.com\/cestquilescreas\/redactrice\/aurelie\/"},"wordCount":1368,"publisher":{"@id":"https:\/\/www.ferembach.com\/cestquilescreas\/#organization"},"image":{"@id":"https:\/\/www.ferembach.com\/cestquilescreas\/redactrice\/aurelie\/#primaryimage"},"thumbnailUrl":"https:\/\/www.ferembach.com\/cestquilescreas\/wp-content\/uploads\/2025\/12\/Capture-decran-2025-12-05-a-11.53.10-scaled.png","articleSection":[".cr\u00e9atif",".R\u00e9dactrice"],"inLanguage":"fr-FR"},{"@type":"WebPage","@id":"https:\/\/www.ferembach.com\/cestquilescreas\/redactrice\/aurelie\/","url":"https:\/\/www.ferembach.com\/cestquilescreas\/redactrice\/aurelie\/","name":"5 min avec...Aur\u00e9lie et l'IA &#8226; C&#039;est qui les Cr\u00e9as ?","isPartOf":{"@id":"https:\/\/www.ferembach.com\/cestquilescreas\/#website"},"primaryImageOfPage":{"@id":"https:\/\/www.ferembach.com\/cestquilescreas\/redactrice\/aurelie\/#primaryimage"},"image":{"@id":"https:\/\/www.ferembach.com\/cestquilescreas\/redactrice\/aurelie\/#primaryimage"},"thumbnailUrl":"https:\/\/www.ferembach.com\/cestquilescreas\/wp-content\/uploads\/2025\/12\/Capture-decran-2025-12-05-a-11.53.10-scaled.png","datePublished":"2025-12-05T10:53:54+00:00","dateModified":"2025-12-05T11:23:42+00:00","breadcrumb":{"@id":"https:\/\/www.ferembach.com\/cestquilescreas\/redactrice\/aurelie\/#breadcrumb"},"inLanguage":"fr-FR","potentialAction":[{"@type":"ReadAction","target":["https:\/\/www.ferembach.com\/cestquilescreas\/redactrice\/aurelie\/"]}]},{"@type":"ImageObject","inLanguage":"fr-FR","@id":"https:\/\/www.ferembach.com\/cestquilescreas\/redactrice\/aurelie\/#primaryimage","url":"https:\/\/www.ferembach.com\/cestquilescreas\/wp-content\/uploads\/2025\/12\/Capture-decran-2025-12-05-a-11.53.10-scaled.png","contentUrl":"https:\/\/www.ferembach.com\/cestquilescreas\/wp-content\/uploads\/2025\/12\/Capture-decran-2025-12-05-a-11.53.10-scaled.png","width":2560,"height":1189},{"@type":"BreadcrumbList","@id":"https:\/\/www.ferembach.com\/cestquilescreas\/redactrice\/aurelie\/#breadcrumb","itemListElement":[{"@type":"ListItem","position":1,"name":"Accueil","item":"https:\/\/www.ferembach.com\/cestquilescreas\/"},{"@type":"ListItem","position":2,"name":"5 min avec&#8230;Aur\u00e9lie et l&rsquo;IA"}]},{"@type":"WebSite","@id":"https:\/\/www.ferembach.com\/cestquilescreas\/#website","url":"https:\/\/www.ferembach.com\/cestquilescreas\/","name":"C'est qui les Cr\u00e9as ?","description":"D\u00e9couvrez les cr\u00e9atifs, leurs parcours et leurs (en)vies...","publisher":{"@id":"https:\/\/www.ferembach.com\/cestquilescreas\/#organization"},"potentialAction":[{"@type":"SearchAction","target":{"@type":"EntryPoint","urlTemplate":"https:\/\/www.ferembach.com\/cestquilescreas\/?s={search_term_string}"},"query-input":{"@type":"PropertyValueSpecification","valueRequired":true,"valueName":"search_term_string"}}],"inLanguage":"fr-FR"},{"@type":"Organization","@id":"https:\/\/www.ferembach.com\/cestquilescreas\/#organization","name":"C'est qui les Cr\u00e9as ?","url":"https:\/\/www.ferembach.com\/cestquilescreas\/","logo":{"@type":"ImageObject","inLanguage":"fr-FR","@id":"https:\/\/www.ferembach.com\/cestquilescreas\/#\/schema\/logo\/image\/","url":"https:\/\/www.ferembach.com\/cestquilescreas\/wp-content\/uploads\/2020\/02\/logo-cqlc-1024x368-3.png","contentUrl":"https:\/\/www.ferembach.com\/cestquilescreas\/wp-content\/uploads\/2020\/02\/logo-cqlc-1024x368-3.png","width":1024,"height":368,"caption":"C'est qui les Cr\u00e9as ?"},"image":{"@id":"https:\/\/www.ferembach.com\/cestquilescreas\/#\/schema\/logo\/image\/"},"sameAs":["https:\/\/www.facebook.com\/CestquilesCreas\/"]},{"@type":"Person","@id":"https:\/\/www.ferembach.com\/cestquilescreas\/#\/schema\/person\/228b651374249a02f20a1921f0e2516b","name":"gregory ferembach","image":{"@type":"ImageObject","inLanguage":"fr-FR","@id":"https:\/\/secure.gravatar.com\/avatar\/605c4bda0e1d2a91637e7bb2eb4af75b09419585355d212ee36e067ca646749c?s=96&d=mm&r=g","url":"https:\/\/secure.gravatar.com\/avatar\/605c4bda0e1d2a91637e7bb2eb4af75b09419585355d212ee36e067ca646749c?s=96&d=mm&r=g","contentUrl":"https:\/\/secure.gravatar.com\/avatar\/605c4bda0e1d2a91637e7bb2eb4af75b09419585355d212ee36e067ca646749c?s=96&d=mm&r=g","caption":"gregory ferembach"}}]}},"uagb_featured_image_src":{"full":["https:\/\/www.ferembach.com\/cestquilescreas\/wp-content\/uploads\/2025\/12\/Capture-decran-2025-12-05-a-11.53.10-scaled.png",2560,1189,false],"thumbnail":["https:\/\/www.ferembach.com\/cestquilescreas\/wp-content\/uploads\/2025\/12\/Capture-decran-2025-12-05-a-11.53.10-120x120.png",120,120,true],"medium":["https:\/\/www.ferembach.com\/cestquilescreas\/wp-content\/uploads\/2025\/12\/Capture-decran-2025-12-05-a-11.53.10-60x28.png",60,28,true],"medium_large":["https:\/\/www.ferembach.com\/cestquilescreas\/wp-content\/uploads\/2025\/12\/Capture-decran-2025-12-05-a-11.53.10-768x357.png",768,357,true],"large":["https:\/\/www.ferembach.com\/cestquilescreas\/wp-content\/uploads\/2025\/12\/Capture-decran-2025-12-05-a-11.53.10-1024x475.png",1024,475,true],"1536x1536":["https:\/\/www.ferembach.com\/cestquilescreas\/wp-content\/uploads\/2025\/12\/Capture-decran-2025-12-05-a-11.53.10-1536x713.png",1536,713,true],"2048x2048":["https:\/\/www.ferembach.com\/cestquilescreas\/wp-content\/uploads\/2025\/12\/Capture-decran-2025-12-05-a-11.53.10-2048x951.png",2048,951,true],"et-pb-post-main-image":["https:\/\/www.ferembach.com\/cestquilescreas\/wp-content\/uploads\/2025\/12\/Capture-decran-2025-12-05-a-11.53.10-400x250.png",400,250,true],"et-pb-post-main-image-fullwidth":["https:\/\/www.ferembach.com\/cestquilescreas\/wp-content\/uploads\/2025\/12\/Capture-decran-2025-12-05-a-11.53.10-1080x675.png",1080,675,true],"et-pb-portfolio-image":["https:\/\/www.ferembach.com\/cestquilescreas\/wp-content\/uploads\/2025\/12\/Capture-decran-2025-12-05-a-11.53.10-400x284.png",400,284,true],"et-pb-portfolio-module-image":["https:\/\/www.ferembach.com\/cestquilescreas\/wp-content\/uploads\/2025\/12\/Capture-decran-2025-12-05-a-11.53.10-510x382.png",510,382,true],"et-pb-portfolio-image-single":["https:\/\/www.ferembach.com\/cestquilescreas\/wp-content\/uploads\/2025\/12\/Capture-decran-2025-12-05-a-11.53.10-1080x501.png",1080,501,true],"et-pb-gallery-module-image-portrait":["https:\/\/www.ferembach.com\/cestquilescreas\/wp-content\/uploads\/2025\/12\/Capture-decran-2025-12-05-a-11.53.10-400x516.png",400,516,true],"et-pb-post-main-image-fullwidth-large":["https:\/\/www.ferembach.com\/cestquilescreas\/wp-content\/uploads\/2025\/12\/Capture-decran-2025-12-05-a-11.53.10-scaled.png",2560,1189,false],"et-pb-image--responsive--desktop":["https:\/\/www.ferembach.com\/cestquilescreas\/wp-content\/uploads\/2025\/12\/Capture-decran-2025-12-05-a-11.53.10-1280x595.png",1280,595,true],"et-pb-image--responsive--tablet":["https:\/\/www.ferembach.com\/cestquilescreas\/wp-content\/uploads\/2025\/12\/Capture-decran-2025-12-05-a-11.53.10-980x455.png",980,455,true],"et-pb-image--responsive--phone":["https:\/\/www.ferembach.com\/cestquilescreas\/wp-content\/uploads\/2025\/12\/Capture-decran-2025-12-05-a-11.53.10-480x223.png",480,223,true]},"uagb_author_info":{"display_name":"gregory ferembach","author_link":"https:\/\/www.ferembach.com\/cestquilescreas\/author\/gregoryferembach\/"},"uagb_comment_info":0,"uagb_excerpt":"Hello Aur\u00e9lie, viens, on parle 5 min d&rsquo;IA et de cr\u00e9as pub s\u00e9nior Toi quel a \u00e9t\u00e9 ton parcours ? Salut Greg. Je suis un mod\u00e8le des ann\u00e9es 80&#8230; Donc biberonn\u00e9e au \u00ab\u00a0Quand yen a marre ya Malabar\u00a0\u00bb, \u00ab\u00a0Reviens L\u00e9on j&rsquo;ai les m\u00eames \u00e0 la maison\u00a0\u00bb, ou autre \u00ab\u00a0Quand c&rsquo;est trop c&rsquo;est trop Tropico\u00a0\u00bb&#8230; Buvard\u2026","_links":{"self":[{"href":"https:\/\/www.ferembach.com\/cestquilescreas\/wp-json\/wp\/v2\/posts\/11956","targetHints":{"allow":["GET"]}}],"collection":[{"href":"https:\/\/www.ferembach.com\/cestquilescreas\/wp-json\/wp\/v2\/posts"}],"about":[{"href":"https:\/\/www.ferembach.com\/cestquilescreas\/wp-json\/wp\/v2\/types\/post"}],"author":[{"embeddable":true,"href":"https:\/\/www.ferembach.com\/cestquilescreas\/wp-json\/wp\/v2\/users\/4"}],"replies":[{"embeddable":true,"href":"https:\/\/www.ferembach.com\/cestquilescreas\/wp-json\/wp\/v2\/comments?post=11956"}],"version-history":[{"count":7,"href":"https:\/\/www.ferembach.com\/cestquilescreas\/wp-json\/wp\/v2\/posts\/11956\/revisions"}],"predecessor-version":[{"id":11967,"href":"https:\/\/www.ferembach.com\/cestquilescreas\/wp-json\/wp\/v2\/posts\/11956\/revisions\/11967"}],"wp:featuredmedia":[{"embeddable":true,"href":"https:\/\/www.ferembach.com\/cestquilescreas\/wp-json\/wp\/v2\/media\/11961"}],"wp:attachment":[{"href":"https:\/\/www.ferembach.com\/cestquilescreas\/wp-json\/wp\/v2\/media?parent=11956"}],"wp:term":[{"taxonomy":"category","embeddable":true,"href":"https:\/\/www.ferembach.com\/cestquilescreas\/wp-json\/wp\/v2\/categories?post=11956"},{"taxonomy":"post_tag","embeddable":true,"href":"https:\/\/www.ferembach.com\/cestquilescreas\/wp-json\/wp\/v2\/tags?post=11956"}],"curies":[{"name":"wp","href":"https:\/\/api.w.org\/{rel}","templated":true}]}}