{"id":12050,"date":"2026-01-19T12:35:13","date_gmt":"2026-01-19T10:35:13","guid":{"rendered":"https:\/\/www.ferembach.com\/cestquilescreas\/?p=12050"},"modified":"2026-01-22T10:12:37","modified_gmt":"2026-01-22T08:12:37","slug":"bilan-2025","status":"publish","type":"post","link":"https:\/\/www.ferembach.com\/cestquilescreas\/dossier\/bilan-2025\/","title":{"rendered":"Le Bilan 2025 de 11 salari\u00e9s d&rsquo;agence de pub."},"content":{"rendered":"<p>[et_pb_section fb_built=\u00a0\u00bb1&Prime; _builder_version=\u00a0\u00bb4.16&Prime; custom_margin=\u00a0\u00bb||219px|||\u00a0\u00bb custom_padding=\u00a0\u00bb5px|0px|0|0px\u00a0\u00bb locked=\u00a0\u00bboff\u00a0\u00bb global_colors_info=\u00a0\u00bb{}\u00a0\u00bb][et_pb_row _builder_version=\u00a0\u00bb4.16&Prime; background_size=\u00a0\u00bbinitial\u00a0\u00bb background_position=\u00a0\u00bbtop_left\u00a0\u00bb background_repeat=\u00a0\u00bbrepeat\u00a0\u00bb custom_padding=\u00a0\u00bb52px|0px|0|0px||\u00a0\u00bb global_colors_info=\u00a0\u00bb{}\u00a0\u00bb][et_pb_column type=\u00a0\u00bb4_4&Prime; _builder_version=\u00a0\u00bb4.16&Prime; custom_padding=\u00a0\u00bb|||\u00a0\u00bb global_colors_info=\u00a0\u00bb{}\u00a0\u00bb custom_padding__hover=\u00a0\u00bb|||\u00a0\u00bb][et_pb_text admin_label=\u00a0\u00bbintro\u00a0\u00bb _builder_version=\u00a0\u00bb4.27.3&Prime; text_font=\u00a0\u00bb|&#8211;et_global_body_font_weight|||||||\u00a0\u00bb text_text_color=\u00a0\u00bb#000000&Prime; text_line_height=\u00a0\u00bb1.3em\u00a0\u00bb text_orientation=\u00a0\u00bbcenter\u00a0\u00bb global_colors_info=\u00a0\u00bb{}\u00a0\u00bb]<\/p>\n<p>Hello, depuis 2018, je (Greg) partage un bilan de mon activit\u00e9 de freelance cr\u00e9atif publicitaire.<br \/>Vous pouvez les lire ici\u00a0 <a href=\"https:\/\/ferembach.com\/bilan-2024-pub-free\/\" target=\"_blank\" rel=\"noreferrer noopener\"> 2024<\/a>\u00a0 &#8211;\u00a0 <a href=\"https:\/\/www.ferembach.com\/cestquilescreas\/dossier\/bilan-2023-freelance-pub\/\" target=\"_blank\" rel=\"noreferrer noopener\">2023\u00a0<\/a> &#8211;\u00a0 <a href=\"https:\/\/ferembach.com\/bilan-free-2022\/\" target=\"_blank\" rel=\"noreferrer noopener\">2022\u00a0<\/a> &#8211; <a href=\"https:\/\/www.ferembach.com\/cestquilescreas\/creatif\/bilan-2021-freelances\/\" target=\"_blank\" rel=\"noreferrer noopener\">2021\u00a0<\/a>\u00a0&#8211; \u00a0<a href=\"https:\/\/ferembach.com\/bilan-2020\/\" target=\"_blank\" rel=\"noreferrer noopener\">2020\u00a0<\/a> &#8211; <a href=\"https:\/\/ferembach.com\/le-bilan-dun-freelance-creatif-pub-apres-2-ans\/\" target=\"_blank\" rel=\"noreferrer noopener\">\u00a02019<\/a>\u00a0 &#8211; \u00a0<a href=\"https:\/\/www.linkedin.com\/pulse\/1-en-free-lance-dans-la-pub-gregory-ferembach\/?originalSubdomain=fr\" target=\"_blank\" rel=\"noreferrer noopener\">2018<\/a><\/p>\n<p>Parfois ces bilans sont collectifs (2021 et 2023)<br \/>cette ann\u00e9e, j&rsquo;invite des salari\u00e9s d&rsquo;agence \u00e0 raconter leur ann\u00e9e.\u00a0<\/p>\n<p>[\/et_pb_text][et_pb_divider show_divider=\u00a0\u00bboff\u00a0\u00bb _builder_version=\u00a0\u00bb4.16&Prime; max_width_tablet=\u00a0\u00bb\u00a0\u00bb max_width_phone=\u00a0\u00bb\u00a0\u00bb max_width_last_edited=\u00a0\u00bbon|desktop\u00a0\u00bb height=\u00a0\u00bb0px\u00a0\u00bb global_colors_info=\u00a0\u00bb{}\u00a0\u00bb]&nbsp;<br \/>\n[\/et_pb_divider][\/et_pb_column][\/et_pb_row][et_pb_row column_structure=\u00a0\u00bb1_3,2_3&Prime; _builder_version=\u00a0\u00bb4.27.3&Prime; _module_preset=\u00a0\u00bbdefault\u00a0\u00bb background_color=\u00a0\u00bb#f4f4f4&Prime; custom_margin=\u00a0\u00bb||||false|false\u00a0\u00bb custom_padding=\u00a0\u00bb|30px||30px|false|false\u00a0\u00bb global_colors_info=\u00a0\u00bb{}\u00a0\u00bb][et_pb_column type=\u00a0\u00bb1_3&Prime; _builder_version=\u00a0\u00bb4.27.3&Prime; _module_preset=\u00a0\u00bbdefault\u00a0\u00bb global_colors_info=\u00a0\u00bb{}\u00a0\u00bb][et_pb_image src=\u00a0\u00bbhttps:\/\/www.ferembach.com\/cestquilescreas\/wp-content\/uploads\/2026\/01\/Greg.jpg\u00a0\u00bb title_text=\u00a0\u00bbGreg\u00a0\u00bb align=\u00a0\u00bbright\u00a0\u00bb _builder_version=\u00a0\u00bb4.27.3&Prime; _module_preset=\u00a0\u00bbdefault\u00a0\u00bb global_colors_info=\u00a0\u00bb{}\u00a0\u00bb][\/et_pb_image][\/et_pb_column][et_pb_column type=\u00a0\u00bb2_3&Prime; _builder_version=\u00a0\u00bb4.27.3&Prime; _module_preset=\u00a0\u00bbdefault\u00a0\u00bb global_colors_info=\u00a0\u00bb{}\u00a0\u00bb][et_pb_text _builder_version=\u00a0\u00bb4.27.3&Prime; _module_preset=\u00a0\u00bbdefault\u00a0\u00bb global_colors_info=\u00a0\u00bb{}\u00a0\u00bb]<\/p>\n<h2><strong>Gregory Ferembach <\/strong><strong>\u25cf <\/strong>Cr\u00e9atif &amp; Cie<\/h2>\n<p>2025 aura \u00e9t\u00e9 une ann\u00e9e standart que ce soit en pro ou en perso, les enfants grandissent, les parents grossissent, les chiens aboient et la caravane passe.\u00a0<\/p>\n<p>Le point thune (qu\u2019il y en ait un qui parle publiquement de \u00e7a) l&rsquo;ann\u00e9e se boucle dans les 4k \u20ac net par mois. C\u2019est mon chiffre plancher pour \u00eatre serein. Merci \u00e0 tous ceux qui m&rsquo;ont recommand\u00e9, \u00e7a fait plaisir, continuez (emoji fus\u00e9e).<\/p>\n<p>Dans les sujets \u00e0 d\u00e9velopper : <a href=\"https:\/\/danube.studio\/\" target=\"_blank\" rel=\"noreferrer noopener\">le Studio Danube,<\/a> parlez-en \u00e0 vos proches et j&rsquo;en fais un truc cool qui fera bosser la mif&rsquo; !<\/p>\n<p>C\u2019est Qui Les Cr\u00e9as ? a \u00e9t\u00e9 assez actif cette ann\u00e9e, d&rsquo;ailleurs si vous voulez \u00e9crire dedans, faire des dossiers, raconter des morceaux de pub : <a href=\"mailto:gferembach@gmail.com\">envoyez-moi un mail<\/a> et on s&rsquo;organise.<\/p>\n<p>[\/et_pb_text][\/et_pb_column][\/et_pb_row][et_pb_row _builder_version=\u00a0\u00bb4.27.3&Prime; _module_preset=\u00a0\u00bbdefault\u00a0\u00bb custom_margin=\u00a0\u00bb0px|0px|0px|0px|false|false\u00a0\u00bb custom_padding=\u00a0\u00bb0px|0px|46px|0px|false|false\u00a0\u00bb global_colors_info=\u00a0\u00bb{}\u00a0\u00bb][et_pb_column type=\u00a0\u00bb4_4&Prime; _builder_version=\u00a0\u00bb4.27.3&Prime; _module_preset=\u00a0\u00bbdefault\u00a0\u00bb global_colors_info=\u00a0\u00bb{}\u00a0\u00bb][et_pb_text admin_label=\u00a0\u00bbintro\u00a0\u00bb _builder_version=\u00a0\u00bb4.27.3&Prime; text_font=\u00a0\u00bb|300|||||||\u00a0\u00bb text_text_color=\u00a0\u00bb#000000&Prime; text_font_size=\u00a0\u00bb22px\u00a0\u00bb text_line_height=\u00a0\u00bb1.3em\u00a0\u00bb custom_margin=\u00a0\u00bb32px||||false|false\u00a0\u00bb global_colors_info=\u00a0\u00bb{}\u00a0\u00bb]<\/p>\n<p>Les 11 interview\u00e9.e.s<br \/><strong>Sarah Narboux<\/strong> &#8211; Buzzman \/ <strong>Jean-Fran\u00e7ois le Marec <\/strong>&#8211; Saatchi&amp;Saatchi \/ <strong>Thibaut Grandon <\/strong>&amp;<strong> C\u00e9line Mullier<\/strong> &#8211; Rosa \/ <strong>Guillaume Sabbagh<\/strong> &#8211; Publicis Conseil \/<strong> Gilliane Hellstern<\/strong> &#8211; Betc \/ <strong>Damien Guiol<\/strong> &#8211; Change \/ <strong>Vincent Teffene<\/strong> &#8211; Marcel \/ <strong>Tristan Dubost<\/strong> &#8211; Romance \/ <strong>Matthieu Bouillhot<\/strong> &#8211; Betc \/ <strong>Margaux Ferrand<\/strong> &#8211; Artefact 3000<\/p>\n<p>[\/et_pb_text][\/et_pb_column][\/et_pb_row][et_pb_row column_structure=\u00a0\u00bb1_2,1_2&Prime; _builder_version=\u00a0\u00bb4.16&Prime; background_size=\u00a0\u00bbinitial\u00a0\u00bb background_position=\u00a0\u00bbtop_left\u00a0\u00bb background_repeat=\u00a0\u00bbrepeat\u00a0\u00bb min_height=\u00a0\u00bb8771.5px\u00a0\u00bb custom_padding=\u00a0\u00bb2px|0px|30px|0px||\u00a0\u00bb global_colors_info=\u00a0\u00bb{}\u00a0\u00bb][et_pb_column type=\u00a0\u00bb1_2&Prime; _builder_version=\u00a0\u00bb4.16&Prime; custom_padding=\u00a0\u00bb|||\u00a0\u00bb global_colors_info=\u00a0\u00bb{}\u00a0\u00bb custom_padding__hover=\u00a0\u00bb|||\u00a0\u00bb][et_pb_text _builder_version=\u00a0\u00bb4.16&Prime; text_font=\u00a0\u00bbAdamina||||||||\u00a0\u00bb text_font_size=\u00a0\u00bb30px\u00a0\u00bb text_line_height=\u00a0\u00bb1em\u00a0\u00bb ul_font=\u00a0\u00bb||||||||\u00a0\u00bb header_font=\u00a0\u00bb||||||||\u00a0\u00bb header_text_align=\u00a0\u00bbcenter\u00a0\u00bb background_color=\u00a0\u00bb#0dbedd\u00a0\u00bb text_orientation=\u00a0\u00bbcenter\u00a0\u00bb background_layout=\u00a0\u00bbdark\u00a0\u00bb custom_padding=\u00a0\u00bb25px|10px|25px|10px\u00a0\u00bb global_colors_info=\u00a0\u00bb{}\u00a0\u00bb]<\/p>\n<p>\u00ab\u00a0au pire, on a la honte et on en tire une le\u00e7on\u00a0\u00bb<\/p>\n<p>[\/et_pb_text][et_pb_text admin_label=\u00a0\u00bbdelphine wnp\u00a0\u00bb _builder_version=\u00a0\u00bb4.27.3&Prime; text_font_size=\u00a0\u00bb13px\u00a0\u00bb text_line_height=\u00a0\u00bb1.5em\u00a0\u00bb background_color=\u00a0\u00bbrgba(12,113,195,0.07)\u00a0\u00bb custom_margin=\u00a0\u00bb|||\u00a0\u00bb custom_padding=\u00a0\u00bb20px|20px|20px|20px\u00a0\u00bb text_font_size_tablet=\u00a0\u00bb\u00a0\u00bb text_font_size_phone=\u00a0\u00bb\u00a0\u00bb text_font_size_last_edited=\u00a0\u00bbon|\u00a0\u00bb global_colors_info=\u00a0\u00bb{}\u00a0\u00bb]<\/p>\n<p><img loading=\"lazy\" decoding=\"async\" width=\"994\" height=\"994\" src=\"https:\/\/www.ferembach.com\/cestquilescreas\/wp-content\/uploads\/2026\/01\/sarah-buzzman.jpg\" alt=\"\" class=\"wp-image-12061\" srcset=\"https:\/\/www.ferembach.com\/cestquilescreas\/wp-content\/uploads\/2026\/01\/sarah-buzzman.jpg 994w, https:\/\/www.ferembach.com\/cestquilescreas\/wp-content\/uploads\/2026\/01\/sarah-buzzman-980x980.jpg 980w, https:\/\/www.ferembach.com\/cestquilescreas\/wp-content\/uploads\/2026\/01\/sarah-buzzman-480x480.jpg 480w\" sizes=\"auto, (min-width: 0px) and (max-width: 480px) 480px, (min-width: 481px) and (max-width: 980px) 980px, (min-width: 981px) 994px, 100vw\" \/><\/p>\n<h2><strong><br \/>Sarah Narboux \u25cf <\/strong>DA <strong>\/<\/strong> Buzzman<\/h2>\n<p>&nbsp;<\/p>\n<p><strong>Quelle phrase r\u00e9sume ton ann\u00e9e 2025 ?<\/strong><br \/><em>\u00ab C&rsquo;est toi qui as fait la pub du loup ?\u00bb<br \/>\u00ab Non. \u00bb\u00a0<\/em><\/p>\n<p><strong>Tu mettrais quoi dans ton book sur ces 12 mois\u202f?<\/strong><br \/>Alors, j\u2019aurais beaucoup aim\u00e9 faire le film <a href=\"https:\/\/www.youtube.com\/watch?v=gYKThyv0mW0\">Columbia \u2013 Engineered For Whatever<\/a> parce que la r\u00e9al est super cool.\u2028Et, pour faire honneur \u00e0 mon addiction au Coca, la campagne Thanks for Coke-Creating,\u00a0si j\u2019avais v\u00e9cu \u00e0 New York, \u00e9videmment.<\/p>\n<p>Mais la vraie nouveaut\u00e9 ajout\u00e9e \u00e0 mon book cette ann\u00e9e, ce sont des films, r\u00e9alis\u00e9s pour \u2028BoursoBank \u2013 La banque la moins ch\u00e8re pour la 18e ann\u00e9e cons\u00e9cutive.\u2028Il y a 18 ans, je n&rsquo;avais m\u00eame pas encore mon bac.<\/p>\n<p><iframe loading=\"lazy\" title=\"BoursoBank - BLMC18\" width=\"1080\" height=\"608\" src=\"https:\/\/www.youtube.com\/embed\/tbPQD6d28hI?feature=oembed\"  allow=\"accelerometer; autoplay; clipboard-write; encrypted-media; gyroscope; picture-in-picture; web-share\" referrerpolicy=\"strict-origin-when-cross-origin\" allowfullscreen><\/iframe><\/p>\n<p><strong>Tu as rat\u00e9 quoi en 2025 ?<\/strong><br \/>Selon moi, rien n\u2019est jamais vraiment rat\u00e9 : au pire, on a la honte et on en tire une le\u00e7on. \u2028Par contre, si je pouvais remonter le temps, je procrastinerais s\u00fbrement un peu moins,\u2028m\u00eame si, honn\u00eatement, je suis bien plus efficace quand le temps est compt\u00e9.<\/p>\n<p><strong>Financi\u00e8rement, tu en es o\u00f9 ? tu aimerais gagner combien ?<\/strong><\/p>\n<p>Certains se sont d\u00e9j\u00e0 pench\u00e9s sur la question, et je suis d\u2019accord :<br \/><a href=\"https:\/\/www.youtube.com\/watch?v=ETxmCCsMoD0\" target=\"_blank\" rel=\"noreferrer noopener\">https:\/\/www.youtube.com\/watch?v=ETxmCCsMoD0<\/a><\/p>\n<p>I work all night, I work all day to pay the bills I have to pay<br \/>Ain&rsquo;t it sad?<br \/>And still there never seems to be a single penny left for me<br \/>That&rsquo;s too bad\u2028 In my dreams I have a plan \u2028[\u2026] Money, money, money<br \/>Must be funny\u2028 In the rich man&rsquo;s world<\/p>\n<p><strong>C\u2019est quoi l\u2019objectif pour 2026 ?<\/strong><\/p>\n<p>Eh bien, je dirais : sortir des films qui feront rire les copains, \u2028et pourquoi pas retourner \u00e0 Cannes (mais \u00e7a, \u00e7a reste entre nous, hein).<br \/>Il faudra aussi que je pense \u00e0 finir de meubler mon appart.<\/p>\n<p><strong><em>&#8211; Sarah &#8211;<\/em><\/strong><\/p>\n<p>&nbsp;<\/p>\n<p>[\/et_pb_text][et_pb_text _builder_version=\u00a0\u00bb4.16&Prime; text_font=\u00a0\u00bbAdamina||||||||\u00a0\u00bb text_font_size=\u00a0\u00bb30px\u00a0\u00bb text_line_height=\u00a0\u00bb1em\u00a0\u00bb ul_font=\u00a0\u00bb||||||||\u00a0\u00bb header_font=\u00a0\u00bb||||||||\u00a0\u00bb header_text_align=\u00a0\u00bbcenter\u00a0\u00bb background_color=\u00a0\u00bb#0dbedd\u00a0\u00bb text_orientation=\u00a0\u00bbcenter\u00a0\u00bb background_layout=\u00a0\u00bbdark\u00a0\u00bb custom_padding=\u00a0\u00bb25px|10px|25px|10px\u00a0\u00bb global_colors_info=\u00a0\u00bb{}\u00a0\u00bb]<\/p>\n<p><em>\u00a0\u00bb <\/em>\u00eatre encore plus pr\u00e9sent pour les juniors, les challenger et les faire progresser.\u00a0\u00bb<\/p>\n<p>[\/et_pb_text][et_pb_text admin_label=\u00a0\u00bbAliou Sid lee\u00a0\u00bb _builder_version=\u00a0\u00bb4.27.3&Prime; text_font_size=\u00a0\u00bb13px\u00a0\u00bb text_line_height=\u00a0\u00bb1.5em\u00a0\u00bb background_color=\u00a0\u00bbrgba(224,43,32,0.04)\u00a0\u00bb custom_margin=\u00a0\u00bb|||\u00a0\u00bb custom_padding=\u00a0\u00bb20px|20px|20px|20px\u00a0\u00bb text_font_size_tablet=\u00a0\u00bb\u00a0\u00bb text_font_size_phone=\u00a0\u00bb15px\u00a0\u00bb text_font_size_last_edited=\u00a0\u00bbon|phone\u00a0\u00bb global_colors_info=\u00a0\u00bb{}\u00a0\u00bb]<\/p>\n<p><img loading=\"lazy\" decoding=\"async\" src=\"https:\/\/www.ferembach.com\/cestquilescreas\/wp-content\/uploads\/2026\/01\/thibaut-grandon-et-celine-mulliez.jpg\" width=\"821\" height=\"821\" alt=\"\" class=\"wp-image-12130 aligncenter size-full\" srcset=\"https:\/\/www.ferembach.com\/cestquilescreas\/wp-content\/uploads\/2026\/01\/thibaut-grandon-et-celine-mulliez.jpg 821w, https:\/\/www.ferembach.com\/cestquilescreas\/wp-content\/uploads\/2026\/01\/thibaut-grandon-et-celine-mulliez-480x480.jpg 480w\" sizes=\"auto, (min-width: 0px) and (max-width: 480px) 480px, (min-width: 481px) 821px, 100vw\" \/><\/p>\n<h2><strong><br \/>Thibaut Grandon &amp; C\u00e9line Mullier <\/strong><strong>\u25cf <\/strong>Team <strong>\/<\/strong>\u00a0Rosa Paris<\/h2>\n<p><strong>Quelle est la phrase qui r\u00e9sume votre ann\u00e9e 2025 ?<\/strong><br \/>On dirait plut\u00f4t deux mots : Le changement.<br \/>On a quitt\u00e9 Levallois pour revenir \u00e0 Paris.<br \/>On a quitt\u00e9 un DC qu\u2019on a toujours connu en agence, pour en d\u00e9couvrir deux nouveaux.<br \/>Nouveaux coll\u00e8gues, nouvelles m\u00e9thodes, nouvelle \u00e9nergie. Bref, reset total.<\/p>\n<p><strong>Vous mettez quoi dans votre book sur ces 12 mois ?<\/strong><br \/>Deux op\u00e9s qu\u2019on a sorti avec Ouigo et Rosa Paris<br \/>Une avec le Stade Brestois : le meilleur club de France<br \/>et une autre avec deux rappeurs qu\u2019on \u00e9coute depuis toujours.<\/p>\n<p><iframe loading=\"lazy\" title=\"CASE AGENCE OUIGO FOOT\" width=\"1080\" height=\"608\" src=\"https:\/\/www.youtube.com\/embed\/Ub6sdNGAaWI?feature=oembed\"  allow=\"accelerometer; autoplay; clipboard-write; encrypted-media; gyroscope; picture-in-picture; web-share\" referrerpolicy=\"strict-origin-when-cross-origin\" allowfullscreen><\/iframe><\/p>\n<p><iframe loading=\"lazy\" title=\"ALLER-RETOUR | OUIGO feat SWING &amp; EDGE\" width=\"1080\" height=\"608\" src=\"https:\/\/www.youtube.com\/embed\/y3VgnUNT14c?feature=oembed\"  allow=\"accelerometer; autoplay; clipboard-write; encrypted-media; gyroscope; picture-in-picture; web-share\" referrerpolicy=\"strict-origin-when-cross-origin\" allowfullscreen><\/iframe><\/p>\n<p><strong>Vous avez rat\u00e9 quoi en 2025 ?<\/strong><br \/>Je ne connais aucun cr\u00e9atif qui a gagn\u00e9 100 % de ses comp\u00e8tes cette ann\u00e9e.<br \/>Donc oui, notre plus gros rat\u00e9, c\u2019est \u00e7a.<\/p>\n<p><strong>Financi\u00e8rement, vous en \u00eates o\u00f9 ?\u00a0\u00a0<\/strong><br \/>Nouveau taf, nouveau salaire, on ne va pas se mentir, \u00e7a fait plaisir.<\/p>\n<p><strong>C\u2019est quoi l\u2019objectif pour 2026 ?<\/strong><br \/>Sortir de bonnes campagnes, gagner des comp\u00e8tes\u2026<br \/>Et surtout \u00eatre encore plus pr\u00e9sent pour les juniors, les challenger et les faire progresser.<\/p>\n<p><strong><em>&#8211; Thibaut &amp; C\u00e9line &#8211;<\/em> <\/strong><\/p>\n<p>[\/et_pb_text][et_pb_text _builder_version=\u00a0\u00bb4.16&Prime; text_font=\u00a0\u00bbAdamina||||||||\u00a0\u00bb text_font_size=\u00a0\u00bb30px\u00a0\u00bb text_line_height=\u00a0\u00bb1em\u00a0\u00bb ul_font=\u00a0\u00bb||||||||\u00a0\u00bb header_font=\u00a0\u00bb||||||||\u00a0\u00bb header_text_align=\u00a0\u00bbcenter\u00a0\u00bb background_color=\u00a0\u00bb#0dbedd\u00a0\u00bb text_orientation=\u00a0\u00bbcenter\u00a0\u00bb background_layout=\u00a0\u00bbdark\u00a0\u00bb custom_padding=\u00a0\u00bb25px|10px|25px|10px\u00a0\u00bb global_colors_info=\u00a0\u00bb{}\u00a0\u00bb]<\/p>\n<p>\u00ab\u00a0rattraper le concert de Beyonc\u00e9 que j\u2019ai rat\u00e9 l\u2019an dernier\u00a0\u00bb<\/p>\n<p>[\/et_pb_text][et_pb_text admin_label=\u00a0\u00bbbarka la chose\u00a0\u00bb _builder_version=\u00a0\u00bb4.27.3&Prime; text_font_size=\u00a0\u00bb13px\u00a0\u00bb text_line_height=\u00a0\u00bb1.5em\u00a0\u00bb background_color=\u00a0\u00bbrgba(226,249,222,0.39)\u00a0\u00bb custom_margin=\u00a0\u00bb|||\u00a0\u00bb custom_padding=\u00a0\u00bb20px|20px|20px|20px\u00a0\u00bb text_font_size_tablet=\u00a0\u00bb\u00a0\u00bb text_font_size_phone=\u00a0\u00bb15px\u00a0\u00bb text_font_size_last_edited=\u00a0\u00bbon|phone\u00a0\u00bb global_colors_info=\u00a0\u00bb{}\u00a0\u00bb]<\/p>\n<p><a href=\"https:\/\/www.ferembach.com\/cestquilescreas\/betc-2\/\"><img loading=\"lazy\" decoding=\"async\" src=\"https:\/\/www.ferembach.com\/cestquilescreas\/wp-content\/uploads\/2026\/01\/betc.jpg\" width=\"800\" height=\"800\" alt=\"\" class=\"wp-image-12126 aligncenter size-full\" srcset=\"https:\/\/www.ferembach.com\/cestquilescreas\/wp-content\/uploads\/2026\/01\/betc.jpg 800w, https:\/\/www.ferembach.com\/cestquilescreas\/wp-content\/uploads\/2026\/01\/betc-480x480.jpg 480w\" sizes=\"auto, (min-width: 0px) and (max-width: 480px) 480px, (min-width: 481px) 800px, 100vw\" \/><\/a><\/p>\n<h2><strong><br \/>Gilliane Hellstern \u25cf <\/strong>CR <strong>\/<\/strong> BETC<\/h2>\n<p>&nbsp;<\/p>\n<p><strong>Quelle phrase r\u00e9sume ton ann\u00e9e 2025 ?<\/strong><br \/>\u00ab Ladies and Gentlemen, welcome to\u2026 \u00bb le g\u00e9n\u00e9rique officiel de mon ann\u00e9e 2025.<br \/>D\u2019abord, il y a eu Lisbonne, Londres et Belgrade pour des tournages. Puis il y a eu Cannes pour notre Lion, et ensuite Las Vegas pour les Creative Liaisons des LIA, o\u00f9 j\u2019ai eu la chance de repr\u00e9senter BETC aux c\u00f4t\u00e9s de 130 cr\u00e9atifs de moins de 30 ans, venus des quatre coins du monde. R\u00e9sultat : des conf\u00e9rences inspirantes anim\u00e9es par des pointures de la pub, des nouveaux amis canadiens, am\u00e9ricains et australiens\u2026 la meilleure exp\u00e9rience de mon ann\u00e9e.<\/p>\n<p><strong>Tu mettrais quoi dans ton book sur ces 12 mois\u202f?<\/strong><br \/>Sans h\u00e9siter, notre projet \u00ab The Black Dog(s) \u00bb avec ma team Marie Glotin, et nos super DC Matthieu Bouilhot, Arnaud Assouline et Benjamin Le Breton. Ce projet \u00e9tait assez fou pour moi, car il allie deux choses que j\u2019aime \u00e9norm\u00e9ment : Taylor Swift et les animaux.<br \/>Si on m\u2019avait dit un jour qu\u2019on allait renommer 800 chiens noirs \u00ab Taylor Swift \u00bb pour leur apporter de la visibilit\u00e9, je n\u2019y aurais pas cru une seconde. Et puis surtout, c\u2019\u00e9tait pour l\u2019association Seconde Chance, pour une cause qui m\u2019est tr\u00e8s importante.<\/p>\n<p><iframe loading=\"lazy\" title=\"Seconde Chance - The Black Dog(s) (Case Study) | Campaign\" width=\"1080\" height=\"608\" src=\"https:\/\/www.youtube.com\/embed\/eh7nvB91vaM?feature=oembed\"  allow=\"accelerometer; autoplay; clipboard-write; encrypted-media; gyroscope; picture-in-picture; web-share\" referrerpolicy=\"strict-origin-when-cross-origin\" allowfullscreen><\/iframe><\/p>\n<p><strong>Tu as rat\u00e9 quoi en 2025 ?<\/strong><br \/>J\u2019ai loup\u00e9 le concert de Beyonc\u00e9 au Stade de France\u2026 pour aller \u00e0 Cannes. Donc bon, au final, c\u2019\u00e9tait un mal pour un bien !<br \/>Et puis sinon le terme \u00ab rat\u00e9 \u00bb est un peu dur. Oui, il y a des choses qui ne se passent pas comme pr\u00e9vu, mais on apprend toujours, et j\u2019aime penser que ces \u00ab rat\u00e9s \u00bb ne sont jamais des hasards.<\/p>\n<p><strong>Financi\u00e8rement, tu en es o\u00f9 ? tu aimerais gagner combien ?<\/strong><br \/>On m\u2019a dit \u00ab si tu n\u2019as pas envie d\u2019en parler, trouve une pirouette \u00bb.<br \/>En voici donc une tr\u00e8s inspirante :<\/p>\n<p><img loading=\"lazy\" decoding=\"async\" class=\"media_gif__MBeQG\" style=\"aspect-ratio: 270\/480;\" src=\"https:\/\/i.giphy.com\/9r2LmVCBwOrWvhW3La.webp\" alt=\"\" width=\"185\" height=\"329\" \/><\/p>\n<p><strong>C\u2019est quoi l\u2019objectif pour 2026 ?<\/strong><br \/>D\u2019autres activations parce qu\u2019avec Marie, on adore faire \u00e7a. Et puis des films aussi, d\u2019autres tournages. C&rsquo;est des moments que j\u2019adore. Et accessoirement, rattraper le concert de Beyonc\u00e9 que j\u2019ai rat\u00e9 l\u2019an dernier.<\/p>\n<p><em><strong>&#8211; Gilliane &#8211;<\/strong><\/em><\/p>\n<p>[\/et_pb_text][et_pb_text _builder_version=\u00a0\u00bb4.16&Prime; text_font=\u00a0\u00bbAdamina||||||||\u00a0\u00bb text_font_size=\u00a0\u00bb30px\u00a0\u00bb text_line_height=\u00a0\u00bb1em\u00a0\u00bb ul_font=\u00a0\u00bb||||||||\u00a0\u00bb header_font=\u00a0\u00bb||||||||\u00a0\u00bb header_text_align=\u00a0\u00bbcenter\u00a0\u00bb background_color=\u00a0\u00bb#0dbedd\u00a0\u00bb text_orientation=\u00a0\u00bbcenter\u00a0\u00bb background_layout=\u00a0\u00bbdark\u00a0\u00bb custom_padding=\u00a0\u00bb25px|10px|25px|10px\u00a0\u00bb global_colors_info=\u00a0\u00bb{}\u00a0\u00bb]<\/p>\n<p>\u00ab\u00a0\u2028Parce que c\u2019est rigolo de rigoler.\u00a0\u00bb<\/p>\n<p>[\/et_pb_text][et_pb_text admin_label=\u00a0\u00bbAmelie buzzman\u00a0\u00bb _builder_version=\u00a0\u00bb4.27.3&Prime; text_font_size=\u00a0\u00bb13px\u00a0\u00bb text_line_height=\u00a0\u00bb1.5em\u00a0\u00bb background_color=\u00a0\u00bbrgba(0,0,0,0.04)\u00a0\u00bb custom_margin=\u00a0\u00bb|||\u00a0\u00bb custom_padding=\u00a0\u00bb20px|20px|20px|20px\u00a0\u00bb text_font_size_tablet=\u00a0\u00bb\u00a0\u00bb text_font_size_phone=\u00a0\u00bb\u00a0\u00bb text_font_size_last_edited=\u00a0\u00bbon|\u00a0\u00bb global_colors_info=\u00a0\u00bb{}\u00a0\u00bb]<\/p>\n<p><a href=\"https:\/\/www.ferembach.com\/cestquilescreas\/guillaume\/\"><img loading=\"lazy\" decoding=\"async\" src=\"https:\/\/www.ferembach.com\/cestquilescreas\/wp-content\/uploads\/2026\/01\/guillaume.jpg\" width=\"800\" height=\"800\" alt=\"\" class=\"wp-image-12127 aligncenter size-full\" srcset=\"https:\/\/www.ferembach.com\/cestquilescreas\/wp-content\/uploads\/2026\/01\/guillaume.jpg 800w, https:\/\/www.ferembach.com\/cestquilescreas\/wp-content\/uploads\/2026\/01\/guillaume-480x480.jpg 480w\" sizes=\"auto, (min-width: 0px) and (max-width: 480px) 480px, (min-width: 481px) 800px, 100vw\" \/><\/a><\/p>\n<h2><strong><br \/>Guillaume Sabbagh <\/strong><strong>\u25cf <\/strong>CR <strong>\/ <\/strong>Publicis Conseil<\/h2>\n<p>&nbsp;<\/p>\n<p><strong>Quelle phrase r\u00e9sume ton ann\u00e9e 2025 ?<\/strong><\/p>\n<p>Cours Guillaume, cours !<\/p>\n<p><strong>Tu mettrais quoi dans ton book sur ces 12 mois\u202f?<\/strong><\/p>\n<p>Les deux films Clan Campbell qu\u2019on avait sortis \u00e0 l\u2019issue d\u2019une comp\u00e9tition agence :<\/p>\n<p><iframe loading=\"lazy\" title=\"Fraternity makes the Clan Campbell\" width=\"1080\" height=\"810\" src=\"https:\/\/www.youtube.com\/embed\/goSEwAK7HTk?feature=oembed\"  allow=\"accelerometer; autoplay; clipboard-write; encrypted-media; gyroscope; picture-in-picture; web-share\" referrerpolicy=\"strict-origin-when-cross-origin\" allowfullscreen><\/iframe><\/p>\n<p>https:\/\/www.youtube.com\/watch?v=t34wDgHFtHY\u00a0<\/p>\n<p>Et mes 5 derni\u00e8res ann\u00e9es de boulot sur Renault, condens\u00e9es ici : <br \/><a href=\"https:\/\/gsabbagh.com\/renault-long-term\" target=\"_blank\" rel=\"noopener\">https:\/\/gsabbagh.com\/renault-long-term<\/a><br \/><img decoding=\"async\" class=\"js-lazy e2e-site-project-module-image image-loaded\" src=\"https:\/\/cdn.myportfolio.com\/ab49b67d-f0f4-47a3-9a44-7f3e0d2dc135\/85f84665-c3f9-4401-819c-f5db82184ccb_rw_3840.jpg?h=208e657cfb557f7a8b551f176a94db6b\" width=\"3840\" srcset=\"https:\/\/cdn.myportfolio.com\/ab49b67d-f0f4-47a3-9a44-7f3e0d2dc135\/85f84665-c3f9-4401-819c-f5db82184ccb_rw_600.jpg?h=b78facdcdec7399d1afcb1ca55e3e080 600w,https:\/\/cdn.myportfolio.com\/ab49b67d-f0f4-47a3-9a44-7f3e0d2dc135\/85f84665-c3f9-4401-819c-f5db82184ccb_rw_1200.jpg?h=db5af71661ccab9dcdeb1cad62363f08 1200w,https:\/\/cdn.myportfolio.com\/ab49b67d-f0f4-47a3-9a44-7f3e0d2dc135\/85f84665-c3f9-4401-819c-f5db82184ccb_rw_1920.jpg?h=1e5df92806b1efce942a47c6da30a337 1920w,https:\/\/cdn.myportfolio.com\/ab49b67d-f0f4-47a3-9a44-7f3e0d2dc135\/85f84665-c3f9-4401-819c-f5db82184ccb_rw_3840.jpg?h=208e657cfb557f7a8b551f176a94db6b 3840w,\" sizes=\"(max-width: 3840px) 100vw, 3840px\" \/><\/p>\n<p><strong>Tu as rat\u00e9 quoi en 2025 ?<\/strong><\/p>\n<p>Des m\u00e9tros, des bus, des cr\u00e9neaux, et plein d\u2019autres petites<strong> c<\/strong>hoses.<\/p>\n<p><strong>Financi\u00e8rement, tu en es o\u00f9 ? tu aimerais gagner combien ?<\/strong><\/p>\n<p>Je parlerais bien argent, mais malgr\u00e9 tous les efforts de l\u2019homme au teint orange, on n\u2019est pas encore am\u00e9ricains.<\/p>\n<p><strong>C\u2019est quoi l\u2019objectif pour 2026 ?<\/strong><\/p>\n<p>Continuer \u00e0 sortir des trucs avec Marie dont on est content et surtout, sur lesquels on arrive \u00e0 s\u2019amuser. F\u00eater mes 43 ans. Rigoler.<br \/>\u00catre papa pour la troisi\u00e8me fois. Sans oublier de rigoler. \u2028Parce que c\u2019est rigolo de rigoler.<\/p>\n<p><strong><em>&#8211; Guillaume-<\/em><\/strong><\/p>\n<p>[\/et_pb_text][et_pb_text _builder_version=\u00a0\u00bb4.16&Prime; text_font=\u00a0\u00bbAdamina||||||||\u00a0\u00bb text_font_size=\u00a0\u00bb30px\u00a0\u00bb text_line_height=\u00a0\u00bb1em\u00a0\u00bb ul_font=\u00a0\u00bb||||||||\u00a0\u00bb header_font=\u00a0\u00bb||||||||\u00a0\u00bb header_text_align=\u00a0\u00bbcenter\u00a0\u00bb background_color=\u00a0\u00bb#0dbedd\u00a0\u00bb text_orientation=\u00a0\u00bbcenter\u00a0\u00bb background_layout=\u00a0\u00bbdark\u00a0\u00bb custom_padding=\u00a0\u00bb25px|10px|25px|10px\u00a0\u00bb global_colors_info=\u00a0\u00bb{}\u00a0\u00bb]<\/p>\n<p><strong>\u00a0\u00bb Prendre autre chose que le menu B3 au jap&rsquo; pr\u00e8s de l\u2019agence\u00a0\u00bb<\/strong><\/p>\n<p>[\/et_pb_text][et_pb_text admin_label=\u00a0\u00bbmarieanne tbwa\u00a0\u00bb _builder_version=\u00a0\u00bb4.27.3&Prime; text_font_size=\u00a0\u00bb13px\u00a0\u00bb text_line_height=\u00a0\u00bb1.5em\u00a0\u00bb background_color=\u00a0\u00bbrgba(224,43,32,0.06)\u00a0\u00bb custom_margin=\u00a0\u00bb|||\u00a0\u00bb custom_padding=\u00a0\u00bb20px|20px|20px|20px\u00a0\u00bb text_font_size_tablet=\u00a0\u00bb\u00a0\u00bb text_font_size_phone=\u00a0\u00bb15px\u00a0\u00bb text_font_size_last_edited=\u00a0\u00bbon|phone\u00a0\u00bb global_colors_info=\u00a0\u00bb{}\u00a0\u00bb]<\/p>\n<p><a href=\"https:\/\/www.ferembach.com\/cestquilescreas\/photo-tristan\/\"><img loading=\"lazy\" decoding=\"async\" src=\"https:\/\/www.ferembach.com\/cestquilescreas\/wp-content\/uploads\/2026\/01\/photo-tristan.jpg\" width=\"800\" height=\"800\" alt=\"\" class=\"wp-image-12128 aligncenter size-full\" srcset=\"https:\/\/www.ferembach.com\/cestquilescreas\/wp-content\/uploads\/2026\/01\/photo-tristan.jpg 800w, https:\/\/www.ferembach.com\/cestquilescreas\/wp-content\/uploads\/2026\/01\/photo-tristan-480x480.jpg 480w\" sizes=\"auto, (min-width: 0px) and (max-width: 480px) 480px, (min-width: 481px) 800px, 100vw\" \/><\/a><\/p>\n<h2><strong><br \/>Tristan Dubost <\/strong><strong>\u25cf <\/strong>CR <strong>\/ <\/strong>Romance<\/h2>\n<p>&nbsp;<\/p>\n<p><strong>Quelle est la phrase qui r\u00e9sume ton ann\u00e9e 2025 ?<\/strong><\/p>\n<p>La cr\u00e9ation est un sport de haut niveau.<\/p>\n<p>Plus j\u2019avance, plus je comprends que l\u2019important dans ce m\u00e9tier, c\u2019est pas seulement d\u2019\u00eatre bon, mais d\u2019\u00eatre r\u00e9gulier. Et pour y arriver, c\u2019est comme de l\u2019entra\u00eenement. Faut \u00eatre en forme, bien se conna\u00eetre et pratiquer tous les jours. C\u2019est un peu intello, mais c\u2019est ce qui fonctionne pour moi. Je dis pas que je me l\u00e8ve \u00e0 5h pour prendre des douches glac\u00e9es, mais cette ann\u00e9e j\u2019ai essay\u00e9 de prendre soin de ma capacit\u00e9 de concentration (Instagram, la dopamine, toussa) et d\u2019\u00eatre \u00e0 l\u2019\u00e9coute de ce qui met mon cerveau dans les bonnes dispositions pour trouver des id\u00e9es (un lieu, un moment de la journ\u00e9e, une habitude\u2026). L\u2019avantage quand t\u2019as trouv\u00e9 ta recette magique gr\u00e2ce au taf, c\u2019est que tu l\u2019appliques sur tes projets perso. Qui inspirent ton taf. Qui inspire tes projets perso. Qui inspirent ton taf. Qui inspirent\u2026 C\u2019est juste un grand laboratoire.<\/p>\n<p>Je reviens, je vais \u00e9crire un livre de d\u00e9veloppement personnel.<\/p>\n<p>Je pourrais en parler des heures, mais je vais faire court. Les gens sont press\u00e9s d\u2019arriver \u00e0 la question o\u00f9 je dis combien je gagne.<\/p>\n<p>&nbsp;<\/p>\n<p><strong>Tu mettrais quoi dans ton book sur ces 12 mois?<\/strong><\/p>\n<p>Je mettrais cette campagne Intermarch\u00e9 sur le foot amateur. Parce que sortir une campagne d\u2019accroches, c\u2019est mon \u00e9quivalent professionnel des papillons dans le ventre.<\/p>\n<p>\u00c7a part d\u2019un insight avec beaucoup de v\u00e9cu dedans. \u00c7a finit avec une id\u00e9e tellement \u00e9vidente que tout le monde adh\u00e8re et partage la m\u00eame vision. Et apr\u00e8s un an dans les tiroirs, la campagne sort exactement comme on l\u2019a imagin\u00e9e. C\u2019est la force des id\u00e9es simples.<\/p>\n<p><a href=\"https:\/\/www.ferembach.com\/cestquilescreas\/visuel-tristan\/\"><img loading=\"lazy\" decoding=\"async\" src=\"https:\/\/www.ferembach.com\/cestquilescreas\/wp-content\/uploads\/2026\/01\/visuel-tristan.jpg\" width=\"1200\" height=\"510\" alt=\"\" class=\"wp-image-12132 aligncenter size-full\" srcset=\"https:\/\/www.ferembach.com\/cestquilescreas\/wp-content\/uploads\/2026\/01\/visuel-tristan.jpg 1200w, https:\/\/www.ferembach.com\/cestquilescreas\/wp-content\/uploads\/2026\/01\/visuel-tristan-980x417.jpg 980w, https:\/\/www.ferembach.com\/cestquilescreas\/wp-content\/uploads\/2026\/01\/visuel-tristan-480x204.jpg 480w\" sizes=\"auto, (min-width: 0px) and (max-width: 480px) 480px, (min-width: 481px) and (max-width: 980px) 980px, (min-width: 981px) 1200px, 100vw\" \/><\/a><\/p>\n<p>DA: Thibault Lafontan<\/p>\n<p>J\u2019ai d\u00e9sormais une connaissance pointue de tous les parkings Intermarch\u00e9 d\u2019\u00cele-de-France. \u00c7a fait un peu d\u00eener de cons, mais \u00e7a fait une belle campagne.<\/p>\n<p>Je mettrais aussi cette campagne radio qui sent bon les ann\u00e9es 80. D\u00e9j\u00e0 parce que c\u2019est toujours cool de faire de la promo en radio qui change de la promo en radio. Mais surtout parce que j\u2019ai un vrai amour pour le travail de craft qu\u2019il y a derri\u00e8re. De l\u2019\u00e9criture des paroles \u00e0 la production, c\u2019\u00e9tait un gros chantier (genre avec du cambouis partout et des gens qui te regardent bosser en te demandant quand ce sera fini), mais passer 15 minutes \u00e0 ajuster le timing d\u2019une vanne, est-ce que c\u2019est pas \u00e7a, le bonheur ?<\/p>\n<p>Radios Totalement 80\u00a0:<\/p>\n<p><iframe loading=\"lazy\" title=\"Totalement 80, la compil\" width=\"1080\" height=\"608\" src=\"https:\/\/www.youtube.com\/embed\/HwfKMezgD64?feature=oembed\"  allow=\"accelerometer; autoplay; clipboard-write; encrypted-media; gyroscope; picture-in-picture; web-share\" referrerpolicy=\"strict-origin-when-cross-origin\" allowfullscreen><\/iframe><\/p>\n<p><strong>Tu as rat\u00e9 quoi en 2025 (ou que changerais-tu) ?<\/strong><\/p>\n<p>Professionnellement, j\u2019ai rat\u00e9 des occasions, comme tous les cr\u00e9atifs. Ces moments o\u00f9 \u00ab\u00a0on adore ta piste, mais on va partir avec l\u2019autre\u00a0\u00bb, les compets o\u00f9 peut-\u00eatre que, mais en fait non, les id\u00e9es qui meurent au dernier PB avant la prez\u2026 C\u2019est un m\u00e9tier o\u00f9 tu peux difficilement gagner \u00e0 tous les coups. Mais j\u2019ai toujours fait mon max, donc j\u2019ai du mal \u00e0 consid\u00e9rer \u00e7a comme un \u00e9chec. En revanche, sur le plan perso, j\u2019ai arr\u00eat\u00e9 d\u00e9finitivement le stand-up avec le regret de ne pas avoir tout donn\u00e9. Au bout d\u2019un an et demi, j\u2019\u00e9tais devenu assez bon en \u00e9criture, mais il fallait que je passe un cap dans le jeu sur sc\u00e8ne. \u00c7a voulait dire prendre des risques face au public. \u00c7a voulait dire prendre des bides de l\u2019espace. J\u2019ai pas eu le courage d\u2019y aller \u00e0 fond. Mais \u00e7a m\u2019a amen\u00e9 vers le th\u00e9\u00e2tre d\u2019impro et je m\u2019amuse encore plus l\u00e0-dedans, donc c\u2019est peut-\u00eatre un mal pour un bien.<\/p>\n<p>Sinon, j\u2019ai aussi rat\u00e9 une quiche aux poireaux.<\/p>\n<p>&nbsp;<\/p>\n<p><strong>Financi\u00e8rement, tu en es ou ? tu aimerais gagner combien ?<\/strong><\/p>\n<p>J\u2019ai longtemps \u00e9t\u00e9 \u00ab\u00a0dans les temps\u00a0\u00bb par rapport \u00e0 mon niveau d\u2019exp\u00e9rience sans avoir \u00e0 changer d\u2019agence. Aujourd\u2019hui, c\u2019est moins le cas. Comme tout le monde, j\u2019ai envie de bien gagner ma vie et j\u2019ai des passions qui co\u00fbtent cher, telles que vivre \u00e0 Paris, partir en vacances ou avoir une retraite. Mais j\u2019essaie de construire ma carri\u00e8re intelligemment et de suivre les conseils des seniors. Je suis persuad\u00e9 qu\u2019\u00e0 la fin, c\u2019est \u00e7a qui paye.<\/p>\n<p>&nbsp;<\/p>\n<p><strong>C\u2019est quoi l\u2019objectif pour 2026 ?<\/strong><\/p>\n<p>Continuer \u00e0 progresser. Sortir des trucs. Gagner de l\u2019argent. \u00c9crire. \u00c9crire. \u00c9crire. Appeler ma m\u00e8re plus souvent. Scroller moins. Articuler plus. Bosser pour une marque qui part de z\u00e9ro. R\u00e9aliser un documentaire. Prendre autre chose que le menu B3 au jap pr\u00e8s de l\u2019agence. Progresser en \u00e9talonnage. Progresser en th\u00e9\u00e2tre d\u2019impro. Rester meilleur que Julien Bon au babyfoot. R\u00e9ussir \u00e0 joindre mon syndic. Trouver un DA qui aime monter des accroches de douze lignes. \u00c9crire des trucs intelligents. Faire des choses stupides. Prendre des photos.<\/p>\n<p>Ah, et voir Saint-Etienne remonter en Ligue 1.<\/p>\n<p><em><strong>&#8211; Tristan &#8211;<\/strong> <\/em><\/p>\n<p>[\/et_pb_text][et_pb_text _builder_version=\u00a0\u00bb4.16&Prime; text_font=\u00a0\u00bbAdamina||||||||\u00a0\u00bb text_font_size=\u00a0\u00bb30px\u00a0\u00bb text_line_height=\u00a0\u00bb1em\u00a0\u00bb ul_font=\u00a0\u00bb||||||||\u00a0\u00bb header_font=\u00a0\u00bb||||||||\u00a0\u00bb header_text_align=\u00a0\u00bbcenter\u00a0\u00bb background_color=\u00a0\u00bb#0dbedd\u00a0\u00bb text_orientation=\u00a0\u00bbcenter\u00a0\u00bb background_layout=\u00a0\u00bbdark\u00a0\u00bb custom_padding=\u00a0\u00bb25px|10px|25px|10px\u00a0\u00bb global_colors_info=\u00a0\u00bb{}\u00a0\u00bb]<\/p>\n<p><strong>\u00a0\u00bb je me suis surprise \u00e0 faire des choses que je ne me serais jamais crue capable de faire.\u00a0\u00bb<\/strong><\/p>\n<p>[\/et_pb_text][et_pb_text admin_label=\u00a0\u00bbmarieanne tbwa\u00a0\u00bb _builder_version=\u00a0\u00bb4.27.3&Prime; text_font_size=\u00a0\u00bb13px\u00a0\u00bb text_line_height=\u00a0\u00bb1.5em\u00a0\u00bb background_color=\u00a0\u00bbrgba(224,43,32,0.06)\u00a0\u00bb custom_margin=\u00a0\u00bb|||\u00a0\u00bb custom_padding=\u00a0\u00bb20px|20px|20px|20px\u00a0\u00bb text_font_size_tablet=\u00a0\u00bb\u00a0\u00bb text_font_size_phone=\u00a0\u00bb15px\u00a0\u00bb text_font_size_last_edited=\u00a0\u00bbon|phone\u00a0\u00bb global_colors_info=\u00a0\u00bb{}\u00a0\u00bb]<\/p>\n<p><a href=\"https:\/\/www.ferembach.com\/cestquilescreas\/margaux-ferrand\/\"><img loading=\"lazy\" decoding=\"async\" src=\"https:\/\/www.ferembach.com\/cestquilescreas\/wp-content\/uploads\/2026\/01\/margaux-ferrand.jpg\" width=\"800\" height=\"800\" alt=\"\" class=\"wp-image-12221 aligncenter size-full\" srcset=\"https:\/\/www.ferembach.com\/cestquilescreas\/wp-content\/uploads\/2026\/01\/margaux-ferrand.jpg 800w, https:\/\/www.ferembach.com\/cestquilescreas\/wp-content\/uploads\/2026\/01\/margaux-ferrand-480x480.jpg 480w\" sizes=\"auto, (min-width: 0px) and (max-width: 480px) 480px, (min-width: 481px) 800px, 100vw\" \/><\/a><\/p>\n<h2><strong><br \/>Margaux Ferrand <\/strong><strong>\u25cf <\/strong>DC <strong>\/ <\/strong>Artefact 3000<\/h2>\n<p class=\"p1\"><b>Quelle phrase r\u00e9sume ton ann\u00e9e 2025 ?<\/b><\/p>\n<p class=\"p1\">Des pitch en anglais devant une trentaine de personnes \u00e0 un discours d\u2019inauguration devant 250 personnes, en 2025<i> \u201dj\u2019ai \u00e9t\u00e9 propuls\u00e9e sur le devant de la sc\u00e8ne\u201d<\/i> en passant DC. Moi qui suis d\u2019un naturel timide, je me suis surprise \u00e0 faire des choses que je ne me serais jamais crue capable de faire.<\/p>\n<p class=\"p1\"><b>Tu mettrais quoi dans ton book sur ces 12 mois<\/b><span class=\"s1\"><b> <\/b><\/span><b>?<\/b><\/p>\n<p class=\"p1\">En prem\u2019s, le Mus\u00e9e National du Patriarcat. Passer d\u2019un projet fictif pour le concours Futurs D\u00e9sirables du Club des DA, \u00e0 l\u2019inauguration d\u2019un vrai mus\u00e9e, \u00e0 la Rotonde Stalingrad pour 10 jours d\u2019expo et plus de 50 000 euros r\u00e9colt\u00e9s pour l\u2019association En avant toute(s), c\u2019\u00e9tait compl\u00e8tement dingue\u2026<\/p>\n<p class=\"p1\"><a href=\"https:\/\/www.ferembach.com\/cestquilescreas\/mnp\/\"><img loading=\"lazy\" decoding=\"async\" src=\"https:\/\/www.ferembach.com\/cestquilescreas\/wp-content\/uploads\/2026\/01\/MNP.jpg\" width=\"427\" height=\"240\" alt=\"\" class=\"wp-image-12223 aligncenter size-full\" \/><\/a><\/p>\n<p class=\"p1\">En deu\u2019z, je mettrais la derni\u00e8re blague qu\u2019on a sortie chez Artefact 3000 en guise de carte de v\u0153ux : <a href=\"https:\/\/tuveuxunemedaille.com\/\"><span class=\"s2\">tuveuxunemedaille.com<\/span> <\/a>un site pour troller tes proches en leur g\u00e9n\u00e9rant des m\u00e9dailles pour le moindre de leurs exploits. <br \/><a href=\"https:\/\/www.ferembach.com\/cestquilescreas\/tuveuxunemedaille\/\"><img loading=\"lazy\" decoding=\"async\" src=\"https:\/\/www.ferembach.com\/cestquilescreas\/wp-content\/uploads\/2026\/01\/Tuveuxunemedaille.jpg\" width=\"414\" height=\"238\" alt=\"\" class=\"wp-image-12224 aligncenter size-full\" \/><\/a><\/p>\n<p><span class=\"s3\"><\/span>En troize, les films qu\u2019on a r\u00e9alis\u00e9s avec Tim Bullock pour TikTok et le Festival de Cannes.<\/p>\n<p class=\"p1\">De l\u2019\u00e9criture au tournage, c\u2019est toujours une chance de pouvoir bosser sur des sujets \u201ccin\u00e9ma\u201d<\/p>\n<p class=\"p2\"><span class=\"s4\">\u201cInto the Jungle\u201d : <\/span><\/p>\n<p class=\"p2\"><iframe loading=\"lazy\" title=\"Artefact 3000 x TikTok - Into TheJungle\" width=\"1080\" height=\"608\" src=\"https:\/\/www.youtube.com\/embed\/-9wTP7WTc-A?feature=oembed\"  allow=\"accelerometer; autoplay; clipboard-write; encrypted-media; gyroscope; picture-in-picture; web-share\" referrerpolicy=\"strict-origin-when-cross-origin\" allowfullscreen><\/iframe><\/p>\n<p class=\"p2\"><span class=\"s4\">\u201cCli\ufb00 of Love\u201d : <\/span><\/p>\n<p class=\"p2\"><iframe loading=\"lazy\" title=\"Artefact 3000 x TikTok - Cliff of Love\" width=\"1080\" height=\"608\" src=\"https:\/\/www.youtube.com\/embed\/CVxewaB8LMI?feature=oembed\"  allow=\"accelerometer; autoplay; clipboard-write; encrypted-media; gyroscope; picture-in-picture; web-share\" referrerpolicy=\"strict-origin-when-cross-origin\" allowfullscreen><\/iframe><\/p>\n<p class=\"p1\"><b>Tu as rat\u00e9 quoi en 2025 (ou que changerais-tu) ?<\/b><\/p>\n<p class=\"p1\">Un des trucs que je trouve le plus dur, c\u2019est de r\u00e9ussir \u00e0 \u00eatre bon dans ces 3 cat\u00e9gories :\u00a0 \u00a0\u00a0Vitrine \/ Going \/ New Biz<\/p>\n<p class=\"p1\">J\u2019ai l\u2019impression que c\u2019est comme ce meme avec les curseurs \u201c<a href=\"https:\/\/miro.medium.com\/v2\/resize:fit:2000\/format:webp\/1*iPqbkSqkGBzws3Qhozzj9g.png\">good cheap fast\u201d<\/a><\/p>\n<p class=\"p1\">R\u00e9ussir \u00e0 bien faire les trois, c\u2019est le graal. Cette ann\u00e9e, je suis tr\u00e8s contente du boulot qu\u2019on a produit pour nos clients, tr\u00e8s contente de nos nouveaux projets vitrines\u2026 Mais en 2025, j\u2019ai aussi perdu un appel d\u2019o\ufb00re de 4 mois en finale. C\u2019\u00e9tait \u00e0 la fois une claque et un coup de pied au cul.<\/p>\n<p class=\"p1\"><b>Financi\u00e8rement, tu en es o\u00f9 ? tu aimerais gagner combien ?<\/b><\/p>\n<p class=\"p1\">Ah, la fameuse question de l\u2019argent haha\u2026 Je trouve que tout est une histoire de r\u00e9f\u00e9rentiel. Si je compare au SMIC que je gagnais en commen\u00e7ant chez FF il y a 10 ans : j\u2019ai fait un sacr\u00e9 bout de chemin. Si je compare \u00e0 d\u2019autres DC, je vois que je ne suis pas encore arriv\u00e9e\u2026 Mais l\u2019avenir appartient \u00e0 ceux qui demandent.<\/p>\n<p class=\"p1\"><span class=\"s3\"><\/span><b>C\u2019est quoi l\u2019objectif pour 2026 ?<\/b><\/p>\n<p class=\"p1\">La gloire ultime : \u00eatre sur \u201cC\u2019est qui les Cr\u00e9as ?\u201d<\/p>\n<p>&nbsp;<\/p>\n<p><em><strong>&#8211; Margaux &#8211;<\/strong> <\/em><\/p>\n<p>[\/et_pb_text][\/et_pb_column][et_pb_column type=\u00a0\u00bb1_2&Prime; _builder_version=\u00a0\u00bb4.16&Prime; custom_padding=\u00a0\u00bb|||\u00a0\u00bb global_colors_info=\u00a0\u00bb{}\u00a0\u00bb custom_padding__hover=\u00a0\u00bb|||\u00a0\u00bb][et_pb_text _builder_version=\u00a0\u00bb4.16&Prime; text_font=\u00a0\u00bbAdamina||||||||\u00a0\u00bb text_font_size=\u00a0\u00bb30px\u00a0\u00bb text_line_height=\u00a0\u00bb1em\u00a0\u00bb ul_font=\u00a0\u00bb||||||||\u00a0\u00bb header_font=\u00a0\u00bb||||||||\u00a0\u00bb header_text_align=\u00a0\u00bbcenter\u00a0\u00bb background_color=\u00a0\u00bb#0dbedd\u00a0\u00bb text_orientation=\u00a0\u00bbcenter\u00a0\u00bb background_layout=\u00a0\u00bbdark\u00a0\u00bb custom_padding=\u00a0\u00bb25px|10px|25px|10px\u00a0\u00bb global_colors_info=\u00a0\u00bb{}\u00a0\u00bb]<\/p>\n<p>\u00ab\u00a0Je suis aujourd\u2019hui dans une zone d\u2019\u00e9quilibre. \u00bb\u00a0\u00bb<\/p>\n<p>[\/et_pb_text][et_pb_text admin_label=\u00a0\u00bbscherrer buzzman\u00a0\u00bb _builder_version=\u00a0\u00bb4.27.3&Prime; text_font_size=\u00a0\u00bb13px\u00a0\u00bb text_line_height=\u00a0\u00bb1.5em\u00a0\u00bb background_color=\u00a0\u00bbrgba(124,218,36,0.06)\u00a0\u00bb custom_margin=\u00a0\u00bb|||\u00a0\u00bb custom_padding=\u00a0\u00bb20px|20px|20px|20px\u00a0\u00bb text_font_size_tablet=\u00a0\u00bb\u00a0\u00bb text_font_size_phone=\u00a0\u00bb15px\u00a0\u00bb text_font_size_last_edited=\u00a0\u00bbon|phone\u00a0\u00bb global_colors_info=\u00a0\u00bb{}\u00a0\u00bb]<\/p>\n<p><img loading=\"lazy\" decoding=\"async\" width=\"809\" height=\"809\" src=\"https:\/\/www.ferembach.com\/cestquilescreas\/wp-content\/uploads\/2026\/01\/jf-lemarec-saatchi.jpg\" alt=\"\" class=\"wp-image-12064\" srcset=\"https:\/\/www.ferembach.com\/cestquilescreas\/wp-content\/uploads\/2026\/01\/jf-lemarec-saatchi.jpg 809w, https:\/\/www.ferembach.com\/cestquilescreas\/wp-content\/uploads\/2026\/01\/jf-lemarec-saatchi-480x480.jpg 480w\" sizes=\"auto, (min-width: 0px) and (max-width: 480px) 480px, (min-width: 481px) 809px, 100vw\" \/><\/p>\n<h2><strong><br \/>Jean-Fran\u00e7ois Le Marec <\/strong><strong>\u25cf <\/strong>ACD <strong>\/<\/strong> Saatchi&amp;Saatchi<strong><\/strong><\/h2>\n<p>&nbsp;<\/p>\n<p><strong>Quelle phrase r\u00e9sume ton ann\u00e9e 2025 ?<\/strong><br \/>\u00ab Without people, you\u2019re nothing. \u00bb Une phrase de Joe Strummer qui r\u00e9sume assez bien l\u2019\u00e9tat d\u2019esprit d\u2019une ann\u00e9e pass\u00e9e \u00e0 jongler entre cr\u00e9ation et direction de cr\u00e9ation, avec La\u00ebtitia Chr\u00e9tien, avec qui je travaille en team.<\/p>\n<p><strong>Tu mettrais quoi dans ton book sur ces 12 mois ?<\/strong><br \/>2025 a \u00e9t\u00e9 une ann\u00e9e particuli\u00e8rement dense. Nous avons sign\u00e9 plusieurs films pour SFR, dont deux com\u00e9dies populaires un peu grin\u00e7antes, Brian est mort et Hotdog, ainsi qu\u2019un film de marque retra\u00e7ant 40 ans de t\u00e9l\u00e9phonie mobile. Les smartphones \u00e9tant devenus de v\u00e9ritables organes greff\u00e9s, la t\u00e9l\u00e9phonie reste un terrain de jeu cr\u00e9atif extr\u00eamement riche.<a href=\"https:\/\/www.youtube.com\/watch?v=HXNIH9-4E3Y\"><\/a><\/p>\n<p><iframe loading=\"lazy\" title=\"Avec Internet Garanti vous basculez votre connexion en 4G en cas de coupure\" width=\"1080\" height=\"608\" src=\"https:\/\/www.youtube.com\/embed\/GVi0fA5ZaFw?feature=oembed\"  allow=\"accelerometer; autoplay; clipboard-write; encrypted-media; gyroscope; picture-in-picture; web-share\" referrerpolicy=\"strict-origin-when-cross-origin\" allowfullscreen><\/iframe><\/p>\n<p><iframe loading=\"lazy\" title=\"40 ans avec SFR\" width=\"1080\" height=\"608\" src=\"https:\/\/www.youtube.com\/embed\/HXNIH9-4E3Y?feature=oembed\"  allow=\"accelerometer; autoplay; clipboard-write; encrypted-media; gyroscope; picture-in-picture; web-share\" referrerpolicy=\"strict-origin-when-cross-origin\" allowfullscreen><\/iframe><\/p>\n<p>En parall\u00e8le, nous avons sign\u00e9 en direction de cr\u00e9ation une activation pro-bono pour Omni (des trottinettes sp\u00e9cialement con\u00e7ues pour les personnes \u00e0 mobilit\u00e9 r\u00e9duite), r\u00e9compens\u00e9e par trois Lions (et une vingtaine de prix internationaux) ainsi que de nouvelles copies pour EDF qui verront bient\u00f4t le jour.<\/p>\n<p><iframe loading=\"lazy\" title=\"Omnilivery (case study) \u2013 Omni\" width=\"1080\" height=\"608\" src=\"https:\/\/www.youtube.com\/embed\/bUcQgIwq2kI?feature=oembed\"  allow=\"accelerometer; autoplay; clipboard-write; encrypted-media; gyroscope; picture-in-picture; web-share\" referrerpolicy=\"strict-origin-when-cross-origin\" allowfullscreen><\/iframe><\/p>\n<p>Parce que ces prods c\u2019est un travail d\u2019\u00e9quipe, special thanks \u00e0 Olivier Despr\u00e9s, C\u00e9cile Arsac, Pierre Viallaneix, Daniel Perez, C. Charron, A. Devitry, J. Gerval. Flo Bridier. Big up John Vall\u00e9e, Xavier G\u00e9rard, Franck Mazeran, R\u00e9mi Soumagne, Aur\u00e9lien Bigot, Benjamin Lecoz, Adrien Armanet, Manu Cossu, Hafid Benamar, Franck Annese, Louis Wallet.<\/p>\n<p><strong>Tu as rat\u00e9 quoi en 2025 ?<\/strong><br \/>Des pitchs\u2026 Deux mois de travail et d\u2019investissement qui s\u2019envolent en un coup de fil : c\u2019est toujours la m\u00eame histoire.<br \/>Plus fondamentalement, j\u2019aurais aim\u00e9 transmettre davantage aux juniors de l\u2019agence, les accompagner plus que je n\u2019ai pu le faire en 2025. C\u2019est sans doute l\u2019un des points complexes du poste d\u2019ACD, pris entre production, direction et disponibilit\u00e9. Peut-\u00eatre le d\u00e9but d\u2019une r\u00e9solution pour 2026\u2026<\/p>\n<p><strong>Financi\u00e8rement, tu en es o\u00f9 ? tu aimerais gagner combien ?<\/strong><br \/>Je suis aujourd\u2019hui dans une zone d\u2019\u00e9quilibre. Ni sous-pay\u00e9, ni sur-valoris\u00e9 : align\u00e9 avec le march\u00e9 d\u2019un ACD. \u00c9videmment, j\u2019ai envie de progresser, mais pas \u00e0 n\u2019importe quel prix. Une vie de cr\u00e9atif doit aussi laisser de la place dans l\u2019agenda pour s\u2019enrichir autrement que financi\u00e8rement. L\u2019essentiel reste d\u2019aimer les sujets sur lesquels on travaille et les histoires qu\u2019on raconte, le reste suit g\u00e9n\u00e9ralement.<\/p>\n<p><strong>C\u2019est quoi l\u2019objectif pour 2026 ?<\/strong><br \/>Faire de bons projets, avec les bonnes personnes.<br \/>And let\u2019s see what happens.<\/p>\n<p><strong><em>&#8211; JF &#8211;<\/em><\/strong><\/p>\n<p>[\/et_pb_text][et_pb_text _builder_version=\u00a0\u00bb4.16&Prime; text_font=\u00a0\u00bbAdamina||||||||\u00a0\u00bb text_font_size=\u00a0\u00bb30px\u00a0\u00bb text_line_height=\u00a0\u00bb1em\u00a0\u00bb ul_font=\u00a0\u00bb||||||||\u00a0\u00bb header_font=\u00a0\u00bb||||||||\u00a0\u00bb header_text_align=\u00a0\u00bbcenter\u00a0\u00bb background_color=\u00a0\u00bb#0dbedd\u00a0\u00bb text_orientation=\u00a0\u00bbcenter\u00a0\u00bb background_layout=\u00a0\u00bbdark\u00a0\u00bb custom_padding=\u00a0\u00bb25px|10px|25px|10px\u00a0\u00bb global_colors_info=\u00a0\u00bb{}\u00a0\u00bb]<\/p>\n<p>\u00ab\u00a0qu\u2019on arr\u00eate de \u00ab subir \u00bb la pub pour commencer \u00e0 \u00eatre diverti par elle. \u00ab\u00a0<\/p>\n<p>[\/et_pb_text][et_pb_text admin_label=\u00a0\u00bbnatahlie romance\u00a0\u00bb _builder_version=\u00a0\u00bb4.27.3&Prime; text_font_size=\u00a0\u00bb13px\u00a0\u00bb text_line_height=\u00a0\u00bb1.5em\u00a0\u00bb background_color=\u00a0\u00bbrgba(237,240,0,0.05)\u00a0\u00bb custom_margin=\u00a0\u00bb|||\u00a0\u00bb custom_padding=\u00a0\u00bb20px|20px|20px|20px\u00a0\u00bb text_font_size_tablet=\u00a0\u00bb\u00a0\u00bb text_font_size_phone=\u00a0\u00bb15px\u00a0\u00bb text_font_size_last_edited=\u00a0\u00bbon|phone\u00a0\u00bb global_colors_info=\u00a0\u00bb{}\u00a0\u00bb]<\/p>\n<p><a href=\"https:\/\/www.ferembach.com\/cestquilescreas\/teffene-vincent\/\"><img loading=\"lazy\" decoding=\"async\" src=\"https:\/\/www.ferembach.com\/cestquilescreas\/wp-content\/uploads\/2026\/01\/teffene-vincent.jpg\" width=\"800\" height=\"800\" alt=\"\" class=\"wp-image-12129 aligncenter size-full\" srcset=\"https:\/\/www.ferembach.com\/cestquilescreas\/wp-content\/uploads\/2026\/01\/teffene-vincent.jpg 800w, https:\/\/www.ferembach.com\/cestquilescreas\/wp-content\/uploads\/2026\/01\/teffene-vincent-480x480.jpg 480w\" sizes=\"auto, (min-width: 0px) and (max-width: 480px) 480px, (min-width: 481px) 800px, 100vw\" \/><\/a><strong><br \/><\/strong><\/p>\n<h2><strong>Vincent Teffene <\/strong><strong>\u25cf <\/strong>Cr\u00e9atif <strong>\/<\/strong> Marcel<\/h2>\n<p>&nbsp;<\/p>\n<p><strong>Quelle phrase r\u00e9sume ton ann\u00e9e 2025 ?<\/strong><\/p>\n<p>Faire du neuf avec du vieux.<\/p>\n<p><strong>Tu mets quoi dans ton book sur tes 12 mois\u202f?<\/strong><\/p>\n<p>Je retiens deux projets majeurs qui illustrent bien ma vision actuelle. D\u2019abord l<a href=\"https:\/\/www.facebook.com\/watch\/?v=2275315422822980\">e film Orange pour les Jeux Paralympiques<\/a>, r\u00e9alis\u00e9 avec Antonin (mon team de c\u0153ur), qui est un film mont\u00e9 \u00e0 partir d\u2019images d\u2019archives des jeux de 2016 et qui a eu la chance de gagner quelques prix en festivals cette ann\u00e9e.<\/p>\n<p><img decoding=\"async\" src=\"https:\/\/btg-communication.fr\/wp-content\/uploads\/2024\/08\/Paralympiques.png\" jsaction=\"\" class=\"sFlh5c FyHeAf iPVvYb\" style=\"max-width: 833px; width: 389px; height: 232px; margin: 0px auto; display: block;\" alt=\"Orange d\u00e9fie les st\u00e9r\u00e9otypes pour les JO Paralympiques - Btg Communication\" jsname=\"kn3ccd\" \/><\/p>\n<p>Ensuite,<a href=\"https:\/\/www.linkedin.com\/posts\/vincent-teffene_ive-always-wondered-what-could-possibly-activity-7399545701392596992-TKgB\/\"> notre film Nescaf\u00e9 Dolce Gusto<\/a>. C\u2019\u00e9tait un vrai pari : on a voulu le traiter comme un film de SF des ann\u00e9es 90, en fuyant le \u00ab tout-num\u00e9rique \u00bb. On a minimis\u00e9 les VFX pour privil\u00e9gier l\u2019organique. On a travaill\u00e9 avec des gens qui \u00e9taient experts dans ce domaine et c\u2019\u00e9tait passionnant de voir que l\u2019artisanat pur, produit souvent un impact visuel bien plus fort qu&rsquo;un rendu 3D impeccable mais froid.<\/p>\n<p><a href=\"https:\/\/www.ferembach.com\/cestquilescreas\/capture-decran-2026-01-20-a-14-05-46\/\"><img loading=\"lazy\" decoding=\"async\" src=\"https:\/\/www.ferembach.com\/cestquilescreas\/wp-content\/uploads\/2026\/01\/Capture-decran-2026-01-20-a-14.05.46.jpg\" width=\"382\" height=\"177\" alt=\"\" class=\"wp-image-12199 aligncenter size-full\" \/><\/a><\/p>\n<p><strong>Tu as rat\u00e9 quoi en 2025 ou que changerais-tu ?<\/strong><\/p>\n<p>Honn\u00eatement ? Rien. Et ce n\u2019est pas de l\u2019arrogance, c\u2019est une philosophie de vie je pense. Bien s\u00fbr, devant chaque projet fini, on se demande toujours si une autre direction n\u2019aurait pas \u00e9t\u00e9 plus percutante. On est parfois pas tr\u00e8s contents de certains d\u00e9tails. Bref, on peut toujours faire mieux, c\u2019est le propre de notre m\u00e9tier.<br \/>Mais je pr\u00e9f\u00e8re rester fier du chemin parcouru tout en gardant une exigence quasi obsessionnelle pour la suite. Et si on ne fait pas d\u2019erreurs, c\u2019est qu\u2019on n\u2019a pas pris assez de risques.<\/p>\n<p><strong>Financi\u00e8rement, tu en es o\u00f9 ? tu aimerais gagner combien ?<\/strong><\/p>\n<p>Id\u00e9alement, j\u2019aimerais gagner plus que de l\u2019argent : je vise surtout l\u2019or et \u00e9ventuellement un Grand Prix.<\/p>\n<p><strong>C\u2019est quoi l\u2019objectif pour 2026 ?<\/strong><\/p>\n<p>L\u2019objectif, c\u2019est d\u2019injecter toujours plus de mes inspirations personnelles dans mes projets. C\u2019est le d\u00e9fi de tout cr\u00e9atif : faire en sorte que le projet nous ressemble sans oublier qu\u2019on travaille pour une marque.<br \/>\u00c0 plus long terme, mon ambition de carri\u00e8re est de redonner ses lettres de noblesse \u00e0 la publicit\u00e9. Je veux qu\u2019on arr\u00eate de \u00ab subir \u00bb la pub pour commencer \u00e0 \u00eatre diverti par elle.<br \/>Si sur chaque projet en 2026, on arrive \u00e0 changer la perception du public de 0,01%, alors on aura gagn\u00e9. On fait un m\u00e9tier passionnant ; j\u2019aimerais que les gens le voient. Plus le public sera exigeant sur la qualit\u00e9 du divertissement qu\u2019on lui propose, plus les clients comprendront qu\u2019une publicit\u00e9 doit \u00eatre une exp\u00e9rience, pas juste une fiche produit.<\/p>\n<p><strong><em>&#8211; Vincent &#8211;<\/em><\/strong><\/p>\n<p>[\/et_pb_text][et_pb_text _builder_version=\u00a0\u00bb4.16&Prime; text_font=\u00a0\u00bbAdamina||||||||\u00a0\u00bb text_font_size=\u00a0\u00bb30px\u00a0\u00bb text_line_height=\u00a0\u00bb1em\u00a0\u00bb ul_font=\u00a0\u00bb||||||||\u00a0\u00bb header_font=\u00a0\u00bb||||||||\u00a0\u00bb header_text_align=\u00a0\u00bbcenter\u00a0\u00bb background_color=\u00a0\u00bb#0dbedd\u00a0\u00bb text_orientation=\u00a0\u00bbcenter\u00a0\u00bb background_layout=\u00a0\u00bbdark\u00a0\u00bb custom_padding=\u00a0\u00bb25px|10px|25px|10px\u00a0\u00bb global_colors_info=\u00a0\u00bb{}\u00a0\u00bb]<\/p>\n<p>\u00ab\u00a0C\u2019est la dichotomie entre les deux qui est cool \u00ab\u00a0<\/p>\n<p>[\/et_pb_text][et_pb_text admin_label=\u00a0\u00bbmarieanne tbwa\u00a0\u00bb _builder_version=\u00a0\u00bb4.27.3&Prime; text_font_size=\u00a0\u00bb13px\u00a0\u00bb text_line_height=\u00a0\u00bb1.5em\u00a0\u00bb background_color=\u00a0\u00bbrgba(38,224,218,0.06)\u00a0\u00bb custom_margin=\u00a0\u00bb|||\u00a0\u00bb custom_padding=\u00a0\u00bb20px|20px|20px|20px\u00a0\u00bb text_font_size_tablet=\u00a0\u00bb\u00a0\u00bb text_font_size_phone=\u00a0\u00bb15px\u00a0\u00bb text_font_size_last_edited=\u00a0\u00bbon|phone\u00a0\u00bb global_colors_info=\u00a0\u00bb{}\u00a0\u00bb]<\/p>\n<p><a href=\"https:\/\/www.ferembach.com\/cestquilescreas\/damien-guiol\/\"><img loading=\"lazy\" decoding=\"async\" src=\"https:\/\/www.ferembach.com\/cestquilescreas\/wp-content\/uploads\/2026\/01\/damien-guiol.jpg\" width=\"800\" height=\"800\" alt=\"\" class=\"wp-image-12171 aligncenter size-full\" srcset=\"https:\/\/www.ferembach.com\/cestquilescreas\/wp-content\/uploads\/2026\/01\/damien-guiol.jpg 800w, https:\/\/www.ferembach.com\/cestquilescreas\/wp-content\/uploads\/2026\/01\/damien-guiol-480x480.jpg 480w\" sizes=\"auto, (min-width: 0px) and (max-width: 480px) 480px, (min-width: 481px) 800px, 100vw\" \/><\/a><\/p>\n<h2><strong><br \/>Damien Guiol <\/strong><strong>\u25cf<\/strong> ECD <strong>\/<\/strong> Change<\/h2>\n<p><strong>Quelle phrase r\u00e9sume ton ann\u00e9e 2025 ?<\/strong><span class=\"white-space-pre\"> <\/span><br \/>J\u2019ai envie de demander \u00e0 une IA qui nous a envahis et qui dirait certainement : \u00ab En 2025, j\u2019ai transform\u00e9 la vitesse en cr\u00e9ativit\u00e9, le changement en force, et le sens en boussole. \u00bb Mais on va faire simple. <br \/>\u00c0 partir de deux mots, on peut parler de phrase ? Parce que la mienne serait : dur et canon. C\u2019est la dichotomie entre les deux qui est cool.\u2028 Oui, c\u2019est dur, on le sait. Et 2025 particuli\u00e8rement.\u2028 Mais on fait un m\u00e9tier tellement cool\u2026 cette recherche permanente de l\u2019id\u00e9e pour faire grandir des marques.<\/p>\n<p><strong>Tu mettrais quoi dans ton book sur ces 12 mois ?<span class=\"white-space-pre\"> <\/span><\/strong><br \/>Trois lettres pour Popeyes : YES.\u2028Une campagne minimaliste qui r\u00e9sume bien la marque : \u2028\u00ab Hard to say no \u00bb.<\/p>\n<p><img fetchpriority=\"high\" decoding=\"async\" class=\"aligncenter size-large wp-image-49796\" src=\"https:\/\/www.danstapub.com\/wp-content\/uploads\/2025\/04\/1744362282980-1160x792.jpeg\" alt=\"\" width=\"423\" height=\"289\" srcset=\"https:\/\/www.danstapub.com\/wp-content\/uploads\/2025\/04\/1744362282980-1160x792.jpeg 1160w, https:\/\/www.danstapub.com\/wp-content\/uploads\/2025\/04\/1744362282980-800x546.jpeg 800w, https:\/\/www.danstapub.com\/wp-content\/uploads\/2025\/04\/1744362282980-1536x1048.jpeg 1536w, https:\/\/www.danstapub.com\/wp-content\/uploads\/2025\/04\/1744362282980-120x82.jpeg 120w, https:\/\/www.danstapub.com\/wp-content\/uploads\/2025\/04\/1744362282980-90x61.jpeg 90w, https:\/\/www.danstapub.com\/wp-content\/uploads\/2025\/04\/1744362282980-320x218.jpeg 320w, https:\/\/www.danstapub.com\/wp-content\/uploads\/2025\/04\/1744362282980-560x382.jpeg 560w, https:\/\/www.danstapub.com\/wp-content\/uploads\/2025\/04\/1744362282980-1920x1310.jpeg 1920w, https:\/\/www.danstapub.com\/wp-content\/uploads\/2025\/04\/1744362282980.jpeg 2000w\" sizes=\"(max-width: 1160px) 100vw, 1160px\" style=\"display: block; margin-left: auto; margin-right: auto;\" \/><span class=\"white-space-pre\"> <\/span><\/p>\n<p>La derni\u00e8re <a href=\"https:\/\/jai-un-pote-dans-la.com\/les-restos-du-coeur-40-ans-campagne-change\/\">Campagne du C\u0153ur,<\/a> avec comme concepteur-r\u00e9dacteur Coluche.<span class=\"white-space-pre\"> <\/span><\/p>\n<p>Une affiche avec <a href=\"https:\/\/www.danstapub.com\/actes-sud-hacke-metro-parisien-tome-8-millenium\/\">397 pages dessus<\/a>. Pour le lancement du dernier Millenium, on a d\u00e9cid\u00e9 de l\u2019offrir aux passants dans le m\u00e9tro.<span class=\"white-space-pre\"> <\/span><\/p>\n<p>Cr\u00e9er une collab entre <a href=\"https:\/\/www.ligne-roset.com\/fr\/collaboration-actes-sud\">Ligne Roset et Actes Sud<\/a> pour inventer le premier canap\u00e9-biblioth\u00e8que. Aujourd\u2019hui, quand tu ach\u00e8tes un Togo, il est livr\u00e9 avec une app de livres Actes Sud \u00e0 \u00e9couter tranquillement dessus.<span class=\"white-space-pre\"> <\/span><\/p>\n<p>5 % pour la mission One Ocean et l\u2019UNESCO,\u2028et les magnifiques photos d\u2019Ale Burset pour rappeler que nous ne connaissons que 5 % des oc\u00e9ans.<\/p>\n<p><img decoding=\"async\" src=\"https:\/\/d3q27bh1u24u2o.cloudfront.net\/news\/2025-07\/1037x2.1izX8I9R.png\" data-src=\"https:\/\/d3q27bh1u24u2o.cloudfront.net\/news\/2025-07\/1037x2.1izX8I9R.png\" class=\" ls-is-cached lazyloaded\" width=\"427\" fetchpriority=\"high\" height=\"241\" style=\"display: block; margin-left: auto; margin-right: auto;\" \/><span class=\"white-space-pre\"> <\/span><\/p>\n<p><a href=\"https:\/\/creapills.com\/shield-the-protest-pancartes-manifestations-flashballs-20250502\">Shield the Protest<\/a>, avec ex-FCB Duba\u00ef et mon ami Mohamed Bareche,\u2028qui transforme les panneaux de manifestants en boucliers contre les violences polici\u00e8res, tristement de plus en plus d\u2019actualit\u00e9.<\/p>\n<p>Et des films Belambra, Vico, Curly\u2026 bref, une ann\u00e9e riche en projets.\u2028\u2028 Mais dans le book surtout, une photo de mes \u00e9quipes, \u2028qui ont fait un travail canon toute l\u2019ann\u00e9e. Sans eux, y\u2019a rien<\/p>\n<p><a href=\"https:\/\/www.ferembach.com\/cestquilescreas\/equipe-change\/\"><img loading=\"lazy\" decoding=\"async\" src=\"https:\/\/www.ferembach.com\/cestquilescreas\/wp-content\/uploads\/2026\/01\/equipe-change.jpg\" width=\"484\" height=\"271\" alt=\"\" class=\"wp-image-12203 aligncenter size-full\" \/><\/a><\/p>\n<p><strong>Tu as rat\u00e9 quoi en 2025 ?<\/strong><span class=\"white-space-pre\"> <\/span><br \/>Toutes les campagnes non vendues\u2026dans les cartons.\u2028 Les compets perdues, les prix non gagn\u00e9s. Il y a pas mal de choses. \u2028Mais on grandit, on comprend. Pour tout changer.<br \/>Je suis plus du temp\u00e9rament \u00e0 tout changer pour se r\u00e9inventer.\u2028 Autour de nous, tout \u00e9volue si vite.\u2028Il faut arriver \u00e0 suivre, s\u2019adapter, pour \u00eatre juste avec son \u00e9poque.\u2028Une justesse pas toujours simple \u00e0 trouver, mais primordiale.<\/p>\n<p><strong>Financi\u00e8rement, tu en es o\u00f9 ? tu aimerais gagner combien<span class=\"white-space-pre\"> <\/span><\/strong><br \/><strong>?<\/strong><span class=\"white-space-pre\"> <\/span><br \/>J\u2019ai sign\u00e9 un pacte : je ne parle d\u2019argent qu\u2019avec mon banquier.\u2028 C\u2019est pour \u00e7a que j\u2019ai choisi une banque en ligne. \u2028Ce que je peux te dire : plus que z\u00e9ro, moins qu\u2019un million.\u2028 On est bons ?<\/p>\n<p><strong>C\u2019est quoi l\u2019objectif de 2025 ?<\/strong><span class=\"white-space-pre\"> <\/span><br \/>Transformer la vitesse en cr\u00e9ativit\u00e9, le changement en force et le sens en boussole. (Rires)<span class=\"white-space-pre\"> <\/span><br \/>S\u2019amuser avec les \u00e9quipes de l\u2019agence pour cr\u00e9er des campagnes qui aident nos clients et amusent les passants. \u2028Ce sera d\u00e9j\u00e0 pas mal.<\/p>\n<p><em><strong>&#8211; Damien &#8211;<\/strong><\/em><\/p>\n<p>[\/et_pb_text][et_pb_text _builder_version=\u00a0\u00bb4.16&Prime; text_font=\u00a0\u00bbAdamina||||||||\u00a0\u00bb text_font_size=\u00a0\u00bb30px\u00a0\u00bb text_line_height=\u00a0\u00bb1em\u00a0\u00bb ul_font=\u00a0\u00bb||||||||\u00a0\u00bb header_font=\u00a0\u00bb||||||||\u00a0\u00bb header_text_align=\u00a0\u00bbcenter\u00a0\u00bb background_color=\u00a0\u00bb#0dbedd\u00a0\u00bb text_orientation=\u00a0\u00bbcenter\u00a0\u00bb background_layout=\u00a0\u00bbdark\u00a0\u00bb custom_padding=\u00a0\u00bb25px|10px|25px|10px\u00a0\u00bb global_colors_info=\u00a0\u00bb{}\u00a0\u00bb]<\/p>\n<p>\u00a0\u00bb\u00a0<span style=\"font-weight: 400;\">Mettre un pied devant l\u2019autre, et recommencer. <\/span> !\u00a0\u00bb<\/p>\n<p>[\/et_pb_text][et_pb_text admin_label=\u00a0\u00bbAnnemarie DDB\u00a0\u00bb _builder_version=\u00a0\u00bb4.27.3&Prime; text_font_size=\u00a0\u00bb13px\u00a0\u00bb text_line_height=\u00a0\u00bb1.5em\u00a0\u00bb background_color=\u00a0\u00bbrgba(228,255,206,0.33)\u00a0\u00bb custom_margin=\u00a0\u00bb|||\u00a0\u00bb custom_padding=\u00a0\u00bb20px|20px|20px|20px\u00a0\u00bb text_font_size_tablet=\u00a0\u00bb\u00a0\u00bb text_font_size_phone=\u00a0\u00bb15px\u00a0\u00bb text_font_size_last_edited=\u00a0\u00bbon|phone\u00a0\u00bb global_colors_info=\u00a0\u00bb{}\u00a0\u00bb]<\/p>\n<p><img loading=\"lazy\" decoding=\"async\" src=\"https:\/\/www.ferembach.com\/cestquilescreas\/wp-content\/uploads\/2026\/01\/bouillhot.jpeg\" width=\"828\" height=\"828\" alt=\"\" class=\"wp-image-11221 aligncenter size-full\" \/><\/p>\n<h2><strong><br \/>Matthieu Bouillhot <\/strong><strong>\u25cf <\/strong>DC<strong> \/\u00a0<\/strong>BETC<br \/><strong><br \/><\/strong><\/h2>\n<p><b>Quelle phrase r\u00e9sume ton ann\u00e9e 2025 ?<\/b><\/p>\n<p><span style=\"font-weight: 400;\">Je vais le tenter en un seul mot : <\/span><i><span style=\"font-weight: 400;\">intensit\u00e9<\/span><\/i><span style=\"font-weight: 400;\">. <\/span><span style=\"font-weight: 400;\"><\/span><\/p>\n<p><span style=\"font-weight: 400;\">Je n\u2019ai pas travaill\u00e9 autant depuis au moins 12 ans et Fred&amp;Farid. Premi\u00e8re ann\u00e9e en tant que DC, \u00e9norm\u00e9ment de projets produits c\u00f4t\u00e9 BETC, beaucoup de choses mises en place pour aider le groupe Havas, et la chance incroyable d\u2019\u00eatre jur\u00e9 au festival de Cannes, probablement mon meilleur souvenir professionnel depuis que j\u2019ai commenc\u00e9 dans la publicit\u00e9.\u00a0<\/span><\/p>\n<p><b>Tu mettrais quoi dans ton book sur ces 12 mois\u202f?<\/b><\/p>\n<p><span style=\"font-weight: 400;\">J\u2019ai vraiment eu la chance de travailler sur beaucoup de sujets cette ann\u00e9e chez BETC, la plupart ayant abouti, avec un bon accueil \u00e0 la sortie. <\/span><i><span style=\"font-weight: 400;\">Intensit\u00e9<\/span><\/i><span style=\"font-weight: 400;\">, disais-je.<\/span><\/p>\n<p><span style=\"font-weight: 400;\">En Janvier, notre maillot trou\u00e9 pour les \u00eeles Marshall, le<\/span><a href=\"https:\/\/mblht.com\/no-home-jersey\"><span style=\"font-weight: 400;\"> No Home Jersey<\/span><\/a><span style=\"font-weight: 400;\">, commence son tour du monde m\u00e9diatique dans The Guardian, qui le conduira jusqu\u2019au New York Times. <\/span><span style=\"font-weight: 400;\"><br \/><\/span><\/p>\n<p><span style=\"font-weight: 400;\"><a href=\"https:\/\/www.ferembach.com\/cestquilescreas\/the-no-home-jersey\/\"><img loading=\"lazy\" decoding=\"async\" src=\"https:\/\/www.ferembach.com\/cestquilescreas\/wp-content\/uploads\/2026\/01\/the-no-home-jersey.jpg\" width=\"600\" height=\"426\" alt=\"\" class=\"wp-image-12162 aligncenter size-full\" srcset=\"https:\/\/www.ferembach.com\/cestquilescreas\/wp-content\/uploads\/2026\/01\/the-no-home-jersey.jpg 600w, https:\/\/www.ferembach.com\/cestquilescreas\/wp-content\/uploads\/2026\/01\/the-no-home-jersey-480x341.jpg 480w\" sizes=\"auto, (min-width: 0px) and (max-width: 480px) 480px, (min-width: 481px) 600px, 100vw\" \/><\/a><\/span><\/p>\n<p><span style=\"font-weight: 400;\">En F\u00e9vrier, on lance <\/span><a href=\"https:\/\/mblht.com\/football-lover-fm\"><span style=\"font-weight: 400;\">Football Lover FM<\/span><\/a><span style=\"font-weight: 400;\">, la radio qui r\u00e9concilie football et Saint Valentin pour So Foot, en transformant en temps r\u00e9el les commentaires de match en chansons romantiques.<\/span><\/p>\n<p><span style=\"font-weight: 400;\">En Mars, on raconte le dispositif qu\u2019on a mis en place pour Seconde Chance, <\/span><a href=\"https:\/\/mblht.com\/the-black-dogs\"><span style=\"font-weight: 400;\">en renommant des centaines de chiens noirs \u201c Taylor Swift \u201c<\/span><\/a><span style=\"font-weight: 400;\"> pour profiter de l\u2019int\u00e9r\u00eat autour de sa chanson The Black Dogs et pousser \u00e0 l\u2019adoption. <\/span><span style=\"font-weight: 400;\"><\/span><\/p>\n<p><span style=\"font-weight: 400;\">Mars toujours : on sort notre projet pour Citro\u00ebn, BumpBoards. Le principe, c\u2019est d\u2019utiliser le budget publicitaire de la marque pour remplacer des dos d\u2019\u00e2ne ill\u00e9gaux plut\u00f4t que pour mettre des billboards \u00e0 la sortie des villages. <\/span><span style=\"font-weight: 400;\"><br \/><\/span><\/p>\n<p><span style=\"font-weight: 400;\">Mars, encore : on lance <\/span><a href=\"https:\/\/www.radiofrance.fr\/franceinfo\/podcasts\/le-billet-sciences\/de-jeunes-medecins-detournent-des-videos-d-influenceurs-pour-denoncer-les-fausses-informations-medicales-sur-internet-3868022\"><span style=\"font-weight: 400;\">Healthbuster pour ReAGJIR<\/span><\/a><span style=\"font-weight: 400;\">, le syndicat des jeunes m\u00e9decins, gr\u00e2ce au travail acharn\u00e9 de Damien Binello qui plonge dans le dark tiktok pour d\u00e9nicher les conseils de sant\u00e9 les plus bidons du net, et deepfaker leurs auteurs pour qu\u2019ils \u201ctaste their own medicine\u201d..\u00a0<\/span><\/p>\n<p><span style=\"font-weight: 400;\">En Juin, on lance avec toutes les \u00e9quipes de Wings ( BETC \/ Havas ) un projet sur lequel on a travaill\u00e9 plus d\u2019un an, <\/span><a href=\"https:\/\/mblht.com\/delivered-by-tetris-1\"><span style=\"font-weight: 400;\">le partenariat entre La Poste et Tetris<\/span><\/a><span style=\"font-weight: 400;\"> pour r\u00e9inventer la fa\u00e7on dont les colis sont stock\u00e9s et transport\u00e9s entre centres de tris par les camions du groupe. <\/span><span style=\"font-weight: 400;\"><br \/><\/span><\/p>\n<p><span style=\"font-weight: 400;\"><a href=\"https:\/\/www.ferembach.com\/cestquilescreas\/delivered-by-tetris\/\"><img loading=\"lazy\" decoding=\"async\" src=\"https:\/\/www.ferembach.com\/cestquilescreas\/wp-content\/uploads\/2026\/01\/delivered-by-tetris.jpg\" width=\"600\" height=\"426\" alt=\"\" class=\"wp-image-12159 aligncenter size-full\" srcset=\"https:\/\/www.ferembach.com\/cestquilescreas\/wp-content\/uploads\/2026\/01\/delivered-by-tetris.jpg 600w, https:\/\/www.ferembach.com\/cestquilescreas\/wp-content\/uploads\/2026\/01\/delivered-by-tetris-480x341.jpg 480w\" sizes=\"auto, (min-width: 0px) and (max-width: 480px) 480px, (min-width: 481px) 600px, 100vw\" \/><\/a><\/span><\/p>\n<p><span style=\"font-weight: 400;\">En Juin toujours, \u201c<\/span><a href=\"https:\/\/www.danstapub.com\/le-credit-agricole-donne-e-bleues-football-feminin\/#:~:text=2025%20%2D%3E%20cliquez%20ici-,Le%20Cr%C3%A9dit%20Agricole%20donne%20son%20%C2%AB%20E%20%C2%BB%20aux%20BleuEs,pour%20d%C3%A9fendre%20le%20football%20f%C3%A9minin&amp;text=Il%20y%20a%20des%20lettres,pas%20assez%20%3A%20le%20football%20f%C3%A9minin.\"><span style=\"font-weight: 400;\">Les E dans les BleuEs<\/span><\/a><span style=\"font-weight: 400;\">\u201d : pour mettre un coup de projecteur sur le partenariat entre le Cr\u00e9dit Agricole et l\u2019\u00e9quipe de France F\u00e9minine de Football, on propose \u00e0 la marque de donner la derni\u00e8re lettre de son nom, le \u201cE\u201d de Cr\u00e9dit AgricolE en comm et en facade d\u2019agences, pour fournir du merchandising enfin accord\u00e9 aux supporters pour qu\u2019ils puissent soutenir les BleuEs (et non pas les Bleus). <\/span><span style=\"font-weight: 400;\"><br \/><\/span><\/p>\n<p><span style=\"font-weight: 400;\">En Novembre enfin, <\/span><a href=\"https:\/\/mblht.com\/the-password-heist\"><span style=\"font-weight: 400;\">The Password Heist<\/span><\/a><span style=\"font-weight: 400;\"> : on d\u00e9couvre que le mot de passe du syst\u00e8me des cam\u00e9ras de s\u00e9curit\u00e9 du Louvre \u00e9tait\u2026 Louvre. Vient une id\u00e9e superbe : transformer le pire mot de passe du pays en mati\u00e8re de CCTV, en une occasion de rendre tous les foyers de France plus s\u00fbrs. Comment ? En permettant aux gens d&rsquo;utiliser ce m\u00eame mot de passe d\u00e9faillant en code promo pour toutes les cam\u00e9ras sur le site de la marque.\u00a0<\/span><\/p>\n<p><span style=\"font-weight: 400;\">Beaucoup de projets qui n\u2019auraient pas pu avoir lieu sans litt\u00e9ralement plus d\u2019une centaine de personnes que je salue et je remercie, c\u00f4t\u00e9 cr\u00e9ation, prod, commerce, planning, RP, motion, son, et bien s\u00fbr, c\u00f4t\u00e9 client:\u00a0<\/span><\/p>\n<p><em><span style=\"font-weight: 400;\">Merci \u00e0 l\u2019\u00e9quipe de No Home Jersey (Nicolas RIchard, Romain Ducos, Maxence Auber, Bastien Sabot, Olivier Apers, Matias Otero, Sarah Belhadj, Sophia Conoscente, Adrien Breachaud, Estelle Colas, Olivier Caunes, Michael Boamah, William Sath, et aux clients Matt Webb et Roderick Bradley),<\/span><span style=\"font-weight: 400;\"><\/span><\/em><\/p>\n<p><em><span style=\"font-weight: 400;\"> \u00e0 celle de Football Lover FM (Valentin Gourmel, Leo Rodriguez, Olivier Aumard, Nicolas Lautier, Mathieu Laugier, Leopold Berges, R\u00e9my Zalcman, Slim Trabelsy, Leslie Levy, Darius Michaud, Sarah Belhadj, Anne-Sophie Touveron, Hugues Nauleau, Olivier Caunes, Camille Chang, Michael Boamah, Julie Claeyman, Maxime Huygue, Pauline Pedemanaud, Vincent Capitaine, Matthieu Herdegen, Samuel Jarry, Charles-Antoine Dupuy, Julien Bailly, Nora Letellier, Marion Torreilles, Pablo Roche, Chris Oldcorn, Lara Lefort, Olivier Mille, Gillian Hellstern, Sophia Conoscente, Adrien Brechaud, Estelle Colas, et aux clients Pierre Maturana, Franck Annese, Mathieu Rollinger et Leo Tourbe), <\/span><span style=\"font-weight: 400;\"><\/span><\/em><\/p>\n<p><em><span style=\"font-weight: 400;\">\u00e0 celle de Seconde Chance (Marie Glotin, Gilliane Hellstern, Arnaud Assouline, Benjamin le-Breton, Killian Palin, Heather Haberajter, Sophie Conoscente, Adrien Brechaud, Estelle Colas, et \u00e0 notre cliente Florence Lepage), <\/span><span style=\"font-weight: 400;\"><\/span><\/em><\/p>\n<p><em><span style=\"font-weight: 400;\">\u00e0 celle de Bumpboards ( Aude Devaux, Natan Ritaly, Bastien Sabot, Nick Bakshi, Guillaume Rebbot, Mehdi Benali, Bertille Toledano, Etienne Averseng, Kemi Zinsou, FrancineFramboise, St\u00e9phanie Huguenin, Lisa Aleksenko, Corentin Lebon, Matthieu Pinchon, Antonio Lizzio, Basile Roze, Cedric Leprettre, Phantom Punch, Normequipe, Jacques Edouard Largy, Elie Duponchel, Romain Colonna, Guillaume Kartagener, Annick Joud, et aux clients Federico Goyret, Thierry Koskas, Fabian Rodriguez, Sylvain Peraldi), <\/span><span style=\"font-weight: 400;\"><\/span><\/em><\/p>\n<p><em><span style=\"font-weight: 400;\">\u00e0 celle de HealthBuster (Damien Binello, Arnaud Assouline, Benjamin Le-Breton, Camille Chang, Michael Boamah, et aux clients Raphael Dachicourt, Marie Bonneau, Agathe Lechevallier, Olivier Cadiou, Caroline Monteragioni, Kilian Thomas), <\/span><span style=\"font-weight: 400;\"><\/span><\/em><\/p>\n<p><em><span style=\"font-weight: 400;\">\u00e0 celle de La Poste \/ Tetris (J\u00e9r\u00f4me Galinha, Elisa Bernard, Chlo\u00e9 Thivel, L\u00e9a Garcia, Landry Stark, Maurane Pauli, Ga\u00eblle Gicqueau, Eric Mironneau, Julien Carette, Isandre Guihal, Nathalie Sanseigne, Olivier Caunes, Sophia Conoscente, Adrien Brechaud, Estelle Colas et aux clientes Marie-Aude Dubanchet, Alexandra Mauraisin, Karen Weber, B\u00e9atrice Germain, Louis Broccolicchi),\u00a0 <\/span><span style=\"font-weight: 400;\"><\/span><\/em><\/p>\n<p><em><span style=\"font-weight: 400;\">\u00e0 celle de \u201cLes E dans les BleuEs\u201d (Aklan Garcia, Benjamin Dubos, Alice Mounoury, Anthony Tavares, Hugo Cals, Mathieu Laugier, Thomas Mald\u00e9m\u00e9, Sarah Karrer, Mat\u00e9o Simonet, R\u00e9my Zalcman, C\u00e9lia Chiarotto-Dafi, Seydi Bayrak, Pauline Sallan, Annick Joud, Mathieu Spadaro, Wilfried Jourdan, Ivan Jovanovic, Nicholas Fawcitt, Catherine Bouchaud, Val\u00e9rie Vasques, et aux clients Sieglinde Sire, Fran\u00e7ois Perreal, Ir\u00e8ne Bloch, Fran\u00e7ois-Xavier Niemec), <\/span><span style=\"font-weight: 400;\"><\/span><\/em><\/p>\n<p><em><span style=\"font-weight: 400;\">\u00e0 celle du \u201cPassword Heist\u201d ( Josefina Mateo Burton, Ezequiel Scarpini, Ivan Beczkowski, Mathieu Roux, Mathieu Laugier, C\u00e9line Prince, Oscar Peteil, Tiphaine du Plessis, Etienne Averseng, et aux clientes Jade Sartorius et Anna Faure).<\/span><\/em><\/p>\n<p><span style=\"font-weight: 400;\">Merci particulier \u00e0 St\u00e9phane Xiberras, impliqu\u00e9 sur chacun de ces projets pour les rendre possibles et meilleurs de bout en bout, ainsi qu\u2019\u00e0 Elodie Diana d\u2019avoir manag\u00e9 ma charge de travail pour que tout cela reste possible sans que je n\u2019explose en plein vol.\u00a0<\/span><\/p>\n<p>&nbsp;<\/p>\n<p><span style=\"font-weight: 400;\">Merci enfin \u00e0 Caroline et Elisabeth de m\u2019avoir support\u00e9 et partag\u00e9 avec tout ce beau monde pendant un an.\u00a0<\/span><\/p>\n<p>&nbsp;<\/p>\n<p><b>Tu as rat\u00e9 quoi en 2025 (ou que changerais-tu) ?<\/b><\/p>\n<p><span style=\"font-weight: 400;\">Qui dit beaucoup de projets, dit beaucoup de temps pass\u00e9. Et comme je n\u2019ai pas r\u00e9ussi \u00e0 trouver plus de 24h dans une journ\u00e9e, je l\u2019ai parfois fait au d\u00e9triment de ma vie priv\u00e9e, de ma compagne et de ma fille, ce que je regrette. Je fais plus attention aujourd\u2019hui, promis.<\/span><\/p>\n<p><b>Financi\u00e8rement, tu en es o\u00f9 ? tu aimerais gagner combien ?<\/b><\/p>\n<p><span style=\"font-weight: 400;\">J\u2019aimerais gagner plus, comme tout le monde j\u2019imagine ? Mais je ne suis pas \u00e0 plaindre, surtout quand on voit le march\u00e9 et la tectonique des plaques en cours dans le secteur publicitaire. IA qui bouscule les revenus + \u00e9conomie d&rsquo;\u00e9chelle suite \u00e0 la fusion Interbrand \/ Omnicom + Rationalisation \u00e0 venir chez WPP + Baisse des investissements annonceurs\u2026 ouch.\u00a0<\/span><\/p>\n<p><b>C\u2019est quoi l\u2019objectif pour 2026 ?<\/b><\/p>\n<p><span style=\"font-weight: 400;\">Mettre un pied devant l\u2019autre, et recommencer. Professionnellement je n\u2019ai jamais fait de plans sur la com\u00e8te, et \u00e7a ne marche pas trop mal, alors je vais m\u2019y tenir encore un peu, en essayant de faire mieux et en croisant les doigts pour que mon m\u00e9tier existe encore un peu demain.\u00a0\u00a0<\/span><\/p>\n<p>&nbsp;<\/p>\n<p><strong><em>&#8211; Matthieu &#8211;<\/em><\/strong><\/p>\n<p>[\/et_pb_text][\/et_pb_column][\/et_pb_row][\/et_pb_section]<\/p>\n","protected":false},"excerpt":{"rendered":"<p>Parfois ces bilans sont collectifs (2021 et 2023), cette ann\u00e9e, j\u2019invite des salari\u00e9s d\u2019agence \u00e0 raconter leur ann\u00e9e<br \/>\nIci les propos sont plut\u00f4t positifs, mais ce n\u2019est pas le cas pour tous les salari\u00e9s.<\/p>\n","protected":false},"author":4,"featured_media":12242,"comment_status":"closed","ping_status":"closed","sticky":false,"template":"","format":"standard","meta":{"_et_pb_use_builder":"on","_et_pb_old_content":"<!-- wp:paragraph -->\n<p>Depuis 7 ans, je partage un bilan de mon activit\u00e9 de freelance cr\u00e9atif publicitaire.<br>Vous pouvez (re) lire les bilans de <a href=\"https:\/\/ferembach.com\/bilan-2024-pub-free\/\" target=\"_blank\" rel=\"noreferrer noopener\">2024<\/a> - <a href=\"https:\/\/www.ferembach.com\/cestquilescreas\/dossier\/bilan-2023-freelance-pub\/\" target=\"_blank\" rel=\"noreferrer noopener\">2023<\/a> - <a href=\"https:\/\/ferembach.com\/bilan-free-2022\/\" target=\"_blank\" rel=\"noreferrer noopener\">2022 <\/a>\u2013 <a href=\"https:\/\/www.ferembach.com\/cestquilescreas\/creatif\/bilan-2021-freelances\/\" target=\"_blank\" rel=\"noreferrer noopener\">2021 \u2013<\/a> <a href=\"https:\/\/ferembach.com\/bilan-2020\/\" target=\"_blank\" rel=\"noreferrer noopener\">2020 \u2013<\/a><a href=\"https:\/\/ferembach.com\/le-bilan-dun-freelance-creatif-pub-apres-2-ans\/\" target=\"_blank\" rel=\"noreferrer noopener\">2019 \u2013<\/a><a href=\"https:\/\/www.linkedin.com\/pulse\/1-en-free-lance-dans-la-pub-gregory-ferembach\/?originalSubdomain=fr\" target=\"_blank\" rel=\"noreferrer noopener\">2018.<\/a><\/p>\n<!-- \/wp:paragraph -->\n\n<!-- wp:paragraph -->\n<p>Cette ann\u00e9e, j'invite des salari\u00e9s d'agence de pub, <\/p>\n<!-- \/wp:paragraph -->\n\n<!-- wp:paragraph -->\n<p>(Gardez en t\u00eate que les gens pour qui c'est difficile t\u00e9moignent rarement. <br>Ici les propos sont plut\u00f4t positifs, mais ce n\u2019est pas le cas pour tous les salari\u00e9s.)<\/p>\n<!-- \/wp:paragraph -->\n\n<!-- wp:spacer {\"height\":\"62px\"} -->\n<div style=\"height:62px\" aria-hidden=\"true\" class=\"wp-block-spacer\"><\/div>\n<!-- \/wp:spacer -->\n\n<!-- wp:columns {\"verticalAlignment\":null,\"style\":{\"color\":{\"background\":\"#abb7c21f\"}}} -->\n<div class=\"wp-block-columns has-background\" style=\"background-color:#abb7c21f\"><!-- wp:column {\"verticalAlignment\":\"center\",\"width\":\"33.33%\"} -->\n<div class=\"wp-block-column is-vertically-aligned-center\" style=\"flex-basis:33.33%\"><!-- wp:image {\"id\":12051,\"sizeSlug\":\"full\",\"linkDestination\":\"none\"} -->\n<figure class=\"wp-block-image size-full\"><img src=\"https:\/\/www.ferembach.com\/cestquilescreas\/wp-content\/uploads\/2026\/01\/Greg.jpg\" alt=\"\" class=\"wp-image-12051\"\/><\/figure>\n<!-- \/wp:image --><\/div>\n<!-- \/wp:column -->\n\n<!-- wp:column {\"verticalAlignment\":\"center\",\"width\":\"66.66%\"} -->\n<div class=\"wp-block-column is-vertically-aligned-center\" style=\"flex-basis:66.66%\"><!-- wp:paragraph {\"style\":{\"elements\":{\"link\":{\"color\":{\"text\":\"var:preset|color|vivid-cyan-blue\"}}}},\"textColor\":\"vivid-cyan-blue\",\"fontSize\":\"medium\"} -->\n<p class=\"has-vivid-cyan-blue-color has-text-color has-link-color has-medium-font-size\"><strong>GREGORY FEREMBACH <\/strong>- Cr\u00e9atif.<\/p>\n<!-- \/wp:paragraph -->\n\n<!-- wp:paragraph -->\n<p>Pour moi, 2025 aura \u00e9t\u00e9 une ann\u00e9e 'lambda' que ce soit en pro comme en perso, mes enfants grandissent, leurs parents vieillissent, les free continuent al\u00e9atoirement\u2026<br>Le point thune (qu\u2019il y en ait au moins un qui parle publiquement de \u00e7a : ) ) l'ann\u00e9e se boucle dans les 4 k \u20ac net par mois. C\u2019est le chiffre que je vise au minimum pour \u00eatre serein pour toute la famille. \u2028\u2028 <br>Je n\u2019ai pas (encore) r\u00e9ussi \u00e0 mettre <a href=\"https:\/\/danube.studio\/\" target=\"_blank\" rel=\"noreferrer noopener\">le Studio Danube<\/a> sur des rails, \u00e7a viendra.\u2028\u2028<br><a href=\"https:\/\/www.ferembach.com\/cestquilescreas\/\" target=\"_blank\" rel=\"noreferrer noopener\">C\u2019est Qui Les Cr\u00e9as ?<\/a> a \u00e9t\u00e9 assez actif cette ann\u00e9e, si vous voulez \u00e9crire dedans, faire des dossiers, racontez des morceaux de pub <a href=\"mailto:gferembach@gmail.com\">envoyez moi un mail<\/a> et on s'organise.<\/p>\n<!-- \/wp:paragraph --><\/div>\n<!-- \/wp:column --><\/div>\n<!-- \/wp:columns -->\n\n<!-- wp:columns {\"verticalAlignment\":\"top\"} -->\n<div class=\"wp-block-columns are-vertically-aligned-top\"><!-- wp:column {\"verticalAlignment\":\"top\",\"width\":\"33.33%\"} -->\n<div class=\"wp-block-column is-vertically-aligned-top\" style=\"flex-basis:33.33%\"><!-- wp:image {\"id\":12061,\"sizeSlug\":\"full\",\"linkDestination\":\"none\"} -->\n<figure class=\"wp-block-image size-full\"><img src=\"https:\/\/www.ferembach.com\/cestquilescreas\/wp-content\/uploads\/2026\/01\/sarah-buzzman.jpg\" alt=\"\" class=\"wp-image-12061\"\/><\/figure>\n<!-- \/wp:image --><\/div>\n<!-- \/wp:column -->\n\n<!-- wp:column {\"verticalAlignment\":\"top\",\"width\":\"66.66%\"} -->\n<div class=\"wp-block-column is-vertically-aligned-top\" style=\"flex-basis:66.66%\"><!-- wp:paragraph {\"style\":{\"elements\":{\"link\":{\"color\":{\"text\":\"var:preset|color|vivid-cyan-blue\"}}}},\"textColor\":\"vivid-cyan-blue\"} -->\n<p class=\"has-vivid-cyan-blue-color has-text-color has-link-color\">Directrice Artistique \/ Buzzman<\/p>\n<!-- \/wp:paragraph -->\n\n<!-- wp:paragraph {\"style\":{\"elements\":{\"link\":{\"color\":{\"text\":\"var:preset|color|vivid-cyan-blue\"}}}},\"textColor\":\"vivid-cyan-blue\",\"fontSize\":\"large\"} -->\n<p class=\"has-vivid-cyan-blue-color has-text-color has-link-color has-large-font-size\"><strong>SARAH NARBOUX <\/strong> <\/p>\n<!-- \/wp:paragraph -->\n\n<!-- wp:paragraph -->\n<p><strong>Quelle phrase r\u00e9sume ton ann\u00e9e 2025 ?<\/strong><br>\u00a0<em>\u00ab C'est toi qui as fait la pub du loup ?\u00bb<br>\u00a0 \u00ab Non. \u00bb\u00a0<\/em><\/p>\n<!-- \/wp:paragraph -->\n\n<!-- wp:paragraph -->\n<p><strong>Tu mettrais quoi dans ton book sur ces 12 mois\u202f?<\/strong><br>\u2028Alors, j\u2019aurais beaucoup aim\u00e9 faire le film Columbia \u2013 Engineered For Whatever parce que la r\u00e9al est super cool.\u2028Et, pour faire honneur \u00e0 mon addiction au Coca, la campagne Thanks for Coke-Creating,\u00a0si j\u2019avais v\u00e9cu \u00e0 New York, \u00e9videmment.<\/p>\n<!-- \/wp:paragraph -->\n\n<!-- wp:paragraph -->\n<p>Mais la vraie nouveaut\u00e9 ajout\u00e9e \u00e0 mon book cette ann\u00e9e, ce sont des films, r\u00e9alis\u00e9s pour \u2028BoursoBank \u2013 La banque la moins ch\u00e8re pour la 18e ann\u00e9e cons\u00e9cutive.\u2028Il y a 18 ans, je n'avais m\u00eame pas encore mon bac.<\/p>\n<!-- \/wp:paragraph -->\n\n<!-- wp:paragraph -->\n<p><strong>Tu as rat\u00e9 quoi en 2025 ?<\/strong><br>Selon moi, rien n\u2019est jamais vraiment rat\u00e9 : au pire, on a la honte et on en tire une le\u00e7on.\u2028Par contre, si je pouvais remonter le temps, je procrastinerais s\u00fbrement un peu moins,\u2028m\u00eame si, honn\u00eatement, je suis bien plus efficace quand le temps est compt\u00e9.<\/p>\n<!-- \/wp:paragraph -->\n\n<!-- wp:paragraph -->\n<p><strong>Financi\u00e8rement, tu en es o\u00f9 ? tu aimerais gagner combien ?<\/strong><\/p>\n<!-- \/wp:paragraph -->\n\n<!-- wp:paragraph -->\n<p>Certains se sont d\u00e9j\u00e0 pench\u00e9s sur la question, et je suis d\u2019accord :\u2028<br><a href=\"https:\/\/www.youtube.com\/watch?v=ETxmCCsMoD0\" target=\"_blank\" rel=\"noreferrer noopener\">https:\/\/www.youtube.com\/watch?v=ETxmCCsMoD0<\/a><\/p>\n<!-- \/wp:paragraph -->\n\n<!-- wp:paragraph -->\n<p><em>I work all night, I work all day to pay the bills I have to pay\u2028Ain't it sad?\u2028And still there never seems to be a single penny left for me\u2028That's too bad\u2028In my dreams I have a plan\u2028[\u2026]\u2028Money, money, money\u2028Must be funny\u2028In the rich man's world<\/em><\/p>\n<!-- \/wp:paragraph -->\n\n<!-- wp:paragraph -->\n<p><strong>C\u2019est quoi l\u2019objectif pour 2026 ?<\/strong><\/p>\n<!-- \/wp:paragraph -->\n\n<!-- wp:paragraph -->\n<p>Eh bien, je dirais : sortir des films qui feront rire les copains, \u2028et pourquoi pas retourner \u00e0 Cannes (mais \u00e7a, \u00e7a reste entre nous, hein).<br>Il faudra aussi que je pense \u00e0 finir de meubler mon appart.<\/p>\n<!-- \/wp:paragraph --><\/div>\n<!-- \/wp:column --><\/div>\n<!-- \/wp:columns -->\n\n<!-- wp:columns {\"verticalAlignment\":\"top\",\"style\":{\"color\":{\"background\":\"#abb7c21f\"}}} -->\n<div class=\"wp-block-columns are-vertically-aligned-top has-background\" style=\"background-color:#abb7c21f\"><!-- wp:column {\"verticalAlignment\":\"top\",\"width\":\"33.33%\"} -->\n<div class=\"wp-block-column is-vertically-aligned-top\" style=\"flex-basis:33.33%\"><!-- wp:image {\"id\":12064,\"sizeSlug\":\"full\",\"linkDestination\":\"none\"} -->\n<figure class=\"wp-block-image size-full\"><img src=\"https:\/\/www.ferembach.com\/cestquilescreas\/wp-content\/uploads\/2026\/01\/jf-lemarec-saatchi.jpg\" alt=\"\" class=\"wp-image-12064\"\/><\/figure>\n<!-- \/wp:image --><\/div>\n<!-- \/wp:column -->\n\n<!-- wp:column {\"verticalAlignment\":\"top\",\"width\":\"66.66%\"} -->\n<div class=\"wp-block-column is-vertically-aligned-top\" style=\"flex-basis:66.66%\"><!-- wp:paragraph {\"style\":{\"elements\":{\"link\":{\"color\":{\"text\":\"var:preset|color|vivid-cyan-blue\"}}}},\"textColor\":\"vivid-cyan-blue\"} -->\n<p class=\"has-vivid-cyan-blue-color has-text-color has-link-color\">Creative Director - Senior Copywriter \/ Saatchi&amp;Saatchi<\/p>\n<!-- \/wp:paragraph -->\n\n<!-- wp:paragraph {\"style\":{\"elements\":{\"link\":{\"color\":{\"text\":\"var:preset|color|vivid-cyan-blue\"}}}},\"textColor\":\"vivid-cyan-blue\",\"fontSize\":\"large\"} -->\n<p class=\"has-vivid-cyan-blue-color has-text-color has-link-color has-large-font-size\"><strong>Jean-Fran\u00e7ois Le Marec<\/strong><\/p>\n<!-- \/wp:paragraph -->\n\n<!-- wp:paragraph -->\n<p><strong>Quelle phrase r\u00e9sume ton ann\u00e9e 2025 ?<\/strong><br>\u00ab Without people, you\u2019re nothing. \u00bb Une phrase de Joe Strummer qui r\u00e9sume assez bien<br>l\u2019\u00e9tat d\u2019esprit d\u2019une ann\u00e9e pass\u00e9e \u00e0 jongler entre cr\u00e9ation et direction de cr\u00e9ation, avec<br>La\u00ebtitia Chr\u00e9tien, avec qui je travaille en team.<br><br>\u2028<strong>Tu mettrais quoi dans ton book sur ces 12 mois ?<\/strong><br>2025 a \u00e9t\u00e9 une ann\u00e9e particuli\u00e8rement dense. Nous avons sign\u00e9 plusieurs films pour<br>SFR, dont deux com\u00e9dies populaires un peu grin\u00e7antes, Brian est mort et Hotdog, ainsi<br>qu\u2019un film de marque retra\u00e7ant 40 ans de t\u00e9l\u00e9phonie mobile. Les smartphones \u00e9tant<br>devenus de v\u00e9ritables organes greL\u00e9s, la t\u00e9l\u00e9phonie reste un terrain de jeu cr\u00e9atif<br>extr\u00eamement riche.<br>En parall\u00e8le, nous avons sign\u00e9 en direction de cr\u00e9ation une activation pro-bono pour<br>Omni (des trottinettes sp\u00e9cialement con\u00e7ues pour les personnes \u00e0 mobilit\u00e9 r\u00e9duite),<br>r\u00e9compens\u00e9e par trois Lions (et une vingtaine de prix internationaux), ainsi que de<br>nouvelles copies pour EDF qui verront bient\u00f4t le jour.<br><br>\u2028<strong>Tu as rat\u00e9 quoi en 2025 ?<\/strong><br>Des pitchs\u2026 Deux mois de travail et d\u2019investissement qui s\u2019envolent en un coup de fil :<br>c\u2019est toujours la m\u00eame histoire.<br>Plus fondamentalement, j\u2019aurais aim\u00e9 transmettre davantage aux juniors de l\u2019agence,<br>les accompagner plus que je n\u2019ai pu le faire en 2025. C\u2019est sans doute l\u2019un des points<br>complexes du poste d\u2019ACD, pris entre production, direction et disponibilit\u00e9. Peut-\u00eatre le<br>d\u00e9but d\u2019une r\u00e9solution pour 2026\u2026\u2028<br><br><strong>Financi\u00e8rement, tu en es o\u00f9 ? tu aimerais gagner combien ?<\/strong><br>Je suis aujourd\u2019hui dans une zone d\u2019\u00e9quilibre. Ni sous-pay\u00e9, ni sur-valoris\u00e9 : align\u00e9 avec<br>le march\u00e9 d\u2019un ACD. \u00c9videmment, j\u2019ai envie de progresser, mais pas \u00e0 n\u2019importe quel<br>prix. Une vie de cr\u00e9atif doit aussi laisser de la place dans l\u2019agenda pour s\u2019enrichir<br>autrement que financi\u00e8rement. L\u2019essentiel reste d\u2019aimer les sujets sur lesquels on<br>travaille et les histoires qu\u2019on raconte, le reste suit g\u00e9n\u00e9ralement.<br><br>\u2028<strong>C\u2019est quoi l\u2019objectif pour 2026 ?<\/strong><br>Faire de bons projets, avec les bonnes personnes. And let\u2019s see what happens.<\/p>\n<!-- \/wp:paragraph --><\/div>\n<!-- \/wp:column --><\/div>\n<!-- \/wp:columns -->\n\n<!-- wp:spacer {\"height\":\"62px\"} -->\n<div style=\"height:62px\" aria-hidden=\"true\" class=\"wp-block-spacer\"><\/div>\n<!-- \/wp:spacer -->\n\n<!-- wp:paragraph {\"style\":{\"elements\":{\"link\":{\"color\":{\"text\":\"var:preset|color|vivid-cyan-blue\"}}}},\"textColor\":\"vivid-cyan-blue\"} -->\n<p class=\"has-vivid-cyan-blue-color has-text-color has-link-color\"><\/p>\n<!-- \/wp:paragraph -->","_et_gb_content_width":"1080","_uag_custom_page_level_css":"","footnotes":""},"categories":[69],"tags":[],"class_list":["post-12050","post","type-post","status-publish","format-standard","has-post-thumbnail","hentry","category-dossier"],"yoast_head":"<!-- This site is optimized with the Yoast SEO plugin v27.5 - https:\/\/yoast.com\/product\/yoast-seo-wordpress\/ -->\n<title>Le Bilan 2025 de 11 salari\u00e9s d&#039;agence de pub. &#8226; C&#039;est qui les Cr\u00e9as ?<\/title>\n<meta name=\"robots\" content=\"index, follow, max-snippet:-1, max-image-preview:large, max-video-preview:-1\" \/>\n<link rel=\"canonical\" href=\"https:\/\/www.ferembach.com\/cestquilescreas\/dossier\/bilan-2025\/\" \/>\n<meta property=\"og:locale\" content=\"fr_FR\" \/>\n<meta property=\"og:type\" content=\"article\" \/>\n<meta property=\"og:title\" content=\"Le Bilan 2025 de 11 salari\u00e9s d&#039;agence de pub. &#8226; C&#039;est qui les Cr\u00e9as ?\" \/>\n<meta property=\"og:description\" content=\"Parfois ces bilans sont collectifs (2021 et 2023), cette ann\u00e9e, j\u2019invite des salari\u00e9s d\u2019agence \u00e0 raconter leur ann\u00e9e Ici les propos sont plut\u00f4t positifs, mais ce n\u2019est pas le cas pour tous les salari\u00e9s.\" \/>\n<meta property=\"og:url\" content=\"https:\/\/www.ferembach.com\/cestquilescreas\/dossier\/bilan-2025\/\" \/>\n<meta property=\"og:site_name\" content=\"C&#039;est qui les Cr\u00e9as ?\" \/>\n<meta property=\"article:publisher\" content=\"https:\/\/www.facebook.com\/CestquilesCreas\/\" \/>\n<meta property=\"article:published_time\" content=\"2026-01-19T10:35:13+00:00\" \/>\n<meta property=\"article:modified_time\" content=\"2026-01-22T08:12:37+00:00\" \/>\n<meta property=\"og:image\" content=\"https:\/\/www.ferembach.com\/cestquilescreas\/wp-content\/uploads\/2026\/01\/bilan_2025.jpg\" \/>\n\t<meta property=\"og:image:width\" content=\"1200\" \/>\n\t<meta property=\"og:image:height\" content=\"861\" \/>\n\t<meta property=\"og:image:type\" content=\"image\/jpeg\" \/>\n<meta name=\"author\" content=\"gregory ferembach\" \/>\n<meta name=\"twitter:card\" content=\"summary_large_image\" \/>\n<meta name=\"twitter:label1\" content=\"\u00c9crit par\" \/>\n\t<meta name=\"twitter:data1\" content=\"gregory ferembach\" \/>\n\t<meta name=\"twitter:label2\" content=\"Dur\u00e9e de lecture estim\u00e9e\" \/>\n\t<meta name=\"twitter:data2\" content=\"30 minutes\" \/>\n<script type=\"application\/ld+json\" class=\"yoast-schema-graph\">{\"@context\":\"https:\\\/\\\/schema.org\",\"@graph\":[{\"@type\":\"Article\",\"@id\":\"https:\\\/\\\/www.ferembach.com\\\/cestquilescreas\\\/dossier\\\/bilan-2025\\\/#article\",\"isPartOf\":{\"@id\":\"https:\\\/\\\/www.ferembach.com\\\/cestquilescreas\\\/dossier\\\/bilan-2025\\\/\"},\"author\":{\"name\":\"gregory ferembach\",\"@id\":\"https:\\\/\\\/www.ferembach.com\\\/cestquilescreas\\\/#\\\/schema\\\/person\\\/228b651374249a02f20a1921f0e2516b\"},\"headline\":\"Le Bilan 2025 de 11 salari\u00e9s d&rsquo;agence de pub.\",\"datePublished\":\"2026-01-19T10:35:13+00:00\",\"dateModified\":\"2026-01-22T08:12:37+00:00\",\"mainEntityOfPage\":{\"@id\":\"https:\\\/\\\/www.ferembach.com\\\/cestquilescreas\\\/dossier\\\/bilan-2025\\\/\"},\"wordCount\":6694,\"publisher\":{\"@id\":\"https:\\\/\\\/www.ferembach.com\\\/cestquilescreas\\\/#organization\"},\"image\":{\"@id\":\"https:\\\/\\\/www.ferembach.com\\\/cestquilescreas\\\/dossier\\\/bilan-2025\\\/#primaryimage\"},\"thumbnailUrl\":\"https:\\\/\\\/www.ferembach.com\\\/cestquilescreas\\\/wp-content\\\/uploads\\\/2026\\\/01\\\/bilan_2025.jpg\",\"articleSection\":[\"dossier\"],\"inLanguage\":\"fr-FR\"},{\"@type\":\"WebPage\",\"@id\":\"https:\\\/\\\/www.ferembach.com\\\/cestquilescreas\\\/dossier\\\/bilan-2025\\\/\",\"url\":\"https:\\\/\\\/www.ferembach.com\\\/cestquilescreas\\\/dossier\\\/bilan-2025\\\/\",\"name\":\"Le Bilan 2025 de 11 salari\u00e9s d'agence de pub. &#8226; C&#039;est qui les Cr\u00e9as ?\",\"isPartOf\":{\"@id\":\"https:\\\/\\\/www.ferembach.com\\\/cestquilescreas\\\/#website\"},\"primaryImageOfPage\":{\"@id\":\"https:\\\/\\\/www.ferembach.com\\\/cestquilescreas\\\/dossier\\\/bilan-2025\\\/#primaryimage\"},\"image\":{\"@id\":\"https:\\\/\\\/www.ferembach.com\\\/cestquilescreas\\\/dossier\\\/bilan-2025\\\/#primaryimage\"},\"thumbnailUrl\":\"https:\\\/\\\/www.ferembach.com\\\/cestquilescreas\\\/wp-content\\\/uploads\\\/2026\\\/01\\\/bilan_2025.jpg\",\"datePublished\":\"2026-01-19T10:35:13+00:00\",\"dateModified\":\"2026-01-22T08:12:37+00:00\",\"breadcrumb\":{\"@id\":\"https:\\\/\\\/www.ferembach.com\\\/cestquilescreas\\\/dossier\\\/bilan-2025\\\/#breadcrumb\"},\"inLanguage\":\"fr-FR\",\"potentialAction\":[{\"@type\":\"ReadAction\",\"target\":[\"https:\\\/\\\/www.ferembach.com\\\/cestquilescreas\\\/dossier\\\/bilan-2025\\\/\"]}]},{\"@type\":\"ImageObject\",\"inLanguage\":\"fr-FR\",\"@id\":\"https:\\\/\\\/www.ferembach.com\\\/cestquilescreas\\\/dossier\\\/bilan-2025\\\/#primaryimage\",\"url\":\"https:\\\/\\\/www.ferembach.com\\\/cestquilescreas\\\/wp-content\\\/uploads\\\/2026\\\/01\\\/bilan_2025.jpg\",\"contentUrl\":\"https:\\\/\\\/www.ferembach.com\\\/cestquilescreas\\\/wp-content\\\/uploads\\\/2026\\\/01\\\/bilan_2025.jpg\",\"width\":1200,\"height\":861},{\"@type\":\"BreadcrumbList\",\"@id\":\"https:\\\/\\\/www.ferembach.com\\\/cestquilescreas\\\/dossier\\\/bilan-2025\\\/#breadcrumb\",\"itemListElement\":[{\"@type\":\"ListItem\",\"position\":1,\"name\":\"Accueil\",\"item\":\"https:\\\/\\\/www.ferembach.com\\\/cestquilescreas\\\/\"},{\"@type\":\"ListItem\",\"position\":2,\"name\":\"Le Bilan 2025 de 11 salari\u00e9s d&rsquo;agence de pub.\"}]},{\"@type\":\"WebSite\",\"@id\":\"https:\\\/\\\/www.ferembach.com\\\/cestquilescreas\\\/#website\",\"url\":\"https:\\\/\\\/www.ferembach.com\\\/cestquilescreas\\\/\",\"name\":\"C'est qui les Cr\u00e9as ?\",\"description\":\"D\u00e9couvrez les cr\u00e9atifs, leurs parcours et leurs (en)vies...\",\"publisher\":{\"@id\":\"https:\\\/\\\/www.ferembach.com\\\/cestquilescreas\\\/#organization\"},\"potentialAction\":[{\"@type\":\"SearchAction\",\"target\":{\"@type\":\"EntryPoint\",\"urlTemplate\":\"https:\\\/\\\/www.ferembach.com\\\/cestquilescreas\\\/?s={search_term_string}\"},\"query-input\":{\"@type\":\"PropertyValueSpecification\",\"valueRequired\":true,\"valueName\":\"search_term_string\"}}],\"inLanguage\":\"fr-FR\"},{\"@type\":\"Organization\",\"@id\":\"https:\\\/\\\/www.ferembach.com\\\/cestquilescreas\\\/#organization\",\"name\":\"C'est qui les Cr\u00e9as ?\",\"url\":\"https:\\\/\\\/www.ferembach.com\\\/cestquilescreas\\\/\",\"logo\":{\"@type\":\"ImageObject\",\"inLanguage\":\"fr-FR\",\"@id\":\"https:\\\/\\\/www.ferembach.com\\\/cestquilescreas\\\/#\\\/schema\\\/logo\\\/image\\\/\",\"url\":\"https:\\\/\\\/www.ferembach.com\\\/cestquilescreas\\\/wp-content\\\/uploads\\\/2020\\\/02\\\/logo-cqlc-1024x368-3.png\",\"contentUrl\":\"https:\\\/\\\/www.ferembach.com\\\/cestquilescreas\\\/wp-content\\\/uploads\\\/2020\\\/02\\\/logo-cqlc-1024x368-3.png\",\"width\":1024,\"height\":368,\"caption\":\"C'est qui les Cr\u00e9as ?\"},\"image\":{\"@id\":\"https:\\\/\\\/www.ferembach.com\\\/cestquilescreas\\\/#\\\/schema\\\/logo\\\/image\\\/\"},\"sameAs\":[\"https:\\\/\\\/www.facebook.com\\\/CestquilesCreas\\\/\"]},{\"@type\":\"Person\",\"@id\":\"https:\\\/\\\/www.ferembach.com\\\/cestquilescreas\\\/#\\\/schema\\\/person\\\/228b651374249a02f20a1921f0e2516b\",\"name\":\"gregory ferembach\",\"image\":{\"@type\":\"ImageObject\",\"inLanguage\":\"fr-FR\",\"@id\":\"https:\\\/\\\/secure.gravatar.com\\\/avatar\\\/605c4bda0e1d2a91637e7bb2eb4af75b09419585355d212ee36e067ca646749c?s=96&d=mm&r=g\",\"url\":\"https:\\\/\\\/secure.gravatar.com\\\/avatar\\\/605c4bda0e1d2a91637e7bb2eb4af75b09419585355d212ee36e067ca646749c?s=96&d=mm&r=g\",\"contentUrl\":\"https:\\\/\\\/secure.gravatar.com\\\/avatar\\\/605c4bda0e1d2a91637e7bb2eb4af75b09419585355d212ee36e067ca646749c?s=96&d=mm&r=g\",\"caption\":\"gregory ferembach\"}}]}<\/script>\n<!-- \/ Yoast SEO plugin. -->","yoast_head_json":{"title":"Le Bilan 2025 de 11 salari\u00e9s d'agence de pub. &#8226; C&#039;est qui les Cr\u00e9as ?","robots":{"index":"index","follow":"follow","max-snippet":"max-snippet:-1","max-image-preview":"max-image-preview:large","max-video-preview":"max-video-preview:-1"},"canonical":"https:\/\/www.ferembach.com\/cestquilescreas\/dossier\/bilan-2025\/","og_locale":"fr_FR","og_type":"article","og_title":"Le Bilan 2025 de 11 salari\u00e9s d'agence de pub. &#8226; C&#039;est qui les Cr\u00e9as ?","og_description":"Parfois ces bilans sont collectifs (2021 et 2023), cette ann\u00e9e, j\u2019invite des salari\u00e9s d\u2019agence \u00e0 raconter leur ann\u00e9e Ici les propos sont plut\u00f4t positifs, mais ce n\u2019est pas le cas pour tous les salari\u00e9s.","og_url":"https:\/\/www.ferembach.com\/cestquilescreas\/dossier\/bilan-2025\/","og_site_name":"C&#039;est qui les Cr\u00e9as ?","article_publisher":"https:\/\/www.facebook.com\/CestquilesCreas\/","article_published_time":"2026-01-19T10:35:13+00:00","article_modified_time":"2026-01-22T08:12:37+00:00","og_image":[{"width":1200,"height":861,"url":"https:\/\/www.ferembach.com\/cestquilescreas\/wp-content\/uploads\/2026\/01\/bilan_2025.jpg","type":"image\/jpeg"}],"author":"gregory ferembach","twitter_card":"summary_large_image","twitter_misc":{"\u00c9crit par":"gregory ferembach","Dur\u00e9e de lecture estim\u00e9e":"30 minutes"},"schema":{"@context":"https:\/\/schema.org","@graph":[{"@type":"Article","@id":"https:\/\/www.ferembach.com\/cestquilescreas\/dossier\/bilan-2025\/#article","isPartOf":{"@id":"https:\/\/www.ferembach.com\/cestquilescreas\/dossier\/bilan-2025\/"},"author":{"name":"gregory ferembach","@id":"https:\/\/www.ferembach.com\/cestquilescreas\/#\/schema\/person\/228b651374249a02f20a1921f0e2516b"},"headline":"Le Bilan 2025 de 11 salari\u00e9s d&rsquo;agence de pub.","datePublished":"2026-01-19T10:35:13+00:00","dateModified":"2026-01-22T08:12:37+00:00","mainEntityOfPage":{"@id":"https:\/\/www.ferembach.com\/cestquilescreas\/dossier\/bilan-2025\/"},"wordCount":6694,"publisher":{"@id":"https:\/\/www.ferembach.com\/cestquilescreas\/#organization"},"image":{"@id":"https:\/\/www.ferembach.com\/cestquilescreas\/dossier\/bilan-2025\/#primaryimage"},"thumbnailUrl":"https:\/\/www.ferembach.com\/cestquilescreas\/wp-content\/uploads\/2026\/01\/bilan_2025.jpg","articleSection":["dossier"],"inLanguage":"fr-FR"},{"@type":"WebPage","@id":"https:\/\/www.ferembach.com\/cestquilescreas\/dossier\/bilan-2025\/","url":"https:\/\/www.ferembach.com\/cestquilescreas\/dossier\/bilan-2025\/","name":"Le Bilan 2025 de 11 salari\u00e9s d'agence de pub. &#8226; C&#039;est qui les Cr\u00e9as ?","isPartOf":{"@id":"https:\/\/www.ferembach.com\/cestquilescreas\/#website"},"primaryImageOfPage":{"@id":"https:\/\/www.ferembach.com\/cestquilescreas\/dossier\/bilan-2025\/#primaryimage"},"image":{"@id":"https:\/\/www.ferembach.com\/cestquilescreas\/dossier\/bilan-2025\/#primaryimage"},"thumbnailUrl":"https:\/\/www.ferembach.com\/cestquilescreas\/wp-content\/uploads\/2026\/01\/bilan_2025.jpg","datePublished":"2026-01-19T10:35:13+00:00","dateModified":"2026-01-22T08:12:37+00:00","breadcrumb":{"@id":"https:\/\/www.ferembach.com\/cestquilescreas\/dossier\/bilan-2025\/#breadcrumb"},"inLanguage":"fr-FR","potentialAction":[{"@type":"ReadAction","target":["https:\/\/www.ferembach.com\/cestquilescreas\/dossier\/bilan-2025\/"]}]},{"@type":"ImageObject","inLanguage":"fr-FR","@id":"https:\/\/www.ferembach.com\/cestquilescreas\/dossier\/bilan-2025\/#primaryimage","url":"https:\/\/www.ferembach.com\/cestquilescreas\/wp-content\/uploads\/2026\/01\/bilan_2025.jpg","contentUrl":"https:\/\/www.ferembach.com\/cestquilescreas\/wp-content\/uploads\/2026\/01\/bilan_2025.jpg","width":1200,"height":861},{"@type":"BreadcrumbList","@id":"https:\/\/www.ferembach.com\/cestquilescreas\/dossier\/bilan-2025\/#breadcrumb","itemListElement":[{"@type":"ListItem","position":1,"name":"Accueil","item":"https:\/\/www.ferembach.com\/cestquilescreas\/"},{"@type":"ListItem","position":2,"name":"Le Bilan 2025 de 11 salari\u00e9s d&rsquo;agence de pub."}]},{"@type":"WebSite","@id":"https:\/\/www.ferembach.com\/cestquilescreas\/#website","url":"https:\/\/www.ferembach.com\/cestquilescreas\/","name":"C'est qui les Cr\u00e9as ?","description":"D\u00e9couvrez les cr\u00e9atifs, leurs parcours et leurs (en)vies...","publisher":{"@id":"https:\/\/www.ferembach.com\/cestquilescreas\/#organization"},"potentialAction":[{"@type":"SearchAction","target":{"@type":"EntryPoint","urlTemplate":"https:\/\/www.ferembach.com\/cestquilescreas\/?s={search_term_string}"},"query-input":{"@type":"PropertyValueSpecification","valueRequired":true,"valueName":"search_term_string"}}],"inLanguage":"fr-FR"},{"@type":"Organization","@id":"https:\/\/www.ferembach.com\/cestquilescreas\/#organization","name":"C'est qui les Cr\u00e9as ?","url":"https:\/\/www.ferembach.com\/cestquilescreas\/","logo":{"@type":"ImageObject","inLanguage":"fr-FR","@id":"https:\/\/www.ferembach.com\/cestquilescreas\/#\/schema\/logo\/image\/","url":"https:\/\/www.ferembach.com\/cestquilescreas\/wp-content\/uploads\/2020\/02\/logo-cqlc-1024x368-3.png","contentUrl":"https:\/\/www.ferembach.com\/cestquilescreas\/wp-content\/uploads\/2020\/02\/logo-cqlc-1024x368-3.png","width":1024,"height":368,"caption":"C'est qui les Cr\u00e9as ?"},"image":{"@id":"https:\/\/www.ferembach.com\/cestquilescreas\/#\/schema\/logo\/image\/"},"sameAs":["https:\/\/www.facebook.com\/CestquilesCreas\/"]},{"@type":"Person","@id":"https:\/\/www.ferembach.com\/cestquilescreas\/#\/schema\/person\/228b651374249a02f20a1921f0e2516b","name":"gregory ferembach","image":{"@type":"ImageObject","inLanguage":"fr-FR","@id":"https:\/\/secure.gravatar.com\/avatar\/605c4bda0e1d2a91637e7bb2eb4af75b09419585355d212ee36e067ca646749c?s=96&d=mm&r=g","url":"https:\/\/secure.gravatar.com\/avatar\/605c4bda0e1d2a91637e7bb2eb4af75b09419585355d212ee36e067ca646749c?s=96&d=mm&r=g","contentUrl":"https:\/\/secure.gravatar.com\/avatar\/605c4bda0e1d2a91637e7bb2eb4af75b09419585355d212ee36e067ca646749c?s=96&d=mm&r=g","caption":"gregory ferembach"}}]}},"uagb_featured_image_src":{"full":["https:\/\/www.ferembach.com\/cestquilescreas\/wp-content\/uploads\/2026\/01\/bilan_2025.jpg",1200,861,false],"thumbnail":["https:\/\/www.ferembach.com\/cestquilescreas\/wp-content\/uploads\/2026\/01\/bilan_2025-120x120.jpg",120,120,true],"medium":["https:\/\/www.ferembach.com\/cestquilescreas\/wp-content\/uploads\/2026\/01\/bilan_2025-60x43.jpg",60,43,true],"medium_large":["https:\/\/www.ferembach.com\/cestquilescreas\/wp-content\/uploads\/2026\/01\/bilan_2025-768x551.jpg",768,551,true],"large":["https:\/\/www.ferembach.com\/cestquilescreas\/wp-content\/uploads\/2026\/01\/bilan_2025-1024x735.jpg",1024,735,true],"1536x1536":["https:\/\/www.ferembach.com\/cestquilescreas\/wp-content\/uploads\/2026\/01\/bilan_2025.jpg",1200,861,false],"2048x2048":["https:\/\/www.ferembach.com\/cestquilescreas\/wp-content\/uploads\/2026\/01\/bilan_2025.jpg",1200,861,false],"et-pb-post-main-image":["https:\/\/www.ferembach.com\/cestquilescreas\/wp-content\/uploads\/2026\/01\/bilan_2025-400x250.jpg",400,250,true],"et-pb-post-main-image-fullwidth":["https:\/\/www.ferembach.com\/cestquilescreas\/wp-content\/uploads\/2026\/01\/bilan_2025-1080x675.jpg",1080,675,true],"et-pb-portfolio-image":["https:\/\/www.ferembach.com\/cestquilescreas\/wp-content\/uploads\/2026\/01\/bilan_2025-400x284.jpg",400,284,true],"et-pb-portfolio-module-image":["https:\/\/www.ferembach.com\/cestquilescreas\/wp-content\/uploads\/2026\/01\/bilan_2025-510x382.jpg",510,382,true],"et-pb-portfolio-image-single":["https:\/\/www.ferembach.com\/cestquilescreas\/wp-content\/uploads\/2026\/01\/bilan_2025-1080x775.jpg",1080,775,true],"et-pb-gallery-module-image-portrait":["https:\/\/www.ferembach.com\/cestquilescreas\/wp-content\/uploads\/2026\/01\/bilan_2025-400x516.jpg",400,516,true],"et-pb-post-main-image-fullwidth-large":["https:\/\/www.ferembach.com\/cestquilescreas\/wp-content\/uploads\/2026\/01\/bilan_2025.jpg",1200,861,false],"et-pb-image--responsive--desktop":["https:\/\/www.ferembach.com\/cestquilescreas\/wp-content\/uploads\/2026\/01\/bilan_2025.jpg",1003,720,false],"et-pb-image--responsive--tablet":["https:\/\/www.ferembach.com\/cestquilescreas\/wp-content\/uploads\/2026\/01\/bilan_2025-980x703.jpg",768,551,true],"et-pb-image--responsive--phone":["https:\/\/www.ferembach.com\/cestquilescreas\/wp-content\/uploads\/2026\/01\/bilan_2025-480x344.jpg",377,270,true]},"uagb_author_info":{"display_name":"gregory ferembach","author_link":"https:\/\/www.ferembach.com\/cestquilescreas\/author\/gregoryferembach\/"},"uagb_comment_info":0,"uagb_excerpt":"Parfois ces bilans sont collectifs (2021 et 2023), cette ann\u00e9e, j\u2019invite des salari\u00e9s d\u2019agence \u00e0 raconter leur ann\u00e9e Ici les propos sont plut\u00f4t positifs, mais ce n\u2019est pas le cas pour tous les salari\u00e9s.","_links":{"self":[{"href":"https:\/\/www.ferembach.com\/cestquilescreas\/wp-json\/wp\/v2\/posts\/12050","targetHints":{"allow":["GET"]}}],"collection":[{"href":"https:\/\/www.ferembach.com\/cestquilescreas\/wp-json\/wp\/v2\/posts"}],"about":[{"href":"https:\/\/www.ferembach.com\/cestquilescreas\/wp-json\/wp\/v2\/types\/post"}],"author":[{"embeddable":true,"href":"https:\/\/www.ferembach.com\/cestquilescreas\/wp-json\/wp\/v2\/users\/4"}],"replies":[{"embeddable":true,"href":"https:\/\/www.ferembach.com\/cestquilescreas\/wp-json\/wp\/v2\/comments?post=12050"}],"version-history":[{"count":97,"href":"https:\/\/www.ferembach.com\/cestquilescreas\/wp-json\/wp\/v2\/posts\/12050\/revisions"}],"predecessor-version":[{"id":12265,"href":"https:\/\/www.ferembach.com\/cestquilescreas\/wp-json\/wp\/v2\/posts\/12050\/revisions\/12265"}],"wp:featuredmedia":[{"embeddable":true,"href":"https:\/\/www.ferembach.com\/cestquilescreas\/wp-json\/wp\/v2\/media\/12242"}],"wp:attachment":[{"href":"https:\/\/www.ferembach.com\/cestquilescreas\/wp-json\/wp\/v2\/media?parent=12050"}],"wp:term":[{"taxonomy":"category","embeddable":true,"href":"https:\/\/www.ferembach.com\/cestquilescreas\/wp-json\/wp\/v2\/categories?post=12050"},{"taxonomy":"post_tag","embeddable":true,"href":"https:\/\/www.ferembach.com\/cestquilescreas\/wp-json\/wp\/v2\/tags?post=12050"}],"curies":[{"name":"wp","href":"https:\/\/api.w.org\/{rel}","templated":true}]}}