{"id":2388,"date":"2014-01-13T16:13:00","date_gmt":"2014-01-13T14:13:00","guid":{"rendered":"http:\/\/www.ferembach.com\/cestquilescreas\/?p=2388"},"modified":"2014-01-13T18:38:49","modified_gmt":"2014-01-13T16:38:49","slug":"guillaume-ulrich-chifflot","status":"publish","type":"post","link":"https:\/\/www.ferembach.com\/cestquilescreas\/directeurs-artistiques\/guillaume-ulrich-chifflot\/","title":{"rendered":"Guillaume-Ulrich Chifflot"},"content":{"rendered":"<p><a href=\"http:\/\/www.ferembach.com\/cestquilescreas\/wp-content\/uploads\/2014\/01\/1508275_10151961938749542_1197041617_n.jpg\"><img loading=\"lazy\" decoding=\"async\" class=\"alignnone size-medium wp-image-3291\" alt=\"1508275_10151961938749542_1197041617_n\" src=\"http:\/\/www.ferembach.com\/cestquilescreas\/wp-content\/uploads\/2014\/01\/1508275_10151961938749542_1197041617_n-600x210.jpg\" width=\"600\" height=\"210\" \/><\/a><\/p>\n<p><span style=\"color: #5cc5ed;\">Bonjour Guillaume, tu es un cr\u00e9atif multi-casquettes, quel a \u00e9t\u00e9 ton parcours ?<\/span><br \/>\nJ\u2019ai toujours voulu faire de la publicit\u00e9. Ou presque. Enfin pas directement. Je m\u2019explique.<br \/>\nPetit, (j\u2019ai grandit \u00e0 Lyon) j\u2019\u00e9tais nul en foot, je ne m\u2019int\u00e9ressais pas aux bagnoles, ni aux moteurs, bref un vrai paria.<br \/>\nMais ce qui me plaisait c\u2019\u00e9tait les BD, les films, la SF, les robots, les extra-terrestres, les dinosaures, bref les histoires. Alors comme tant d\u2019autres, je me suis mis \u00e0 faire des BD pour en raconter : un superman-chien (qui se battait contre des dinosaures et les Atlantes), un album d\u2019Asterix (avec des dinosaures, sur l\u2019Atlantide), des Dingodossiers (sur les dinosaures, ou sur l\u2019Atlantide), etc. Vers 78 j\u2019ai fait mon premier journal, le Dragon D\u00e9cha\u00een\u00e9 (J\u2019avais h\u00e9sit\u00e9 longuement avec \u00ab\u00a0Dinosaure\u00a0\u00bb et \u00ab\u00a0Atlante\u00a0\u00bb). Un truc plein d\u2019histoires pour les copains : comme \u00e7a, je pouvais \u00eatre nul au foot et sur les bagnoles. Attention, c\u2019\u00e9tait pas un fanzine, mais un vrai journal avec des rubriques, des BD, des textes, des blagues inspir\u00e9s des copains et\u2026 des parodies de pub! Dans les ann\u00e9es 70, la pub \u00e9tait magique, dr\u00f4le, jouissive. Alors forcement, c\u2019\u00e9tait naturel la pub.<br \/>\nMais bon, le premier vrai d\u00e9clic (\u00e0 par Hal Foster, Disney ou Gotlib), c\u2019est Pierre Malaquais dans Le Distrait : je me dis tiens, c\u2019est un m\u00e9tier g\u00e9nial, ils ont l\u2019air d\u2019engager des types bizarres, nuls au foot, et puis ils font des dessins, des histoires rigolotes, des films, bref, ils sont pay\u00e9s pour exercer leurs passions!<\/p>\n<p>Bon, il faut dire qu\u2019\u00e0 l\u2019\u00e9poque (d\u00e9but 80\u2019), les brochures d\u2019orientation, \u00e9tait con\u00e7ues pour te dire d\u2019\u00eatre s\u00e9rieux. La publicit\u00e9 ? Formation de vente ou de commerce. Le mot cr\u00e9atif n\u2019\u00e9tait pas mentionn\u00e9. C\u2019est tous juste si on te parlait de \u00ab\u00a0directeurs artistiques\u00a0\u00bb, pr\u00e9sent\u00e9s comme des ex\u00e9cutants graphiques\u2026 Avec mes petits mickeys, je me dis que vu que je dessine, autant faire une \u00e9cole de commerce, comme \u00e7a j\u2019aurai les deux c\u00f4t\u00e9s du m\u00e9tier. En plus, c\u2019est long, j\u2019aurai le temps de dessiner encore plein d\u2019autres BDs. Apr\u00e8s le bac vers 86 ( Un Bac D, Biologie et Sciences, parce que C, c\u2019\u00e9tait vraiment pas possible, ces gars aimaient non seulement les bagnoles et le foot, mais aussi les maths, au secours!), un an de pr\u00e9pa HEC, et c\u2019est parti pour Paris, la ville lumi\u00e8re, ciao la province, et puis l\u2019ISG (Institut Sup\u00e9rieur de Gestion) \u00e7a fera l\u2019affaire.<\/p>\n<p>Quand mes camarades se promenaient d\u00e9j\u00e0 en costard avec une mallette d\u00e8s la deuxi\u00e8me ann\u00e9e, je continuais les dessins, les affiches de soir\u00e9e, la pub de la campagne du BDE. Et puis en m\u00eame temps que le marketing, je me mets \u00e0 la mise en page et la typo. Depuis le d\u00e9but des 80\u2019, gr\u00e2ce \u00e0 mon fr\u00e8re, \u00e7a me fascinait d\u00e9j\u00e0, \u00e0 cause des pochettes de disques (Neville Brody pour Cabaret Voltaire, Peter Saville pour Factory, Mark Farrow, Designer Republic, etc.) Mais l\u00e0, il y a r\u00e9v\u00e9lation The Face: le magazine le mieux habill\u00e9 du monde\u2026 et le mieux design\u00e9 ! Un magazine, c\u2019est du design \u00e0 \u00e9pisode, c\u2019est Balzac qui ferait de la mise en page, tu d\u00e9clines, tu joue, tu explore, c\u2019est g\u00e9nial. Et comme il y a un mac au Bureau des \u00e9l\u00e8ves (on est en 89 : c\u2019est un Mac 128), je peux m\u2019y mettre, \u00e0 commencer par le journal de l\u2019\u00e9cole.<br \/>\nQuand je fais mon stage de fin d\u2019\u00e9tude, c\u2019est dans un petit studio de cr\u00e9ation \u00e0 faire de la PAO et des flyers, pendant que les autres sont au Cr\u00e9dit Lyonnais ou chez Danone.<br \/>\nUn an de service militaire (\u00e0 assister les psychiatres &#8211; encore une exp\u00e9rience assez \u00e9tonnante) et l\u00e0, (on est en 1991-92) je cherche du boulot dans la pub avec un doss, \u00e9coutes, franchement, c\u2019\u00e9tait un truc pas possible, format Grand Aigle, avec des peintures, de pochettes de disque de techno-house \u00e0 la TDR, des fausses pubs pour Sony avec Larry Heard et Front 242, un pub VW avec Le Prisonnier, n\u2019importe quoi !<\/p>\n<p>J\u2019appelle chez BDDP et l\u00e0 j&rsquo;ai un bol extraordinaire : Pierre Gauthronet me re\u00e7oit. il faisait ces super pub Mazda (\u00e0 la Brazil &#8211; Terry Gilliam!).<br \/>\n<iframe loading=\"lazy\" title=\"pub  Mazda - Piles alcaline - LPDM\" width=\"1080\" height=\"810\" src=\"https:\/\/www.youtube.com\/embed\/YQv9eMZVDk0?feature=oembed\" frameborder=\"0\" allow=\"accelerometer; autoplay; encrypted-media; gyroscope; picture-in-picture\" allowfullscreen><\/iframe><br \/>\nPierre n\u2019est pas vraiment un geek, mais il est adorable, et il me dit que Pollet-Villard et Babinet cherchent un nouvel assistant. C\u2019est parti.<br \/>\nJe suis rest\u00e9 leur assistant presque 2 ans. Donc esclave volontaire de R\u00e9mi (caustique, malin, cynique), et Philippe, (dr\u00f4le, malin, obstin\u00e9 comme le savoyard qu\u2019il est). Philippe m\u2019apprend surtout la simplicit\u00e9, l\u2019efficacit\u00e9, les id\u00e9e claires, et \u00e0 lui photocopier tous les bouquins de la terre pour les piges de ses free-lances. Il est maintenant \u00e9crivain, et r\u00e9alisateur oscaris\u00e9 pour son court m\u00e9trage. Malin, je te dis!<\/p>\n<p>BDDP \u00e9tait un terreau g\u00e9nial. C\u2019\u00e9tait aussi la grande \u00e9poque de CLM de DDB, mais BDDP \u00e9tait plus protestant, plus s\u00e9rieux. Il y avait Marie-cath, sagace et f\u00e9minine, par rapport \u00e0 Philippe Michel chez CLM, flamboyant, ou la bande de DDB, Bernbachiens mais surtout populaires et dr\u00f4les (l\u2019\u00e9poque de La fourmi VW, de Vince, de Jouy &amp; Scher, et d\u00e9j\u00e0 de Gaultier, etc).<br \/>\nMarie Catherine Dupuy et Jean-Marie Dru avaient fabriqu\u00e9 une agence intellectuellement tr\u00e8s structur\u00e9e, avec des commerciaux bien form\u00e9s, et des cr\u00e9atifs dans tous les genres : Jean Pierre Barbou, DC\/planeur g\u00e9nial, Midavaine et Chadenat, Lacoste &amp; Bartuel, Jalabert &amp; Gauthronnet\u2026 chacun avec un vrai style perso.<\/p>\n<p>Donc j\u2019apprends la DA. C\u2019est passionnant. Je d\u00e9vore les Bouquins de pub que m\u2019a donn\u00e9 Philippe : D&amp;AD et surtout les Communication Arts. Avec ces pubs \u00e0 l\u2019am\u00e9ricaine et ces grosses accroches malines en Futura Extra-bold Condensed.<br \/>\nAvec Yves Loffredo, on les commande en gros aux US. C\u2019est quand m\u00eame plus satisfaisant de recevoir ta caisse de 15 bouquins que de t\u00e9l\u00e9charger des jpeg sur internet\u2026 et puis on n\u2019avait pas le choix!<\/p>\n<p>Mais voil\u00e0 : m\u00eame si tu peux passer des heures \u00e0 t\u2019\u00e9clater \u00e0 peaufiner une mise en page (avec la photocopieuse et ta bombe de colle), le moment ou tu sens que tu craques une campagne c&rsquo;est quand tu te dis \u00ab\u00a0c&rsquo;est \u00e7a l\u2019id\u00e9e\u00a0\u00bb. Quand tu as pris le brief et que tu l\u2019as transform\u00e9 en une pens\u00e9e publicitaire. Et cette pens\u00e9e s\u2019\u00e9crit avec des mots : Sujet+verbe+compl\u00e9ment. Avec les mots, tu attrape les gens par leur esprit. Alors oui, la forme est tr\u00e8s importante, mais elle sert \u00e0 entrer en communication avec les gens. C\u2019est la parabole du vendeur d&rsquo;aspirateur bien habill\u00e9 : tu frappes \u00e0 la porte, et tu as 3 secondes pour qu\u2019elle ne se referme pas. Ensuite seulement tu peux leur parler, et peut-\u00eatre les convaincre.<\/p>\n<p>Mais croire que la culture est devenue totalement visuelle est un leurre : c\u2019est le ver de terre. L\u2019hame\u00e7on est dedans, et ce sont les mots. M\u00eame cach\u00e9s, m\u00eame exprim\u00e9s visuellement. Tu peux r\u00e9sumer n&rsquo;importe quelle pub en une phrase. Et quand tu l\u2019as, alors tu peux l&rsquo;exprimer de milliers de mani\u00e8res diff\u00e9rentes.<\/p>\n<p><a href=\"http:\/\/www.ferembach.com\/cestquilescreas\/wp-content\/uploads\/2014\/01\/5.jpg\"><img loading=\"lazy\" decoding=\"async\" class=\"alignnone size-full wp-image-3257\" alt=\"-5\" src=\"http:\/\/www.ferembach.com\/cestquilescreas\/wp-content\/uploads\/2014\/01\/5.jpg\" width=\"500\" height=\"260\" srcset=\"http:\/\/www.ferembach.com\/cestquilescreas\/wp-content\/uploads\/2014\/01\/5.jpg 500w, http:\/\/www.ferembach.com\/cestquilescreas\/wp-content\/uploads\/2014\/01\/5-480x250.jpg 480w\" sizes=\"auto, (min-width: 0px) and (max-width: 480px) 480px, (min-width: 481px) 500px, 100vw\" \/><\/a><a href=\"http:\/\/www.ferembach.com\/cestquilescreas\/wp-content\/uploads\/2014\/01\/4.jpg\"><img loading=\"lazy\" decoding=\"async\" class=\"alignnone  wp-image-3256\" alt=\"-4\" src=\"http:\/\/www.ferembach.com\/cestquilescreas\/wp-content\/uploads\/2014\/01\/4.jpg\" width=\"508\" height=\"718\" srcset=\"http:\/\/www.ferembach.com\/cestquilescreas\/wp-content\/uploads\/2014\/01\/4.jpg 508w, http:\/\/www.ferembach.com\/cestquilescreas\/wp-content\/uploads\/2014\/01\/4-480x679.jpg 480w\" sizes=\"auto, (min-width: 0px) and (max-width: 480px) 480px, (min-width: 481px) 508px, 100vw\" \/><\/a><\/p>\n<p>Donc, merci David Abbot, Tim Delaney , Lee Clow, et autres Chiat\/Day : je veux \u00e9crire mes accroches. \u2028Le DC de l\u2019\u00e9poque, Jean-Claude Jouy, (autre figure du m\u00e9tier&#8230;<a href=\"http:\/\/www.leclubdesad.org\/archives-creatives\/archives\/zoom\/samsonite-12281\" target=\"_blank\">le film<\/a> <a href=\"http:\/\/www.leclubdesad.org\/archives-creatives\/archives\/zoom\/samsonite-12281\" target=\"_blank\">Samsonite<\/a>, bon sang!) me laisse passer r\u00e9dac. Moi et mon dictionnaire tout neuf.<br \/>\nMe voil\u00e0 CR, parmi tout un tas de gens tr\u00e8s forts et sympas (<a title=\"\u00c9ric H\u00e9lias\" href=\"http:\/\/www.ferembach.com\/cestquilescreas\/redacteur\/eric-helias\/\" target=\"_blank\">Helias<\/a> et <a title=\"Jorge Carre\u00f1o\" href=\"http:\/\/www.ferembach.com\/cestquilescreas\/directeurs-artistiques\/jorge-carreno\/\" target=\"_blank\">Carre\u00f1o<\/a>, Herv\u00e9 Lopez, Courtemanche &amp; Villoutrey, Nathalie <a title=\"Nathalie Dupont\" href=\"http:\/\/www.ferembach.com\/cestquilescreas\/redacteur\/nathalie-dupont\/\" target=\"_blank\">Dupont<\/a>, Delhomme, etc). Et puis surtout Oliver Altmann, un mod\u00e8le et un type impressionnant. Strat\u00e8ge, carr\u00e9, organis\u00e9, bosseur, d\u00e9j\u00e0 de la graine de patron! Et chez BDDP, les seniors formaient leurs juniors. Quand R\u00e9mi Babinet part, Olivier Altmann prend le relais, et \u00e0 sa mani\u00e8re, sans trop y toucher, c\u2019est lui que me montre comment devenir plus qu\u2019un r\u00e9dac, et \u00e0 penser \u00ab\u00a0publicitaire\u00a0\u00bb.<br \/>\nPuis Olivier part de\u00a0BDDP pour faire BDDP&amp;Fils.<\/p>\n<p>Et puis il faut grandir. Je pars donc chez CLM BBDO avec un AD, Bernard Lebas. C\u2019\u00e9tait un CLM post Philippe Michel, avec Christophe Lambert et Anne de Maupeou. CLM BBDO, dans le bateau en fer cr\u00e9\u00e9 par Jean Nouvel sur l\u2019\u00eele Saint Germain, est une dr\u00f4le d\u2019agence. On y trouve un faiseur de film g\u00e9nial comme Naville qui tient France Telecom, Temin&amp;Delacroix qui font Kookai, et puis Fred&amp;Farid qui y font le grand num\u00e9ro de Fred&amp;Farid pendant quelques mois.<br \/>\n\u00c7a rit, \u00e7a pleure aussi, c\u2019est \u00e9trange. La filiation avec BDDP restait forte (J\u2019avais quitt\u00e9 Marie Cath et Jean Claude pour travailler avec le mari de l\u2019une et la femme de l\u2019autre !). Mais c\u2019\u00e9tait difficile de se faire une place dans ce navire. Et puis on ne fait pas de films, c\u2019est r\u00e9serv\u00e9 aux seniors\u2026petite frustration, donc.<br \/>\nBon, on fait quand m\u00eame quelques chouettes campagnes comme France Inter, et en m\u00eame temps, j\u2019apprend la programmation HTML (on est vers 98), le javascript et autre SQL pour faire mes sites de typo.<\/p>\n<p><a href=\"http:\/\/www.ferembach.com\/cestquilescreas\/wp-content\/uploads\/2014\/01\/Capture-d\u2019e\u0301cran-2014-01-13-a\u0300-14.19.58.png\"><img loading=\"lazy\" decoding=\"async\" class=\"alignnone size-large wp-image-3263\" alt=\"Capture d\u2019e\u0301cran 2014-01-13 a\u0300 14.19.58\" src=\"http:\/\/www.ferembach.com\/cestquilescreas\/wp-content\/uploads\/2014\/01\/Capture-d\u2019e\u0301cran-2014-01-13-a\u0300-14.19.58-1024x389.png\" width=\"1024\" height=\"389\" srcset=\"https:\/\/www.ferembach.com\/cestquilescreas\/wp-content\/uploads\/2014\/01\/Capture-d\u2019e\u0301cran-2014-01-13-a\u0300-14.19.58-1024x389.png 1024w, https:\/\/www.ferembach.com\/cestquilescreas\/wp-content\/uploads\/2014\/01\/Capture-d\u2019e\u0301cran-2014-01-13-a\u0300-14.19.58-60x23.png 60w, https:\/\/www.ferembach.com\/cestquilescreas\/wp-content\/uploads\/2014\/01\/Capture-d\u2019e\u0301cran-2014-01-13-a\u0300-14.19.58-768x292.png 768w, https:\/\/www.ferembach.com\/cestquilescreas\/wp-content\/uploads\/2014\/01\/Capture-d\u2019e\u0301cran-2014-01-13-a\u0300-14.19.58-1080x410.png 1080w, https:\/\/www.ferembach.com\/cestquilescreas\/wp-content\/uploads\/2014\/01\/Capture-d\u2019e\u0301cran-2014-01-13-a\u0300-14.19.58-980x372.png 980w, https:\/\/www.ferembach.com\/cestquilescreas\/wp-content\/uploads\/2014\/01\/Capture-d\u2019e\u0301cran-2014-01-13-a\u0300-14.19.58-480x182.png 480w, https:\/\/www.ferembach.com\/cestquilescreas\/wp-content\/uploads\/2014\/01\/Capture-d\u2019e\u0301cran-2014-01-13-a\u0300-14.19.58.png 1108w\" sizes=\"auto, (max-width: 1024px) 100vw, 1024px\" \/><\/a><br \/>\n<a href=\"http:\/\/www.ferembach.com\/cestquilescreas\/wp-content\/uploads\/2014\/01\/Capture-d\u2019e\u0301cran-2014-01-13-a\u0300-14.20.23.png\"><img loading=\"lazy\" decoding=\"async\" alt=\"Capture d\u2019e\u0301cran 2014-01-13 a\u0300 14.20.23\" src=\"http:\/\/www.ferembach.com\/cestquilescreas\/wp-content\/uploads\/2014\/01\/Capture-d\u2019e\u0301cran-2014-01-13-a\u0300-14.20.23-1024x656.png\" width=\"1024\" height=\"656\" \/><\/a><\/p>\n<p>J\u2019en suis l\u00e0 quand, par un ami, arrive encore un coup de bol : Gabriel Gaultier nous appelle chez Y&amp;R.<br \/>\nGabriel est un ovni. Le type qui a fait RATP (\u00ab\u00a0La pollution on lui dit M\u00a0\u00bb). Un cr\u00e9atif hors-norme, d\u00e9j\u00e0 le meilleur de sa g\u00e9n\u00e9ration, et le plus barr\u00e9e. Et on se d\u00e9couvre plein de points communs. Le m\u00eames go\u00fbts pour Delaney, les pubs Timberland, la r\u00e9daction anglo-saxonne.<\/p>\n<p><a href=\"http:\/\/www.ferembach.com\/cestquilescreas\/wp-content\/uploads\/2014\/01\/2.jpg\"><img loading=\"lazy\" decoding=\"async\" class=\"alignnone size-full wp-image-3254\" alt=\"-2\" src=\"http:\/\/www.ferembach.com\/cestquilescreas\/wp-content\/uploads\/2014\/01\/2.jpg\" width=\"577\" height=\"817\" srcset=\"http:\/\/www.ferembach.com\/cestquilescreas\/wp-content\/uploads\/2014\/01\/2.jpg 577w, http:\/\/www.ferembach.com\/cestquilescreas\/wp-content\/uploads\/2014\/01\/2-480x680.jpg 480w\" sizes=\"auto, (min-width: 0px) and (max-width: 480px) 480px, (min-width: 481px) 577px, 100vw\" \/><\/a><a href=\"http:\/\/www.ferembach.com\/cestquilescreas\/wp-content\/uploads\/2014\/01\/3.jpg\"><img loading=\"lazy\" decoding=\"async\" class=\"alignnone size-full wp-image-3255\" alt=\"-3\" src=\"http:\/\/www.ferembach.com\/cestquilescreas\/wp-content\/uploads\/2014\/01\/3.jpg\" width=\"520\" height=\"789\" srcset=\"http:\/\/www.ferembach.com\/cestquilescreas\/wp-content\/uploads\/2014\/01\/3.jpg 520w, http:\/\/www.ferembach.com\/cestquilescreas\/wp-content\/uploads\/2014\/01\/3-480x728.jpg 480w\" sizes=\"auto, (min-width: 0px) and (max-width: 480px) 480px, (min-width: 481px) 520px, 100vw\" \/><\/a>\u00a0 <a href=\"http:\/\/www.ferembach.com\/cestquilescreas\/wp-content\/uploads\/2014\/01\/1.jpg\"><img loading=\"lazy\" decoding=\"async\" class=\"alignnone size-full wp-image-3253\" alt=\"-1\" src=\"http:\/\/www.ferembach.com\/cestquilescreas\/wp-content\/uploads\/2014\/01\/1.jpg\" width=\"595\" height=\"842\" srcset=\"http:\/\/www.ferembach.com\/cestquilescreas\/wp-content\/uploads\/2014\/01\/1.jpg 595w, http:\/\/www.ferembach.com\/cestquilescreas\/wp-content\/uploads\/2014\/01\/1-480x679.jpg 480w\" sizes=\"auto, (min-width: 0px) and (max-width: 480px) 480px, (min-width: 481px) 595px, 100vw\" \/><\/a><\/p>\n<p>Jean Yanne aussi, et la vraie bonne pub des ann\u00e9es 80. Et puis il a commenc\u00e9 AD lui aussi, et sous ses dehors barr\u00e9s, c\u2019est surtout un gros bosseur! Admiration, donc.<br \/>\nEt j&rsquo;ai la chance d&rsquo;arriver au moment de la comp\u00e9tition D\u00e9cathlon qu&rsquo;on rentre ensemble.\u2028 C\u2019est la grosse campagne de relancement de D\u00e9cathlon, avec les missions-tests, l\u2019affiche des policiers, etc.Au passage, je me mets en team avec un super AD que j&rsquo;avais connu chez BDDP : C\u00e9dric Moutaud.<br \/>\nD\u00e9cathlon est \u00e0 la fois un succ\u00e8s cr\u00e9atif et un vrai succ\u00e8s public, et m\u00eame un Effie. Carton plein.<\/p>\n<p><a href=\"http:\/\/www.ferembach.com\/cestquilescreas\/wp-content\/uploads\/2014\/01\/Capture-d\u2019e\u0301cran-2014-01-13-a\u0300-14.18.49.png\"><img loading=\"lazy\" decoding=\"async\" class=\"alignnone size-full wp-image-3258\" alt=\"Capture d\u2019e\u0301cran 2014-01-13 a\u0300 14.18.49\" src=\"http:\/\/www.ferembach.com\/cestquilescreas\/wp-content\/uploads\/2014\/01\/Capture-d\u2019e\u0301cran-2014-01-13-a\u0300-14.18.49.png\" width=\"943\" height=\"702\" srcset=\"https:\/\/www.ferembach.com\/cestquilescreas\/wp-content\/uploads\/2014\/01\/Capture-d\u2019e\u0301cran-2014-01-13-a\u0300-14.18.49.png 943w, https:\/\/www.ferembach.com\/cestquilescreas\/wp-content\/uploads\/2014\/01\/Capture-d\u2019e\u0301cran-2014-01-13-a\u0300-14.18.49-60x45.png 60w, https:\/\/www.ferembach.com\/cestquilescreas\/wp-content\/uploads\/2014\/01\/Capture-d\u2019e\u0301cran-2014-01-13-a\u0300-14.18.49-768x572.png 768w, https:\/\/www.ferembach.com\/cestquilescreas\/wp-content\/uploads\/2014\/01\/Capture-d\u2019e\u0301cran-2014-01-13-a\u0300-14.18.49-480x357.png 480w\" sizes=\"auto, (max-width: 943px) 100vw, 943px\" \/><\/a><\/p>\n<p><a href=\"http:\/\/www.ferembach.com\/cestquilescreas\/wp-content\/uploads\/2014\/01\/Capture-d\u2019e\u0301cran-2014-01-13-a\u0300-14.19.02.png\"><img loading=\"lazy\" decoding=\"async\" class=\"alignnone size-large wp-image-3260\" alt=\"Capture d\u2019e\u0301cran 2014-01-13 a\u0300 14.19.02\" src=\"http:\/\/www.ferembach.com\/cestquilescreas\/wp-content\/uploads\/2014\/01\/Capture-d\u2019e\u0301cran-2014-01-13-a\u0300-14.19.02-1024x679.png\" width=\"1024\" height=\"679\" \/><\/a><\/p>\n<p><a href=\"http:\/\/www.ferembach.com\/cestquilescreas\/wp-content\/uploads\/2014\/01\/Capture-d\u2019e\u0301cran-2014-01-13-a\u0300-14.18.56.png\"><img loading=\"lazy\" decoding=\"async\" class=\"alignnone size-large wp-image-3259\" alt=\"Capture d\u2019e\u0301cran 2014-01-13 a\u0300 14.18.56\" src=\"http:\/\/www.ferembach.com\/cestquilescreas\/wp-content\/uploads\/2014\/01\/Capture-d\u2019e\u0301cran-2014-01-13-a\u0300-14.18.56-1024x662.png\" width=\"1024\" height=\"662\" srcset=\"https:\/\/www.ferembach.com\/cestquilescreas\/wp-content\/uploads\/2014\/01\/Capture-d\u2019e\u0301cran-2014-01-13-a\u0300-14.18.56-1024x662.png 1024w, https:\/\/www.ferembach.com\/cestquilescreas\/wp-content\/uploads\/2014\/01\/Capture-d\u2019e\u0301cran-2014-01-13-a\u0300-14.18.56-60x39.png 60w, https:\/\/www.ferembach.com\/cestquilescreas\/wp-content\/uploads\/2014\/01\/Capture-d\u2019e\u0301cran-2014-01-13-a\u0300-14.18.56-768x497.png 768w, https:\/\/www.ferembach.com\/cestquilescreas\/wp-content\/uploads\/2014\/01\/Capture-d\u2019e\u0301cran-2014-01-13-a\u0300-14.18.56-1080x698.png 1080w, https:\/\/www.ferembach.com\/cestquilescreas\/wp-content\/uploads\/2014\/01\/Capture-d\u2019e\u0301cran-2014-01-13-a\u0300-14.18.56-980x634.png 980w, https:\/\/www.ferembach.com\/cestquilescreas\/wp-content\/uploads\/2014\/01\/Capture-d\u2019e\u0301cran-2014-01-13-a\u0300-14.18.56-480x310.png 480w, https:\/\/www.ferembach.com\/cestquilescreas\/wp-content\/uploads\/2014\/01\/Capture-d\u2019e\u0301cran-2014-01-13-a\u0300-14.18.56.png 1084w\" sizes=\"auto, (max-width: 1024px) 100vw, 1024px\" \/><\/a> <a href=\"http:\/\/www.ferembach.com\/cestquilescreas\/wp-content\/uploads\/2014\/01\/Capture-d\u2019e\u0301cran-2014-01-13-a\u0300-14.19.36.png\"><img loading=\"lazy\" decoding=\"async\" class=\"alignnone size-large wp-image-3262\" alt=\"Capture d\u2019e\u0301cran 2014-01-13 a\u0300 14.19.36\" src=\"http:\/\/www.ferembach.com\/cestquilescreas\/wp-content\/uploads\/2014\/01\/Capture-d\u2019e\u0301cran-2014-01-13-a\u0300-14.19.36-1024x647.png\" width=\"1024\" height=\"647\" \/><br \/>\n<\/a> <a href=\"http:\/\/www.ferembach.com\/cestquilescreas\/wp-content\/uploads\/2014\/01\/Capture-d\u2019e\u0301cran-2014-01-13-a\u0300-14.20.12.png\"><img loading=\"lazy\" decoding=\"async\" class=\"alignnone size-large wp-image-3264\" alt=\"Capture d\u2019e\u0301cran 2014-01-13 a\u0300 14.20.12\" src=\"http:\/\/www.ferembach.com\/cestquilescreas\/wp-content\/uploads\/2014\/01\/Capture-d\u2019e\u0301cran-2014-01-13-a\u0300-14.20.12-1024x375.png\" width=\"1024\" height=\"375\" \/><br \/>\n<\/a><br \/>\nL\u00e0 aussi, au passage, plein de gens g\u00e9niaux autour de nous pour se tirer la bourre : Potel&amp;Lebec (voisins de bureau aussi g\u00e9niaux qu\u2019impayables), mais aussi le grand<a title=\"Jean-Christophe Royer\" href=\"http:\/\/www.ferembach.com\/cestquilescreas\/redacteur\/jean-christophe-royer\/\"> JC Royer<\/a>, Gounaud et Begbeider qui pr\u00e9pare d\u00e9j\u00e0 sa sortie (et son livre 99F). Donc on bosse sur plein de trucs, il y a des prix, et une super ambiance\u2026<br \/>\npuis Gaultier part de Y&amp;R pour faire Leg.<br \/>\nC\u2019est une mal\u00e9diction ou quoi ?!<\/p>\n<p>On reste encore un peu chez Y&amp;R, on suit nos budgets, et puis au bout d\u2019un an, le t\u00e9l\u00e9phone sonne : Erik Vervroegen au bout du fil ! \u2028Comme beaucoup, on r\u00eavaient de faire de la pub \u00e0 la Hegarty, de briller \u00e0 Cannes, mais surtout au D&amp;AD. Comment apprendre \u00e0 faire \u00e7a ? On h\u00e9sitaient \u00e0 bouger \u00e0 l&rsquo;\u00e9tranger, et boum, c\u2019est l\u2019Etranger qui vient \u00e0 Paris! Et en plus dans la famille, chez TBWA, ex-BDDP! Donc on y va.<\/p>\n<p>Le souffle de l\u2019aventure est l\u00e0. L\u2019agence est sur le devant de la sc\u00e8ne international, le niveau est formidable. C\u2019est une p\u00e9riode super, dure et m\u00eame violente, mais super. Erik est l\u00e0 pour que \u00e7a brille et il en met plein la vue. Ah, ils veulent du Marcello Cerpa ? Il va les battre \u00e0 leur propre jeu! Oui, ce n\u2019est pas Hegarty, c\u2019est une lutte de b\u00eate \u00e0 concours, mais regardons bien : tout ceux qui critiquaient sont ceux qui le parodient veulement aujourd\u2019hui, et masquent la faiblesse r\u00e9elle de leurs agences \u00e0 coup d\u2019illusions m\u00e9talliques.<\/p>\n<p>Vervro l\u2019a fait au bon moment, avant les autres, et avec un professionnalisme impressionnant. il faut avoir v\u00e9cu \u00e7a pour comprendre. Il partage les ficelles du m\u00e9tier, fait des conf\u00e9rences, c\u2019est un leader, il entraine les gens, m\u00eame les plus r\u00e9ticents. Le premier lion de stagiaire en France, c\u2019est lui qui l\u2019obtient!<\/p>\n<p>Grosse pression aussi : il est l\u00e0 tous les matins pour relever les compteurs dans ton bureau. Pas grave, vu qu\u2019on a toujours pr\u00e9f\u00e9r\u00e9 arriver t\u00f4t pour bosser : \u00ab\u00a0Hitler n\u2019a pas envahit la Pologne \u00e0 10h du matin\u00a0\u00bb, dixit Gaultier\u2026et Vervro pousse les fronti\u00e8res, c\u2019est s\u00fbr : 10 id\u00e9es par jour, pas moins ! Chercher jusqu\u2019\u00e0 la derni\u00e8re minute ! Am\u00e9liorer jusqu\u2019\u00e0 la derni\u00e8re seconde ! C\u2019est une drogue. Enfin, une de plus, la seule vraie. Et tu ne peux qu\u2019aimer \u00e7a : \u00e0 l\u2019\u00e9poque j\u2019\u00e9cris m\u00eame pour Erik le \u00ab\u00a0serment des pirates\u00a0\u00bb des Lions Hunters que nous sommes tous, du stagiaire au vieux senior, et qui dois encore trainer quelque part \u00e0 Boulogne.<\/p>\n<p>Et \u00e7a marche fort : Helias &amp; Care\u00f1o gagnent le grand prix (PS2) :<br \/>\n<a href=\"http:\/\/www.ferembach.com\/cestquilescreas\/wp-content\/uploads\/2014\/01\/PS2-Grand-Prix-Cannes-2003.jpg\"><img loading=\"lazy\" decoding=\"async\" class=\"alignnone  wp-image-3284\" alt=\"PS2-Grand-Prix-Cannes-2003\" src=\"http:\/\/www.ferembach.com\/cestquilescreas\/wp-content\/uploads\/2014\/01\/PS2-Grand-Prix-Cannes-2003.jpg\" width=\"518\" height=\"339\" srcset=\"http:\/\/www.ferembach.com\/cestquilescreas\/wp-content\/uploads\/2014\/01\/PS2-Grand-Prix-Cannes-2003.jpg 518w, http:\/\/www.ferembach.com\/cestquilescreas\/wp-content\/uploads\/2014\/01\/PS2-Grand-Prix-Cannes-2003-480x312.jpg 480w\" sizes=\"auto, (min-width: 0px) and (max-width: 480px) 480px, (min-width: 481px) 518px, 100vw\" \/><\/a><\/p>\n<p>puis c\u2019est Taroux &amp; Leroux (EMI) :<a href=\"http:\/\/www.ferembach.com\/cestquilescreas\/wp-content\/uploads\/2014\/01\/cannes2005_gp-tbwa-emi-fingers-grande.jpg\"><br \/>\n<img loading=\"lazy\" decoding=\"async\" class=\"alignnone  wp-image-3285\" alt=\"cannes2005_gp-tbwa-emi-fingers-grande\" src=\"http:\/\/www.ferembach.com\/cestquilescreas\/wp-content\/uploads\/2014\/01\/cannes2005_gp-tbwa-emi-fingers-grande.jpg\" width=\"520\" height=\"390\" srcset=\"http:\/\/www.ferembach.com\/cestquilescreas\/wp-content\/uploads\/2014\/01\/cannes2005_gp-tbwa-emi-fingers-grande.jpg 520w, http:\/\/www.ferembach.com\/cestquilescreas\/wp-content\/uploads\/2014\/01\/cannes2005_gp-tbwa-emi-fingers-grande-480x360.jpg 480w\" sizes=\"auto, (min-width: 0px) and (max-width: 480px) 480px, (min-width: 481px) 520px, 100vw\" \/><\/a><\/p>\n<p><a href=\"http:\/\/www.ferembach.com\/cestquilescreas\/wp-content\/uploads\/2014\/01\/cannes2005_gp-tbwa-emi-chords-grande.jpg\"><img loading=\"lazy\" decoding=\"async\" class=\"alignnone  wp-image-3286\" alt=\"cannes2005_gp-tbwa-emi-chords-grande\" src=\"http:\/\/www.ferembach.com\/cestquilescreas\/wp-content\/uploads\/2014\/01\/cannes2005_gp-tbwa-emi-chords-grande.jpg\" width=\"519\" height=\"338\" srcset=\"http:\/\/www.ferembach.com\/cestquilescreas\/wp-content\/uploads\/2014\/01\/cannes2005_gp-tbwa-emi-chords-grande.jpg 519w, http:\/\/www.ferembach.com\/cestquilescreas\/wp-content\/uploads\/2014\/01\/cannes2005_gp-tbwa-emi-chords-grande-480x313.jpg 480w\" sizes=\"auto, (min-width: 0px) and (max-width: 480px) 480px, (min-width: 481px) 519px, 100vw\" \/><\/a><\/p>\n<p>nous on gagne des lions de toutes les couleurs, et Erik nous fait confiance parce qu\u2019on est seniors et qu\u2019on s\u2019occupe aussi des sujets s\u00e9rieux (esprit Dru\/MaryCath Dupuis oblige!).<br \/>\n<a href=\"http:\/\/www.ferembach.com\/cestquilescreas\/wp-content\/uploads\/2014\/01\/Capture-d\u2019e\u0301cran-2014-01-13-a\u0300-14.20.56.png\"><img loading=\"lazy\" decoding=\"async\" alt=\"Capture d\u2019e\u0301cran 2014-01-13 a\u0300 14.20.56\" src=\"http:\/\/www.ferembach.com\/cestquilescreas\/wp-content\/uploads\/2014\/01\/Capture-d\u2019e\u0301cran-2014-01-13-a\u0300-14.20.56-1024x679.png\" width=\"1024\" height=\"679\" \/><\/a><a href=\"http:\/\/www.ferembach.com\/cestquilescreas\/wp-content\/uploads\/2014\/01\/Capture-d\u2019e\u0301cran-2014-01-13-a\u0300-14.20.37.png\"><img loading=\"lazy\" decoding=\"async\" class=\"alignnone size-large wp-image-3266\" alt=\"Capture d\u2019e\u0301cran 2014-01-13 a\u0300 14.20.37\" src=\"http:\/\/www.ferembach.com\/cestquilescreas\/wp-content\/uploads\/2014\/01\/Capture-d\u2019e\u0301cran-2014-01-13-a\u0300-14.20.37-1024x664.png\" width=\"1024\" height=\"664\" \/><\/a><a href=\"http:\/\/www.ferembach.com\/cestquilescreas\/wp-content\/uploads\/2014\/01\/Capture-d\u2019e\u0301cran-2014-01-13-a\u0300-14.20.41.png\"><img loading=\"lazy\" decoding=\"async\" alt=\"Capture d\u2019e\u0301cran 2014-01-13 a\u0300 14.20.41\" src=\"http:\/\/www.ferembach.com\/cestquilescreas\/wp-content\/uploads\/2014\/01\/Capture-d\u2019e\u0301cran-2014-01-13-a\u0300-14.20.41-1024x669.png\" width=\"1024\" height=\"669\" \/><\/a> <a href=\"http:\/\/www.ferembach.com\/cestquilescreas\/wp-content\/uploads\/2014\/01\/Capture-d\u2019e\u0301cran-2014-01-13-a\u0300-14.20.50.png\"><img loading=\"lazy\" decoding=\"async\" alt=\"Capture d\u2019e\u0301cran 2014-01-13 a\u0300 14.20.50\" src=\"http:\/\/www.ferembach.com\/cestquilescreas\/wp-content\/uploads\/2014\/01\/Capture-d\u2019e\u0301cran-2014-01-13-a\u0300-14.20.50-1024x785.png\" width=\"1024\" height=\"785\" \/><br \/>\n<\/a><a href=\"http:\/\/www.ferembach.com\/cestquilescreas\/wp-content\/uploads\/2014\/01\/Capture-d\u2019e\u0301cran-2014-01-13-a\u0300-14.22.20.png\"><img loading=\"lazy\" decoding=\"async\" class=\"alignnone size-large wp-image-3279\" alt=\"Capture d\u2019e\u0301cran 2014-01-13 a\u0300 14.22.20\" src=\"http:\/\/www.ferembach.com\/cestquilescreas\/wp-content\/uploads\/2014\/01\/Capture-d\u2019e\u0301cran-2014-01-13-a\u0300-14.22.20-1024x424.png\" width=\"1024\" height=\"424\" srcset=\"https:\/\/www.ferembach.com\/cestquilescreas\/wp-content\/uploads\/2014\/01\/Capture-d\u2019e\u0301cran-2014-01-13-a\u0300-14.22.20-1024x424.png 1024w, https:\/\/www.ferembach.com\/cestquilescreas\/wp-content\/uploads\/2014\/01\/Capture-d\u2019e\u0301cran-2014-01-13-a\u0300-14.22.20-60x25.png 60w, https:\/\/www.ferembach.com\/cestquilescreas\/wp-content\/uploads\/2014\/01\/Capture-d\u2019e\u0301cran-2014-01-13-a\u0300-14.22.20-768x318.png 768w, https:\/\/www.ferembach.com\/cestquilescreas\/wp-content\/uploads\/2014\/01\/Capture-d\u2019e\u0301cran-2014-01-13-a\u0300-14.22.20-1080x447.png 1080w, https:\/\/www.ferembach.com\/cestquilescreas\/wp-content\/uploads\/2014\/01\/Capture-d\u2019e\u0301cran-2014-01-13-a\u0300-14.22.20-980x406.png 980w, https:\/\/www.ferembach.com\/cestquilescreas\/wp-content\/uploads\/2014\/01\/Capture-d\u2019e\u0301cran-2014-01-13-a\u0300-14.22.20-480x199.png 480w, https:\/\/www.ferembach.com\/cestquilescreas\/wp-content\/uploads\/2014\/01\/Capture-d\u2019e\u0301cran-2014-01-13-a\u0300-14.22.20.png 1120w\" sizes=\"auto, (max-width: 1024px) 100vw, 1024px\" \/><\/a><\/p>\n<p>Mais apr\u00e8s 4 ans, les choses s\u2019\u00e9moussent. Les travers aussi sont l\u00e0. Et puis &#8211; Erik devient-il moins utile parce que le boulot est fait ? &#8211; la machine tourne un peu \u00e0 vide, et la situation se d\u00e9grade lentement. C\u2019est l\u00e0 qu\u2019Altmann nous appelle de chez Publicis.<br \/>\nPour une fois, c\u2019est nous allons partir ?<br \/>\nNon.<\/p>\n<p>\u00c9rik veut nous garder et nous passe DC sur SNCF (j&rsquo;ai dans les 37 ans). Je me dis \u00ab\u00a0g\u00e9nial on va apprendre le m\u00e9tier de DC avec un type de niveau mondial comme Vervro, et puis on reste en famille TBWA\u00bb. Donc avec C\u00e9dric Moutaud on accepte.<br \/>\n\u00c7a tient 2 mois. C\u2019est injouable. Le colonel Kurtz ne l\u00e2chera jamais. Keith Richard aime trop sa guitare.<br \/>\nEt je croise Marco de La Fuente, ami connu chez BBDO qui me propose de passer DC chez BDDP &amp; Fils, qui avait du mal \u00e0 se remettre du d\u00e9part d&rsquo;Altmann.<br \/>\nOn s&rsquo;en parle avec C\u00e9dric, mais DC, tr\u00e8s peu pour lui. Du coup on se dit au revoir : je deviens DC chez Bddp&amp;Fils, et lui part DA chez Leg rejoindre Gabriel Gaultier.<\/p>\n<p>Je fais mes vrais premiers pas de DC. J\u2019apprends.<br \/>\nEn 2007, l\u2019agence est un peu \u00e0 l&rsquo;ombre de TBWA, forcement, mais avec Marco, plus encore que de digital, on a envie de multim\u00e9dia. BDDP &amp; Fils est une agence tr\u00e8s agr\u00e9able, pleine de gens sympas et comp\u00e9tents, seulement un peu d\u00e9boussol\u00e9e \u00e0 l\u2019\u00e9poque. Et on lui remet le Nord en haut, en particulier avec la campagne Fondation Abb\u00e9 Pierre. <a title=\"David Derouet\" href=\"http:\/\/www.ferembach.com\/cestquilescreas\/directeurs-artistiques\/david-derouet\/\" target=\"_blank\">David Derouet<\/a> et Emmanuel de Dieuleveult signent non seulement un lion, mais aussi le Grand Prix de l\u2019Affichage, le prix de la campagne citoyenne, bref des prix en tout genres. Bon le club des Ad a fait la fine bouche, mais tiens, pas plus tard que le mois dernier, elle vient d\u2019\u00eatre nomm\u00e9e meilleure campagne depuis 40 ans par le public au Grand Prix de l\u2019affichage !<br \/>\n<a href=\"http:\/\/www.ferembach.com\/cestquilescreas\/wp-content\/uploads\/2014\/01\/Capture-d\u2019e\u0301cran-2014-01-13-a\u0300-14.21.44.png\"><img loading=\"lazy\" decoding=\"async\" class=\"alignnone  wp-image-3275\" alt=\"Capture d\u2019e\u0301cran 2014-01-13 a\u0300 14.21.44\" src=\"http:\/\/www.ferembach.com\/cestquilescreas\/wp-content\/uploads\/2014\/01\/Capture-d\u2019e\u0301cran-2014-01-13-a\u0300-14.21.44-1024x687.png\" width=\"970\" height=\"651\" \/><\/a> <a href=\"http:\/\/www.ferembach.com\/cestquilescreas\/wp-content\/uploads\/2014\/01\/Capture-d\u2019e\u0301cran-2014-01-13-a\u0300-14.21.34.png\"><img loading=\"lazy\" decoding=\"async\" class=\"alignnone size-full wp-image-3274\" alt=\"Capture d\u2019e\u0301cran 2014-01-13 a\u0300 14.21.34\" src=\"http:\/\/www.ferembach.com\/cestquilescreas\/wp-content\/uploads\/2014\/01\/Capture-d\u2019e\u0301cran-2014-01-13-a\u0300-14.21.34.png\" width=\"975\" height=\"738\" srcset=\"https:\/\/www.ferembach.com\/cestquilescreas\/wp-content\/uploads\/2014\/01\/Capture-d\u2019e\u0301cran-2014-01-13-a\u0300-14.21.34.png 975w, https:\/\/www.ferembach.com\/cestquilescreas\/wp-content\/uploads\/2014\/01\/Capture-d\u2019e\u0301cran-2014-01-13-a\u0300-14.21.34-60x45.png 60w, https:\/\/www.ferembach.com\/cestquilescreas\/wp-content\/uploads\/2014\/01\/Capture-d\u2019e\u0301cran-2014-01-13-a\u0300-14.21.34-768x581.png 768w, https:\/\/www.ferembach.com\/cestquilescreas\/wp-content\/uploads\/2014\/01\/Capture-d\u2019e\u0301cran-2014-01-13-a\u0300-14.21.34-480x363.png 480w\" sizes=\"auto, (max-width: 975px) 100vw, 975px\" \/><\/a><\/p>\n<p>D\u00e9j\u00e0 \u00e0 l\u2019\u00e9poque, on est fier, d\u2019autant plus que c\u2019est un sacr\u00e9 boulot collectif : Marie \u00e0 l\u2019Achat d\u2019art, Irache au commercial, et tous les autres &#8211; je vous oublie pas les amis!- bref, on est une belle \u00e9quipe! Et on renoue avec l\u2019\u00e9poque Altmann : strat\u00e9gique et cr\u00e9atif. Puis c\u2019est le mur d\u2019eau de Solidarit\u00e9s, Le film \u00ab\u00a0Water &amp; Ink\u00a0\u00bb de Fabien Nunez, et quelques autres campagnes qui remettent l\u2019agence sur les rails. Elle roule encore.<br \/>\n<a href=\"http:\/\/www.ferembach.com\/cestquilescreas\/wp-content\/uploads\/2014\/01\/Capture-d\u2019e\u0301cran-2014-01-13-a\u0300-14.22.35.png\"><img loading=\"lazy\" decoding=\"async\" class=\"alignnone size-large wp-image-3281\" alt=\"Capture d\u2019e\u0301cran 2014-01-13 a\u0300 14.22.35\" src=\"http:\/\/www.ferembach.com\/cestquilescreas\/wp-content\/uploads\/2014\/01\/Capture-d\u2019e\u0301cran-2014-01-13-a\u0300-14.22.35-1024x744.png\" width=\"1024\" height=\"744\" srcset=\"https:\/\/www.ferembach.com\/cestquilescreas\/wp-content\/uploads\/2014\/01\/Capture-d\u2019e\u0301cran-2014-01-13-a\u0300-14.22.35-1024x744.png 1024w, https:\/\/www.ferembach.com\/cestquilescreas\/wp-content\/uploads\/2014\/01\/Capture-d\u2019e\u0301cran-2014-01-13-a\u0300-14.22.35-60x44.png 60w, https:\/\/www.ferembach.com\/cestquilescreas\/wp-content\/uploads\/2014\/01\/Capture-d\u2019e\u0301cran-2014-01-13-a\u0300-14.22.35-768x558.png 768w, https:\/\/www.ferembach.com\/cestquilescreas\/wp-content\/uploads\/2014\/01\/Capture-d\u2019e\u0301cran-2014-01-13-a\u0300-14.22.35-1080x785.png 1080w, https:\/\/www.ferembach.com\/cestquilescreas\/wp-content\/uploads\/2014\/01\/Capture-d\u2019e\u0301cran-2014-01-13-a\u0300-14.22.35-980x712.png 980w, https:\/\/www.ferembach.com\/cestquilescreas\/wp-content\/uploads\/2014\/01\/Capture-d\u2019e\u0301cran-2014-01-13-a\u0300-14.22.35-480x349.png 480w, https:\/\/www.ferembach.com\/cestquilescreas\/wp-content\/uploads\/2014\/01\/Capture-d\u2019e\u0301cran-2014-01-13-a\u0300-14.22.35.png 1132w\" sizes=\"auto, (max-width: 1024px) 100vw, 1024px\" \/><\/a><br \/>\n<iframe loading=\"lazy\" title=\"Solidarit\u00e9s International - Water ink \/ agence Les Pr\u00e9sidents\" width=\"1080\" height=\"608\" src=\"https:\/\/www.youtube.com\/embed\/fq9mw8wR-1Q?feature=oembed\" frameborder=\"0\" allow=\"accelerometer; autoplay; encrypted-media; gyroscope; picture-in-picture\" allowfullscreen><\/iframe><\/p>\n<p><a href=\"http:\/\/www.ferembach.com\/cestquilescreas\/wp-content\/uploads\/2014\/01\/Capture-d\u2019e\u0301cran-2014-01-13-a\u0300-14.21.19.png\"><img loading=\"lazy\" decoding=\"async\" class=\"alignnone size-full wp-image-3272\" alt=\"Capture d\u2019e\u0301cran 2014-01-13 a\u0300 14.21.19\" src=\"http:\/\/www.ferembach.com\/cestquilescreas\/wp-content\/uploads\/2014\/01\/Capture-d\u2019e\u0301cran-2014-01-13-a\u0300-14.21.19.png\" width=\"506\" height=\"724\" srcset=\"https:\/\/www.ferembach.com\/cestquilescreas\/wp-content\/uploads\/2014\/01\/Capture-d\u2019e\u0301cran-2014-01-13-a\u0300-14.21.19.png 506w, https:\/\/www.ferembach.com\/cestquilescreas\/wp-content\/uploads\/2014\/01\/Capture-d\u2019e\u0301cran-2014-01-13-a\u0300-14.21.19-42x60.png 42w, https:\/\/www.ferembach.com\/cestquilescreas\/wp-content\/uploads\/2014\/01\/Capture-d\u2019e\u0301cran-2014-01-13-a\u0300-14.21.19-480x687.png 480w\" sizes=\"auto, (max-width: 506px) 100vw, 506px\" \/><\/a> <a href=\"http:\/\/www.ferembach.com\/cestquilescreas\/wp-content\/uploads\/2014\/01\/Capture-d\u2019e\u0301cran-2014-01-13-a\u0300-14.21.24.png\"><img loading=\"lazy\" decoding=\"async\" class=\"alignnone size-large wp-image-3273\" alt=\"Capture d\u2019e\u0301cran 2014-01-13 a\u0300 14.21.24\" src=\"http:\/\/www.ferembach.com\/cestquilescreas\/wp-content\/uploads\/2014\/01\/Capture-d\u2019e\u0301cran-2014-01-13-a\u0300-14.21.24-1024x656.png\" width=\"1024\" height=\"656\" srcset=\"https:\/\/www.ferembach.com\/cestquilescreas\/wp-content\/uploads\/2014\/01\/Capture-d\u2019e\u0301cran-2014-01-13-a\u0300-14.21.24-1024x656.png 1024w, https:\/\/www.ferembach.com\/cestquilescreas\/wp-content\/uploads\/2014\/01\/Capture-d\u2019e\u0301cran-2014-01-13-a\u0300-14.21.24-60x38.png 60w, https:\/\/www.ferembach.com\/cestquilescreas\/wp-content\/uploads\/2014\/01\/Capture-d\u2019e\u0301cran-2014-01-13-a\u0300-14.21.24-768x492.png 768w, https:\/\/www.ferembach.com\/cestquilescreas\/wp-content\/uploads\/2014\/01\/Capture-d\u2019e\u0301cran-2014-01-13-a\u0300-14.21.24-1080x692.png 1080w, https:\/\/www.ferembach.com\/cestquilescreas\/wp-content\/uploads\/2014\/01\/Capture-d\u2019e\u0301cran-2014-01-13-a\u0300-14.21.24-980x628.png 980w, https:\/\/www.ferembach.com\/cestquilescreas\/wp-content\/uploads\/2014\/01\/Capture-d\u2019e\u0301cran-2014-01-13-a\u0300-14.21.24-480x308.png 480w, https:\/\/www.ferembach.com\/cestquilescreas\/wp-content\/uploads\/2014\/01\/Capture-d\u2019e\u0301cran-2014-01-13-a\u0300-14.21.24.png 1116w\" sizes=\"auto, (max-width: 1024px) 100vw, 1024px\" \/><\/a>\u00a0 <a href=\"http:\/\/www.ferembach.com\/cestquilescreas\/wp-content\/uploads\/2014\/01\/Capture-d\u2019e\u0301cran-2014-01-13-a\u0300-14.21.02.png\"><img loading=\"lazy\" decoding=\"async\" class=\"alignnone size-full wp-image-3270\" alt=\"Capture d\u2019e\u0301cran 2014-01-13 a\u0300 14.21.02\" src=\"http:\/\/www.ferembach.com\/cestquilescreas\/wp-content\/uploads\/2014\/01\/Capture-d\u2019e\u0301cran-2014-01-13-a\u0300-14.21.02.png\" width=\"577\" height=\"719\" srcset=\"https:\/\/www.ferembach.com\/cestquilescreas\/wp-content\/uploads\/2014\/01\/Capture-d\u2019e\u0301cran-2014-01-13-a\u0300-14.21.02.png 577w, https:\/\/www.ferembach.com\/cestquilescreas\/wp-content\/uploads\/2014\/01\/Capture-d\u2019e\u0301cran-2014-01-13-a\u0300-14.21.02-48x60.png 48w, https:\/\/www.ferembach.com\/cestquilescreas\/wp-content\/uploads\/2014\/01\/Capture-d\u2019e\u0301cran-2014-01-13-a\u0300-14.21.02-480x598.png 480w\" sizes=\"auto, (max-width: 577px) 100vw, 577px\" \/><\/a><a href=\"http:\/\/www.ferembach.com\/cestquilescreas\/wp-content\/uploads\/2014\/01\/Capture-d\u2019e\u0301cran-2014-01-13-a\u0300-14.21.08.png\"><img loading=\"lazy\" decoding=\"async\" alt=\"Capture d\u2019e\u0301cran 2014-01-13 a\u0300 14.21.08\" src=\"http:\/\/www.ferembach.com\/cestquilescreas\/wp-content\/uploads\/2014\/01\/Capture-d\u2019e\u0301cran-2014-01-13-a\u0300-14.21.08-1024x656.png\" width=\"1024\" height=\"656\" \/><\/a> <a href=\"http:\/\/www.ferembach.com\/cestquilescreas\/wp-content\/uploads\/2014\/01\/Capture-d\u2019e\u0301cran-2014-01-13-a\u0300-14.21.54.png\"><img loading=\"lazy\" decoding=\"async\" class=\"alignnone size-full wp-image-3276\" alt=\"Capture d\u2019e\u0301cran 2014-01-13 a\u0300 14.21.54\" src=\"http:\/\/www.ferembach.com\/cestquilescreas\/wp-content\/uploads\/2014\/01\/Capture-d\u2019e\u0301cran-2014-01-13-a\u0300-14.21.54.png\" width=\"502\" height=\"744\" srcset=\"https:\/\/www.ferembach.com\/cestquilescreas\/wp-content\/uploads\/2014\/01\/Capture-d\u2019e\u0301cran-2014-01-13-a\u0300-14.21.54.png 502w, https:\/\/www.ferembach.com\/cestquilescreas\/wp-content\/uploads\/2014\/01\/Capture-d\u2019e\u0301cran-2014-01-13-a\u0300-14.21.54-40x60.png 40w, https:\/\/www.ferembach.com\/cestquilescreas\/wp-content\/uploads\/2014\/01\/Capture-d\u2019e\u0301cran-2014-01-13-a\u0300-14.21.54-480x711.png 480w\" sizes=\"auto, (max-width: 502px) 100vw, 502px\" \/><\/a> <a href=\"http:\/\/www.ferembach.com\/cestquilescreas\/wp-content\/uploads\/2014\/01\/Capture-d\u2019e\u0301cran-2014-01-13-a\u0300-14.22.04.png\"><img loading=\"lazy\" decoding=\"async\" class=\"alignnone size-full wp-image-3277\" alt=\"Capture d\u2019e\u0301cran 2014-01-13 a\u0300 14.22.04\" src=\"http:\/\/www.ferembach.com\/cestquilescreas\/wp-content\/uploads\/2014\/01\/Capture-d\u2019e\u0301cran-2014-01-13-a\u0300-14.22.04.png\" width=\"506\" height=\"741\" srcset=\"https:\/\/www.ferembach.com\/cestquilescreas\/wp-content\/uploads\/2014\/01\/Capture-d\u2019e\u0301cran-2014-01-13-a\u0300-14.22.04.png 506w, https:\/\/www.ferembach.com\/cestquilescreas\/wp-content\/uploads\/2014\/01\/Capture-d\u2019e\u0301cran-2014-01-13-a\u0300-14.22.04-41x60.png 41w, https:\/\/www.ferembach.com\/cestquilescreas\/wp-content\/uploads\/2014\/01\/Capture-d\u2019e\u0301cran-2014-01-13-a\u0300-14.22.04-480x703.png 480w\" sizes=\"auto, (max-width: 506px) 100vw, 506px\" \/><\/a> <a href=\"http:\/\/www.ferembach.com\/cestquilescreas\/wp-content\/uploads\/2014\/01\/Capture-d\u2019e\u0301cran-2014-01-13-a\u0300-14.22.26.png\"><img loading=\"lazy\" decoding=\"async\" class=\"alignnone size-large wp-image-3280\" alt=\"Capture d\u2019e\u0301cran 2014-01-13 a\u0300 14.22.26\" src=\"http:\/\/www.ferembach.com\/cestquilescreas\/wp-content\/uploads\/2014\/01\/Capture-d\u2019e\u0301cran-2014-01-13-a\u0300-14.22.26-1024x736.png\" width=\"1024\" height=\"736\" srcset=\"https:\/\/www.ferembach.com\/cestquilescreas\/wp-content\/uploads\/2014\/01\/Capture-d\u2019e\u0301cran-2014-01-13-a\u0300-14.22.26-1024x736.png 1024w, https:\/\/www.ferembach.com\/cestquilescreas\/wp-content\/uploads\/2014\/01\/Capture-d\u2019e\u0301cran-2014-01-13-a\u0300-14.22.26-60x43.png 60w, https:\/\/www.ferembach.com\/cestquilescreas\/wp-content\/uploads\/2014\/01\/Capture-d\u2019e\u0301cran-2014-01-13-a\u0300-14.22.26-768x552.png 768w, https:\/\/www.ferembach.com\/cestquilescreas\/wp-content\/uploads\/2014\/01\/Capture-d\u2019e\u0301cran-2014-01-13-a\u0300-14.22.26-980x705.png 980w, https:\/\/www.ferembach.com\/cestquilescreas\/wp-content\/uploads\/2014\/01\/Capture-d\u2019e\u0301cran-2014-01-13-a\u0300-14.22.26-480x345.png 480w, https:\/\/www.ferembach.com\/cestquilescreas\/wp-content\/uploads\/2014\/01\/Capture-d\u2019e\u0301cran-2014-01-13-a\u0300-14.22.26.png 1075w\" sizes=\"auto, (max-width: 1024px) 100vw, 1024px\" \/><\/a><a href=\"http:\/\/www.ferembach.com\/cestquilescreas\/wp-content\/uploads\/2014\/01\/Capture-d\u2019e\u0301cran-2014-01-13-a\u0300-14.22.42.png\"><img loading=\"lazy\" decoding=\"async\" alt=\"Capture d\u2019e\u0301cran 2014-01-13 a\u0300 14.22.42\" src=\"http:\/\/www.ferembach.com\/cestquilescreas\/wp-content\/uploads\/2014\/01\/Capture-d\u2019e\u0301cran-2014-01-13-a\u0300-14.22.42.png\" width=\"527\" height=\"737\" \/><\/a> <a href=\"http:\/\/www.ferembach.com\/cestquilescreas\/wp-content\/uploads\/2014\/01\/Capture-d\u2019e\u0301cran-2014-01-13-a\u0300-14.22.15.png\"><img loading=\"lazy\" decoding=\"async\" class=\"alignnone size-large wp-image-3278\" alt=\"Capture d\u2019e\u0301cran 2014-01-13 a\u0300 14.22.15\" src=\"http:\/\/www.ferembach.com\/cestquilescreas\/wp-content\/uploads\/2014\/01\/Capture-d\u2019e\u0301cran-2014-01-13-a\u0300-14.22.15-1024x521.png\" width=\"1024\" height=\"521\" \/><\/a><\/p>\n<p>Pour faire mieux, je me dis qu\u2019il faut voir plus grand. Toujours ce vieux r\u00eave de l\u2019agence id\u00e9ale (BBH, Mother, etc.) Mais j\u2019apprend alors une nouvelle le\u00e7on : ce qu\u2019un DC doit chercher ce n\u2019est pas un endroit ni un projet, mais des partenaires sinc\u00e8res. Des gens qui ont foi dans la cr\u00e9ation et la publicit\u00e9, pas juste dans leur plan de carri\u00e8re. Ami cr\u00e9atif, si tu ne veux pas servir de fusible, il ne faut pas croire ce qu\u2019on te raconte, mais avoir un seul objectif ; trouver ceux qui seront vraiment sur la m\u00eame longueur d\u2019onde, pr\u00eats \u00e0 faire \u00ab\u00a0\u00e9quipe\u00a0\u00bb au quotidien et \u00e0 affronter les temp\u00eates avec toi. Pas facile \u00e0 trouver\u2026 Mais \u00e7a viendra! Et puis il y a tant de projets \u00e0 monter!<\/p>\n<p><span style=\"color: #5cc5ed;\">Tu vois quoi comme changement entre tes d\u00e9buts et maintenant ?<\/span><br \/>\nJe ne vois plus rien qui soit pareil. Nous renouvelons toutes nos cellules tous les trois jours : heureusement que ce m\u00e9tier change de fond en comble en 20 ans ! C\u2019est rassurant, il est vivant.<br \/>\nAujourd\u2019hui plus rien ne nous est th\u00e9oriquement interdits : on peut toucher \u00e0 tous les m\u00e9dias, on peut utiliser tous les talents, depuis le typographe jusqu\u2019au programmeur Objective-C ! Quel pied !<br \/>\nEn fait, le m\u00e9tier est de plus en plus g\u00e9nial\u2026mais les agences et les campagnes sont de pire en pires !<br \/>\nC\u2019est paradoxal, non ?<\/p>\n<p>Et cela se traduit par une vrai r\u00e9gression \u00e0 la cr\u00e9ation : la seule r\u00e9ponse des managers \u00e0 la r\u00e9duction des marges \u00e9tant de moins bien payer ceux qui la cr\u00e9\u00e9, les vrais seniors sont en train de disparaitre. Dans ce nouveau mod\u00e8le d\u2019agence, les DC deviennent des seniors surcharg\u00e9s et souvent infantilis\u00e9s, d\u00e9connect\u00e9s des clients. Quand aux juniors, sous-pay\u00e9s et jetables, ce sont les ouvriers multim\u00e9dia d\u2019id\u00e9es qu\u2019ils n\u2019auront jamais parce que personne n\u2019a le temps (ou le talent?) de les former. Un nouveau lumpen cr\u00e9ativaria.<br \/>\nCe n\u2019est pas comme \u00e7a que l\u2019on va faire des bonnes campagnes, ni de bonnes agences, et encore moins former de nouvelles g\u00e9n\u00e9rations.<\/p>\n<p>Au final, les campagnes vraiment originales se comptent d\u00e9j\u00e0 sur les doigts d\u2019un tyrannosaure. Mais celles qui atteignent le public et le touchent se compte sur les doigts de R2D2.<br \/>\nIl faut se regarder en face : les agences sont en apn\u00e9es. Certaines sont d\u00e9j\u00e0 toutes violettes, pr\u00eates pour le grand saut. Les grosses font le gros dos en esp\u00e9rant que \u00e7a passe, ou s\u2019accrochent \u00e0 des bou\u00e9es perc\u00e9es (Fusions, acquisitions, prospections \u00e0 15, d\u00e9solation et renoncement).<\/p>\n<p>Les plus path\u00e9tiques ont l\u2019air de croire que de s\u2019acheter quelques idoles m\u00e9talliques les aideront \u00e0 flotter ! Pourtant, et c\u2019est triste, jamais les prix n\u2019ont \u00e9t\u00e9 aussi inutiles. Ils ne c\u00e9l\u00e8brent plus l\u2019originalit\u00e9, mais le conformisme international, et trop souvent la capacit\u00e9 \u00e0 faire semblant de faire le m\u00e9tier. Mais surtout, ils ne ram\u00e8nent plus de clients, et ne font plus sonner le t\u00e9l\u00e9phone des cr\u00e9atifs. Ils \u00e9loignent juste un peu plus les publicitaires du public\u2026 Il suffit d\u2019aller en \u00e9cole pour le voir : jamais le foss\u00e9 entre la perception du public et celle des agences n\u2019a \u00e9t\u00e9 aussi abyssal. La pub doit reconnecter avec le public, c\u2019est une question de survie.<\/p>\n<p>C\u2018est d\u2019autant plus navrant que les clients n\u2019ont jamais eu autant besoin de cr\u00e9ation pour se diff\u00e9rencier, pour r\u00e9ussir. Et quand ils peuvent les voir en direct, ils adorent bosser avec les cr\u00e9atifs, nom de Zeus !<br \/>\nIls respectent cette race de gens marrants dont la passion consiste \u00e0 r\u00e9soudre leurs probl\u00e8mes \u00e0 coup d\u2019id\u00e9es. Mais pas les danseuses, ni les onanistes, ni les beni-oui-oui encravat\u00e9s qui les entourent parfois.<\/p>\n<p>Mais les cr\u00e9atifs ne doivent pas se mentir : une bonne agence, c\u2019est un team entre un cr\u00e9atif et un commercial (ou un strat\u00e8ge). C\u2019est un travail d\u2019\u00e9quipe parce que seul on finit toujours pas \u00eatre submerg\u00e9, ne serais-ce que par la quantit\u00e9 de boulot, surtout si tu fais du multim\u00e9dia\u2026 Et puis la v\u00e9rit\u00e9, c\u2019est que toutes les grandes campagnes, tu les fais parce que tu as une vraie communaut\u00e9 d\u2019esprit avec le commercial et le client. Sans \u00e7a c\u2019est du viol, et l\u2019agence le paye rapidement.<\/p>\n<p><span style=\"color: #5cc5ed;\">Et cette agence de r\u00eave, alors ?<\/span><br \/>\nBon sang, difficile d\u2019abandonner ce r\u00eave!<br \/>\nD\u2019abord il y a autant de mod\u00e8le que d\u2019\u00e9quipes DC\/DG. Mais le point commun, c\u2019est de savoir changer. Comment ? Changer les structures de travail? Je l\u2019ai beaucoup d\u00e9fendu (travailler en team plus larges, \u00eatre dans le plus-in, etc.).<br \/>\nMais finalement, je vois qu\u2019il faut d\u2019abord changer nos mentalit\u00e9s. C\u2019est long et il faut que cela vienne des gens, et en particulier des cr\u00e9atifs. Un bon DC doit inspirer le changement, sans l\u2019imposer : c\u2019est un boulot super difficile \u00e0 faire. Regarde ce pauvre Didier Deschamps\u2026<br \/>\nEt puis c\u2019est long de changer! Cela se compte en ann\u00e9es. Il faut reconqu\u00e9rir le temps. On peut faire un lion en quelques mois, c\u2019est vrai, mais c\u2019est du flan : pour reconnecter une agence avec 1\/l\u2019exigence, 2\/ la qualit\u00e9 et ensuite 3\/le succ\u00e8s (public!) et donc le business, il faut du travail, oui, et il FAUT DU TEMPS. Il faut avoir confiance, et tenir le choc ensemble. Sinon, c\u2019est un ch\u00e2teau de sable : la mar\u00e9e finit toujours par gagner.<\/p>\n<p>Ceci dit, le plus dur \u00e0 changer, c\u2019est nous, amis cr\u00e9atifs! Les agences se sont toujours construites autour du processus de cr\u00e9ation des campagnes. Elles ne changerons donc qu\u2019\u00e0 partir des id\u00e9es elles-m\u00eames. Chaque campagne r\u00e9ussie fa\u00e7onne l\u2019agence. C\u2019est donc nous cr\u00e9atifs qui devons changer en premier. Et au passage, changer pour vendre \u00e0 nouveau un talent si original qu\u2019il ne rentre pas dans les tests des experts, qu\u2019il nous redonne la main. Cesser de se voir comme des employ\u00e9s, des fournisseurs aussi. Ne pas se r\u00e9volter contre le syst\u00e8me entre deux tweets, ni exprimer notre personnalit\u00e9 dans d\u2019inutiles posts Facebook. Mais d\u00e9velopper des styles forts, et \u00eatre obs\u00e9d\u00e9 par une seule id\u00e9e : mettre le public dans notre poche. C\u2019est en ayant le public avec nous que l\u2019on reprendra le pouvoir. Le pouvoir de faire bien notre m\u00e9tier.<\/p>\n<p>Et pour atteindre le public aujourd\u2019hui, il faut aussi apprendre le nouveau langage du monde.<br \/>\nJe suis stup\u00e9fait de voir que personne ne pose la question centrale : ce n\u2019est pas l\u2019int\u00e9gration, le digital et autres esbroufes. Le \u00ab\u00a0viral\u00a0\u00bb ? Foutaise! \u00ab\u00a0Sign\u00e9 Klistax\u00bb les mecs ! Ils sont \u00e0 l\u2019ouest, rien de nouveau ! Chanel faisait d\u00e9j\u00e0 du viral en 1925 pour lancer son premier parfum!<\/p>\n<p>La question c\u2019est de reconnecter avec le public d\u2019aujourd\u2019hui en utilisant la rh\u00e9torique d\u2019aujourd\u2019hui. On est en train de vivre un changement profond, qui n\u2019est pas un changement de media mais un changement de rh\u00e9torique : la narration multim\u00e9dia va supplanter toutes les autres. Le langage de l\u2019avenir, ce n\u2019est pas le film ou la video. Ce n\u2019est pas le print. Le public n\u2019a pas le temps de regarder un film sur un \u00e9cran dans le m\u00e9tro ! Et si c\u2019est pour faire des affiches ou le titre et le logo bougent, on va juste les rendre moins efficaces!<\/p>\n<p>Le vrai nouveau langage, cet hybride qui va envahir ces \u00e9crans qui sont de plus en plus omnipr\u00e9sents, il faut aller le chercher quelque part entre la BD et Steve Jobs. Entre la narration s\u00e9quentielle et les pr\u00e9sentations multim\u00e9dia. Et il devra \u00eatre \u00e0 la fois aussi fort et rapide qu\u2019une affiche, aussi attirant que l\u2019image anim\u00e9e, aussi narratif qu\u2019un film, mais plus court, marcher sans le son, et entrainer le spectateur vers le contenu dans l\u2019enthousiasme.<br \/>\nAu final, c\u2019est comme \u00e7a que la pub sera si g\u00e9niale que les gens la r\u00e9clame !<br \/>\nQue la r\u00e9clame sera si g\u00e9niale que les gens la pub ! Qu\u2019elle sera aim\u00e9e et d\u00e9sir\u00e9e par le public. Et pour \u00e7a, il faut que les publicitaires aiment \u00e0 nouveau le public.\u2026 comme dans les ann\u00e9e 70-80! Myriam is back!<\/p>\n<p><span style=\"color: #5cc5ed;\">Que donnerais-tu comme conseil \u00e0 un team de stagiaire qui veut d\u00e9buter ?<\/span><br \/>\nApprendre. Et donc choisir ceux qui vont t\u2019apprendre avec soin.<br \/>\nParier sur le travail. Parier sur l\u2019intelligence plut\u00f4t que l\u2019esbroufe. Parier sur les id\u00e9es. C\u2019est la seule chose qui reste quand tu entres en r\u00e9union avec le client. Le reste, c\u2019est des p\u00e9rip\u00e9ties. Parier sur soi aussi, et sur sa propre capacit\u00e9 a trouver encore mieux.<br \/>\nAller voir les clients. Ne pas se laisser voler ce lien essentiel pour bien faire notre m\u00e9tier.<br \/>\nNe pas confondre notre artisanat (modeste) avec l\u2019art.<br \/>\nNe pas se mentir avec les gloires trop partag\u00e9es pour \u00eatre honn\u00eates ; quand tout le monde aime ce que tu fais, il y a deux solutions : c\u2019est soit si g\u00e9nial que \u00e7a transcende tout (bon, c\u2019est pas tout les jours, hein!), soit c\u2019est tellement consensuel que personne ne peut d\u00e9tester. Et si personne ne d\u00e9teste, alors personne ne peux aimer non plus, et tu ne toucheras personne. Dans l\u2019espace publicitaire, personne ne t\u2019entendra crier\u2026<\/p>\n<p>\u00catre sinc\u00e8re aussi. Ne pas faire dans le second degr\u00e9, c\u2019est un truc de d\u00e9faitistes et le public le sent, m\u00eame inconsciemment.<br \/>\n\u00catre premier degr\u00e9 ! Les Tontons Flingueurs c\u2019est bien parce que c\u2019est premier degr\u00e9, bon sang! Et c\u2019est imbattable!<br \/>\nEt puis relire Desproges et Saki, revoir Excoffon et Vaughan Oliver, r\u00e9\u00e9couter Ian Curtis &amp; Richard D James, et ne jamais oublier que notre m\u00e9tier est d\u2019\u00eatre anticonformiste, mais avec tact et \u00c9l\u00e9gance.<\/p>\n","protected":false},"excerpt":{"rendered":"<p>Bonjour Guillaume, tu es un cr\u00e9atif multi-casquettes, quel a \u00e9t\u00e9 ton parcours ? J\u2019ai toujours voulu faire de la publicit\u00e9. Ou presque. Enfin pas directement. Je m\u2019explique. Petit, (j\u2019ai grandit \u00e0 Lyon) j\u2019\u00e9tais nul en foot, je ne m\u2019int\u00e9ressais pas aux bagnoles, ni aux moteurs, bref un vrai paria. Mais ce qui me plaisait c\u2019\u00e9tait [&hellip;]<\/p>\n","protected":false},"author":4,"featured_media":3287,"comment_status":"closed","ping_status":"closed","sticky":false,"template":"","format":"standard","meta":{"_et_pb_use_builder":"","_et_pb_old_content":"","_et_gb_content_width":"","_uag_custom_page_level_css":"","footnotes":""},"categories":[5,25,6],"tags":[],"class_list":["post-2388","post","type-post","status-publish","format-standard","has-post-thumbnail","hentry","category-directeurs-artistiques","category-directeur-de-creation","category-redacteur"],"yoast_head":"<!-- This site is optimized with the Yoast SEO plugin v27.5 - https:\/\/yoast.com\/product\/yoast-seo-wordpress\/ -->\n<title>Guillaume-Ulrich Chifflot &#8226; C&#039;est qui les Cr\u00e9as ?<\/title>\n<meta name=\"robots\" content=\"index, follow, max-snippet:-1, max-image-preview:large, max-video-preview:-1\" \/>\n<link rel=\"canonical\" href=\"https:\/\/www.ferembach.com\/cestquilescreas\/directeurs-artistiques\/guillaume-ulrich-chifflot\/\" \/>\n<meta property=\"og:locale\" content=\"fr_FR\" \/>\n<meta property=\"og:type\" content=\"article\" \/>\n<meta property=\"og:title\" content=\"Guillaume-Ulrich Chifflot &#8226; C&#039;est qui les Cr\u00e9as ?\" \/>\n<meta property=\"og:description\" content=\"Bonjour Guillaume, tu es un cr\u00e9atif multi-casquettes, quel a \u00e9t\u00e9 ton parcours ? J\u2019ai toujours voulu faire de la publicit\u00e9. Ou presque. Enfin pas directement. Je m\u2019explique. Petit, (j\u2019ai grandit \u00e0 Lyon) j\u2019\u00e9tais nul en foot, je ne m\u2019int\u00e9ressais pas aux bagnoles, ni aux moteurs, bref un vrai paria. Mais ce qui me plaisait c\u2019\u00e9tait [&hellip;]\" \/>\n<meta property=\"og:url\" content=\"https:\/\/www.ferembach.com\/cestquilescreas\/directeurs-artistiques\/guillaume-ulrich-chifflot\/\" \/>\n<meta property=\"og:site_name\" content=\"C&#039;est qui les Cr\u00e9as ?\" \/>\n<meta property=\"article:publisher\" content=\"https:\/\/www.facebook.com\/CestquilesCreas\/\" \/>\n<meta property=\"article:published_time\" content=\"2014-01-13T14:13:00+00:00\" \/>\n<meta property=\"article:modified_time\" content=\"2014-01-13T16:38:49+00:00\" \/>\n<meta property=\"og:image\" content=\"https:\/\/www.ferembach.com\/cestquilescreas\/wp-content\/uploads\/2014\/01\/Capture-d\u2019e\u0301cran-2014-01-13-a\u0300-14.18.42.png\" \/>\n\t<meta property=\"og:image:width\" content=\"196\" \/>\n\t<meta property=\"og:image:height\" content=\"197\" \/>\n\t<meta property=\"og:image:type\" content=\"image\/png\" \/>\n<meta name=\"author\" content=\"gregory ferembach\" \/>\n<meta name=\"twitter:card\" content=\"summary_large_image\" \/>\n<meta name=\"twitter:label1\" content=\"\u00c9crit par\" \/>\n\t<meta name=\"twitter:data1\" content=\"gregory ferembach\" \/>\n\t<meta name=\"twitter:label2\" content=\"Dur\u00e9e de lecture estim\u00e9e\" \/>\n\t<meta name=\"twitter:data2\" content=\"22 minutes\" \/>\n<script type=\"application\/ld+json\" class=\"yoast-schema-graph\">{\"@context\":\"https:\\\/\\\/schema.org\",\"@graph\":[{\"@type\":\"Article\",\"@id\":\"https:\\\/\\\/www.ferembach.com\\\/cestquilescreas\\\/directeurs-artistiques\\\/guillaume-ulrich-chifflot\\\/#article\",\"isPartOf\":{\"@id\":\"https:\\\/\\\/www.ferembach.com\\\/cestquilescreas\\\/directeurs-artistiques\\\/guillaume-ulrich-chifflot\\\/\"},\"author\":{\"name\":\"gregory ferembach\",\"@id\":\"https:\\\/\\\/www.ferembach.com\\\/cestquilescreas\\\/#\\\/schema\\\/person\\\/228b651374249a02f20a1921f0e2516b\"},\"headline\":\"Guillaume-Ulrich Chifflot\",\"datePublished\":\"2014-01-13T14:13:00+00:00\",\"dateModified\":\"2014-01-13T16:38:49+00:00\",\"mainEntityOfPage\":{\"@id\":\"https:\\\/\\\/www.ferembach.com\\\/cestquilescreas\\\/directeurs-artistiques\\\/guillaume-ulrich-chifflot\\\/\"},\"wordCount\":4447,\"publisher\":{\"@id\":\"https:\\\/\\\/www.ferembach.com\\\/cestquilescreas\\\/#organization\"},\"image\":{\"@id\":\"https:\\\/\\\/www.ferembach.com\\\/cestquilescreas\\\/directeurs-artistiques\\\/guillaume-ulrich-chifflot\\\/#primaryimage\"},\"thumbnailUrl\":\"https:\\\/\\\/www.ferembach.com\\\/cestquilescreas\\\/wp-content\\\/uploads\\\/2014\\\/01\\\/Capture-d\u2019e\u0301cran-2014-01-13-a\u0300-14.18.42.png\",\"articleSection\":[\".Directeur Artistique\",\".Directeur de Cr\u00e9ation\",\".R\u00e9dacteur\"],\"inLanguage\":\"fr-FR\"},{\"@type\":\"WebPage\",\"@id\":\"https:\\\/\\\/www.ferembach.com\\\/cestquilescreas\\\/directeurs-artistiques\\\/guillaume-ulrich-chifflot\\\/\",\"url\":\"https:\\\/\\\/www.ferembach.com\\\/cestquilescreas\\\/directeurs-artistiques\\\/guillaume-ulrich-chifflot\\\/\",\"name\":\"Guillaume-Ulrich Chifflot &#8226; C&#039;est qui les Cr\u00e9as ?\",\"isPartOf\":{\"@id\":\"https:\\\/\\\/www.ferembach.com\\\/cestquilescreas\\\/#website\"},\"primaryImageOfPage\":{\"@id\":\"https:\\\/\\\/www.ferembach.com\\\/cestquilescreas\\\/directeurs-artistiques\\\/guillaume-ulrich-chifflot\\\/#primaryimage\"},\"image\":{\"@id\":\"https:\\\/\\\/www.ferembach.com\\\/cestquilescreas\\\/directeurs-artistiques\\\/guillaume-ulrich-chifflot\\\/#primaryimage\"},\"thumbnailUrl\":\"https:\\\/\\\/www.ferembach.com\\\/cestquilescreas\\\/wp-content\\\/uploads\\\/2014\\\/01\\\/Capture-d\u2019e\u0301cran-2014-01-13-a\u0300-14.18.42.png\",\"datePublished\":\"2014-01-13T14:13:00+00:00\",\"dateModified\":\"2014-01-13T16:38:49+00:00\",\"breadcrumb\":{\"@id\":\"https:\\\/\\\/www.ferembach.com\\\/cestquilescreas\\\/directeurs-artistiques\\\/guillaume-ulrich-chifflot\\\/#breadcrumb\"},\"inLanguage\":\"fr-FR\",\"potentialAction\":[{\"@type\":\"ReadAction\",\"target\":[\"https:\\\/\\\/www.ferembach.com\\\/cestquilescreas\\\/directeurs-artistiques\\\/guillaume-ulrich-chifflot\\\/\"]}]},{\"@type\":\"ImageObject\",\"inLanguage\":\"fr-FR\",\"@id\":\"https:\\\/\\\/www.ferembach.com\\\/cestquilescreas\\\/directeurs-artistiques\\\/guillaume-ulrich-chifflot\\\/#primaryimage\",\"url\":\"https:\\\/\\\/www.ferembach.com\\\/cestquilescreas\\\/wp-content\\\/uploads\\\/2014\\\/01\\\/Capture-d\u2019e\u0301cran-2014-01-13-a\u0300-14.18.42.png\",\"contentUrl\":\"https:\\\/\\\/www.ferembach.com\\\/cestquilescreas\\\/wp-content\\\/uploads\\\/2014\\\/01\\\/Capture-d\u2019e\u0301cran-2014-01-13-a\u0300-14.18.42.png\",\"width\":196,\"height\":197},{\"@type\":\"BreadcrumbList\",\"@id\":\"https:\\\/\\\/www.ferembach.com\\\/cestquilescreas\\\/directeurs-artistiques\\\/guillaume-ulrich-chifflot\\\/#breadcrumb\",\"itemListElement\":[{\"@type\":\"ListItem\",\"position\":1,\"name\":\"Accueil\",\"item\":\"https:\\\/\\\/www.ferembach.com\\\/cestquilescreas\\\/\"},{\"@type\":\"ListItem\",\"position\":2,\"name\":\"Guillaume-Ulrich Chifflot\"}]},{\"@type\":\"WebSite\",\"@id\":\"https:\\\/\\\/www.ferembach.com\\\/cestquilescreas\\\/#website\",\"url\":\"https:\\\/\\\/www.ferembach.com\\\/cestquilescreas\\\/\",\"name\":\"C'est qui les Cr\u00e9as ?\",\"description\":\"D\u00e9couvrez les cr\u00e9atifs, leurs parcours et leurs (en)vies...\",\"publisher\":{\"@id\":\"https:\\\/\\\/www.ferembach.com\\\/cestquilescreas\\\/#organization\"},\"potentialAction\":[{\"@type\":\"SearchAction\",\"target\":{\"@type\":\"EntryPoint\",\"urlTemplate\":\"https:\\\/\\\/www.ferembach.com\\\/cestquilescreas\\\/?s={search_term_string}\"},\"query-input\":{\"@type\":\"PropertyValueSpecification\",\"valueRequired\":true,\"valueName\":\"search_term_string\"}}],\"inLanguage\":\"fr-FR\"},{\"@type\":\"Organization\",\"@id\":\"https:\\\/\\\/www.ferembach.com\\\/cestquilescreas\\\/#organization\",\"name\":\"C'est qui les Cr\u00e9as ?\",\"url\":\"https:\\\/\\\/www.ferembach.com\\\/cestquilescreas\\\/\",\"logo\":{\"@type\":\"ImageObject\",\"inLanguage\":\"fr-FR\",\"@id\":\"https:\\\/\\\/www.ferembach.com\\\/cestquilescreas\\\/#\\\/schema\\\/logo\\\/image\\\/\",\"url\":\"https:\\\/\\\/www.ferembach.com\\\/cestquilescreas\\\/wp-content\\\/uploads\\\/2020\\\/02\\\/logo-cqlc-1024x368-3.png\",\"contentUrl\":\"https:\\\/\\\/www.ferembach.com\\\/cestquilescreas\\\/wp-content\\\/uploads\\\/2020\\\/02\\\/logo-cqlc-1024x368-3.png\",\"width\":1024,\"height\":368,\"caption\":\"C'est qui les Cr\u00e9as ?\"},\"image\":{\"@id\":\"https:\\\/\\\/www.ferembach.com\\\/cestquilescreas\\\/#\\\/schema\\\/logo\\\/image\\\/\"},\"sameAs\":[\"https:\\\/\\\/www.facebook.com\\\/CestquilesCreas\\\/\"]},{\"@type\":\"Person\",\"@id\":\"https:\\\/\\\/www.ferembach.com\\\/cestquilescreas\\\/#\\\/schema\\\/person\\\/228b651374249a02f20a1921f0e2516b\",\"name\":\"gregory ferembach\",\"image\":{\"@type\":\"ImageObject\",\"inLanguage\":\"fr-FR\",\"@id\":\"https:\\\/\\\/secure.gravatar.com\\\/avatar\\\/605c4bda0e1d2a91637e7bb2eb4af75b09419585355d212ee36e067ca646749c?s=96&d=mm&r=g\",\"url\":\"https:\\\/\\\/secure.gravatar.com\\\/avatar\\\/605c4bda0e1d2a91637e7bb2eb4af75b09419585355d212ee36e067ca646749c?s=96&d=mm&r=g\",\"contentUrl\":\"https:\\\/\\\/secure.gravatar.com\\\/avatar\\\/605c4bda0e1d2a91637e7bb2eb4af75b09419585355d212ee36e067ca646749c?s=96&d=mm&r=g\",\"caption\":\"gregory ferembach\"}}]}<\/script>\n<!-- \/ Yoast SEO plugin. -->","yoast_head_json":{"title":"Guillaume-Ulrich Chifflot &#8226; C&#039;est qui les Cr\u00e9as ?","robots":{"index":"index","follow":"follow","max-snippet":"max-snippet:-1","max-image-preview":"max-image-preview:large","max-video-preview":"max-video-preview:-1"},"canonical":"https:\/\/www.ferembach.com\/cestquilescreas\/directeurs-artistiques\/guillaume-ulrich-chifflot\/","og_locale":"fr_FR","og_type":"article","og_title":"Guillaume-Ulrich Chifflot &#8226; C&#039;est qui les Cr\u00e9as ?","og_description":"Bonjour Guillaume, tu es un cr\u00e9atif multi-casquettes, quel a \u00e9t\u00e9 ton parcours ? J\u2019ai toujours voulu faire de la publicit\u00e9. Ou presque. Enfin pas directement. Je m\u2019explique. Petit, (j\u2019ai grandit \u00e0 Lyon) j\u2019\u00e9tais nul en foot, je ne m\u2019int\u00e9ressais pas aux bagnoles, ni aux moteurs, bref un vrai paria. Mais ce qui me plaisait c\u2019\u00e9tait [&hellip;]","og_url":"https:\/\/www.ferembach.com\/cestquilescreas\/directeurs-artistiques\/guillaume-ulrich-chifflot\/","og_site_name":"C&#039;est qui les Cr\u00e9as ?","article_publisher":"https:\/\/www.facebook.com\/CestquilesCreas\/","article_published_time":"2014-01-13T14:13:00+00:00","article_modified_time":"2014-01-13T16:38:49+00:00","og_image":[{"width":196,"height":197,"url":"https:\/\/www.ferembach.com\/cestquilescreas\/wp-content\/uploads\/2014\/01\/Capture-d\u2019e\u0301cran-2014-01-13-a\u0300-14.18.42.png","type":"image\/png"}],"author":"gregory ferembach","twitter_card":"summary_large_image","twitter_misc":{"\u00c9crit par":"gregory ferembach","Dur\u00e9e de lecture estim\u00e9e":"22 minutes"},"schema":{"@context":"https:\/\/schema.org","@graph":[{"@type":"Article","@id":"https:\/\/www.ferembach.com\/cestquilescreas\/directeurs-artistiques\/guillaume-ulrich-chifflot\/#article","isPartOf":{"@id":"https:\/\/www.ferembach.com\/cestquilescreas\/directeurs-artistiques\/guillaume-ulrich-chifflot\/"},"author":{"name":"gregory ferembach","@id":"https:\/\/www.ferembach.com\/cestquilescreas\/#\/schema\/person\/228b651374249a02f20a1921f0e2516b"},"headline":"Guillaume-Ulrich Chifflot","datePublished":"2014-01-13T14:13:00+00:00","dateModified":"2014-01-13T16:38:49+00:00","mainEntityOfPage":{"@id":"https:\/\/www.ferembach.com\/cestquilescreas\/directeurs-artistiques\/guillaume-ulrich-chifflot\/"},"wordCount":4447,"publisher":{"@id":"https:\/\/www.ferembach.com\/cestquilescreas\/#organization"},"image":{"@id":"https:\/\/www.ferembach.com\/cestquilescreas\/directeurs-artistiques\/guillaume-ulrich-chifflot\/#primaryimage"},"thumbnailUrl":"https:\/\/www.ferembach.com\/cestquilescreas\/wp-content\/uploads\/2014\/01\/Capture-d\u2019e\u0301cran-2014-01-13-a\u0300-14.18.42.png","articleSection":[".Directeur Artistique",".Directeur de Cr\u00e9ation",".R\u00e9dacteur"],"inLanguage":"fr-FR"},{"@type":"WebPage","@id":"https:\/\/www.ferembach.com\/cestquilescreas\/directeurs-artistiques\/guillaume-ulrich-chifflot\/","url":"https:\/\/www.ferembach.com\/cestquilescreas\/directeurs-artistiques\/guillaume-ulrich-chifflot\/","name":"Guillaume-Ulrich Chifflot &#8226; C&#039;est qui les Cr\u00e9as ?","isPartOf":{"@id":"https:\/\/www.ferembach.com\/cestquilescreas\/#website"},"primaryImageOfPage":{"@id":"https:\/\/www.ferembach.com\/cestquilescreas\/directeurs-artistiques\/guillaume-ulrich-chifflot\/#primaryimage"},"image":{"@id":"https:\/\/www.ferembach.com\/cestquilescreas\/directeurs-artistiques\/guillaume-ulrich-chifflot\/#primaryimage"},"thumbnailUrl":"https:\/\/www.ferembach.com\/cestquilescreas\/wp-content\/uploads\/2014\/01\/Capture-d\u2019e\u0301cran-2014-01-13-a\u0300-14.18.42.png","datePublished":"2014-01-13T14:13:00+00:00","dateModified":"2014-01-13T16:38:49+00:00","breadcrumb":{"@id":"https:\/\/www.ferembach.com\/cestquilescreas\/directeurs-artistiques\/guillaume-ulrich-chifflot\/#breadcrumb"},"inLanguage":"fr-FR","potentialAction":[{"@type":"ReadAction","target":["https:\/\/www.ferembach.com\/cestquilescreas\/directeurs-artistiques\/guillaume-ulrich-chifflot\/"]}]},{"@type":"ImageObject","inLanguage":"fr-FR","@id":"https:\/\/www.ferembach.com\/cestquilescreas\/directeurs-artistiques\/guillaume-ulrich-chifflot\/#primaryimage","url":"https:\/\/www.ferembach.com\/cestquilescreas\/wp-content\/uploads\/2014\/01\/Capture-d\u2019e\u0301cran-2014-01-13-a\u0300-14.18.42.png","contentUrl":"https:\/\/www.ferembach.com\/cestquilescreas\/wp-content\/uploads\/2014\/01\/Capture-d\u2019e\u0301cran-2014-01-13-a\u0300-14.18.42.png","width":196,"height":197},{"@type":"BreadcrumbList","@id":"https:\/\/www.ferembach.com\/cestquilescreas\/directeurs-artistiques\/guillaume-ulrich-chifflot\/#breadcrumb","itemListElement":[{"@type":"ListItem","position":1,"name":"Accueil","item":"https:\/\/www.ferembach.com\/cestquilescreas\/"},{"@type":"ListItem","position":2,"name":"Guillaume-Ulrich Chifflot"}]},{"@type":"WebSite","@id":"https:\/\/www.ferembach.com\/cestquilescreas\/#website","url":"https:\/\/www.ferembach.com\/cestquilescreas\/","name":"C'est qui les Cr\u00e9as ?","description":"D\u00e9couvrez les cr\u00e9atifs, leurs parcours et leurs (en)vies...","publisher":{"@id":"https:\/\/www.ferembach.com\/cestquilescreas\/#organization"},"potentialAction":[{"@type":"SearchAction","target":{"@type":"EntryPoint","urlTemplate":"https:\/\/www.ferembach.com\/cestquilescreas\/?s={search_term_string}"},"query-input":{"@type":"PropertyValueSpecification","valueRequired":true,"valueName":"search_term_string"}}],"inLanguage":"fr-FR"},{"@type":"Organization","@id":"https:\/\/www.ferembach.com\/cestquilescreas\/#organization","name":"C'est qui les Cr\u00e9as ?","url":"https:\/\/www.ferembach.com\/cestquilescreas\/","logo":{"@type":"ImageObject","inLanguage":"fr-FR","@id":"https:\/\/www.ferembach.com\/cestquilescreas\/#\/schema\/logo\/image\/","url":"https:\/\/www.ferembach.com\/cestquilescreas\/wp-content\/uploads\/2020\/02\/logo-cqlc-1024x368-3.png","contentUrl":"https:\/\/www.ferembach.com\/cestquilescreas\/wp-content\/uploads\/2020\/02\/logo-cqlc-1024x368-3.png","width":1024,"height":368,"caption":"C'est qui les Cr\u00e9as ?"},"image":{"@id":"https:\/\/www.ferembach.com\/cestquilescreas\/#\/schema\/logo\/image\/"},"sameAs":["https:\/\/www.facebook.com\/CestquilesCreas\/"]},{"@type":"Person","@id":"https:\/\/www.ferembach.com\/cestquilescreas\/#\/schema\/person\/228b651374249a02f20a1921f0e2516b","name":"gregory ferembach","image":{"@type":"ImageObject","inLanguage":"fr-FR","@id":"https:\/\/secure.gravatar.com\/avatar\/605c4bda0e1d2a91637e7bb2eb4af75b09419585355d212ee36e067ca646749c?s=96&d=mm&r=g","url":"https:\/\/secure.gravatar.com\/avatar\/605c4bda0e1d2a91637e7bb2eb4af75b09419585355d212ee36e067ca646749c?s=96&d=mm&r=g","contentUrl":"https:\/\/secure.gravatar.com\/avatar\/605c4bda0e1d2a91637e7bb2eb4af75b09419585355d212ee36e067ca646749c?s=96&d=mm&r=g","caption":"gregory ferembach"}}]}},"uagb_featured_image_src":{"full":["https:\/\/www.ferembach.com\/cestquilescreas\/wp-content\/uploads\/2014\/01\/Capture-d\u2019e\u0301cran-2014-01-13-a\u0300-14.18.42.png",196,197,false],"thumbnail":["https:\/\/www.ferembach.com\/cestquilescreas\/wp-content\/uploads\/2014\/01\/Capture-d\u2019e\u0301cran-2014-01-13-a\u0300-14.18.42-120x120.png",120,120,true],"medium":["https:\/\/www.ferembach.com\/cestquilescreas\/wp-content\/uploads\/2014\/01\/Capture-d\u2019e\u0301cran-2014-01-13-a\u0300-14.18.42-60x60.png",60,60,true],"medium_large":["https:\/\/www.ferembach.com\/cestquilescreas\/wp-content\/uploads\/2014\/01\/Capture-d\u2019e\u0301cran-2014-01-13-a\u0300-14.18.42.png",196,197,false],"large":["https:\/\/www.ferembach.com\/cestquilescreas\/wp-content\/uploads\/2014\/01\/Capture-d\u2019e\u0301cran-2014-01-13-a\u0300-14.18.42.png",196,197,false],"1536x1536":["https:\/\/www.ferembach.com\/cestquilescreas\/wp-content\/uploads\/2014\/01\/Capture-d\u2019e\u0301cran-2014-01-13-a\u0300-14.18.42.png",196,197,false],"2048x2048":["https:\/\/www.ferembach.com\/cestquilescreas\/wp-content\/uploads\/2014\/01\/Capture-d\u2019e\u0301cran-2014-01-13-a\u0300-14.18.42.png",196,197,false],"et-pb-post-main-image":["https:\/\/www.ferembach.com\/cestquilescreas\/wp-content\/uploads\/2014\/01\/Capture-d\u2019e\u0301cran-2014-01-13-a\u0300-14.18.42.png",196,197,false],"et-pb-post-main-image-fullwidth":["https:\/\/www.ferembach.com\/cestquilescreas\/wp-content\/uploads\/2014\/01\/Capture-d\u2019e\u0301cran-2014-01-13-a\u0300-14.18.42.png",196,197,false],"et-pb-portfolio-image":["https:\/\/www.ferembach.com\/cestquilescreas\/wp-content\/uploads\/2014\/01\/Capture-d\u2019e\u0301cran-2014-01-13-a\u0300-14.18.42.png",196,197,false],"et-pb-portfolio-module-image":["https:\/\/www.ferembach.com\/cestquilescreas\/wp-content\/uploads\/2014\/01\/Capture-d\u2019e\u0301cran-2014-01-13-a\u0300-14.18.42.png",196,197,false],"et-pb-portfolio-image-single":["https:\/\/www.ferembach.com\/cestquilescreas\/wp-content\/uploads\/2014\/01\/Capture-d\u2019e\u0301cran-2014-01-13-a\u0300-14.18.42.png",196,197,false],"et-pb-gallery-module-image-portrait":["https:\/\/www.ferembach.com\/cestquilescreas\/wp-content\/uploads\/2014\/01\/Capture-d\u2019e\u0301cran-2014-01-13-a\u0300-14.18.42.png",196,197,false],"et-pb-post-main-image-fullwidth-large":["https:\/\/www.ferembach.com\/cestquilescreas\/wp-content\/uploads\/2014\/01\/Capture-d\u2019e\u0301cran-2014-01-13-a\u0300-14.18.42.png",196,197,false],"et-pb-image--responsive--desktop":["https:\/\/www.ferembach.com\/cestquilescreas\/wp-content\/uploads\/2014\/01\/Capture-d\u2019e\u0301cran-2014-01-13-a\u0300-14.18.42.png",196,197,false],"et-pb-image--responsive--tablet":["https:\/\/www.ferembach.com\/cestquilescreas\/wp-content\/uploads\/2014\/01\/Capture-d\u2019e\u0301cran-2014-01-13-a\u0300-14.18.42.png",196,197,false],"et-pb-image--responsive--phone":["https:\/\/www.ferembach.com\/cestquilescreas\/wp-content\/uploads\/2014\/01\/Capture-d\u2019e\u0301cran-2014-01-13-a\u0300-14.18.42.png",196,197,false]},"uagb_author_info":{"display_name":"gregory ferembach","author_link":"https:\/\/www.ferembach.com\/cestquilescreas\/author\/gregoryferembach\/"},"uagb_comment_info":0,"uagb_excerpt":"Bonjour Guillaume, tu es un cr\u00e9atif multi-casquettes, quel a \u00e9t\u00e9 ton parcours ? J\u2019ai toujours voulu faire de la publicit\u00e9. Ou presque. Enfin pas directement. Je m\u2019explique. Petit, (j\u2019ai grandit \u00e0 Lyon) j\u2019\u00e9tais nul en foot, je ne m\u2019int\u00e9ressais pas aux bagnoles, ni aux moteurs, bref un vrai paria. Mais ce qui me plaisait c\u2019\u00e9tait\u2026","_links":{"self":[{"href":"https:\/\/www.ferembach.com\/cestquilescreas\/wp-json\/wp\/v2\/posts\/2388","targetHints":{"allow":["GET"]}}],"collection":[{"href":"https:\/\/www.ferembach.com\/cestquilescreas\/wp-json\/wp\/v2\/posts"}],"about":[{"href":"https:\/\/www.ferembach.com\/cestquilescreas\/wp-json\/wp\/v2\/types\/post"}],"author":[{"embeddable":true,"href":"https:\/\/www.ferembach.com\/cestquilescreas\/wp-json\/wp\/v2\/users\/4"}],"replies":[{"embeddable":true,"href":"https:\/\/www.ferembach.com\/cestquilescreas\/wp-json\/wp\/v2\/comments?post=2388"}],"version-history":[{"count":0,"href":"https:\/\/www.ferembach.com\/cestquilescreas\/wp-json\/wp\/v2\/posts\/2388\/revisions"}],"wp:featuredmedia":[{"embeddable":true,"href":"https:\/\/www.ferembach.com\/cestquilescreas\/wp-json\/wp\/v2\/media\/3287"}],"wp:attachment":[{"href":"https:\/\/www.ferembach.com\/cestquilescreas\/wp-json\/wp\/v2\/media?parent=2388"}],"wp:term":[{"taxonomy":"category","embeddable":true,"href":"https:\/\/www.ferembach.com\/cestquilescreas\/wp-json\/wp\/v2\/categories?post=2388"},{"taxonomy":"post_tag","embeddable":true,"href":"https:\/\/www.ferembach.com\/cestquilescreas\/wp-json\/wp\/v2\/tags?post=2388"}],"curies":[{"name":"wp","href":"https:\/\/api.w.org\/{rel}","templated":true}]}}