{"id":323,"date":"2011-07-11T14:11:55","date_gmt":"2011-07-11T12:11:55","guid":{"rendered":"http:\/\/www.ferembach.com\/cestquilescreas\/?p=323"},"modified":"2015-03-17T12:03:53","modified_gmt":"2015-03-17T10:03:53","slug":"anne-cecile-tauleigne","status":"publish","type":"post","link":"https:\/\/www.ferembach.com\/cestquilescreas\/redacteur\/anne-cecile-tauleigne\/","title":{"rendered":"Anne-C\u00e9cile Tauleigne"},"content":{"rendered":"<p><img loading=\"lazy\" decoding=\"async\" class=\"alignnone size-medium wp-image-836\" title=\"tauleigne\" src=\"http:\/\/www.ferembach.com\/cestquilescreas\/wp-content\/uploads\/2011\/07\/tauleigne-600x210.jpg\" alt=\"\" width=\"600\" height=\"210\" \/><\/p>\n<p><span style=\"color: #5cc5ed;\">Bonjour Anne-C\u00e9cile, tu es CR\/DC chez Betc, quel a \u00e9t\u00e9 ton parcours ?<\/span><br \/>\nDipl\u00f4me de l&rsquo;UCAD (Union Centrale des Arts D\u00e9coratifs)<br \/>\nPuis DDB, RSCG, DDB, BDDP, Euro RSCG Scher\/Lafarge, DDB, FCB, Grey, 3 ans de free-lance, BETC, Saatchi&amp;Saatchi+Duke et JWT<\/p>\n<p><span style=\"color: #5cc5ed;\">Comment en es-tu arriv\u00e9e a travailler chez DDB ?<\/span><br \/>\nJ&rsquo;\u00e9tais tr\u00e8s junior, j&rsquo;ai rencontr\u00e9 Christian Vince qui m&rsquo;a engag\u00e9e pour<br \/>\nbosser avec un AD senior.<\/p>\n<p><span style=\"color: #5cc5ed;\">Avec quel DA as-tu travaill\u00e9 au cour de ta carri\u00e8re ?<\/span><br \/>\nJean-Luc Collard (le senior) Caroline Godefroy et 15ans avec Thierry Vince.<\/p>\n<p><span style=\"color: #5cc5ed;\">Depuis combien d&rsquo;ann\u00e9es travailles-tu dans le milieu de la publicit\u00e9 ?<\/span><br \/>\n25 ans facile.<\/p>\n<p><span style=\"color: #5cc5ed;\">Tu as de la famille, des contacts proches, qui travaillaient dans ce milieu avant d&rsquo;y entrer ?<\/span><br \/>\nPas du tout, je me suis impos\u00e9e dans un milieu o\u00f9 je n&rsquo;ai aucune l\u00e9gitimit\u00e9 au d\u00e9part. Mais c&rsquo;\u00e9tait plus facile qu&rsquo;aujourd&rsquo;hui.<\/p>\n<p><span style=\"color: #5cc5ed;\">Tu as h\u00e9sit\u00e9 \u00e0 faire de la pub ? Qu\u2019est ce qui t\u2019a donn\u00e9 envie d\u2019en faire ?<\/span><br \/>\nJ&rsquo;ai h\u00e9sit\u00e9 entre psychiatre, pilote de chasse et publicitaire, mais j&rsquo;\u00e9tais nulle en maths.<br \/>\nMais finalement, pour faire de la pub il faut aussi \u00eatre un peu psychiatre et pilote de chasse.<\/p>\n<p><span style=\"color: #5cc5ed;\"> Tu fais quelque chose en parall\u00e8le de ton m\u00e9tier, des passions ?<\/span><br \/>\nDes passions oui, mais passives. La lecture, le cin\u00e9ma, les s\u00e9ries, la p\u00e2tisserie.<\/p>\n<p><span style=\"color: #5cc5ed;\">Tu travailles avec qui et sur quoi chez Betc?<\/span><br \/>\nSur Peugeot Monde, avec la formidable \u00e9quipe Peugeot Monde et R\u00e9mi Babinet.<\/p>\n<p><span style=\"color: #5cc5ed;\">Parle nous de deux trois choses que tu as faites en pub qui t&rsquo;ont marqu\u00e9es.<\/span><br \/>\nDes campagnes Audi, Golf, Fnac, Citro\u00ebn.<\/p>\n<p><span style=\"color: #5cc5ed;\">Dans ton m\u00e9tier quel est ton meilleur souvenir ?<\/span><br \/>\nAvoir eu un Lion d&rsquo;argent avec mon tout premier film, sans avoir la moindre id\u00e9e de l&rsquo;importance du truc \u00e0 l&rsquo;\u00e9poque: soudain tout le monde venait me f\u00e9liciter et me faire boire du champagne cher. Tr\u00e8s cool.<br \/>\n<span style=\"color: #5cc5ed;\"><br \/>\nEt le pire ?<\/span><br \/>\nUn tournage Citro\u00ebn avec Tony Kaye, un r\u00e9al psychopathe qui a abandonn\u00e9 subitement un tournage \u00e0 1 million d&rsquo;euros pour aller faire du v\u00e9lo \u00e0 Venice Beach.<\/p>\n<p><span style=\"color: #5cc5ed;\">Le truc qui t&rsquo;a fait le plus halluciner ?<\/span><br \/>\nUn shoot avec Nick Knight.<\/p>\n<p><span style=\"color: #5cc5ed;\">Ce que tu pensais pas faire un jour ?<\/span><br \/>\nEn g\u00e9n\u00e9ral, ce que je ne voulais pas faire, je ne l&rsquo;ai pas fait.<\/p>\n<p><span style=\"color: #5cc5ed;\">Quelle est, historiquement, la pub qui t&rsquo;a le plus marqu\u00e9<\/span><br \/>\nVolkswagen de Bernbach. Pas original mais les bonnes bases sont l\u00e0.<\/p>\n<p><span style=\"color: #5cc5ed;\">Celle que tu aurais aim\u00e9 faire ?<\/span><br \/>\n<iframe loading=\"lazy\" title=\"New York, New York\" width=\"1080\" height=\"810\" src=\"https:\/\/www.youtube.com\/embed\/SZmi4HJkNhc?feature=oembed\" frameborder=\"0\" allow=\"accelerometer; autoplay; encrypted-media; gyroscope; picture-in-picture\" allowfullscreen><\/iframe><\/p>\n<p><span style=\"color: #5cc5ed;\">Tu as des mod\u00e8les de cr\u00e9atifs dans la publicit\u00e9 ? Des gens qui t&rsquo;inspirent ? Pourquoi ?<\/span><br \/>\nNon les gens qui m&rsquo;inspirent ne font pas de publicit\u00e9. Il y a plein de<br \/>\ncr\u00e9atifs dont j&rsquo;aime le boulot, mais la liste serait trop longue.<\/p>\n<p><span style=\"color: #5cc5ed;\">Si tu commen\u00e7ais la pub aujourd&rsquo;hui, tu irais o\u00f9 ?<\/span><a href=\"http:\/\/www.sterlingcooperadagency.com\/\"><br \/>\nChez Sterling Cooper.<\/a><\/p>\n<p><span style=\"color: #5cc5ed;\">Tu vois quoi comme changement entre tes d\u00e9buts et maintenant ?<\/span><br \/>\nEn mieux: les incroyables opportunit\u00e9s du web.<br \/>\nEn moins bien: les annonceurs qui oublient de faire leur m\u00e9tier tellement ils sont occup\u00e9s \u00e0 pr\u00e9tendre qu&rsquo;ils peuvent faire le n\u00f4tre.<\/p>\n<p><span style=\"color: #5cc5ed;\">Tu penses que le milieu va \u00e9voluer de quelle mani\u00e8re ?<\/span><br \/>\nVers plus d&rsquo;audace et moins de vieilles recettes j&rsquo;esp\u00e8re.<\/p>\n","protected":false},"excerpt":{"rendered":"<p>Bonjour Anne-C\u00e9cile, tu es CR\/DC chez Betc, quel a \u00e9t\u00e9 ton parcours ? Dipl\u00f4me de l&rsquo;UCAD (Union Centrale des Arts D\u00e9coratifs) Puis DDB, RSCG, DDB, BDDP, Euro RSCG Scher\/Lafarge, DDB, FCB, Grey, 3 ans de free-lance, BETC, Saatchi&amp;Saatchi+Duke et JWT Comment en es-tu arriv\u00e9e a travailler chez DDB ? J&rsquo;\u00e9tais tr\u00e8s junior, j&rsquo;ai rencontr\u00e9 Christian [&hellip;]<\/p>\n","protected":false},"author":4,"featured_media":1329,"comment_status":"open","ping_status":"open","sticky":false,"template":"","format":"standard","meta":{"_et_pb_use_builder":"","_et_pb_old_content":"","_et_gb_content_width":"","_uag_custom_page_level_css":"","footnotes":""},"categories":[25,6,51],"tags":[],"class_list":["post-323","post","type-post","status-publish","format-standard","has-post-thumbnail","hentry","category-directeur-de-creation","category-redacteur","category-jwt"],"yoast_head":"<!-- This site is optimized with the Yoast SEO plugin v27.5 - https:\/\/yoast.com\/product\/yoast-seo-wordpress\/ -->\n<title>Anne-C\u00e9cile Tauleigne &#8226; C&#039;est qui les Cr\u00e9as ?<\/title>\n<meta name=\"robots\" content=\"index, follow, max-snippet:-1, max-image-preview:large, max-video-preview:-1\" \/>\n<link rel=\"canonical\" href=\"https:\/\/www.ferembach.com\/cestquilescreas\/redacteur\/anne-cecile-tauleigne\/\" \/>\n<meta property=\"og:locale\" content=\"fr_FR\" \/>\n<meta property=\"og:type\" content=\"article\" \/>\n<meta property=\"og:title\" content=\"Anne-C\u00e9cile Tauleigne &#8226; C&#039;est qui les Cr\u00e9as ?\" \/>\n<meta property=\"og:description\" content=\"Bonjour Anne-C\u00e9cile, tu es CR\/DC chez Betc, quel a \u00e9t\u00e9 ton parcours ? Dipl\u00f4me de l&rsquo;UCAD (Union Centrale des Arts D\u00e9coratifs) Puis DDB, RSCG, DDB, BDDP, Euro RSCG Scher\/Lafarge, DDB, FCB, Grey, 3 ans de free-lance, BETC, Saatchi&amp;Saatchi+Duke et JWT Comment en es-tu arriv\u00e9e a travailler chez DDB ? J&rsquo;\u00e9tais tr\u00e8s junior, j&rsquo;ai rencontr\u00e9 Christian [&hellip;]\" \/>\n<meta property=\"og:url\" content=\"https:\/\/www.ferembach.com\/cestquilescreas\/redacteur\/anne-cecile-tauleigne\/\" \/>\n<meta property=\"og:site_name\" content=\"C&#039;est qui les Cr\u00e9as ?\" \/>\n<meta property=\"article:publisher\" content=\"https:\/\/www.facebook.com\/CestquilesCreas\/\" \/>\n<meta property=\"article:published_time\" content=\"2011-07-11T12:11:55+00:00\" \/>\n<meta property=\"article:modified_time\" content=\"2015-03-17T10:03:53+00:00\" \/>\n<meta property=\"og:image\" content=\"https:\/\/www.ferembach.com\/cestquilescreas\/wp-content\/uploads\/2011\/07\/tauleigne1.jpg\" \/>\n\t<meta property=\"og:image:width\" content=\"480\" \/>\n\t<meta property=\"og:image:height\" content=\"480\" \/>\n\t<meta property=\"og:image:type\" content=\"image\/jpeg\" \/>\n<meta name=\"author\" content=\"gregory ferembach\" \/>\n<meta name=\"twitter:card\" content=\"summary_large_image\" \/>\n<meta name=\"twitter:label1\" content=\"\u00c9crit par\" \/>\n\t<meta name=\"twitter:data1\" content=\"gregory ferembach\" \/>\n\t<meta name=\"twitter:label2\" content=\"Dur\u00e9e de lecture estim\u00e9e\" \/>\n\t<meta name=\"twitter:data2\" content=\"3 minutes\" \/>\n<script type=\"application\/ld+json\" class=\"yoast-schema-graph\">{\"@context\":\"https:\\\/\\\/schema.org\",\"@graph\":[{\"@type\":\"Article\",\"@id\":\"https:\\\/\\\/www.ferembach.com\\\/cestquilescreas\\\/redacteur\\\/anne-cecile-tauleigne\\\/#article\",\"isPartOf\":{\"@id\":\"https:\\\/\\\/www.ferembach.com\\\/cestquilescreas\\\/redacteur\\\/anne-cecile-tauleigne\\\/\"},\"author\":{\"name\":\"gregory ferembach\",\"@id\":\"https:\\\/\\\/www.ferembach.com\\\/cestquilescreas\\\/#\\\/schema\\\/person\\\/228b651374249a02f20a1921f0e2516b\"},\"headline\":\"Anne-C\u00e9cile Tauleigne\",\"datePublished\":\"2011-07-11T12:11:55+00:00\",\"dateModified\":\"2015-03-17T10:03:53+00:00\",\"mainEntityOfPage\":{\"@id\":\"https:\\\/\\\/www.ferembach.com\\\/cestquilescreas\\\/redacteur\\\/anne-cecile-tauleigne\\\/\"},\"wordCount\":553,\"commentCount\":0,\"publisher\":{\"@id\":\"https:\\\/\\\/www.ferembach.com\\\/cestquilescreas\\\/#organization\"},\"image\":{\"@id\":\"https:\\\/\\\/www.ferembach.com\\\/cestquilescreas\\\/redacteur\\\/anne-cecile-tauleigne\\\/#primaryimage\"},\"thumbnailUrl\":\"https:\\\/\\\/www.ferembach.com\\\/cestquilescreas\\\/wp-content\\\/uploads\\\/2011\\\/07\\\/tauleigne1.jpg\",\"articleSection\":[\".Directeur de Cr\u00e9ation\",\".R\u00e9dacteur\",\"JWT\"],\"inLanguage\":\"fr-FR\"},{\"@type\":\"WebPage\",\"@id\":\"https:\\\/\\\/www.ferembach.com\\\/cestquilescreas\\\/redacteur\\\/anne-cecile-tauleigne\\\/\",\"url\":\"https:\\\/\\\/www.ferembach.com\\\/cestquilescreas\\\/redacteur\\\/anne-cecile-tauleigne\\\/\",\"name\":\"Anne-C\u00e9cile Tauleigne &#8226; C&#039;est qui les Cr\u00e9as ?\",\"isPartOf\":{\"@id\":\"https:\\\/\\\/www.ferembach.com\\\/cestquilescreas\\\/#website\"},\"primaryImageOfPage\":{\"@id\":\"https:\\\/\\\/www.ferembach.com\\\/cestquilescreas\\\/redacteur\\\/anne-cecile-tauleigne\\\/#primaryimage\"},\"image\":{\"@id\":\"https:\\\/\\\/www.ferembach.com\\\/cestquilescreas\\\/redacteur\\\/anne-cecile-tauleigne\\\/#primaryimage\"},\"thumbnailUrl\":\"https:\\\/\\\/www.ferembach.com\\\/cestquilescreas\\\/wp-content\\\/uploads\\\/2011\\\/07\\\/tauleigne1.jpg\",\"datePublished\":\"2011-07-11T12:11:55+00:00\",\"dateModified\":\"2015-03-17T10:03:53+00:00\",\"breadcrumb\":{\"@id\":\"https:\\\/\\\/www.ferembach.com\\\/cestquilescreas\\\/redacteur\\\/anne-cecile-tauleigne\\\/#breadcrumb\"},\"inLanguage\":\"fr-FR\",\"potentialAction\":[{\"@type\":\"ReadAction\",\"target\":[\"https:\\\/\\\/www.ferembach.com\\\/cestquilescreas\\\/redacteur\\\/anne-cecile-tauleigne\\\/\"]}]},{\"@type\":\"ImageObject\",\"inLanguage\":\"fr-FR\",\"@id\":\"https:\\\/\\\/www.ferembach.com\\\/cestquilescreas\\\/redacteur\\\/anne-cecile-tauleigne\\\/#primaryimage\",\"url\":\"https:\\\/\\\/www.ferembach.com\\\/cestquilescreas\\\/wp-content\\\/uploads\\\/2011\\\/07\\\/tauleigne1.jpg\",\"contentUrl\":\"https:\\\/\\\/www.ferembach.com\\\/cestquilescreas\\\/wp-content\\\/uploads\\\/2011\\\/07\\\/tauleigne1.jpg\",\"width\":480,\"height\":480},{\"@type\":\"BreadcrumbList\",\"@id\":\"https:\\\/\\\/www.ferembach.com\\\/cestquilescreas\\\/redacteur\\\/anne-cecile-tauleigne\\\/#breadcrumb\",\"itemListElement\":[{\"@type\":\"ListItem\",\"position\":1,\"name\":\"Accueil\",\"item\":\"https:\\\/\\\/www.ferembach.com\\\/cestquilescreas\\\/\"},{\"@type\":\"ListItem\",\"position\":2,\"name\":\"Anne-C\u00e9cile Tauleigne\"}]},{\"@type\":\"WebSite\",\"@id\":\"https:\\\/\\\/www.ferembach.com\\\/cestquilescreas\\\/#website\",\"url\":\"https:\\\/\\\/www.ferembach.com\\\/cestquilescreas\\\/\",\"name\":\"C'est qui les Cr\u00e9as ?\",\"description\":\"D\u00e9couvrez les cr\u00e9atifs, leurs parcours et leurs (en)vies...\",\"publisher\":{\"@id\":\"https:\\\/\\\/www.ferembach.com\\\/cestquilescreas\\\/#organization\"},\"potentialAction\":[{\"@type\":\"SearchAction\",\"target\":{\"@type\":\"EntryPoint\",\"urlTemplate\":\"https:\\\/\\\/www.ferembach.com\\\/cestquilescreas\\\/?s={search_term_string}\"},\"query-input\":{\"@type\":\"PropertyValueSpecification\",\"valueRequired\":true,\"valueName\":\"search_term_string\"}}],\"inLanguage\":\"fr-FR\"},{\"@type\":\"Organization\",\"@id\":\"https:\\\/\\\/www.ferembach.com\\\/cestquilescreas\\\/#organization\",\"name\":\"C'est qui les Cr\u00e9as ?\",\"url\":\"https:\\\/\\\/www.ferembach.com\\\/cestquilescreas\\\/\",\"logo\":{\"@type\":\"ImageObject\",\"inLanguage\":\"fr-FR\",\"@id\":\"https:\\\/\\\/www.ferembach.com\\\/cestquilescreas\\\/#\\\/schema\\\/logo\\\/image\\\/\",\"url\":\"https:\\\/\\\/www.ferembach.com\\\/cestquilescreas\\\/wp-content\\\/uploads\\\/2020\\\/02\\\/logo-cqlc-1024x368-3.png\",\"contentUrl\":\"https:\\\/\\\/www.ferembach.com\\\/cestquilescreas\\\/wp-content\\\/uploads\\\/2020\\\/02\\\/logo-cqlc-1024x368-3.png\",\"width\":1024,\"height\":368,\"caption\":\"C'est qui les Cr\u00e9as ?\"},\"image\":{\"@id\":\"https:\\\/\\\/www.ferembach.com\\\/cestquilescreas\\\/#\\\/schema\\\/logo\\\/image\\\/\"},\"sameAs\":[\"https:\\\/\\\/www.facebook.com\\\/CestquilesCreas\\\/\"]},{\"@type\":\"Person\",\"@id\":\"https:\\\/\\\/www.ferembach.com\\\/cestquilescreas\\\/#\\\/schema\\\/person\\\/228b651374249a02f20a1921f0e2516b\",\"name\":\"gregory ferembach\",\"image\":{\"@type\":\"ImageObject\",\"inLanguage\":\"fr-FR\",\"@id\":\"https:\\\/\\\/secure.gravatar.com\\\/avatar\\\/605c4bda0e1d2a91637e7bb2eb4af75b09419585355d212ee36e067ca646749c?s=96&d=mm&r=g\",\"url\":\"https:\\\/\\\/secure.gravatar.com\\\/avatar\\\/605c4bda0e1d2a91637e7bb2eb4af75b09419585355d212ee36e067ca646749c?s=96&d=mm&r=g\",\"contentUrl\":\"https:\\\/\\\/secure.gravatar.com\\\/avatar\\\/605c4bda0e1d2a91637e7bb2eb4af75b09419585355d212ee36e067ca646749c?s=96&d=mm&r=g\",\"caption\":\"gregory ferembach\"}}]}<\/script>\n<!-- \/ Yoast SEO plugin. -->","yoast_head_json":{"title":"Anne-C\u00e9cile Tauleigne &#8226; C&#039;est qui les Cr\u00e9as ?","robots":{"index":"index","follow":"follow","max-snippet":"max-snippet:-1","max-image-preview":"max-image-preview:large","max-video-preview":"max-video-preview:-1"},"canonical":"https:\/\/www.ferembach.com\/cestquilescreas\/redacteur\/anne-cecile-tauleigne\/","og_locale":"fr_FR","og_type":"article","og_title":"Anne-C\u00e9cile Tauleigne &#8226; C&#039;est qui les Cr\u00e9as ?","og_description":"Bonjour Anne-C\u00e9cile, tu es CR\/DC chez Betc, quel a \u00e9t\u00e9 ton parcours ? Dipl\u00f4me de l&rsquo;UCAD (Union Centrale des Arts D\u00e9coratifs) Puis DDB, RSCG, DDB, BDDP, Euro RSCG Scher\/Lafarge, DDB, FCB, Grey, 3 ans de free-lance, BETC, Saatchi&amp;Saatchi+Duke et JWT Comment en es-tu arriv\u00e9e a travailler chez DDB ? J&rsquo;\u00e9tais tr\u00e8s junior, j&rsquo;ai rencontr\u00e9 Christian [&hellip;]","og_url":"https:\/\/www.ferembach.com\/cestquilescreas\/redacteur\/anne-cecile-tauleigne\/","og_site_name":"C&#039;est qui les Cr\u00e9as ?","article_publisher":"https:\/\/www.facebook.com\/CestquilesCreas\/","article_published_time":"2011-07-11T12:11:55+00:00","article_modified_time":"2015-03-17T10:03:53+00:00","og_image":[{"width":480,"height":480,"url":"https:\/\/www.ferembach.com\/cestquilescreas\/wp-content\/uploads\/2011\/07\/tauleigne1.jpg","type":"image\/jpeg"}],"author":"gregory ferembach","twitter_card":"summary_large_image","twitter_misc":{"\u00c9crit par":"gregory ferembach","Dur\u00e9e de lecture estim\u00e9e":"3 minutes"},"schema":{"@context":"https:\/\/schema.org","@graph":[{"@type":"Article","@id":"https:\/\/www.ferembach.com\/cestquilescreas\/redacteur\/anne-cecile-tauleigne\/#article","isPartOf":{"@id":"https:\/\/www.ferembach.com\/cestquilescreas\/redacteur\/anne-cecile-tauleigne\/"},"author":{"name":"gregory ferembach","@id":"https:\/\/www.ferembach.com\/cestquilescreas\/#\/schema\/person\/228b651374249a02f20a1921f0e2516b"},"headline":"Anne-C\u00e9cile Tauleigne","datePublished":"2011-07-11T12:11:55+00:00","dateModified":"2015-03-17T10:03:53+00:00","mainEntityOfPage":{"@id":"https:\/\/www.ferembach.com\/cestquilescreas\/redacteur\/anne-cecile-tauleigne\/"},"wordCount":553,"commentCount":0,"publisher":{"@id":"https:\/\/www.ferembach.com\/cestquilescreas\/#organization"},"image":{"@id":"https:\/\/www.ferembach.com\/cestquilescreas\/redacteur\/anne-cecile-tauleigne\/#primaryimage"},"thumbnailUrl":"https:\/\/www.ferembach.com\/cestquilescreas\/wp-content\/uploads\/2011\/07\/tauleigne1.jpg","articleSection":[".Directeur de Cr\u00e9ation",".R\u00e9dacteur","JWT"],"inLanguage":"fr-FR"},{"@type":"WebPage","@id":"https:\/\/www.ferembach.com\/cestquilescreas\/redacteur\/anne-cecile-tauleigne\/","url":"https:\/\/www.ferembach.com\/cestquilescreas\/redacteur\/anne-cecile-tauleigne\/","name":"Anne-C\u00e9cile Tauleigne &#8226; C&#039;est qui les Cr\u00e9as ?","isPartOf":{"@id":"https:\/\/www.ferembach.com\/cestquilescreas\/#website"},"primaryImageOfPage":{"@id":"https:\/\/www.ferembach.com\/cestquilescreas\/redacteur\/anne-cecile-tauleigne\/#primaryimage"},"image":{"@id":"https:\/\/www.ferembach.com\/cestquilescreas\/redacteur\/anne-cecile-tauleigne\/#primaryimage"},"thumbnailUrl":"https:\/\/www.ferembach.com\/cestquilescreas\/wp-content\/uploads\/2011\/07\/tauleigne1.jpg","datePublished":"2011-07-11T12:11:55+00:00","dateModified":"2015-03-17T10:03:53+00:00","breadcrumb":{"@id":"https:\/\/www.ferembach.com\/cestquilescreas\/redacteur\/anne-cecile-tauleigne\/#breadcrumb"},"inLanguage":"fr-FR","potentialAction":[{"@type":"ReadAction","target":["https:\/\/www.ferembach.com\/cestquilescreas\/redacteur\/anne-cecile-tauleigne\/"]}]},{"@type":"ImageObject","inLanguage":"fr-FR","@id":"https:\/\/www.ferembach.com\/cestquilescreas\/redacteur\/anne-cecile-tauleigne\/#primaryimage","url":"https:\/\/www.ferembach.com\/cestquilescreas\/wp-content\/uploads\/2011\/07\/tauleigne1.jpg","contentUrl":"https:\/\/www.ferembach.com\/cestquilescreas\/wp-content\/uploads\/2011\/07\/tauleigne1.jpg","width":480,"height":480},{"@type":"BreadcrumbList","@id":"https:\/\/www.ferembach.com\/cestquilescreas\/redacteur\/anne-cecile-tauleigne\/#breadcrumb","itemListElement":[{"@type":"ListItem","position":1,"name":"Accueil","item":"https:\/\/www.ferembach.com\/cestquilescreas\/"},{"@type":"ListItem","position":2,"name":"Anne-C\u00e9cile Tauleigne"}]},{"@type":"WebSite","@id":"https:\/\/www.ferembach.com\/cestquilescreas\/#website","url":"https:\/\/www.ferembach.com\/cestquilescreas\/","name":"C'est qui les Cr\u00e9as ?","description":"D\u00e9couvrez les cr\u00e9atifs, leurs parcours et leurs (en)vies...","publisher":{"@id":"https:\/\/www.ferembach.com\/cestquilescreas\/#organization"},"potentialAction":[{"@type":"SearchAction","target":{"@type":"EntryPoint","urlTemplate":"https:\/\/www.ferembach.com\/cestquilescreas\/?s={search_term_string}"},"query-input":{"@type":"PropertyValueSpecification","valueRequired":true,"valueName":"search_term_string"}}],"inLanguage":"fr-FR"},{"@type":"Organization","@id":"https:\/\/www.ferembach.com\/cestquilescreas\/#organization","name":"C'est qui les Cr\u00e9as ?","url":"https:\/\/www.ferembach.com\/cestquilescreas\/","logo":{"@type":"ImageObject","inLanguage":"fr-FR","@id":"https:\/\/www.ferembach.com\/cestquilescreas\/#\/schema\/logo\/image\/","url":"https:\/\/www.ferembach.com\/cestquilescreas\/wp-content\/uploads\/2020\/02\/logo-cqlc-1024x368-3.png","contentUrl":"https:\/\/www.ferembach.com\/cestquilescreas\/wp-content\/uploads\/2020\/02\/logo-cqlc-1024x368-3.png","width":1024,"height":368,"caption":"C'est qui les Cr\u00e9as ?"},"image":{"@id":"https:\/\/www.ferembach.com\/cestquilescreas\/#\/schema\/logo\/image\/"},"sameAs":["https:\/\/www.facebook.com\/CestquilesCreas\/"]},{"@type":"Person","@id":"https:\/\/www.ferembach.com\/cestquilescreas\/#\/schema\/person\/228b651374249a02f20a1921f0e2516b","name":"gregory ferembach","image":{"@type":"ImageObject","inLanguage":"fr-FR","@id":"https:\/\/secure.gravatar.com\/avatar\/605c4bda0e1d2a91637e7bb2eb4af75b09419585355d212ee36e067ca646749c?s=96&d=mm&r=g","url":"https:\/\/secure.gravatar.com\/avatar\/605c4bda0e1d2a91637e7bb2eb4af75b09419585355d212ee36e067ca646749c?s=96&d=mm&r=g","contentUrl":"https:\/\/secure.gravatar.com\/avatar\/605c4bda0e1d2a91637e7bb2eb4af75b09419585355d212ee36e067ca646749c?s=96&d=mm&r=g","caption":"gregory ferembach"}}]}},"uagb_featured_image_src":{"full":["https:\/\/www.ferembach.com\/cestquilescreas\/wp-content\/uploads\/2011\/07\/tauleigne1.jpg",480,480,false],"thumbnail":["https:\/\/www.ferembach.com\/cestquilescreas\/wp-content\/uploads\/2011\/07\/tauleigne1-120x120.jpg",120,120,true],"medium":["https:\/\/www.ferembach.com\/cestquilescreas\/wp-content\/uploads\/2011\/07\/tauleigne1-60x60.jpg",60,60,true],"medium_large":["https:\/\/www.ferembach.com\/cestquilescreas\/wp-content\/uploads\/2011\/07\/tauleigne1.jpg",480,480,false],"large":["https:\/\/www.ferembach.com\/cestquilescreas\/wp-content\/uploads\/2011\/07\/tauleigne1.jpg",480,480,false],"1536x1536":["https:\/\/www.ferembach.com\/cestquilescreas\/wp-content\/uploads\/2011\/07\/tauleigne1.jpg",480,480,false],"2048x2048":["https:\/\/www.ferembach.com\/cestquilescreas\/wp-content\/uploads\/2011\/07\/tauleigne1.jpg",480,480,false],"et-pb-post-main-image":["https:\/\/www.ferembach.com\/cestquilescreas\/wp-content\/uploads\/2011\/07\/tauleigne1-400x250.jpg",400,250,true],"et-pb-post-main-image-fullwidth":["https:\/\/www.ferembach.com\/cestquilescreas\/wp-content\/uploads\/2011\/07\/tauleigne1.jpg",480,480,false],"et-pb-portfolio-image":["https:\/\/www.ferembach.com\/cestquilescreas\/wp-content\/uploads\/2011\/07\/tauleigne1-400x284.jpg",400,284,true],"et-pb-portfolio-module-image":["https:\/\/www.ferembach.com\/cestquilescreas\/wp-content\/uploads\/2011\/07\/tauleigne1-480x382.jpg",480,382,true],"et-pb-portfolio-image-single":["https:\/\/www.ferembach.com\/cestquilescreas\/wp-content\/uploads\/2011\/07\/tauleigne1.jpg",480,480,false],"et-pb-gallery-module-image-portrait":["https:\/\/www.ferembach.com\/cestquilescreas\/wp-content\/uploads\/2011\/07\/tauleigne1-400x480.jpg",400,480,true],"et-pb-post-main-image-fullwidth-large":["https:\/\/www.ferembach.com\/cestquilescreas\/wp-content\/uploads\/2011\/07\/tauleigne1.jpg",480,480,false],"et-pb-image--responsive--desktop":["https:\/\/www.ferembach.com\/cestquilescreas\/wp-content\/uploads\/2011\/07\/tauleigne1.jpg",480,480,false],"et-pb-image--responsive--tablet":["https:\/\/www.ferembach.com\/cestquilescreas\/wp-content\/uploads\/2011\/07\/tauleigne1.jpg",480,480,false],"et-pb-image--responsive--phone":["https:\/\/www.ferembach.com\/cestquilescreas\/wp-content\/uploads\/2011\/07\/tauleigne1.jpg",270,270,false]},"uagb_author_info":{"display_name":"gregory ferembach","author_link":"https:\/\/www.ferembach.com\/cestquilescreas\/author\/gregoryferembach\/"},"uagb_comment_info":0,"uagb_excerpt":"Bonjour Anne-C\u00e9cile, tu es CR\/DC chez Betc, quel a \u00e9t\u00e9 ton parcours ? Dipl\u00f4me de l&rsquo;UCAD (Union Centrale des Arts D\u00e9coratifs) Puis DDB, RSCG, DDB, BDDP, Euro RSCG Scher\/Lafarge, DDB, FCB, Grey, 3 ans de free-lance, BETC, Saatchi&amp;Saatchi+Duke et JWT Comment en es-tu arriv\u00e9e a travailler chez DDB ? J&rsquo;\u00e9tais tr\u00e8s junior, j&rsquo;ai rencontr\u00e9 Christian\u2026","_links":{"self":[{"href":"https:\/\/www.ferembach.com\/cestquilescreas\/wp-json\/wp\/v2\/posts\/323","targetHints":{"allow":["GET"]}}],"collection":[{"href":"https:\/\/www.ferembach.com\/cestquilescreas\/wp-json\/wp\/v2\/posts"}],"about":[{"href":"https:\/\/www.ferembach.com\/cestquilescreas\/wp-json\/wp\/v2\/types\/post"}],"author":[{"embeddable":true,"href":"https:\/\/www.ferembach.com\/cestquilescreas\/wp-json\/wp\/v2\/users\/4"}],"replies":[{"embeddable":true,"href":"https:\/\/www.ferembach.com\/cestquilescreas\/wp-json\/wp\/v2\/comments?post=323"}],"version-history":[{"count":0,"href":"https:\/\/www.ferembach.com\/cestquilescreas\/wp-json\/wp\/v2\/posts\/323\/revisions"}],"wp:featuredmedia":[{"embeddable":true,"href":"https:\/\/www.ferembach.com\/cestquilescreas\/wp-json\/wp\/v2\/media\/1329"}],"wp:attachment":[{"href":"https:\/\/www.ferembach.com\/cestquilescreas\/wp-json\/wp\/v2\/media?parent=323"}],"wp:term":[{"taxonomy":"category","embeddable":true,"href":"https:\/\/www.ferembach.com\/cestquilescreas\/wp-json\/wp\/v2\/categories?post=323"},{"taxonomy":"post_tag","embeddable":true,"href":"https:\/\/www.ferembach.com\/cestquilescreas\/wp-json\/wp\/v2\/tags?post=323"}],"curies":[{"name":"wp","href":"https:\/\/api.w.org\/{rel}","templated":true}]}}