{"id":4115,"date":"2017-10-02T23:51:43","date_gmt":"2017-10-02T21:51:43","guid":{"rendered":"http:\/\/www.ferembach.com\/cestquilescreas\/?p=4115"},"modified":"2017-10-03T11:10:37","modified_gmt":"2017-10-03T09:10:37","slug":"les-agences-de-publicite-paris","status":"publish","type":"post","link":"https:\/\/www.ferembach.com\/cestquilescreas\/creatif\/les-agences-de-publicite-paris\/","title":{"rendered":"Les agences de Publicit\u00e9 \/ Paris"},"content":{"rendered":"<p><a href=\"https:\/\/drive.google.com\/open?id=1SKoBxvpn5LnaQG5vVJTNAOT6sIk&amp;usp=sharing\" target=\"_blank\" rel=\"noopener\">Voici une carte<\/a> situant la plupart des agences de &lsquo;publicit\u00e9&rsquo;,<br \/>\nCoucou la Rive Gauche \ud83d\ude42<\/p>\n<p>La liste n&rsquo;est pas exhaustive, n&rsquo;h\u00e9sitez pas \u00e0 commenter en bas pour apporter plus d&rsquo;informations.<br \/>\nEn cliquant sur les pictos bleu vous aurez acc\u00e8s aux noms des directeurs de cr\u00e9ation.<\/p>\n<p>(Cette carte a \u00e9t\u00e9 cr\u00e9\u00e9e dans le cadre d&rsquo;un workshop\u00a0 <span style=\"color: #00ccff;\">SupdeCr\u00e9a &amp; CQLC?<\/span>,\u00a0 merci aux \u00e9tudiants)<\/p>\n<p><iframe loading=\"lazy\" src=\"https:\/\/www.google.com\/maps\/d\/embed?mid=1SKoBxvpn5LnaQG5vVJTNAOT6sIk\" width=\"580\" height=\"480\"><\/iframe><\/p>\n","protected":false},"excerpt":{"rendered":"<p>Voici une carte situant la plupart des agences de &lsquo;publicit\u00e9&rsquo;, Coucou la Rive Gauche \ud83d\ude42 La liste n&rsquo;est pas exhaustive, n&rsquo;h\u00e9sitez pas \u00e0 commenter en bas pour apporter plus d&rsquo;informations. En cliquant sur les pictos bleu vous aurez acc\u00e8s aux noms des directeurs de cr\u00e9ation. (Cette carte a \u00e9t\u00e9 cr\u00e9\u00e9e dans le cadre d&rsquo;un workshop\u00a0 [&hellip;]<\/p>\n","protected":false},"author":4,"featured_media":4116,"comment_status":"open","ping_status":"open","sticky":false,"template":"","format":"standard","meta":{"_et_pb_use_builder":"","_et_pb_old_content":"","_et_gb_content_width":"","_uag_custom_page_level_css":"","footnotes":""},"categories":[44],"tags":[],"class_list":["post-4115","post","type-post","status-publish","format-standard","has-post-thumbnail","hentry","category-creatif"],"yoast_head":"<!-- This site is optimized with the Yoast SEO plugin v27.5 - https:\/\/yoast.com\/product\/yoast-seo-wordpress\/ -->\n<title>Les agences de Publicit\u00e9 \/ Paris &#8226; C&#039;est qui les Cr\u00e9as ?<\/title>\n<meta name=\"robots\" content=\"index, follow, max-snippet:-1, max-image-preview:large, max-video-preview:-1\" \/>\n<link rel=\"canonical\" href=\"https:\/\/www.ferembach.com\/cestquilescreas\/creatif\/les-agences-de-publicite-paris\/\" \/>\n<meta property=\"og:locale\" content=\"fr_FR\" \/>\n<meta property=\"og:type\" content=\"article\" \/>\n<meta property=\"og:title\" content=\"Les agences de Publicit\u00e9 \/ Paris &#8226; C&#039;est qui les Cr\u00e9as ?\" \/>\n<meta property=\"og:description\" content=\"Voici une carte situant la plupart des agences de &lsquo;publicit\u00e9&rsquo;, Coucou la Rive Gauche \ud83d\ude42 La liste n&rsquo;est pas exhaustive, n&rsquo;h\u00e9sitez pas \u00e0 commenter en bas pour apporter plus d&rsquo;informations. En cliquant sur les pictos bleu vous aurez acc\u00e8s aux noms des directeurs de cr\u00e9ation. (Cette carte a \u00e9t\u00e9 cr\u00e9\u00e9e dans le cadre d&rsquo;un workshop\u00a0 [&hellip;]\" \/>\n<meta property=\"og:url\" content=\"https:\/\/www.ferembach.com\/cestquilescreas\/creatif\/les-agences-de-publicite-paris\/\" \/>\n<meta property=\"og:site_name\" content=\"C&#039;est qui les Cr\u00e9as ?\" \/>\n<meta property=\"article:publisher\" content=\"https:\/\/www.facebook.com\/CestquilesCreas\/\" \/>\n<meta property=\"article:published_time\" content=\"2017-10-02T21:51:43+00:00\" \/>\n<meta property=\"article:modified_time\" content=\"2017-10-03T09:10:37+00:00\" \/>\n<meta property=\"og:image\" content=\"https:\/\/www.ferembach.com\/cestquilescreas\/wp-content\/uploads\/2017\/10\/Capture-d\u2019e\u0301cran-2017-10-02-a\u0300-23.40.41-e1527718899635.png\" \/>\n\t<meta property=\"og:image:width\" content=\"777\" \/>\n\t<meta property=\"og:image:height\" content=\"777\" \/>\n\t<meta property=\"og:image:type\" content=\"image\/png\" \/>\n<meta name=\"author\" content=\"gregory ferembach\" \/>\n<meta name=\"twitter:card\" content=\"summary_large_image\" \/>\n<meta name=\"twitter:label1\" content=\"\u00c9crit par\" \/>\n\t<meta name=\"twitter:data1\" content=\"gregory ferembach\" \/>\n<script type=\"application\/ld+json\" class=\"yoast-schema-graph\">{\"@context\":\"https:\\\/\\\/schema.org\",\"@graph\":[{\"@type\":\"Article\",\"@id\":\"https:\\\/\\\/www.ferembach.com\\\/cestquilescreas\\\/creatif\\\/les-agences-de-publicite-paris\\\/#article\",\"isPartOf\":{\"@id\":\"https:\\\/\\\/www.ferembach.com\\\/cestquilescreas\\\/creatif\\\/les-agences-de-publicite-paris\\\/\"},\"author\":{\"name\":\"gregory ferembach\",\"@id\":\"https:\\\/\\\/www.ferembach.com\\\/cestquilescreas\\\/#\\\/schema\\\/person\\\/228b651374249a02f20a1921f0e2516b\"},\"headline\":\"Les agences de Publicit\u00e9 \\\/ Paris\",\"datePublished\":\"2017-10-02T21:51:43+00:00\",\"dateModified\":\"2017-10-03T09:10:37+00:00\",\"mainEntityOfPage\":{\"@id\":\"https:\\\/\\\/www.ferembach.com\\\/cestquilescreas\\\/creatif\\\/les-agences-de-publicite-paris\\\/\"},\"wordCount\":70,\"commentCount\":0,\"publisher\":{\"@id\":\"https:\\\/\\\/www.ferembach.com\\\/cestquilescreas\\\/#organization\"},\"image\":{\"@id\":\"https:\\\/\\\/www.ferembach.com\\\/cestquilescreas\\\/creatif\\\/les-agences-de-publicite-paris\\\/#primaryimage\"},\"thumbnailUrl\":\"https:\\\/\\\/www.ferembach.com\\\/cestquilescreas\\\/wp-content\\\/uploads\\\/2017\\\/10\\\/Capture-d\u2019e\u0301cran-2017-10-02-a\u0300-23.40.41-e1527718899635.png\",\"articleSection\":[\".cr\u00e9atif\"],\"inLanguage\":\"fr-FR\"},{\"@type\":\"WebPage\",\"@id\":\"https:\\\/\\\/www.ferembach.com\\\/cestquilescreas\\\/creatif\\\/les-agences-de-publicite-paris\\\/\",\"url\":\"https:\\\/\\\/www.ferembach.com\\\/cestquilescreas\\\/creatif\\\/les-agences-de-publicite-paris\\\/\",\"name\":\"Les agences de Publicit\u00e9 \\\/ Paris &#8226; C&#039;est qui les Cr\u00e9as ?\",\"isPartOf\":{\"@id\":\"https:\\\/\\\/www.ferembach.com\\\/cestquilescreas\\\/#website\"},\"primaryImageOfPage\":{\"@id\":\"https:\\\/\\\/www.ferembach.com\\\/cestquilescreas\\\/creatif\\\/les-agences-de-publicite-paris\\\/#primaryimage\"},\"image\":{\"@id\":\"https:\\\/\\\/www.ferembach.com\\\/cestquilescreas\\\/creatif\\\/les-agences-de-publicite-paris\\\/#primaryimage\"},\"thumbnailUrl\":\"https:\\\/\\\/www.ferembach.com\\\/cestquilescreas\\\/wp-content\\\/uploads\\\/2017\\\/10\\\/Capture-d\u2019e\u0301cran-2017-10-02-a\u0300-23.40.41-e1527718899635.png\",\"datePublished\":\"2017-10-02T21:51:43+00:00\",\"dateModified\":\"2017-10-03T09:10:37+00:00\",\"breadcrumb\":{\"@id\":\"https:\\\/\\\/www.ferembach.com\\\/cestquilescreas\\\/creatif\\\/les-agences-de-publicite-paris\\\/#breadcrumb\"},\"inLanguage\":\"fr-FR\",\"potentialAction\":[{\"@type\":\"ReadAction\",\"target\":[\"https:\\\/\\\/www.ferembach.com\\\/cestquilescreas\\\/creatif\\\/les-agences-de-publicite-paris\\\/\"]}]},{\"@type\":\"ImageObject\",\"inLanguage\":\"fr-FR\",\"@id\":\"https:\\\/\\\/www.ferembach.com\\\/cestquilescreas\\\/creatif\\\/les-agences-de-publicite-paris\\\/#primaryimage\",\"url\":\"https:\\\/\\\/www.ferembach.com\\\/cestquilescreas\\\/wp-content\\\/uploads\\\/2017\\\/10\\\/Capture-d\u2019e\u0301cran-2017-10-02-a\u0300-23.40.41-e1527718899635.png\",\"contentUrl\":\"https:\\\/\\\/www.ferembach.com\\\/cestquilescreas\\\/wp-content\\\/uploads\\\/2017\\\/10\\\/Capture-d\u2019e\u0301cran-2017-10-02-a\u0300-23.40.41-e1527718899635.png\",\"width\":777,\"height\":777},{\"@type\":\"BreadcrumbList\",\"@id\":\"https:\\\/\\\/www.ferembach.com\\\/cestquilescreas\\\/creatif\\\/les-agences-de-publicite-paris\\\/#breadcrumb\",\"itemListElement\":[{\"@type\":\"ListItem\",\"position\":1,\"name\":\"Accueil\",\"item\":\"https:\\\/\\\/www.ferembach.com\\\/cestquilescreas\\\/\"},{\"@type\":\"ListItem\",\"position\":2,\"name\":\"Les agences de Publicit\u00e9 \\\/ Paris\"}]},{\"@type\":\"WebSite\",\"@id\":\"https:\\\/\\\/www.ferembach.com\\\/cestquilescreas\\\/#website\",\"url\":\"https:\\\/\\\/www.ferembach.com\\\/cestquilescreas\\\/\",\"name\":\"C'est qui les Cr\u00e9as ?\",\"description\":\"D\u00e9couvrez les cr\u00e9atifs, leurs parcours et leurs (en)vies...\",\"publisher\":{\"@id\":\"https:\\\/\\\/www.ferembach.com\\\/cestquilescreas\\\/#organization\"},\"potentialAction\":[{\"@type\":\"SearchAction\",\"target\":{\"@type\":\"EntryPoint\",\"urlTemplate\":\"https:\\\/\\\/www.ferembach.com\\\/cestquilescreas\\\/?s={search_term_string}\"},\"query-input\":{\"@type\":\"PropertyValueSpecification\",\"valueRequired\":true,\"valueName\":\"search_term_string\"}}],\"inLanguage\":\"fr-FR\"},{\"@type\":\"Organization\",\"@id\":\"https:\\\/\\\/www.ferembach.com\\\/cestquilescreas\\\/#organization\",\"name\":\"C'est qui les Cr\u00e9as ?\",\"url\":\"https:\\\/\\\/www.ferembach.com\\\/cestquilescreas\\\/\",\"logo\":{\"@type\":\"ImageObject\",\"inLanguage\":\"fr-FR\",\"@id\":\"https:\\\/\\\/www.ferembach.com\\\/cestquilescreas\\\/#\\\/schema\\\/logo\\\/image\\\/\",\"url\":\"https:\\\/\\\/www.ferembach.com\\\/cestquilescreas\\\/wp-content\\\/uploads\\\/2020\\\/02\\\/logo-cqlc-1024x368-3.png\",\"contentUrl\":\"https:\\\/\\\/www.ferembach.com\\\/cestquilescreas\\\/wp-content\\\/uploads\\\/2020\\\/02\\\/logo-cqlc-1024x368-3.png\",\"width\":1024,\"height\":368,\"caption\":\"C'est qui les Cr\u00e9as ?\"},\"image\":{\"@id\":\"https:\\\/\\\/www.ferembach.com\\\/cestquilescreas\\\/#\\\/schema\\\/logo\\\/image\\\/\"},\"sameAs\":[\"https:\\\/\\\/www.facebook.com\\\/CestquilesCreas\\\/\"]},{\"@type\":\"Person\",\"@id\":\"https:\\\/\\\/www.ferembach.com\\\/cestquilescreas\\\/#\\\/schema\\\/person\\\/228b651374249a02f20a1921f0e2516b\",\"name\":\"gregory ferembach\",\"image\":{\"@type\":\"ImageObject\",\"inLanguage\":\"fr-FR\",\"@id\":\"https:\\\/\\\/secure.gravatar.com\\\/avatar\\\/605c4bda0e1d2a91637e7bb2eb4af75b09419585355d212ee36e067ca646749c?s=96&d=mm&r=g\",\"url\":\"https:\\\/\\\/secure.gravatar.com\\\/avatar\\\/605c4bda0e1d2a91637e7bb2eb4af75b09419585355d212ee36e067ca646749c?s=96&d=mm&r=g\",\"contentUrl\":\"https:\\\/\\\/secure.gravatar.com\\\/avatar\\\/605c4bda0e1d2a91637e7bb2eb4af75b09419585355d212ee36e067ca646749c?s=96&d=mm&r=g\",\"caption\":\"gregory ferembach\"}}]}<\/script>\n<!-- \/ Yoast SEO plugin. -->","yoast_head_json":{"title":"Les agences de Publicit\u00e9 \/ Paris &#8226; C&#039;est qui les Cr\u00e9as ?","robots":{"index":"index","follow":"follow","max-snippet":"max-snippet:-1","max-image-preview":"max-image-preview:large","max-video-preview":"max-video-preview:-1"},"canonical":"https:\/\/www.ferembach.com\/cestquilescreas\/creatif\/les-agences-de-publicite-paris\/","og_locale":"fr_FR","og_type":"article","og_title":"Les agences de Publicit\u00e9 \/ Paris &#8226; C&#039;est qui les Cr\u00e9as ?","og_description":"Voici une carte situant la plupart des agences de &lsquo;publicit\u00e9&rsquo;, Coucou la Rive Gauche \ud83d\ude42 La liste n&rsquo;est pas exhaustive, n&rsquo;h\u00e9sitez pas \u00e0 commenter en bas pour apporter plus d&rsquo;informations. En cliquant sur les pictos bleu vous aurez acc\u00e8s aux noms des directeurs de cr\u00e9ation. (Cette carte a \u00e9t\u00e9 cr\u00e9\u00e9e dans le cadre d&rsquo;un workshop\u00a0 [&hellip;]","og_url":"https:\/\/www.ferembach.com\/cestquilescreas\/creatif\/les-agences-de-publicite-paris\/","og_site_name":"C&#039;est qui les Cr\u00e9as ?","article_publisher":"https:\/\/www.facebook.com\/CestquilesCreas\/","article_published_time":"2017-10-02T21:51:43+00:00","article_modified_time":"2017-10-03T09:10:37+00:00","og_image":[{"width":777,"height":777,"url":"https:\/\/www.ferembach.com\/cestquilescreas\/wp-content\/uploads\/2017\/10\/Capture-d\u2019e\u0301cran-2017-10-02-a\u0300-23.40.41-e1527718899635.png","type":"image\/png"}],"author":"gregory ferembach","twitter_card":"summary_large_image","twitter_misc":{"\u00c9crit par":"gregory ferembach"},"schema":{"@context":"https:\/\/schema.org","@graph":[{"@type":"Article","@id":"https:\/\/www.ferembach.com\/cestquilescreas\/creatif\/les-agences-de-publicite-paris\/#article","isPartOf":{"@id":"https:\/\/www.ferembach.com\/cestquilescreas\/creatif\/les-agences-de-publicite-paris\/"},"author":{"name":"gregory ferembach","@id":"https:\/\/www.ferembach.com\/cestquilescreas\/#\/schema\/person\/228b651374249a02f20a1921f0e2516b"},"headline":"Les agences de Publicit\u00e9 \/ Paris","datePublished":"2017-10-02T21:51:43+00:00","dateModified":"2017-10-03T09:10:37+00:00","mainEntityOfPage":{"@id":"https:\/\/www.ferembach.com\/cestquilescreas\/creatif\/les-agences-de-publicite-paris\/"},"wordCount":70,"commentCount":0,"publisher":{"@id":"https:\/\/www.ferembach.com\/cestquilescreas\/#organization"},"image":{"@id":"https:\/\/www.ferembach.com\/cestquilescreas\/creatif\/les-agences-de-publicite-paris\/#primaryimage"},"thumbnailUrl":"https:\/\/www.ferembach.com\/cestquilescreas\/wp-content\/uploads\/2017\/10\/Capture-d\u2019e\u0301cran-2017-10-02-a\u0300-23.40.41-e1527718899635.png","articleSection":[".cr\u00e9atif"],"inLanguage":"fr-FR"},{"@type":"WebPage","@id":"https:\/\/www.ferembach.com\/cestquilescreas\/creatif\/les-agences-de-publicite-paris\/","url":"https:\/\/www.ferembach.com\/cestquilescreas\/creatif\/les-agences-de-publicite-paris\/","name":"Les agences de Publicit\u00e9 \/ Paris &#8226; C&#039;est qui les Cr\u00e9as ?","isPartOf":{"@id":"https:\/\/www.ferembach.com\/cestquilescreas\/#website"},"primaryImageOfPage":{"@id":"https:\/\/www.ferembach.com\/cestquilescreas\/creatif\/les-agences-de-publicite-paris\/#primaryimage"},"image":{"@id":"https:\/\/www.ferembach.com\/cestquilescreas\/creatif\/les-agences-de-publicite-paris\/#primaryimage"},"thumbnailUrl":"https:\/\/www.ferembach.com\/cestquilescreas\/wp-content\/uploads\/2017\/10\/Capture-d\u2019e\u0301cran-2017-10-02-a\u0300-23.40.41-e1527718899635.png","datePublished":"2017-10-02T21:51:43+00:00","dateModified":"2017-10-03T09:10:37+00:00","breadcrumb":{"@id":"https:\/\/www.ferembach.com\/cestquilescreas\/creatif\/les-agences-de-publicite-paris\/#breadcrumb"},"inLanguage":"fr-FR","potentialAction":[{"@type":"ReadAction","target":["https:\/\/www.ferembach.com\/cestquilescreas\/creatif\/les-agences-de-publicite-paris\/"]}]},{"@type":"ImageObject","inLanguage":"fr-FR","@id":"https:\/\/www.ferembach.com\/cestquilescreas\/creatif\/les-agences-de-publicite-paris\/#primaryimage","url":"https:\/\/www.ferembach.com\/cestquilescreas\/wp-content\/uploads\/2017\/10\/Capture-d\u2019e\u0301cran-2017-10-02-a\u0300-23.40.41-e1527718899635.png","contentUrl":"https:\/\/www.ferembach.com\/cestquilescreas\/wp-content\/uploads\/2017\/10\/Capture-d\u2019e\u0301cran-2017-10-02-a\u0300-23.40.41-e1527718899635.png","width":777,"height":777},{"@type":"BreadcrumbList","@id":"https:\/\/www.ferembach.com\/cestquilescreas\/creatif\/les-agences-de-publicite-paris\/#breadcrumb","itemListElement":[{"@type":"ListItem","position":1,"name":"Accueil","item":"https:\/\/www.ferembach.com\/cestquilescreas\/"},{"@type":"ListItem","position":2,"name":"Les agences de Publicit\u00e9 \/ Paris"}]},{"@type":"WebSite","@id":"https:\/\/www.ferembach.com\/cestquilescreas\/#website","url":"https:\/\/www.ferembach.com\/cestquilescreas\/","name":"C'est qui les Cr\u00e9as ?","description":"D\u00e9couvrez les cr\u00e9atifs, leurs parcours et leurs (en)vies...","publisher":{"@id":"https:\/\/www.ferembach.com\/cestquilescreas\/#organization"},"potentialAction":[{"@type":"SearchAction","target":{"@type":"EntryPoint","urlTemplate":"https:\/\/www.ferembach.com\/cestquilescreas\/?s={search_term_string}"},"query-input":{"@type":"PropertyValueSpecification","valueRequired":true,"valueName":"search_term_string"}}],"inLanguage":"fr-FR"},{"@type":"Organization","@id":"https:\/\/www.ferembach.com\/cestquilescreas\/#organization","name":"C'est qui les Cr\u00e9as ?","url":"https:\/\/www.ferembach.com\/cestquilescreas\/","logo":{"@type":"ImageObject","inLanguage":"fr-FR","@id":"https:\/\/www.ferembach.com\/cestquilescreas\/#\/schema\/logo\/image\/","url":"https:\/\/www.ferembach.com\/cestquilescreas\/wp-content\/uploads\/2020\/02\/logo-cqlc-1024x368-3.png","contentUrl":"https:\/\/www.ferembach.com\/cestquilescreas\/wp-content\/uploads\/2020\/02\/logo-cqlc-1024x368-3.png","width":1024,"height":368,"caption":"C'est qui les Cr\u00e9as ?"},"image":{"@id":"https:\/\/www.ferembach.com\/cestquilescreas\/#\/schema\/logo\/image\/"},"sameAs":["https:\/\/www.facebook.com\/CestquilesCreas\/"]},{"@type":"Person","@id":"https:\/\/www.ferembach.com\/cestquilescreas\/#\/schema\/person\/228b651374249a02f20a1921f0e2516b","name":"gregory ferembach","image":{"@type":"ImageObject","inLanguage":"fr-FR","@id":"https:\/\/secure.gravatar.com\/avatar\/605c4bda0e1d2a91637e7bb2eb4af75b09419585355d212ee36e067ca646749c?s=96&d=mm&r=g","url":"https:\/\/secure.gravatar.com\/avatar\/605c4bda0e1d2a91637e7bb2eb4af75b09419585355d212ee36e067ca646749c?s=96&d=mm&r=g","contentUrl":"https:\/\/secure.gravatar.com\/avatar\/605c4bda0e1d2a91637e7bb2eb4af75b09419585355d212ee36e067ca646749c?s=96&d=mm&r=g","caption":"gregory ferembach"}}]}},"uagb_featured_image_src":{"full":["https:\/\/www.ferembach.com\/cestquilescreas\/wp-content\/uploads\/2017\/10\/Capture-d\u2019e\u0301cran-2017-10-02-a\u0300-23.40.41-e1527718899635.png",777,777,false],"thumbnail":["https:\/\/www.ferembach.com\/cestquilescreas\/wp-content\/uploads\/2017\/10\/Capture-d\u2019e\u0301cran-2017-10-02-a\u0300-23.40.41-290x290.png",120,120,true],"medium":["https:\/\/www.ferembach.com\/cestquilescreas\/wp-content\/uploads\/2017\/10\/Capture-d\u2019e\u0301cran-2017-10-02-a\u0300-23.40.41-600x600.png",60,60,true],"medium_large":["https:\/\/www.ferembach.com\/cestquilescreas\/wp-content\/uploads\/2017\/10\/Capture-d\u2019e\u0301cran-2017-10-02-a\u0300-23.40.41-768x768.png",768,768,true],"large":["https:\/\/www.ferembach.com\/cestquilescreas\/wp-content\/uploads\/2017\/10\/Capture-d\u2019e\u0301cran-2017-10-02-a\u0300-23.40.41-1024x1024.png",1024,1024,true],"1536x1536":["https:\/\/www.ferembach.com\/cestquilescreas\/wp-content\/uploads\/2017\/10\/Capture-d\u2019e\u0301cran-2017-10-02-a\u0300-23.40.41-e1527718899635.png",777,777,false],"2048x2048":["https:\/\/www.ferembach.com\/cestquilescreas\/wp-content\/uploads\/2017\/10\/Capture-d\u2019e\u0301cran-2017-10-02-a\u0300-23.40.41-e1527718899635.png",777,777,false],"et-pb-post-main-image":["https:\/\/www.ferembach.com\/cestquilescreas\/wp-content\/uploads\/2017\/10\/Capture-d\u2019e\u0301cran-2017-10-02-a\u0300-23.40.41-e1527718899635.png",250,250,false],"et-pb-post-main-image-fullwidth":["https:\/\/www.ferembach.com\/cestquilescreas\/wp-content\/uploads\/2017\/10\/Capture-d\u2019e\u0301cran-2017-10-02-a\u0300-23.40.41-e1527718899635.png",675,675,false],"et-pb-portfolio-image":["https:\/\/www.ferembach.com\/cestquilescreas\/wp-content\/uploads\/2017\/10\/Capture-d\u2019e\u0301cran-2017-10-02-a\u0300-23.40.41-e1527718899635.png",284,284,false],"et-pb-portfolio-module-image":["https:\/\/www.ferembach.com\/cestquilescreas\/wp-content\/uploads\/2017\/10\/Capture-d\u2019e\u0301cran-2017-10-02-a\u0300-23.40.41-e1527718899635.png",382,382,false],"et-pb-portfolio-image-single":["https:\/\/www.ferembach.com\/cestquilescreas\/wp-content\/uploads\/2017\/10\/Capture-d\u2019e\u0301cran-2017-10-02-a\u0300-23.40.41-e1527718899635.png",777,777,false],"et-pb-gallery-module-image-portrait":["https:\/\/www.ferembach.com\/cestquilescreas\/wp-content\/uploads\/2017\/10\/Capture-d\u2019e\u0301cran-2017-10-02-a\u0300-23.40.41-e1527718899635.png",400,400,false],"et-pb-post-main-image-fullwidth-large":["https:\/\/www.ferembach.com\/cestquilescreas\/wp-content\/uploads\/2017\/10\/Capture-d\u2019e\u0301cran-2017-10-02-a\u0300-23.40.41-e1527718899635.png",777,777,false],"et-pb-image--responsive--desktop":["https:\/\/www.ferembach.com\/cestquilescreas\/wp-content\/uploads\/2017\/10\/Capture-d\u2019e\u0301cran-2017-10-02-a\u0300-23.40.41-e1527718899635.png",720,720,false],"et-pb-image--responsive--tablet":["https:\/\/www.ferembach.com\/cestquilescreas\/wp-content\/uploads\/2017\/10\/Capture-d\u2019e\u0301cran-2017-10-02-a\u0300-23.40.41-e1527718899635.png",551,551,false],"et-pb-image--responsive--phone":["https:\/\/www.ferembach.com\/cestquilescreas\/wp-content\/uploads\/2017\/10\/Capture-d\u2019e\u0301cran-2017-10-02-a\u0300-23.40.41-e1527718899635.png",270,270,false]},"uagb_author_info":{"display_name":"gregory ferembach","author_link":"https:\/\/www.ferembach.com\/cestquilescreas\/author\/gregoryferembach\/"},"uagb_comment_info":0,"uagb_excerpt":"Voici une carte situant la plupart des agences de &lsquo;publicit\u00e9&rsquo;, Coucou la Rive Gauche \ud83d\ude42 La liste n&rsquo;est pas exhaustive, n&rsquo;h\u00e9sitez pas \u00e0 commenter en bas pour apporter plus d&rsquo;informations. En cliquant sur les pictos bleu vous aurez acc\u00e8s aux noms des directeurs de cr\u00e9ation. (Cette carte a \u00e9t\u00e9 cr\u00e9\u00e9e dans le cadre d&rsquo;un workshop\u00a0\u2026","_links":{"self":[{"href":"https:\/\/www.ferembach.com\/cestquilescreas\/wp-json\/wp\/v2\/posts\/4115","targetHints":{"allow":["GET"]}}],"collection":[{"href":"https:\/\/www.ferembach.com\/cestquilescreas\/wp-json\/wp\/v2\/posts"}],"about":[{"href":"https:\/\/www.ferembach.com\/cestquilescreas\/wp-json\/wp\/v2\/types\/post"}],"author":[{"embeddable":true,"href":"https:\/\/www.ferembach.com\/cestquilescreas\/wp-json\/wp\/v2\/users\/4"}],"replies":[{"embeddable":true,"href":"https:\/\/www.ferembach.com\/cestquilescreas\/wp-json\/wp\/v2\/comments?post=4115"}],"version-history":[{"count":0,"href":"https:\/\/www.ferembach.com\/cestquilescreas\/wp-json\/wp\/v2\/posts\/4115\/revisions"}],"wp:featuredmedia":[{"embeddable":true,"href":"https:\/\/www.ferembach.com\/cestquilescreas\/wp-json\/wp\/v2\/media\/4116"}],"wp:attachment":[{"href":"https:\/\/www.ferembach.com\/cestquilescreas\/wp-json\/wp\/v2\/media?parent=4115"}],"wp:term":[{"taxonomy":"category","embeddable":true,"href":"https:\/\/www.ferembach.com\/cestquilescreas\/wp-json\/wp\/v2\/categories?post=4115"},{"taxonomy":"post_tag","embeddable":true,"href":"https:\/\/www.ferembach.com\/cestquilescreas\/wp-json\/wp\/v2\/tags?post=4115"}],"curies":[{"name":"wp","href":"https:\/\/api.w.org\/{rel}","templated":true}]}}