{"id":4158,"date":"2017-10-23T22:30:28","date_gmt":"2017-10-23T20:30:28","guid":{"rendered":"http:\/\/www.ferembach.com\/cestquilescreas\/?p=4158"},"modified":"2018-03-17T19:15:28","modified_gmt":"2018-03-17T17:15:28","slug":"effectif-2017","status":"publish","type":"post","link":"https:\/\/www.ferembach.com\/cestquilescreas\/agences\/effectif-2017\/","title":{"rendered":"Les agences de publicit\u00e9 en 2017"},"content":{"rendered":"<p>Afin se rendre compte du poids des agences et de leur r\u00e9seau voici une s\u00e9lection non-exhaustive d&rsquo;agences parisiennes de + de 30 salari\u00e9s en France en octobre 2017.<br \/>\n<a href=\"http:\/\/www.ferembach.com\/cestquilescreas\/wp-content\/uploads\/2017\/10\/agence-effectif-2017-5.png\" target=\"_blank\" rel=\"noopener\"><span style=\"color: #808080;\">(Cliquez sur l&rsquo;affiche pour l&rsquo;agrandir)<\/span><\/a><\/p>\n<p><img decoding=\"async\" src=\"http:\/\/www.ferembach.com\/cestquilescreas\/wp-content\/uploads\/2017\/10\/agence-effectif-2017-5.png\" \/><\/p>\n<p>&nbsp;<\/p>\n","protected":false},"excerpt":{"rendered":"<p>Afin se rendre compte du poids des agences et de leur r\u00e9seau voici une s\u00e9lection non-exhaustive d&rsquo;agences parisiennes de + de 30 salari\u00e9s en France en octobre 2017.   <\/p>\n","protected":false},"author":4,"featured_media":4202,"comment_status":"closed","ping_status":"closed","sticky":false,"template":"","format":"standard","meta":{"_et_pb_use_builder":"","_et_pb_old_content":"","_et_gb_content_width":"","_uag_custom_page_level_css":"","footnotes":""},"categories":[64],"tags":[],"class_list":["post-4158","post","type-post","status-publish","format-standard","has-post-thumbnail","hentry","category-agences"],"yoast_head":"<!-- This site is optimized with the Yoast SEO plugin v27.5 - https:\/\/yoast.com\/product\/yoast-seo-wordpress\/ -->\n<title>Les agences de publicit\u00e9 en 2017 &#8226; C&#039;est qui les Cr\u00e9as ?<\/title>\n<meta name=\"robots\" content=\"index, follow, max-snippet:-1, max-image-preview:large, max-video-preview:-1\" \/>\n<link rel=\"canonical\" href=\"https:\/\/www.ferembach.com\/cestquilescreas\/agences\/effectif-2017\/\" \/>\n<meta property=\"og:locale\" content=\"fr_FR\" \/>\n<meta property=\"og:type\" content=\"article\" \/>\n<meta property=\"og:title\" content=\"Les agences de publicit\u00e9 en 2017 &#8226; C&#039;est qui les Cr\u00e9as ?\" \/>\n<meta property=\"og:description\" content=\"Afin se rendre compte du poids des agences et de leur r\u00e9seau voici une s\u00e9lection non-exhaustive d&#039;agences parisiennes de + de 30 salari\u00e9s en France en octobre 2017.\" \/>\n<meta property=\"og:url\" content=\"https:\/\/www.ferembach.com\/cestquilescreas\/agences\/effectif-2017\/\" \/>\n<meta property=\"og:site_name\" content=\"C&#039;est qui les Cr\u00e9as ?\" \/>\n<meta property=\"article:publisher\" content=\"https:\/\/www.facebook.com\/CestquilesCreas\/\" \/>\n<meta property=\"article:published_time\" content=\"2017-10-23T20:30:28+00:00\" \/>\n<meta property=\"article:modified_time\" content=\"2018-03-17T17:15:28+00:00\" \/>\n<meta property=\"og:image\" content=\"https:\/\/www.ferembach.com\/cestquilescreas\/wp-content\/uploads\/2017\/10\/agence-effectif-2017-5.png\" \/>\n\t<meta property=\"og:image:width\" content=\"2000\" \/>\n\t<meta property=\"og:image:height\" content=\"2617\" \/>\n\t<meta property=\"og:image:type\" content=\"image\/png\" \/>\n<meta name=\"author\" content=\"gregory ferembach\" \/>\n<meta name=\"twitter:card\" content=\"summary_large_image\" \/>\n<meta name=\"twitter:label1\" content=\"\u00c9crit par\" \/>\n\t<meta name=\"twitter:data1\" content=\"gregory ferembach\" \/>\n<script type=\"application\/ld+json\" class=\"yoast-schema-graph\">{\"@context\":\"https:\\\/\\\/schema.org\",\"@graph\":[{\"@type\":\"Article\",\"@id\":\"https:\\\/\\\/www.ferembach.com\\\/cestquilescreas\\\/agences\\\/effectif-2017\\\/#article\",\"isPartOf\":{\"@id\":\"https:\\\/\\\/www.ferembach.com\\\/cestquilescreas\\\/agences\\\/effectif-2017\\\/\"},\"author\":{\"name\":\"gregory ferembach\",\"@id\":\"https:\\\/\\\/www.ferembach.com\\\/cestquilescreas\\\/#\\\/schema\\\/person\\\/228b651374249a02f20a1921f0e2516b\"},\"headline\":\"Les agences de publicit\u00e9 en 2017\",\"datePublished\":\"2017-10-23T20:30:28+00:00\",\"dateModified\":\"2018-03-17T17:15:28+00:00\",\"mainEntityOfPage\":{\"@id\":\"https:\\\/\\\/www.ferembach.com\\\/cestquilescreas\\\/agences\\\/effectif-2017\\\/\"},\"wordCount\":39,\"publisher\":{\"@id\":\"https:\\\/\\\/www.ferembach.com\\\/cestquilescreas\\\/#organization\"},\"image\":{\"@id\":\"https:\\\/\\\/www.ferembach.com\\\/cestquilescreas\\\/agences\\\/effectif-2017\\\/#primaryimage\"},\"thumbnailUrl\":\"https:\\\/\\\/www.ferembach.com\\\/cestquilescreas\\\/wp-content\\\/uploads\\\/2017\\\/10\\\/agence-effectif-2017-5.png\",\"articleSection\":[\"Agences\"],\"inLanguage\":\"fr-FR\"},{\"@type\":\"WebPage\",\"@id\":\"https:\\\/\\\/www.ferembach.com\\\/cestquilescreas\\\/agences\\\/effectif-2017\\\/\",\"url\":\"https:\\\/\\\/www.ferembach.com\\\/cestquilescreas\\\/agences\\\/effectif-2017\\\/\",\"name\":\"Les agences de publicit\u00e9 en 2017 &#8226; C&#039;est qui les Cr\u00e9as ?\",\"isPartOf\":{\"@id\":\"https:\\\/\\\/www.ferembach.com\\\/cestquilescreas\\\/#website\"},\"primaryImageOfPage\":{\"@id\":\"https:\\\/\\\/www.ferembach.com\\\/cestquilescreas\\\/agences\\\/effectif-2017\\\/#primaryimage\"},\"image\":{\"@id\":\"https:\\\/\\\/www.ferembach.com\\\/cestquilescreas\\\/agences\\\/effectif-2017\\\/#primaryimage\"},\"thumbnailUrl\":\"https:\\\/\\\/www.ferembach.com\\\/cestquilescreas\\\/wp-content\\\/uploads\\\/2017\\\/10\\\/agence-effectif-2017-5.png\",\"datePublished\":\"2017-10-23T20:30:28+00:00\",\"dateModified\":\"2018-03-17T17:15:28+00:00\",\"breadcrumb\":{\"@id\":\"https:\\\/\\\/www.ferembach.com\\\/cestquilescreas\\\/agences\\\/effectif-2017\\\/#breadcrumb\"},\"inLanguage\":\"fr-FR\",\"potentialAction\":[{\"@type\":\"ReadAction\",\"target\":[\"https:\\\/\\\/www.ferembach.com\\\/cestquilescreas\\\/agences\\\/effectif-2017\\\/\"]}]},{\"@type\":\"ImageObject\",\"inLanguage\":\"fr-FR\",\"@id\":\"https:\\\/\\\/www.ferembach.com\\\/cestquilescreas\\\/agences\\\/effectif-2017\\\/#primaryimage\",\"url\":\"https:\\\/\\\/www.ferembach.com\\\/cestquilescreas\\\/wp-content\\\/uploads\\\/2017\\\/10\\\/agence-effectif-2017-5.png\",\"contentUrl\":\"https:\\\/\\\/www.ferembach.com\\\/cestquilescreas\\\/wp-content\\\/uploads\\\/2017\\\/10\\\/agence-effectif-2017-5.png\",\"width\":2000,\"height\":2617},{\"@type\":\"BreadcrumbList\",\"@id\":\"https:\\\/\\\/www.ferembach.com\\\/cestquilescreas\\\/agences\\\/effectif-2017\\\/#breadcrumb\",\"itemListElement\":[{\"@type\":\"ListItem\",\"position\":1,\"name\":\"Accueil\",\"item\":\"https:\\\/\\\/www.ferembach.com\\\/cestquilescreas\\\/\"},{\"@type\":\"ListItem\",\"position\":2,\"name\":\"Les agences de publicit\u00e9 en 2017\"}]},{\"@type\":\"WebSite\",\"@id\":\"https:\\\/\\\/www.ferembach.com\\\/cestquilescreas\\\/#website\",\"url\":\"https:\\\/\\\/www.ferembach.com\\\/cestquilescreas\\\/\",\"name\":\"C'est qui les Cr\u00e9as ?\",\"description\":\"D\u00e9couvrez les cr\u00e9atifs, leurs parcours et leurs (en)vies...\",\"publisher\":{\"@id\":\"https:\\\/\\\/www.ferembach.com\\\/cestquilescreas\\\/#organization\"},\"potentialAction\":[{\"@type\":\"SearchAction\",\"target\":{\"@type\":\"EntryPoint\",\"urlTemplate\":\"https:\\\/\\\/www.ferembach.com\\\/cestquilescreas\\\/?s={search_term_string}\"},\"query-input\":{\"@type\":\"PropertyValueSpecification\",\"valueRequired\":true,\"valueName\":\"search_term_string\"}}],\"inLanguage\":\"fr-FR\"},{\"@type\":\"Organization\",\"@id\":\"https:\\\/\\\/www.ferembach.com\\\/cestquilescreas\\\/#organization\",\"name\":\"C'est qui les Cr\u00e9as ?\",\"url\":\"https:\\\/\\\/www.ferembach.com\\\/cestquilescreas\\\/\",\"logo\":{\"@type\":\"ImageObject\",\"inLanguage\":\"fr-FR\",\"@id\":\"https:\\\/\\\/www.ferembach.com\\\/cestquilescreas\\\/#\\\/schema\\\/logo\\\/image\\\/\",\"url\":\"https:\\\/\\\/www.ferembach.com\\\/cestquilescreas\\\/wp-content\\\/uploads\\\/2020\\\/02\\\/logo-cqlc-1024x368-3.png\",\"contentUrl\":\"https:\\\/\\\/www.ferembach.com\\\/cestquilescreas\\\/wp-content\\\/uploads\\\/2020\\\/02\\\/logo-cqlc-1024x368-3.png\",\"width\":1024,\"height\":368,\"caption\":\"C'est qui les Cr\u00e9as ?\"},\"image\":{\"@id\":\"https:\\\/\\\/www.ferembach.com\\\/cestquilescreas\\\/#\\\/schema\\\/logo\\\/image\\\/\"},\"sameAs\":[\"https:\\\/\\\/www.facebook.com\\\/CestquilesCreas\\\/\"]},{\"@type\":\"Person\",\"@id\":\"https:\\\/\\\/www.ferembach.com\\\/cestquilescreas\\\/#\\\/schema\\\/person\\\/228b651374249a02f20a1921f0e2516b\",\"name\":\"gregory ferembach\",\"image\":{\"@type\":\"ImageObject\",\"inLanguage\":\"fr-FR\",\"@id\":\"https:\\\/\\\/secure.gravatar.com\\\/avatar\\\/605c4bda0e1d2a91637e7bb2eb4af75b09419585355d212ee36e067ca646749c?s=96&d=mm&r=g\",\"url\":\"https:\\\/\\\/secure.gravatar.com\\\/avatar\\\/605c4bda0e1d2a91637e7bb2eb4af75b09419585355d212ee36e067ca646749c?s=96&d=mm&r=g\",\"contentUrl\":\"https:\\\/\\\/secure.gravatar.com\\\/avatar\\\/605c4bda0e1d2a91637e7bb2eb4af75b09419585355d212ee36e067ca646749c?s=96&d=mm&r=g\",\"caption\":\"gregory ferembach\"}}]}<\/script>\n<!-- \/ Yoast SEO plugin. -->","yoast_head_json":{"title":"Les agences de publicit\u00e9 en 2017 &#8226; C&#039;est qui les Cr\u00e9as ?","robots":{"index":"index","follow":"follow","max-snippet":"max-snippet:-1","max-image-preview":"max-image-preview:large","max-video-preview":"max-video-preview:-1"},"canonical":"https:\/\/www.ferembach.com\/cestquilescreas\/agences\/effectif-2017\/","og_locale":"fr_FR","og_type":"article","og_title":"Les agences de publicit\u00e9 en 2017 &#8226; C&#039;est qui les Cr\u00e9as ?","og_description":"Afin se rendre compte du poids des agences et de leur r\u00e9seau voici une s\u00e9lection non-exhaustive d'agences parisiennes de + de 30 salari\u00e9s en France en octobre 2017.","og_url":"https:\/\/www.ferembach.com\/cestquilescreas\/agences\/effectif-2017\/","og_site_name":"C&#039;est qui les Cr\u00e9as ?","article_publisher":"https:\/\/www.facebook.com\/CestquilesCreas\/","article_published_time":"2017-10-23T20:30:28+00:00","article_modified_time":"2018-03-17T17:15:28+00:00","og_image":[{"width":2000,"height":2617,"url":"https:\/\/www.ferembach.com\/cestquilescreas\/wp-content\/uploads\/2017\/10\/agence-effectif-2017-5.png","type":"image\/png"}],"author":"gregory ferembach","twitter_card":"summary_large_image","twitter_misc":{"\u00c9crit par":"gregory ferembach"},"schema":{"@context":"https:\/\/schema.org","@graph":[{"@type":"Article","@id":"https:\/\/www.ferembach.com\/cestquilescreas\/agences\/effectif-2017\/#article","isPartOf":{"@id":"https:\/\/www.ferembach.com\/cestquilescreas\/agences\/effectif-2017\/"},"author":{"name":"gregory ferembach","@id":"https:\/\/www.ferembach.com\/cestquilescreas\/#\/schema\/person\/228b651374249a02f20a1921f0e2516b"},"headline":"Les agences de publicit\u00e9 en 2017","datePublished":"2017-10-23T20:30:28+00:00","dateModified":"2018-03-17T17:15:28+00:00","mainEntityOfPage":{"@id":"https:\/\/www.ferembach.com\/cestquilescreas\/agences\/effectif-2017\/"},"wordCount":39,"publisher":{"@id":"https:\/\/www.ferembach.com\/cestquilescreas\/#organization"},"image":{"@id":"https:\/\/www.ferembach.com\/cestquilescreas\/agences\/effectif-2017\/#primaryimage"},"thumbnailUrl":"https:\/\/www.ferembach.com\/cestquilescreas\/wp-content\/uploads\/2017\/10\/agence-effectif-2017-5.png","articleSection":["Agences"],"inLanguage":"fr-FR"},{"@type":"WebPage","@id":"https:\/\/www.ferembach.com\/cestquilescreas\/agences\/effectif-2017\/","url":"https:\/\/www.ferembach.com\/cestquilescreas\/agences\/effectif-2017\/","name":"Les agences de publicit\u00e9 en 2017 &#8226; C&#039;est qui les Cr\u00e9as ?","isPartOf":{"@id":"https:\/\/www.ferembach.com\/cestquilescreas\/#website"},"primaryImageOfPage":{"@id":"https:\/\/www.ferembach.com\/cestquilescreas\/agences\/effectif-2017\/#primaryimage"},"image":{"@id":"https:\/\/www.ferembach.com\/cestquilescreas\/agences\/effectif-2017\/#primaryimage"},"thumbnailUrl":"https:\/\/www.ferembach.com\/cestquilescreas\/wp-content\/uploads\/2017\/10\/agence-effectif-2017-5.png","datePublished":"2017-10-23T20:30:28+00:00","dateModified":"2018-03-17T17:15:28+00:00","breadcrumb":{"@id":"https:\/\/www.ferembach.com\/cestquilescreas\/agences\/effectif-2017\/#breadcrumb"},"inLanguage":"fr-FR","potentialAction":[{"@type":"ReadAction","target":["https:\/\/www.ferembach.com\/cestquilescreas\/agences\/effectif-2017\/"]}]},{"@type":"ImageObject","inLanguage":"fr-FR","@id":"https:\/\/www.ferembach.com\/cestquilescreas\/agences\/effectif-2017\/#primaryimage","url":"https:\/\/www.ferembach.com\/cestquilescreas\/wp-content\/uploads\/2017\/10\/agence-effectif-2017-5.png","contentUrl":"https:\/\/www.ferembach.com\/cestquilescreas\/wp-content\/uploads\/2017\/10\/agence-effectif-2017-5.png","width":2000,"height":2617},{"@type":"BreadcrumbList","@id":"https:\/\/www.ferembach.com\/cestquilescreas\/agences\/effectif-2017\/#breadcrumb","itemListElement":[{"@type":"ListItem","position":1,"name":"Accueil","item":"https:\/\/www.ferembach.com\/cestquilescreas\/"},{"@type":"ListItem","position":2,"name":"Les agences de publicit\u00e9 en 2017"}]},{"@type":"WebSite","@id":"https:\/\/www.ferembach.com\/cestquilescreas\/#website","url":"https:\/\/www.ferembach.com\/cestquilescreas\/","name":"C'est qui les Cr\u00e9as ?","description":"D\u00e9couvrez les cr\u00e9atifs, leurs parcours et leurs (en)vies...","publisher":{"@id":"https:\/\/www.ferembach.com\/cestquilescreas\/#organization"},"potentialAction":[{"@type":"SearchAction","target":{"@type":"EntryPoint","urlTemplate":"https:\/\/www.ferembach.com\/cestquilescreas\/?s={search_term_string}"},"query-input":{"@type":"PropertyValueSpecification","valueRequired":true,"valueName":"search_term_string"}}],"inLanguage":"fr-FR"},{"@type":"Organization","@id":"https:\/\/www.ferembach.com\/cestquilescreas\/#organization","name":"C'est qui les Cr\u00e9as ?","url":"https:\/\/www.ferembach.com\/cestquilescreas\/","logo":{"@type":"ImageObject","inLanguage":"fr-FR","@id":"https:\/\/www.ferembach.com\/cestquilescreas\/#\/schema\/logo\/image\/","url":"https:\/\/www.ferembach.com\/cestquilescreas\/wp-content\/uploads\/2020\/02\/logo-cqlc-1024x368-3.png","contentUrl":"https:\/\/www.ferembach.com\/cestquilescreas\/wp-content\/uploads\/2020\/02\/logo-cqlc-1024x368-3.png","width":1024,"height":368,"caption":"C'est qui les Cr\u00e9as ?"},"image":{"@id":"https:\/\/www.ferembach.com\/cestquilescreas\/#\/schema\/logo\/image\/"},"sameAs":["https:\/\/www.facebook.com\/CestquilesCreas\/"]},{"@type":"Person","@id":"https:\/\/www.ferembach.com\/cestquilescreas\/#\/schema\/person\/228b651374249a02f20a1921f0e2516b","name":"gregory ferembach","image":{"@type":"ImageObject","inLanguage":"fr-FR","@id":"https:\/\/secure.gravatar.com\/avatar\/605c4bda0e1d2a91637e7bb2eb4af75b09419585355d212ee36e067ca646749c?s=96&d=mm&r=g","url":"https:\/\/secure.gravatar.com\/avatar\/605c4bda0e1d2a91637e7bb2eb4af75b09419585355d212ee36e067ca646749c?s=96&d=mm&r=g","contentUrl":"https:\/\/secure.gravatar.com\/avatar\/605c4bda0e1d2a91637e7bb2eb4af75b09419585355d212ee36e067ca646749c?s=96&d=mm&r=g","caption":"gregory ferembach"}}]}},"uagb_featured_image_src":{"full":["https:\/\/www.ferembach.com\/cestquilescreas\/wp-content\/uploads\/2017\/10\/agence-effectif-2017-5.png",2000,2617,false],"thumbnail":["https:\/\/www.ferembach.com\/cestquilescreas\/wp-content\/uploads\/2017\/10\/agence-effectif-2017-5-290x290.png",120,120,true],"medium":["https:\/\/www.ferembach.com\/cestquilescreas\/wp-content\/uploads\/2017\/10\/agence-effectif-2017-5-459x600.png",46,60,true],"medium_large":["https:\/\/www.ferembach.com\/cestquilescreas\/wp-content\/uploads\/2017\/10\/agence-effectif-2017-5-768x1005.png",768,1005,true],"large":["https:\/\/www.ferembach.com\/cestquilescreas\/wp-content\/uploads\/2017\/10\/agence-effectif-2017-5-783x1024.png",783,1024,true],"1536x1536":["https:\/\/www.ferembach.com\/cestquilescreas\/wp-content\/uploads\/2017\/10\/agence-effectif-2017-5.png",1174,1536,false],"2048x2048":["https:\/\/www.ferembach.com\/cestquilescreas\/wp-content\/uploads\/2017\/10\/agence-effectif-2017-5.png",1565,2048,false],"et-pb-post-main-image":["https:\/\/www.ferembach.com\/cestquilescreas\/wp-content\/uploads\/2017\/10\/agence-effectif-2017-5.png",191,250,false],"et-pb-post-main-image-fullwidth":["https:\/\/www.ferembach.com\/cestquilescreas\/wp-content\/uploads\/2017\/10\/agence-effectif-2017-5.png",516,675,false],"et-pb-portfolio-image":["https:\/\/www.ferembach.com\/cestquilescreas\/wp-content\/uploads\/2017\/10\/agence-effectif-2017-5.png",217,284,false],"et-pb-portfolio-module-image":["https:\/\/www.ferembach.com\/cestquilescreas\/wp-content\/uploads\/2017\/10\/agence-effectif-2017-5.png",292,382,false],"et-pb-portfolio-image-single":["https:\/\/www.ferembach.com\/cestquilescreas\/wp-content\/uploads\/2017\/10\/agence-effectif-2017-5.png",1080,1413,false],"et-pb-gallery-module-image-portrait":["https:\/\/www.ferembach.com\/cestquilescreas\/wp-content\/uploads\/2017\/10\/agence-effectif-2017-5.png",394,516,false],"et-pb-post-main-image-fullwidth-large":["https:\/\/www.ferembach.com\/cestquilescreas\/wp-content\/uploads\/2017\/10\/agence-effectif-2017-5.png",1376,1800,false],"et-pb-image--responsive--desktop":["https:\/\/www.ferembach.com\/cestquilescreas\/wp-content\/uploads\/2017\/10\/agence-effectif-2017-5.png",550,720,false],"et-pb-image--responsive--tablet":["https:\/\/www.ferembach.com\/cestquilescreas\/wp-content\/uploads\/2017\/10\/agence-effectif-2017-5.png",421,551,false],"et-pb-image--responsive--phone":["https:\/\/www.ferembach.com\/cestquilescreas\/wp-content\/uploads\/2017\/10\/agence-effectif-2017-5.png",206,270,false]},"uagb_author_info":{"display_name":"gregory ferembach","author_link":"https:\/\/www.ferembach.com\/cestquilescreas\/author\/gregoryferembach\/"},"uagb_comment_info":0,"uagb_excerpt":"Afin se rendre compte du poids des agences et de leur r\u00e9seau voici une s\u00e9lection non-exhaustive d'agences parisiennes de + de 30 salari\u00e9s en France en octobre 2017.","_links":{"self":[{"href":"https:\/\/www.ferembach.com\/cestquilescreas\/wp-json\/wp\/v2\/posts\/4158","targetHints":{"allow":["GET"]}}],"collection":[{"href":"https:\/\/www.ferembach.com\/cestquilescreas\/wp-json\/wp\/v2\/posts"}],"about":[{"href":"https:\/\/www.ferembach.com\/cestquilescreas\/wp-json\/wp\/v2\/types\/post"}],"author":[{"embeddable":true,"href":"https:\/\/www.ferembach.com\/cestquilescreas\/wp-json\/wp\/v2\/users\/4"}],"replies":[{"embeddable":true,"href":"https:\/\/www.ferembach.com\/cestquilescreas\/wp-json\/wp\/v2\/comments?post=4158"}],"version-history":[{"count":0,"href":"https:\/\/www.ferembach.com\/cestquilescreas\/wp-json\/wp\/v2\/posts\/4158\/revisions"}],"wp:featuredmedia":[{"embeddable":true,"href":"https:\/\/www.ferembach.com\/cestquilescreas\/wp-json\/wp\/v2\/media\/4202"}],"wp:attachment":[{"href":"https:\/\/www.ferembach.com\/cestquilescreas\/wp-json\/wp\/v2\/media?parent=4158"}],"wp:term":[{"taxonomy":"category","embeddable":true,"href":"https:\/\/www.ferembach.com\/cestquilescreas\/wp-json\/wp\/v2\/categories?post=4158"},{"taxonomy":"post_tag","embeddable":true,"href":"https:\/\/www.ferembach.com\/cestquilescreas\/wp-json\/wp\/v2\/tags?post=4158"}],"curies":[{"name":"wp","href":"https:\/\/api.w.org\/{rel}","templated":true}]}}