{"id":7333,"date":"2019-01-15T23:51:23","date_gmt":"2019-01-15T21:51:23","guid":{"rendered":"http:\/\/www.ferembach.com\/cestquilescreas\/?p=7333"},"modified":"2019-01-16T09:08:01","modified_gmt":"2019-01-16T07:08:01","slug":"dimitri-lucas-anthony-lietart","status":"publish","type":"post","link":"https:\/\/www.ferembach.com\/cestquilescreas\/team\/dimitri-lucas-anthony-lietart\/","title":{"rendered":"Dimitri Lucas + Anthony Lietart"},"content":{"rendered":"<p>[et_pb_section fb_built=\u00a0\u00bb1&Prime; _builder_version=\u00a0\u00bb3.18.2&Prime;][et_pb_row _builder_version=\u00a0\u00bb3.18.2&Prime;][et_pb_column type=\u00a0\u00bb4_4&Prime; _builder_version=\u00a0\u00bb3.18.2&Prime; parallax=\u00a0\u00bboff\u00a0\u00bb parallax_method=\u00a0\u00bbon\u00a0\u00bb][et_pb_image src=\u00a0\u00bbhttp:\/\/www.ferembach.com\/cestquilescreas\/wp-content\/uploads\/2019\/01\/lucaslietart-1.jpg\u00a0\u00bb _builder_version=\u00a0\u00bb3.18.2&Prime;][\/et_pb_image][et_pb_text _builder_version=\u00a0\u00bb3.18.2&Prime;]<\/p>\n<p><span style=\"color: #00ccff;\"><strong>Bonjour Dimitri &amp; Anthony, vous \u00eates en team chez Altmann + Pacreau&#8230;.= quoi ?<\/strong><\/span><\/p>\n<p><strong>Dimitri :<\/strong> \u00c0 la louche, je dirais 782 ans d\u2019exp\u00e9rience publicitaire. Par contre, il faut dire \u00ab Dimitri + Anthony \u00bb.<br \/> C\u2019est contractuel.<\/p>\n<p><strong>Anthony :<\/strong> = Maison de famille avec tout ce qui va avec&#8230;<\/p>\n<p><strong><span style=\"color: #00ccff;\">Et vous quels ont \u00e9t\u00e9 vos parcours scolaires\/pros ?<\/span><\/strong><\/p>\n<p><strong>Dimitri :<\/strong> Principalement des classes en B : 6e B, 5e B, 4e B, \u2026<\/p>\n<p>Puis des \u00e9tudes de Lettres.<br \/> L\u2019envie de devenir prof mais une ann\u00e9e pass\u00e9e \u00e0 contester la r\u00e9forme du CAPES au lieu de pr\u00e9parer le concours.<\/p>\n<p>Quelques semaines dans les cuisines d\u2019un resto en se r\u00eavant chef 3 \u00e9toiles mais en chialant de la p\u00e9nibilit\u00e9 des horaires. Quelques mois \u00e0 se demander ce que j\u2019allais bien pouvoir foutre de ma vie.<\/p>\n<p>Et puis le tour des agences avec un doss remplis des bonhommes b\u00e2ton sous le bras. Apr\u00e8s les entretiens, on me disait tout le temps d\u2019aller voir le \u00ab traffic \u00bb pour savoir quand il y aurait de la place en stage. Chez leg., on m\u2019a dit \u00ab Reviens demain matin \u00e0 8 heures. \u00bb. J\u2019ai donc tout appris chez leg. avec Gabriel Gaultier.<\/p>\n<p>Ensuite, j\u2019ai connu Les Gaulois par la force des choses. Mais comme je n\u2019avais pas vraiment choisi ce m\u00e9tier pour travailler dans une tour \u00e0 La D\u00e9fense avec un badge et une cantine d\u2019entreprise, \u00e7a n\u2019a pas dur\u00e9 tr\u00e8s longtemps.<\/p>\n<p>J\u2019ai rejoint Pierrette Diaz \u00e0 la Young.<\/p>\n<p>Et plus tard, Olivier Altmann chez Altmann + Pacreau (A+P).<\/p>\n<p><strong>Anthony :<\/strong> Un bac S \u00e0 Valenciennes, un DUT en com visuelle \u00e0 Lens et un stage \u00e0 la maison de la photographie de Lille, ce qui me donne go\u00fbt \u00e0 la photo.<br \/> Puis je monte \u00ab \u00e0 la capitale \u00bb avec Sup de pub et s\u2019en suit des stages chez MC Saatchi Gad, CLM, et le premier contrat avec Gilles et Jeff \u00e9poque CLM BBDO (Sacco et Fichteberg actuellement DC de Rosapark).<\/p>\n<p><span style=\"color: #00ccff;\"><strong>Depuis combien d\u2019ann\u00e9es travaillez-vous dans le milieu de la publicit\u00e9 ?<\/strong>&gt;<\/span><\/p>\n<p>\u00c0 peu pr\u00e8s 9 ans en 2019.<\/p>\n<p><span style=\"color: #00ccff;\"><strong>et vous bossez sur quels budgets et avec qui ?<\/strong>&gt;<\/span><\/p>\n<p><strong>Anthony :<\/strong> Au d\u00e9but de ma carri\u00e8re, avec Sebastien Duhaud (chez BETC aujourd\u2019hui) on a eu la chance de faire nos armes sur des budgets qui font r\u00eaver beaucoup de cr\u00e9atif dans le monde : The Economist, Eurostar, Mars, Mercedes et Smart qui reste mon budget coup de c\u0153ur. Chez A+P, l\u2019opportunit\u00e9 de travailler pour des grandes causes pour la premi\u00e8re fois et \u00e7a fait du bien au Karma : Croix-Rouge, fondation Abb\u00e9 Pierre&#8230; Puis avec Dimitri on a pris go\u00fbt au new biz \u00e9galement avec le gain de budget structurant pour l\u2019agence comme Lapeyre.<\/p>\n<p><strong>Dimitri :<\/strong> Chez leg. j\u2019ai commenc\u00e9 tout seul puis avec le d\u00e9licieux Matthieu Vivinis (chez BETC aujourd\u2019hui) puis avec toi<a href=\"http:\/\/ferembach.com\/portfolio\/about\/\"><\/a>. (C\u2019est d\u2019ailleurs assez vexant que tu me poses cette question. On a quand m\u00eame boss\u00e9 5 ans ensemble et aujourd\u2019hui tu me parles comme \u00e0 un inconnu. Tu as honte, c\u2019est \u00e7a ? Et bien moi, je n\u2019ai pas honte <a href=\"http:\/\/ferembach.com\/portfolio\/about\/\">Gr\u00e9gory<\/a>. Alors tu peux faire comme s\u2019il ne s\u2019\u00e9tait rien pass\u00e9 entre nous, tirer un trait sur notre histoire mais les souvenirs de ces heures c\u00f4te \u00e0 c\u00f4te dans la moiteur de notre petit bureau, tu ne les effaceras pas de ma m\u00e9moire.)<\/p>\n<p>Et enfin avec Anthony depuis 2016 chez A+P.<\/p>\n<p>Chez leg., on a pas mal boss\u00e9 sur SFR, BforBank, Eurostar et surtout Nike. Pour commencer dans le m\u00e9tier, il y a pire\u2026<\/p>\n<p>\u00c0 la Young : Surfrider, l\u2019Arm\u00e9e du Salut, Volvic.<\/p>\n<p>Et chez A+P : Caisse d\u2019\u00c9pargne, Fondation Abb\u00e9 Pierre, Lapeyre, Croix-Rouge, Stihl, Nikon.<\/p>\n<p><span style=\"color: #00ccff;\"><strong>Peux-tu citer 5 trucs que tu kiffs ? <\/strong>&gt;<\/span><\/p>\n<p><strong>Dimitri :<br \/> <\/strong> &#8211; Ma meuf (qui n\u2019est pas un \u00ab truc \u00bb mais que je kiffe pas mal).<br \/> &#8211; Mes enfants.<br \/> &#8211; Manger.<br \/> &#8211; Finir mon chapitre pile quand je dois sortir du m\u00e9tro.<br \/> &#8211; Tacler un mec pile au moment o\u00f9 il se voyait marquer puis boire la haine dans ses yeux.<\/p>\n<p>J\u2019aime bien aussi la paix, la libert\u00e9 et la tol\u00e9rance mais moins.<\/p>\n<p><strong>Anthony :<\/strong> Les vacances dans mon combi vw sur la c\u00f4te d\u2019Opale avec une session Kitesurf dans 20 n\u0153uds et une bonne frite du nord avec une Karmeliet devant un couch\u00e9 de soleil.<\/p>\n<p><span style=\"color: #00ccff;\"><strong>Vous faites quelque chose en parall\u00e8le de vos m\u00e9tiers, des projets ?<\/strong><\/span><\/p>\n<p><strong>Dimitri :<\/strong> Oui. Comme tous les cr\u00e9atifs. Plein de trucs qui n\u2019aboutissent jamais mais qui me permettent de dire : \u00ab Je suis sur un projet en ce moment. \u00bb<\/p>\n<p>Faut vraiment qu\u2019on arr\u00eate de dire \u00e7a.<\/p>\n<p><strong><span style=\"color: #00ccff;\">C\u2019est quel type de projets ?<\/span> <\/strong><\/p>\n<p>Des projets qui s\u2019\u00e9crivent. Des bouts de roman, des nouvelles, des chroniques, \u2026 Depuis quelques temps, j\u2019essaie les sc\u00e9narios. J\u2019\u00e9cris avec ma meuf qui est tr\u00e8s talentueuse. Elle a fait la FEMIS en \u00e9criture de sc\u00e9nario et elle est aussi r\u00e9alisatrice. D\u2019elle viendra peut-\u00eatre mon salut.<\/p>\n<p><strong>Anthony :<\/strong> Je fais de la photo, m\u00eame si depuis 2 ans j\u2019ai mis cela un peu en pause faute de temps. J\u2019ai commenc\u00e9 au coll\u00e8ge en prenant des clich\u00e9s et vid\u00e9os de mes potes au skatepark communal, puis j\u2019ai test\u00e9 du matos un peu plus pro \u00e0 la fac et je me suis m\u00eame demand\u00e9 si je ne voulais pas \u00eatre photographe \u00e0 cette \u00e9poque. Chez CLM, la n\u00e9cessit\u00e9 de shooter certaines de mes campagnes par manque de budget m\u2019a fait comprendre que j\u2019avais bien fait de ne pas faire carri\u00e8re dans la photo. C\u2019est un m\u00e9tier compliqu\u00e9 de nos jours avec beaucoup de concurrence pour tr\u00e8s peu de prod \u00e0 la clef.<\/p>\n<p>Voici une s\u00e9rie que j\u2019ai faite sur les sneakers :<\/p>\n<p>[\/et_pb_text][et_pb_image src=\u00a0\u00bbhttp:\/\/www.ferembach.com\/cestquilescreas\/wp-content\/uploads\/2019\/01\/lietart2.jpg\u00a0\u00bb _builder_version=\u00a0\u00bb3.18.2&Prime;][\/et_pb_image][et_pb_image src=\u00a0\u00bbhttp:\/\/www.ferembach.com\/cestquilescreas\/wp-content\/uploads\/2019\/01\/lietart1.jpg\u00a0\u00bb _builder_version=\u00a0\u00bb3.18.2&Prime;][\/et_pb_image][et_pb_text _builder_version=\u00a0\u00bb3.18.2&Prime;]<\/p>\n<p>&nbsp;<\/p>\n<p>Plus de choses ici : <a href=\"http:\/\/www.anthonylietart.com\/\">http:\/\/www.anthonylietart.com\/<\/a><\/p>\n<p><strong><span style=\"color: #00ccff;\">Si tu devais arr\u00eater la pub en agence, tu ferais quoi ?<\/span> <\/strong><\/p>\n<p><strong>Dimitri :<\/strong> \u00c9crivain. Sc\u00e9nariste.<br \/>Mais j\u2019aime beaucoup trop les bons restaurants et les additions qui vont avec pour arr\u00eater la pub.<br \/>J\u2019aimerais bien \u00eatre mangeur aussi. Si \u00e7a existait.<\/p>\n<p><span style=\"color: #0db8db;\"><strong>Pourquoi pas critique culinaire\u00a0 ?<\/strong><\/span><\/p>\n<p>Le plaisir n\u2019est pas du tout le m\u00eame lorsqu\u2019il faut analyser. Du coup, on intellectualise. On prend du recul sur ce qu\u2019on ressent et on perd en intensit\u00e9.<\/p>\n<p>Moi, je pr\u00e9f\u00e8re me consacrer uniquement au plaisir sensoriel et \u00e0 la convivialit\u00e9 inh\u00e9rente \u00e0 la bouffe. M\u00eame si a posteriori, le champ lexical de la critique culinaire, qui s\u2019\u00e9toffe de plus en plus avec la hype actuelle de la gastronomie, est un terrain de jeu truculent.<\/p>\n<p>Non vraiment, j\u2019aimerais \u00eatre juste mangeur. Qu\u2019\u00e0 la fin du repas, on me dise \u00ab Vous avez vraiment bien mang\u00e9 Monsieur. \u00bb et qu\u2019on me paie en cons\u00e9quence. Parce que je pense avoir un vrai talent pour bien manger.<\/p>\n<p><strong>Anthony :<\/strong> Un tour du monde avec mon combi ou alors j\u2019ouvrirais une friterie, car \u00e9tant frontalier belge je crois que les frites c\u2019est ce qui me manque le plus \u00e0 Paris.<\/p>\n<p><span style=\"color: #00ccff;\"><strong>Parlez-nous des choses que vous avez faites\/produites en agence :<\/strong><\/span><\/p>\n<p><strong>Anthony :<\/strong><\/p>\n<p>Dans ma premi\u00e8re partie de carri\u00e8re (chez clm) j\u2019ai beaucoup produit pour Smart en tant que DA\/photographe\/r\u00e9al :<\/p>\n<p>[\/et_pb_text][et_pb_video src=\u00a0\u00bbhttps:\/\/vimeo.com\/139830987&Prime; _builder_version=\u00a0\u00bb3.18.2&Prime;][\/et_pb_video][et_pb_image src=\u00a0\u00bbhttp:\/\/www.ferembach.com\/cestquilescreas\/wp-content\/uploads\/2019\/01\/12.jpg\u00a0\u00bb _builder_version=\u00a0\u00bb3.18.2&Prime;][\/et_pb_image][et_pb_video src=\u00a0\u00bbhttps:\/\/vimeo.com\/139830938&Prime; _builder_version=\u00a0\u00bb3.18.2&Prime;][\/et_pb_video][et_pb_image src=\u00a0\u00bbhttp:\/\/www.ferembach.com\/cestquilescreas\/wp-content\/uploads\/2019\/01\/11.jpg\u00a0\u00bb _builder_version=\u00a0\u00bb3.18.2&Prime;][\/et_pb_image][et_pb_image src=\u00a0\u00bbhttp:\/\/www.ferembach.com\/cestquilescreas\/wp-content\/uploads\/2019\/01\/13.jpg\u00a0\u00bb _builder_version=\u00a0\u00bb3.18.2&Prime;][\/et_pb_image][et_pb_text _builder_version=\u00a0\u00bb3.18.2&Prime;]<\/p>\n<p>Smart Cut in<\/p>\n<p>[\/et_pb_text][et_pb_image src=\u00a0\u00bbhttp:\/\/www.ferembach.com\/cestquilescreas\/wp-content\/uploads\/2019\/01\/15.jpg\u00a0\u00bb _builder_version=\u00a0\u00bb3.18.2&Prime;][\/et_pb_image][et_pb_image src=\u00a0\u00bbhttp:\/\/www.ferembach.com\/cestquilescreas\/wp-content\/uploads\/2019\/01\/276.jpg\u00a0\u00bb _builder_version=\u00a0\u00bb3.18.2&Prime;][\/et_pb_image][et_pb_text _builder_version=\u00a0\u00bb3.18.2&Prime;]<\/p>\n<p>Smart Cut in<\/p>\n<p>[\/et_pb_text][et_pb_image src=\u00a0\u00bbhttp:\/\/www.ferembach.com\/cestquilescreas\/wp-content\/uploads\/2019\/01\/16.jpg\u00a0\u00bb _builder_version=\u00a0\u00bb3.18.2&Prime;][\/et_pb_image][et_pb_text _builder_version=\u00a0\u00bb3.18.2&Prime;]<\/p>\n<p>Et je passe la main \u00e0 Dim pour la partie A+P<\/p>\n<p>&nbsp;<\/p>\n<p><strong>Dimitri :<\/strong> Je reste assez attach\u00e9 \u00e0 ma premi\u00e8re pub. Un film pour Nike sur Mamadou Sakho. Je venais d\u2019arriver chez leg., j\u2019\u00e9tais en stage et je sors une pub pour Nike. Bapt\u00eame de feu.\u00a0<\/p>\n<p>[\/et_pb_text][et_pb_video src=\u00a0\u00bbhttps:\/\/youtu.be\/UFnzA0vLSmo\u00a0\u00bb _builder_version=\u00a0\u00bb3.18.2&Prime;][\/et_pb_video][et_pb_text _builder_version=\u00a0\u00bb3.18.2&Prime;]<\/p>\n<p>&nbsp;<\/p>\n<p>J\u2019\u00e9tais aussi fier quand Gabriel m\u2019a achet\u00e9 une annonce Eurostar. \u00c0 l\u2019\u00e9poque, Eurostar c\u2019\u00e9tait mythique. <\/p>\n<p>[\/et_pb_text][et_pb_image src=\u00a0\u00bbhttp:\/\/www.ferembach.com\/cestquilescreas\/wp-content\/uploads\/2019\/01\/7.jpg\u00a0\u00bb _builder_version=\u00a0\u00bb3.18.2&Prime; max_width=\u00a0\u00bb73%\u00a0\u00bb module_alignment=\u00a0\u00bbcenter\u00a0\u00bb][\/et_pb_image][et_pb_text _builder_version=\u00a0\u00bb3.18.2&Prime;]<\/p>\n<p>&nbsp;<\/p>\n<p>Ensuite, on a fait le Nike Barbershop.<\/p>\n<p>[\/et_pb_text][et_pb_video src=\u00a0\u00bbhttps:\/\/youtu.be\/MJHZajffmP8&Prime; _builder_version=\u00a0\u00bb3.18.2&Prime;][\/et_pb_video][et_pb_text _builder_version=\u00a0\u00bb3.18.2&Prime;]<\/p>\n<p>L\u2019insight du soin que les footballeurs portent \u00e0 leur coiffure n\u2019\u00e9tait pas encore trop \u00e9cul\u00e9 \u00e0 l\u2019\u00e9poque. \u00c7a parlait aux footeux dont je faisais parti donc je savais qu\u2019on tapait juste.<\/p>\n<p>Et puis c\u2019est le petit compte de f\u00e9e de la pub quand \u00e7a se passe bien. La connerie que tu trouves avec ton pote dans le bureau et qui prend soudain une dimension inesp\u00e9r\u00e9e.<a href=\"https:\/\/youtu.be\/UFnzA0vLSmo\"><br \/><\/a><a href=\"https:\/\/www.youtube.com\/watch?v=MJHZajffmP8\"><\/a><\/p>\n<p>&nbsp;<\/p>\n<p>\u00c0 la Young, une campagne tr\u00e8s fine pour une marque de jeu de construction pour enfants.<\/p>\n<p>[\/et_pb_text][et_pb_image src=\u00a0\u00bbhttp:\/\/www.ferembach.com\/cestquilescreas\/wp-content\/uploads\/2019\/01\/18.jpg\u00a0\u00bb _builder_version=\u00a0\u00bb3.18.2&Prime;][\/et_pb_image][et_pb_text _builder_version=\u00a0\u00bb3.18.2&Prime;]<\/p>\n<p>&nbsp;<\/p>\n<p>Chez Altmann+Pacreau, on a fait aussi pas mal de choses dont on est fier :<br \/> &#8211; Un film pour la fondation Visio. Un tout petit client avec un vrai brief, un vrai produit \u00e0 d\u00e9fendre mais pas d\u2019argent. Le client \u00e9tait tellement content qu\u2019il voulait mettre un panneau d\u00e9roulant \u00e0 la fin du film pour remercier tous ceux qui avaient particip\u00e9 au projet.<br \/> &#8211; Une campagne print pour les verres optiques Nikon.<br \/> &#8211; Un foodtruck o\u00f9 on ne mange que ce qu\u2019on arrive \u00e0 lire sur le menu<br \/> &#8211; Un film avec une super mamie.<br \/> &#8211; Une op\u00e9 pour inciter les gens \u00e0 se former aux premiers secours.<br \/> &#8211; Un film avec une fen\u00eatre qui s\u2019ouvre et qui se ferme.<br \/> &#8211; Un film qui se lit dans les deux sens.<br \/>&#8211; Une op\u00e9 gu\u00e9rilla pour la Fondation Abb\u00e9 Pierre o\u00f9 on a vraiment tout fait nous-m\u00eames et qui a fini au JT de 20h.<br \/> &#8211; Et derni\u00e8rement, un partenariat avec eBay pour revendre ses cadeaux de No\u00ebl sans culpabiliser.<\/p>\n<p>&nbsp;<\/p>\n<p>[\/et_pb_text][et_pb_video src=\u00a0\u00bbhttps:\/\/www.youtube.com\/watch?v=X8ogEHNA254&Prime; _builder_version=\u00a0\u00bb3.18.2&Prime;][\/et_pb_video][et_pb_image src=\u00a0\u00bbhttp:\/\/www.ferembach.com\/cestquilescreas\/wp-content\/uploads\/2019\/01\/55.jpg\u00a0\u00bb _builder_version=\u00a0\u00bb3.18.2&Prime; max_width=\u00a0\u00bb72%\u00a0\u00bb module_alignment=\u00a0\u00bbcenter\u00a0\u00bb][\/et_pb_image][et_pb_image src=\u00a0\u00bbhttp:\/\/www.ferembach.com\/cestquilescreas\/wp-content\/uploads\/2019\/01\/4.jpg\u00a0\u00bb _builder_version=\u00a0\u00bb3.18.2&Prime; max_width=\u00a0\u00bb72%\u00a0\u00bb module_alignment=\u00a0\u00bbcenter\u00a0\u00bb][\/et_pb_image][et_pb_video src=\u00a0\u00bbhttps:\/\/www.youtube.com\/watch?v=B6iKwkpRSMY\u00a0\u00bb _builder_version=\u00a0\u00bb3.18.2&Prime;][\/et_pb_video][et_pb_video src=\u00a0\u00bbhttps:\/\/www.youtube.com\/watch?v=BQShC1ruCk8&Prime; _builder_version=\u00a0\u00bb3.18.2&Prime;][\/et_pb_video][et_pb_video src=\u00a0\u00bbhttps:\/\/vimeo.com\/292897065&Prime; _builder_version=\u00a0\u00bb3.18.2&Prime;][\/et_pb_video][et_pb_video src=\u00a0\u00bbhttps:\/\/www.youtube.com\/watch?v=g9vqQ0nJ_ls\u00a0\u00bb _builder_version=\u00a0\u00bb3.18.2&Prime;][\/et_pb_video][et_pb_video src=\u00a0\u00bbhttps:\/\/www.youtube.com\/watch?v=2RmgnUMO1Y4&Prime; _builder_version=\u00a0\u00bb3.18.2&Prime;]<\/p>\n<p>&nbsp;<\/p>\n<p><a href=\"https:\/\/www.youtube.com\/watch?v=g9vqQ0nJ_ls\">https:\/\/www.youtube.com\/watch?v=g9vqQ0nJ_ls<\/a><\/p>\n<p>&nbsp;<\/p>\n<p><a href=\"https:\/\/www.youtube.com\/watch?v=2RmgnUMO1Y4\">https:\/\/www.youtube.com\/watch?v=2RmgnUMO1Y4<\/a><\/p>\n<p>&nbsp;<\/p>\n<p><a href=\"https:\/\/vimeo.com\/277617640\">https:\/\/vimeo.com\/277617640<\/a><\/p>\n<p>&nbsp;<\/p>\n<p>\u00a0 Et personnellement, j\u2019ai aussi fait quelques blagues dans des cha\u00eenes de mails dont je ne suis pas peu fier.<\/p>\n<p><span style=\"color: #00ccff;\"><strong>Quels sont vos meilleurs et pires souvenirs ? <\/strong><\/span><\/p>\n<p>&nbsp;<\/p>\n<p><strong> <\/strong><\/p>\n<p>&nbsp;<\/p>\n<p><strong>Anthony : <\/strong>Pire : charrette sur une compet\u2019 Tag Heuer lors de France\/Allemagne en coupe du monde 2014. Certes on a gagn\u00e9 la compet\u2019, mais la France a perdu. \ud83d\ude41<\/p>\n<p>&nbsp;<\/p>\n<p>Meilleur : un sms \u00e0 7h30 du mat d\u2019Eric Pierre, mon DC de l\u2019\u00e9poque sur Smart, qui me r\u00e9veille avec : \u00ab C\u2019est un GOLD les gars \u00bb. 2 heures apr\u00e8s je prenais l\u2019avion pour Cannes.<\/p>\n<p>&nbsp;<\/p>\n<p><strong>Dimitri :<\/strong> Le meilleur, c\u2019est sans doute le jour o\u00f9 je me suis retrouv\u00e9 en studio avec Oxmo Puccino pour enregistrer une voix-off pour un film Nike alors que je venais d\u2019arriver en stage. On m\u2019avait demand\u00e9 un brief pour le casting voix-off et j\u2019avais dit Oxmo. C\u2019\u00e9tait une r\u00e9f\u00e9rence pour d\u00e9finir le style de voix que je cherchais et ils m\u2019ont r\u00e9pondu \u00ab Oxmo est ok \u00bb. J\u2019ai hallucin\u00e9.<\/p>\n<p>&nbsp;<\/p>\n<p>Le pire, c\u2019est les coll\u00e8gues qui se font virer la veille de No\u00ebl parce qu\u2019il faut remplir les objectifs fix\u00e9s par les actionnaires avant la fin de l\u2019ann\u00e9e. L\u00e0, tu redescends vite sur terre quant \u00e0 la r\u00e9alit\u00e9 de notre m\u00e9tier. On n\u2019est pas l\u00e0 pour faire de l\u2019art.<\/p>\n<p>&nbsp;<\/p>\n<p><strong><span style=\"color: #00ccff;\">Quelles sont les pubs que tu pr\u00e9f\u00e8res ?<\/span> <\/strong><\/p>\n<p>&nbsp;<\/p>\n<p><strong>Dimitri :<\/strong> \u00c0 titre personnel, j\u2019aime \u00e9norm\u00e9ment toutes les pubs d\u2019Olivier Altmann.<\/p>\n<p>&nbsp;<\/p>\n<p><strong> <\/strong><\/p>\n<p>&nbsp;<\/p>\n<p><strong>Anthony :<\/strong> <em>Dans les campagnes de 2018 : <\/em><\/p>\n<p>&nbsp;<\/p>\n<p>print DDB sur Volkswagen car faire des pubs bagnole cr\u00e9atives avec un vrai plan m\u00e9dia derri\u00e8re, je sais que c\u2019est une gal\u00e8re. En plus, je trouve que cette campagne n\u2019a pas eu le succ\u00e8s qu\u2019elle m\u00e9rite (bravo aux cr\u00e9atifs).<\/p>\n<p>&nbsp;<\/p>\n<p>La campagne Rosa Park paye ton attente pour ING : <a href=\"http:\/\/www.culturepub.fr\/videos\/ing-direct-paye-ton-attente\/\">http:\/\/www.culturepub.fr\/videos\/ing-direct-paye-ton-attente\/<\/a><\/p>\n<p>&nbsp;<\/p>\n<p>L\u2019op\u00e9 sur le soldat inconnu de FF : <a href=\"https:\/\/theunknownface.com\/fr\/\">https:\/\/theunknownface.com\/fr\/<\/a><\/p>\n<p>&nbsp;<\/p>\n<p><em>Dans les classiques : <\/em><\/p>\n<p>&nbsp;<\/p>\n<p>La campagne d\u2019affichage Mac Do close up car pour une fois l\u2019annonceur n\u2019a pas demand\u00e9 de grossir le logo, pire il a carr\u00e9ment accept\u00e9 de ne pas en mettre. Tr\u00e8s puissant.<\/p>\n<p>&nbsp;<\/p>\n<p>Volvo paint, car l\u2019id\u00e9e est tr\u00e8s chouette mais surtout la DA du case a vraiment marqu\u00e9 une rupture esth\u00e9tique avec les vid\u00e9os explicatives chiantes et tr\u00e8s formelles de l\u2019\u00e9poque.<\/p>\n<p>&nbsp;<\/p>\n<p><a href=\"https:\/\/www.youtube.com\/watch?v=oaLP4iGszLQ\">https:\/\/www.youtube.com\/watch?v=oaLP4iGszLQ<\/a><\/p>\n<p>&nbsp;<\/p>\n<p>La campagne WWF avec la manif des fourmis, tout simplement car j\u2019aurais ador\u00e9 faire cette campagne et elle n\u2019a pas pris une ride.<\/p>\n<p>&nbsp;<\/p>\n<p><a href=\"https:\/\/www.youtube.com\/watch?v=CMe7qXgTVGY\">https:\/\/www.youtube.com\/watch?v=CMe7qXgTVGY<\/a><\/p>\n<p>&nbsp;<\/p>\n<p><strong><span style=\"color: #00ccff;\">Vous avez des mod\u00e8les de cr\u00e9atifs dans ou en dehors de la publicit\u00e9 ?<\/span> <\/strong><\/p>\n<p>&nbsp;<\/p>\n<p><strong>Anthony :<\/strong> Sans aller jusqu\u2019\u00e0 dire que ce sont des mod\u00e8les je trouve que la nouvelle vague du rap fran\u00e7ais est assez inspirante. Des mecs comme Orelsan, Lomepal, Georgio&#8230; utilisent exactement les m\u00eames m\u00e9caniques que nous. Nous sommes peut-\u00eatre des rappeurs rat\u00e9s.<\/p>\n<p>&nbsp;<\/p>\n<p>En photographie, le surr\u00e9alisme est un th\u00e8me qui m\u2019inspire beaucoup. J\u2019affectionne particuli\u00e8rement les travaux d\u00e9sormais c\u00e9l\u00e8bres de Li Wei et son compatriote chinois Liu Bolin. L\u2019un d\u00e9fie la gravit\u00e9 et l\u2019autre pratique le camouflage.<\/p>\n<p>[\/et_pb_video][et_pb_video src=\u00a0\u00bbhttps:\/\/vimeo.com\/277617640&Prime; _builder_version=\u00a0\u00bb3.18.2&Prime;]<\/p>\n<p>&nbsp;<\/p>\n<p><a href=\"https:\/\/www.youtube.com\/watch?v=g9vqQ0nJ_ls\">https:\/\/www.youtube.com\/watch?v=g9vqQ0nJ_ls<\/a><\/p>\n<p>&nbsp;<\/p>\n<p><a href=\"https:\/\/www.youtube.com\/watch?v=2RmgnUMO1Y4\">https:\/\/www.youtube.com\/watch?v=2RmgnUMO1Y4<\/a><\/p>\n<p>&nbsp;<\/p>\n<p><a href=\"https:\/\/vimeo.com\/277617640\">https:\/\/vimeo.com\/277617640<\/a><\/p>\n<p>&nbsp;<\/p>\n<p>\u00a0 Et personnellement, j\u2019ai aussi fait quelques blagues dans des cha\u00eenes de mails dont je ne suis pas peu fier.<\/p>\n<p><span style=\"color: #00ccff;\"><strong>Quels sont vos meilleurs et pires souvenirs ? <\/strong><\/span><\/p>\n<p>&nbsp;<\/p>\n<p><strong> <\/strong><\/p>\n<p>&nbsp;<\/p>\n<p><strong>Anthony : <\/strong>Pire : charrette sur une compet\u2019 Tag Heuer lors de France\/Allemagne en coupe du monde 2014. Certes on a gagn\u00e9 la compet\u2019, mais la France a perdu. \ud83d\ude41<\/p>\n<p>&nbsp;<\/p>\n<p>Meilleur : un sms \u00e0 7h30 du mat d\u2019Eric Pierre, mon DC de l\u2019\u00e9poque sur Smart, qui me r\u00e9veille avec : \u00ab C\u2019est un GOLD les gars \u00bb. 2 heures apr\u00e8s je prenais l\u2019avion pour Cannes.<\/p>\n<p>&nbsp;<\/p>\n<p><strong>Dimitri :<\/strong> Le meilleur, c\u2019est sans doute le jour o\u00f9 je me suis retrouv\u00e9 en studio avec Oxmo Puccino pour enregistrer une voix-off pour un film Nike alors que je venais d\u2019arriver en stage. On m\u2019avait demand\u00e9 un brief pour le casting voix-off et j\u2019avais dit Oxmo. C\u2019\u00e9tait une r\u00e9f\u00e9rence pour d\u00e9finir le style de voix que je cherchais et ils m\u2019ont r\u00e9pondu \u00ab Oxmo est ok \u00bb. J\u2019ai hallucin\u00e9.<\/p>\n<p>&nbsp;<\/p>\n<p>Le pire, c\u2019est les coll\u00e8gues qui se font virer la veille de No\u00ebl parce qu\u2019il faut remplir les objectifs fix\u00e9s par les actionnaires avant la fin de l\u2019ann\u00e9e. L\u00e0, tu redescends vite sur terre quant \u00e0 la r\u00e9alit\u00e9 de notre m\u00e9tier. On n\u2019est pas l\u00e0 pour faire de l\u2019art.<\/p>\n<p>&nbsp;<\/p>\n<p><strong><span style=\"color: #00ccff;\">Quelles sont les pubs que tu pr\u00e9f\u00e8res ?<\/span> <\/strong><\/p>\n<p>&nbsp;<\/p>\n<p><strong>Dimitri :<\/strong> \u00c0 titre personnel, j\u2019aime \u00e9norm\u00e9ment toutes les pubs d\u2019Olivier Altmann.<\/p>\n<p>&nbsp;<\/p>\n<p><strong> <\/strong><\/p>\n<p>&nbsp;<\/p>\n<p><strong>Anthony :<\/strong> <em>Dans les campagnes de 2018 : <\/em><\/p>\n<p>&nbsp;<\/p>\n<p>print DDB sur Volkswagen car faire des pubs bagnole cr\u00e9atives avec un vrai plan m\u00e9dia derri\u00e8re, je sais que c\u2019est une gal\u00e8re. En plus, je trouve que cette campagne n\u2019a pas eu le succ\u00e8s qu\u2019elle m\u00e9rite (bravo aux cr\u00e9atifs).<\/p>\n<p>&nbsp;<\/p>\n<p>La campagne Rosa Park paye ton attente pour ING : <a href=\"http:\/\/www.culturepub.fr\/videos\/ing-direct-paye-ton-attente\/\">http:\/\/www.culturepub.fr\/videos\/ing-direct-paye-ton-attente\/<\/a><\/p>\n<p>&nbsp;<\/p>\n<p>L\u2019op\u00e9 sur le soldat inconnu de FF : <a href=\"https:\/\/theunknownface.com\/fr\/\">https:\/\/theunknownface.com\/fr\/<\/a><\/p>\n<p>&nbsp;<\/p>\n<p><em>Dans les classiques : <\/em><\/p>\n<p>&nbsp;<\/p>\n<p>La campagne d\u2019affichage Mac Do close up car pour une fois l\u2019annonceur n\u2019a pas demand\u00e9 de grossir le logo, pire il a carr\u00e9ment accept\u00e9 de ne pas en mettre. Tr\u00e8s puissant.<\/p>\n<p>&nbsp;<\/p>\n<p>Volvo paint, car l\u2019id\u00e9e est tr\u00e8s chouette mais surtout la DA du case a vraiment marqu\u00e9 une rupture esth\u00e9tique avec les vid\u00e9os explicatives chiantes et tr\u00e8s formelles de l\u2019\u00e9poque.<\/p>\n<p>&nbsp;<\/p>\n<p><a href=\"https:\/\/www.youtube.com\/watch?v=oaLP4iGszLQ\">https:\/\/www.youtube.com\/watch?v=oaLP4iGszLQ<\/a><\/p>\n<p>&nbsp;<\/p>\n<p>La campagne WWF avec la manif des fourmis, tout simplement car j\u2019aurais ador\u00e9 faire cette campagne et elle n\u2019a pas pris une ride.<\/p>\n<p>&nbsp;<\/p>\n<p><a href=\"https:\/\/www.youtube.com\/watch?v=CMe7qXgTVGY\">https:\/\/www.youtube.com\/watch?v=CMe7qXgTVGY<\/a><\/p>\n<p>&nbsp;<\/p>\n<p><strong><span style=\"color: #00ccff;\">Vous avez des mod\u00e8les de cr\u00e9atifs dans ou en dehors de la publicit\u00e9 ?<\/span> <\/strong><\/p>\n<p>&nbsp;<\/p>\n<p><strong>Anthony :<\/strong> Sans aller jusqu\u2019\u00e0 dire que ce sont des mod\u00e8les je trouve que la nouvelle vague du rap fran\u00e7ais est assez inspirante. Des mecs comme Orelsan, Lomepal, Georgio&#8230; utilisent exactement les m\u00eames m\u00e9caniques que nous. Nous sommes peut-\u00eatre des rappeurs rat\u00e9s.<\/p>\n<p>&nbsp;<\/p>\n<p>En photographie, le surr\u00e9alisme est un th\u00e8me qui m\u2019inspire beaucoup. J\u2019affectionne particuli\u00e8rement les travaux d\u00e9sormais c\u00e9l\u00e8bres de Li Wei et son compatriote chinois Liu Bolin. L\u2019un d\u00e9fie la gravit\u00e9 et l\u2019autre pratique le camouflage.<\/p>\n<p>[\/et_pb_video][et_pb_image src=\u00a0\u00bbhttp:\/\/www.ferembach.com\/cestquilescreas\/wp-content\/uploads\/2019\/01\/77.jpg\u00a0\u00bb _builder_version=\u00a0\u00bb3.18.2&Prime;][\/et_pb_image][et_pb_text _builder_version=\u00a0\u00bb3.18.2&Prime;]<\/p>\n<p>Et personnellement, j\u2019ai aussi fait quelques blagues dans des cha\u00eenes de mails dont je ne suis pas peu fier.<\/p>\n<p>&nbsp;<\/p>\n<p><span style=\"color: #00ccff;\"><strong>Quels sont vos meilleurs et pires souvenirs ? <\/strong><\/span><\/p>\n<p><strong> <\/strong><\/p>\n<p><strong>Anthony : <\/strong>Pire : charrette sur une compet\u2019 Tag Heuer lors de France\/Allemagne en coupe du monde 2014. Certes on a gagn\u00e9 la compet\u2019, mais la France a perdu. \ud83d\ude41<\/p>\n<p>Meilleur : un sms \u00e0 7h30 du mat d\u2019Eric Pierre, mon DC de l\u2019\u00e9poque sur Smart, qui me r\u00e9veille avec : \u00ab C\u2019est un GOLD les gars \u00bb. 2 heures apr\u00e8s je prenais l\u2019avion pour Cannes.<\/p>\n<p><strong>Dimitri :<\/strong> Le meilleur, c\u2019est sans doute le jour o\u00f9 je me suis retrouv\u00e9 en studio avec Oxmo Puccino pour enregistrer une voix-off pour un film Nike alors que je venais d\u2019arriver en stage. On m\u2019avait demand\u00e9 un brief pour le casting voix-off et j\u2019avais dit Oxmo. C\u2019\u00e9tait une r\u00e9f\u00e9rence pour d\u00e9finir le style de voix que je cherchais et ils m\u2019ont r\u00e9pondu \u00ab Oxmo est ok \u00bb. J\u2019ai hallucin\u00e9.<\/p>\n<p>Le pire, c\u2019est les coll\u00e8gues qui se font virer la veille de No\u00ebl parce qu\u2019il faut remplir les objectifs fix\u00e9s par les actionnaires avant la fin de l\u2019ann\u00e9e. L\u00e0, tu redescends vite sur terre quant \u00e0 la r\u00e9alit\u00e9 de notre m\u00e9tier. On n\u2019est pas l\u00e0 pour faire de l\u2019art.<\/p>\n<p><strong><span style=\"color: #00ccff;\">Quelles sont les pubs que tu pr\u00e9f\u00e8res ?<\/span> <\/strong><\/p>\n<p><strong>Dimitri :<\/strong> \u00c0 titre personnel, j\u2019aime \u00e9norm\u00e9ment toutes les pubs d\u2019Olivier Altmann.<\/p>\n<p><strong> <\/strong><\/p>\n<p><strong>Anthony :<\/strong> <em>Dans les campagnes de 2018 : <\/em><\/p>\n<p>print DDB sur Volkswagen car faire des pubs bagnole cr\u00e9atives avec un vrai plan m\u00e9dia derri\u00e8re, je sais que c\u2019est une gal\u00e8re. En plus, je trouve que cette campagne n\u2019a pas eu le succ\u00e8s qu\u2019elle m\u00e9rite (bravo aux cr\u00e9atifs).<\/p>\n<p>La campagne Rosa Park paye ton attente pour ING.<\/p>\n<p>[\/et_pb_text][et_pb_image src=\u00a0\u00bbhttp:\/\/www.ferembach.com\/cestquilescreas\/wp-content\/uploads\/2019\/01\/554.jpg\u00a0\u00bb _builder_version=\u00a0\u00bb3.18.2&Prime;][\/et_pb_image][et_pb_video src=\u00a0\u00bbhttps:\/\/youtu.be\/L_LSbyBqrYM\u00a0\u00bb _builder_version=\u00a0\u00bb3.18.2&Prime;][\/et_pb_video][et_pb_text _builder_version=\u00a0\u00bb3.18.2&Prime;]<\/p>\n<p>L\u2019op\u00e9 sur le soldat inconnu de FF : <a href=\"https:\/\/theunknownface.com\/fr\/\">https:\/\/theunknownface.com\/fr\/<br \/><\/a><\/p>\n<p><em><br \/>Dans les classiques : <\/em><\/p>\n<p>La campagne d\u2019affichage Mac Do close up car pour une fois l\u2019annonceur n\u2019a pas demand\u00e9 de grossir le logo, pire il a carr\u00e9ment accept\u00e9 de ne pas en mettre. Tr\u00e8s puissant.<\/p>\n<p>Volvo paint, car l\u2019id\u00e9e est tr\u00e8s chouette mais surtout la DA du case a vraiment marqu\u00e9 une rupture esth\u00e9tique avec les vid\u00e9os explicatives chiantes et tr\u00e8s formelles de l\u2019\u00e9poque.<br \/>La campagne WWF avec la manif des fourmis, tout simplement car j\u2019aurais ador\u00e9 faire cette campagne et elle n\u2019a pas pris une ride.<\/p>\n<p>[\/et_pb_text][et_pb_image src=\u00a0\u00bbhttp:\/\/www.ferembach.com\/cestquilescreas\/wp-content\/uploads\/2019\/01\/23.jpg\u00a0\u00bb _builder_version=\u00a0\u00bb3.18.2&Prime;][\/et_pb_image][et_pb_video src=\u00a0\u00bbhttps:\/\/www.youtube.com\/watch?v=oaLP4iGszLQ\u00a0\u00bb _builder_version=\u00a0\u00bb3.18.2&Prime;][\/et_pb_video][et_pb_video src=\u00a0\u00bbhttps:\/\/www.youtube.com\/watch?v=CMe7qXgTVGY\u00a0\u00bb _builder_version=\u00a0\u00bb3.18.2&Prime;][\/et_pb_video][et_pb_text _builder_version=\u00a0\u00bb3.18.2&Prime;]<\/p>\n<p>&nbsp;<\/p>\n<p>&nbsp;<\/p>\n<p><strong><span style=\"color: #00ccff;\">Vous avez des mod\u00e8les de cr\u00e9atifs dans ou en dehors de la publicit\u00e9 ?<\/span> <\/strong><\/p>\n<p><strong>Anthony :<\/strong> Sans aller jusqu\u2019\u00e0 dire que ce sont des mod\u00e8les je trouve que la nouvelle vague du rap fran\u00e7ais est assez inspirante. Des mecs comme Orelsan, Lomepal, Georgio&#8230; utilisent exactement les m\u00eames m\u00e9caniques que nous. Nous sommes peut-\u00eatre des rappeurs rat\u00e9s.<\/p>\n<p>En photographie, le surr\u00e9alisme est un th\u00e8me qui m\u2019inspire beaucoup. J\u2019affectionne particuli\u00e8rement les travaux d\u00e9sormais c\u00e9l\u00e8bres de Li Wei et son compatriote chinois Liu Bolin. L\u2019un d\u00e9fie la gravit\u00e9 et l\u2019autre pratique le camouflage.<\/p>\n<p>[\/et_pb_text][et_pb_image src=\u00a0\u00bbhttp:\/\/www.ferembach.com\/cestquilescreas\/wp-content\/uploads\/2019\/01\/lietart-ref-1.jpg\u00a0\u00bb _builder_version=\u00a0\u00bb3.18.2&Prime;][\/et_pb_image][et_pb_image src=\u00a0\u00bbhttp:\/\/www.ferembach.com\/cestquilescreas\/wp-content\/uploads\/2019\/01\/lietart-ref-2.jpg\u00a0\u00bb _builder_version=\u00a0\u00bb3.18.2&Prime;][\/et_pb_image][et_pb_text _builder_version=\u00a0\u00bb3.18.2&Prime;]<\/p>\n<p><strong>Dimitri :<\/strong> Gabriel Gaultier parce qu\u2019il a du style. Et puis pour sa fa\u00e7on de voir le m\u00e9tier. Deux jours apr\u00e8s \u00eatre arriv\u00e9 chez leg., Gabriel m\u2019a dit : \u00ab <em>Les gens n\u2019ont rien demand\u00e9. On leur impose la publicit\u00e9. Alors le minimum qu\u2019on puisse faire, c\u2019est que ce ne soit pas trop con et pas trop moche<\/em>. \u00bb Depuis, c\u2019est ce que j\u2019essaie de faire tous les jours.<\/p>\n<p>&nbsp;<\/p>\n<p>J\u2019aime les gens qui ont une vraie personnalit\u00e9 cr\u00e9ative. Les gens qu\u2019ont reconna\u00eet \u00e0 travers leurs pubs. L\u2019international m\u2019emmerde un peu car je ne connais pas les gens qu\u2019il y a derri\u00e8re.<\/p>\n<p>&nbsp;<\/p>\n<p>Alors qu\u2019on sait quand c\u2019est une campagne de Gabriel Gaultier, de Patrice Dumas, de Jean-Christophe Royer, d\u2019Emmanuel Courteau et Jean-Fran\u00e7ois Bouchet, d\u2019Agn\u00e8s Cavard et Val\u00e9rie Chidlovsky, de Romain Pergeaux, de Damien Bellon, de Charlotte Roux, &#8230;<\/p>\n<p>&nbsp;<\/p>\n<p>C\u2019est pareil pour les cr\u00e9atifs de notre g\u00e9n\u00e9ration. On se reconna\u00eet dans le travail de certains et on suit ce qu\u2019ils font parce que c\u2019est stimulant. Lilian Moine et Julien Doucet, M\u00e9lanie Pennec, Pierre Mathonat et Alexis Benbehe, Tristan Daltroff et Louis Audard, Mickael Krikorian et Victor Sidoroff, Kevin Salembier et Julien Boissinot, Pierre-Antoine Dupin et Fr\u00e9d\u00e9ric Leclerc, Jordan Lemarchand et Antoine Colin, Julien Deschamps,\u2026 Quand l\u2019un ce de ceux-l\u00e0 sort un truc, je sais que je vais aimer que \u00e7a va me donner envie de faire mieux.<\/p>\n<p>&nbsp;<\/p>\n<p>Et en dehors de la pub, il y a trop de monde :<\/p>\n<p>&nbsp;<\/p>\n<p>Aaron Sorkin<br \/> Les Charlots<br \/> Abdellatif Kechiche<br \/> Louis CK<br \/> Mohamed El Katib<br \/> Ken Loach<br \/> Ga\u00ebl Faye<br \/> Fran\u00e7ois B\u00e9gaudeau<br \/> Chandler Bing<br \/> Vincent Delerm<br \/> Eric Cantona<br \/> Le mec qui a tagu\u00e9 \u00ab travail famille p\u00e2tes riz \u00bb sur un mur \u00e0 Vichy.<\/p>\n<p>&nbsp;<\/p>\n<p><span style=\"color: #00ccff;\"><strong>La pub va \u00e9voluer dans quelle direction d\u2019apr\u00e8s vous ?<\/strong><\/span><\/p>\n<p>&nbsp;<\/p>\n<p><strong>Dimitri :<\/strong> J\u2019esp\u00e8re que l\u2019on reviendra \u00e0 des relations plus p\u00e9rennes entre les agences et les annonceurs. Des relations de confiance durables qui permettent de construire v\u00e9ritablement les marques. Car c\u2019est \u00e0 \u00e7a qu\u2019on reconna\u00eet les grands publicitaires. Ce sont ceux qui ont une vision pour la marque.<\/p>\n<p>&nbsp;<\/p>\n<p>Aujourd\u2019hui, on ne voit plus que des campagnes one shot ou des plateformes de marque qui durent un ou deux ans et au moindre changement d\u2019\u00e9quipe puis comp\u00e9tition, on efface tout et on recommence. On cherche \u00e0 satisfaire les int\u00e9r\u00eats imm\u00e9diats de l\u2019agence et du client car tout le monde a peur de perdre son job. Et nous, cr\u00e9atifs, on s\u2019en satisfait car il est bien plus facile de sortir une bonne campagne one shot que de s\u2019inscrire dans un territoire de marque.<\/p>\n<p>&nbsp;<\/p>\n<p>R\u00e9sultat, la vision de marque dispara\u00eet. Ce qui est dommageable en terme de business car les marques perdent leur identit\u00e9 et donc pour les annonceurs et donc pour les agences.<\/p>\n<p>&nbsp;<\/p>\n<p>En \u00e7a, le travail que fait BETC depuis des ann\u00e9es sur des marques comme Evian ou Air France est vraiment remarquable.<\/p>\n<p>&nbsp;<\/p>\n<p>Sinon \u00e0 terme, j\u2019aimerais bien que la pub sorte totalement des media. Qu\u2019elle ne soit plus impos\u00e9e aux gens. Qu\u2019elle devienne uniquement cr\u00e9ation de contenus, de divertissements, de services, de produits, \u2026 Qu\u2019elle n\u2019ait plus que sa cr\u00e9ativit\u00e9 pour se d\u00e9marquer.<\/p>\n<p>&nbsp;<\/p>\n<p>En tout cas, je ne pense pas que les \u00e9volutions actuelles et la multiplication des media changent le fondement de la cr\u00e9ation publicitaire. Une id\u00e9e nouvelle exprim\u00e9e sous une forme traditionnelle sera toujours plus nouvelle qu\u2019une vieille id\u00e9e dans des habits neufs.<\/p>\n<p>&nbsp;<\/p>\n<p><strong>Anthony :<\/strong> Nous revenons vraiment \u00e0 l\u2019id\u00e9e. Par exemple j\u2019ai l\u2019impression que le m\u00e9tier de creative technologist en agence c\u2019est d\u00e9j\u00e0 termin\u00e9. Peu importe le support une bonne id\u00e9e aura toujours plus d\u2019impact que n\u2019importe quel objet connect\u00e9.<\/p>\n<p>&nbsp;<\/p>\n<p><strong><span style=\"color: #00ccff;\">Tu peux envoyer un mail au toi de 60 ans, tu lui dis quoi ?<\/span> <\/strong><\/p>\n<p>&nbsp;<\/p>\n<p><strong>Dimitri :<\/strong> Salut mon vieux, J\u2019esp\u00e8re que t\u2019es heureux.<br \/> Si ce n\u2019est pas le cas, r\u00e9ponds-moi vite pour me dire ce que je dois faire diff\u00e9remment.<br \/> Bisou.<br \/> Toi<br \/> PS : Si tu as les num\u00e9ros du quint\u00e9 dans l\u2019ordre, je prends aussi.<\/p>\n<p>&nbsp;<\/p>\n<p><strong>Anthony :<\/strong> Courage encore 20 ans, car la retraite sera \u00e0 80 ans d\u2019ici l\u00e0.<\/p>\n<p>&nbsp;<\/p>\n<p><span style=\"color: #00ccff;\"><strong>Un conseil pour r\u00e9ussir\/avancer dans ce m\u00e9tier ?<\/strong><\/span><\/p>\n<p>&nbsp;<\/p>\n<p><strong>Anthony :<\/strong> Ne pas avoir peur du jugement, de l\u2019\u00e9chec, accepter le fait qu\u2019il y ait des cycles dans ce m\u00e9tier et ne pas se prendre pour un artiste. Sans oublier : \u00eatre au bon endroit au bon moment.<\/p>\n<p>&nbsp;<\/p>\n<p><strong>Dimitri :<\/strong> R\u00e9fl\u00e9chir.<\/p>\n<p>[\/et_pb_text][\/et_pb_column][\/et_pb_row][\/et_pb_section]<\/p>\n","protected":false},"excerpt":{"rendered":"<p>Bonjour Dimitri &amp; Anthony, vous \u00eates en team chez Altmann + Pacreau&#8230;.= quoi ? Dimitri : \u00c0 la louche, je dirais 782 ans d\u2019exp\u00e9rience publicitaire. Par contre, il faut dire \u00ab Dimitri + Anthony \u00bb. C\u2019est contractuel. Anthony : = Maison de famille avec tout ce qui va avec&#8230; Et vous quels ont \u00e9t\u00e9 vos [&hellip;]<\/p>\n","protected":false},"author":5,"featured_media":7387,"comment_status":"closed","ping_status":"closed","sticky":false,"template":"","format":"standard","meta":{"_et_pb_use_builder":"on","_et_pb_old_content":"<p>[et_pb_section bb_built=\"1\"][et_pb_row][\/et_pb_row][\/et_pb_section]<\/p>","_et_gb_content_width":"","_uag_custom_page_level_css":"","footnotes":""},"categories":[5,6,36,86],"tags":[],"class_list":["post-7333","post","type-post","status-publish","format-standard","has-post-thumbnail","hentry","category-directeurs-artistiques","category-redacteur","category-team","category-altmannpacreau"],"yoast_head":"<!-- This site is optimized with the Yoast SEO plugin v27.5 - https:\/\/yoast.com\/product\/yoast-seo-wordpress\/ -->\n<title>Dimitri Lucas + Anthony Lietart &#8226; C&#039;est qui les Cr\u00e9as ?<\/title>\n<meta name=\"robots\" content=\"index, follow, max-snippet:-1, max-image-preview:large, max-video-preview:-1\" \/>\n<link rel=\"canonical\" href=\"https:\/\/www.ferembach.com\/cestquilescreas\/team\/dimitri-lucas-anthony-lietart\/\" \/>\n<meta property=\"og:locale\" content=\"fr_FR\" \/>\n<meta property=\"og:type\" content=\"article\" \/>\n<meta property=\"og:title\" content=\"Dimitri Lucas + Anthony Lietart &#8226; C&#039;est qui les Cr\u00e9as ?\" \/>\n<meta property=\"og:description\" content=\"Bonjour Dimitri &amp; Anthony, vous \u00eates en team chez Altmann + Pacreau....= quoi ? Dimitri : \u00c0 la louche, je dirais 782 ans d\u2019exp\u00e9rience publicitaire. Par contre, il faut dire \u00ab Dimitri + Anthony \u00bb. C\u2019est contractuel. Anthony : = Maison de famille avec tout ce qui va avec... Et vous quels ont \u00e9t\u00e9 vos [&hellip;]\" \/>\n<meta property=\"og:url\" content=\"https:\/\/www.ferembach.com\/cestquilescreas\/team\/dimitri-lucas-anthony-lietart\/\" \/>\n<meta property=\"og:site_name\" content=\"C&#039;est qui les Cr\u00e9as ?\" \/>\n<meta property=\"article:publisher\" content=\"https:\/\/www.facebook.com\/CestquilesCreas\/\" \/>\n<meta property=\"article:published_time\" content=\"2019-01-15T21:51:23+00:00\" \/>\n<meta property=\"article:modified_time\" content=\"2019-01-16T07:08:01+00:00\" \/>\n<meta property=\"og:image\" content=\"https:\/\/www.ferembach.com\/cestquilescreas\/wp-content\/uploads\/2019\/01\/portrait.jpg\" \/>\n\t<meta property=\"og:image:width\" content=\"800\" \/>\n\t<meta property=\"og:image:height\" content=\"490\" \/>\n\t<meta property=\"og:image:type\" content=\"image\/jpeg\" \/>\n<meta name=\"author\" content=\"greg\" \/>\n<meta name=\"twitter:card\" content=\"summary_large_image\" \/>\n<meta name=\"twitter:label1\" content=\"\u00c9crit par\" \/>\n\t<meta name=\"twitter:data1\" content=\"greg\" \/>\n\t<meta name=\"twitter:label2\" content=\"Dur\u00e9e de lecture estim\u00e9e\" \/>\n\t<meta name=\"twitter:data2\" content=\"24 minutes\" \/>\n<script type=\"application\/ld+json\" class=\"yoast-schema-graph\">{\"@context\":\"https:\\\/\\\/schema.org\",\"@graph\":[{\"@type\":\"Article\",\"@id\":\"https:\\\/\\\/www.ferembach.com\\\/cestquilescreas\\\/team\\\/dimitri-lucas-anthony-lietart\\\/#article\",\"isPartOf\":{\"@id\":\"https:\\\/\\\/www.ferembach.com\\\/cestquilescreas\\\/team\\\/dimitri-lucas-anthony-lietart\\\/\"},\"author\":{\"name\":\"greg\",\"@id\":\"https:\\\/\\\/www.ferembach.com\\\/cestquilescreas\\\/#\\\/schema\\\/person\\\/9d9f083667ed4720d2ee333788d921a8\"},\"headline\":\"Dimitri Lucas + Anthony Lietart\",\"datePublished\":\"2019-01-15T21:51:23+00:00\",\"dateModified\":\"2019-01-16T07:08:01+00:00\",\"mainEntityOfPage\":{\"@id\":\"https:\\\/\\\/www.ferembach.com\\\/cestquilescreas\\\/team\\\/dimitri-lucas-anthony-lietart\\\/\"},\"wordCount\":4784,\"publisher\":{\"@id\":\"https:\\\/\\\/www.ferembach.com\\\/cestquilescreas\\\/#organization\"},\"image\":{\"@id\":\"https:\\\/\\\/www.ferembach.com\\\/cestquilescreas\\\/team\\\/dimitri-lucas-anthony-lietart\\\/#primaryimage\"},\"thumbnailUrl\":\"https:\\\/\\\/www.ferembach.com\\\/cestquilescreas\\\/wp-content\\\/uploads\\\/2019\\\/01\\\/portrait.jpg\",\"articleSection\":[\".Directeur Artistique\",\".R\u00e9dacteur\",\".Team\",\"altmann+pacreau\"],\"inLanguage\":\"fr-FR\"},{\"@type\":\"WebPage\",\"@id\":\"https:\\\/\\\/www.ferembach.com\\\/cestquilescreas\\\/team\\\/dimitri-lucas-anthony-lietart\\\/\",\"url\":\"https:\\\/\\\/www.ferembach.com\\\/cestquilescreas\\\/team\\\/dimitri-lucas-anthony-lietart\\\/\",\"name\":\"Dimitri Lucas + Anthony Lietart &#8226; C&#039;est qui les Cr\u00e9as ?\",\"isPartOf\":{\"@id\":\"https:\\\/\\\/www.ferembach.com\\\/cestquilescreas\\\/#website\"},\"primaryImageOfPage\":{\"@id\":\"https:\\\/\\\/www.ferembach.com\\\/cestquilescreas\\\/team\\\/dimitri-lucas-anthony-lietart\\\/#primaryimage\"},\"image\":{\"@id\":\"https:\\\/\\\/www.ferembach.com\\\/cestquilescreas\\\/team\\\/dimitri-lucas-anthony-lietart\\\/#primaryimage\"},\"thumbnailUrl\":\"https:\\\/\\\/www.ferembach.com\\\/cestquilescreas\\\/wp-content\\\/uploads\\\/2019\\\/01\\\/portrait.jpg\",\"datePublished\":\"2019-01-15T21:51:23+00:00\",\"dateModified\":\"2019-01-16T07:08:01+00:00\",\"breadcrumb\":{\"@id\":\"https:\\\/\\\/www.ferembach.com\\\/cestquilescreas\\\/team\\\/dimitri-lucas-anthony-lietart\\\/#breadcrumb\"},\"inLanguage\":\"fr-FR\",\"potentialAction\":[{\"@type\":\"ReadAction\",\"target\":[\"https:\\\/\\\/www.ferembach.com\\\/cestquilescreas\\\/team\\\/dimitri-lucas-anthony-lietart\\\/\"]}]},{\"@type\":\"ImageObject\",\"inLanguage\":\"fr-FR\",\"@id\":\"https:\\\/\\\/www.ferembach.com\\\/cestquilescreas\\\/team\\\/dimitri-lucas-anthony-lietart\\\/#primaryimage\",\"url\":\"https:\\\/\\\/www.ferembach.com\\\/cestquilescreas\\\/wp-content\\\/uploads\\\/2019\\\/01\\\/portrait.jpg\",\"contentUrl\":\"https:\\\/\\\/www.ferembach.com\\\/cestquilescreas\\\/wp-content\\\/uploads\\\/2019\\\/01\\\/portrait.jpg\",\"width\":800,\"height\":490},{\"@type\":\"BreadcrumbList\",\"@id\":\"https:\\\/\\\/www.ferembach.com\\\/cestquilescreas\\\/team\\\/dimitri-lucas-anthony-lietart\\\/#breadcrumb\",\"itemListElement\":[{\"@type\":\"ListItem\",\"position\":1,\"name\":\"Accueil\",\"item\":\"https:\\\/\\\/www.ferembach.com\\\/cestquilescreas\\\/\"},{\"@type\":\"ListItem\",\"position\":2,\"name\":\"Dimitri Lucas + Anthony Lietart\"}]},{\"@type\":\"WebSite\",\"@id\":\"https:\\\/\\\/www.ferembach.com\\\/cestquilescreas\\\/#website\",\"url\":\"https:\\\/\\\/www.ferembach.com\\\/cestquilescreas\\\/\",\"name\":\"C'est qui les Cr\u00e9as ?\",\"description\":\"D\u00e9couvrez les cr\u00e9atifs, leurs parcours et leurs (en)vies...\",\"publisher\":{\"@id\":\"https:\\\/\\\/www.ferembach.com\\\/cestquilescreas\\\/#organization\"},\"potentialAction\":[{\"@type\":\"SearchAction\",\"target\":{\"@type\":\"EntryPoint\",\"urlTemplate\":\"https:\\\/\\\/www.ferembach.com\\\/cestquilescreas\\\/?s={search_term_string}\"},\"query-input\":{\"@type\":\"PropertyValueSpecification\",\"valueRequired\":true,\"valueName\":\"search_term_string\"}}],\"inLanguage\":\"fr-FR\"},{\"@type\":\"Organization\",\"@id\":\"https:\\\/\\\/www.ferembach.com\\\/cestquilescreas\\\/#organization\",\"name\":\"C'est qui les Cr\u00e9as ?\",\"url\":\"https:\\\/\\\/www.ferembach.com\\\/cestquilescreas\\\/\",\"logo\":{\"@type\":\"ImageObject\",\"inLanguage\":\"fr-FR\",\"@id\":\"https:\\\/\\\/www.ferembach.com\\\/cestquilescreas\\\/#\\\/schema\\\/logo\\\/image\\\/\",\"url\":\"https:\\\/\\\/www.ferembach.com\\\/cestquilescreas\\\/wp-content\\\/uploads\\\/2020\\\/02\\\/logo-cqlc-1024x368-3.png\",\"contentUrl\":\"https:\\\/\\\/www.ferembach.com\\\/cestquilescreas\\\/wp-content\\\/uploads\\\/2020\\\/02\\\/logo-cqlc-1024x368-3.png\",\"width\":1024,\"height\":368,\"caption\":\"C'est qui les Cr\u00e9as ?\"},\"image\":{\"@id\":\"https:\\\/\\\/www.ferembach.com\\\/cestquilescreas\\\/#\\\/schema\\\/logo\\\/image\\\/\"},\"sameAs\":[\"https:\\\/\\\/www.facebook.com\\\/CestquilesCreas\\\/\"]},{\"@type\":\"Person\",\"@id\":\"https:\\\/\\\/www.ferembach.com\\\/cestquilescreas\\\/#\\\/schema\\\/person\\\/9d9f083667ed4720d2ee333788d921a8\",\"name\":\"greg\",\"image\":{\"@type\":\"ImageObject\",\"inLanguage\":\"fr-FR\",\"@id\":\"https:\\\/\\\/secure.gravatar.com\\\/avatar\\\/3db3c8d065f399dbb7244b016ea0e9f59e2b73fbf21e69f7d69bf805fb99d256?s=96&d=mm&r=g\",\"url\":\"https:\\\/\\\/secure.gravatar.com\\\/avatar\\\/3db3c8d065f399dbb7244b016ea0e9f59e2b73fbf21e69f7d69bf805fb99d256?s=96&d=mm&r=g\",\"contentUrl\":\"https:\\\/\\\/secure.gravatar.com\\\/avatar\\\/3db3c8d065f399dbb7244b016ea0e9f59e2b73fbf21e69f7d69bf805fb99d256?s=96&d=mm&r=g\",\"caption\":\"greg\"}}]}<\/script>\n<!-- \/ Yoast SEO plugin. -->","yoast_head_json":{"title":"Dimitri Lucas + Anthony Lietart &#8226; C&#039;est qui les Cr\u00e9as ?","robots":{"index":"index","follow":"follow","max-snippet":"max-snippet:-1","max-image-preview":"max-image-preview:large","max-video-preview":"max-video-preview:-1"},"canonical":"https:\/\/www.ferembach.com\/cestquilescreas\/team\/dimitri-lucas-anthony-lietart\/","og_locale":"fr_FR","og_type":"article","og_title":"Dimitri Lucas + Anthony Lietart &#8226; C&#039;est qui les Cr\u00e9as ?","og_description":"Bonjour Dimitri &amp; Anthony, vous \u00eates en team chez Altmann + Pacreau....= quoi ? Dimitri : \u00c0 la louche, je dirais 782 ans d\u2019exp\u00e9rience publicitaire. Par contre, il faut dire \u00ab Dimitri + Anthony \u00bb. C\u2019est contractuel. Anthony : = Maison de famille avec tout ce qui va avec... Et vous quels ont \u00e9t\u00e9 vos [&hellip;]","og_url":"https:\/\/www.ferembach.com\/cestquilescreas\/team\/dimitri-lucas-anthony-lietart\/","og_site_name":"C&#039;est qui les Cr\u00e9as ?","article_publisher":"https:\/\/www.facebook.com\/CestquilesCreas\/","article_published_time":"2019-01-15T21:51:23+00:00","article_modified_time":"2019-01-16T07:08:01+00:00","og_image":[{"width":800,"height":490,"url":"https:\/\/www.ferembach.com\/cestquilescreas\/wp-content\/uploads\/2019\/01\/portrait.jpg","type":"image\/jpeg"}],"author":"greg","twitter_card":"summary_large_image","twitter_misc":{"\u00c9crit par":"greg","Dur\u00e9e de lecture estim\u00e9e":"24 minutes"},"schema":{"@context":"https:\/\/schema.org","@graph":[{"@type":"Article","@id":"https:\/\/www.ferembach.com\/cestquilescreas\/team\/dimitri-lucas-anthony-lietart\/#article","isPartOf":{"@id":"https:\/\/www.ferembach.com\/cestquilescreas\/team\/dimitri-lucas-anthony-lietart\/"},"author":{"name":"greg","@id":"https:\/\/www.ferembach.com\/cestquilescreas\/#\/schema\/person\/9d9f083667ed4720d2ee333788d921a8"},"headline":"Dimitri Lucas + Anthony Lietart","datePublished":"2019-01-15T21:51:23+00:00","dateModified":"2019-01-16T07:08:01+00:00","mainEntityOfPage":{"@id":"https:\/\/www.ferembach.com\/cestquilescreas\/team\/dimitri-lucas-anthony-lietart\/"},"wordCount":4784,"publisher":{"@id":"https:\/\/www.ferembach.com\/cestquilescreas\/#organization"},"image":{"@id":"https:\/\/www.ferembach.com\/cestquilescreas\/team\/dimitri-lucas-anthony-lietart\/#primaryimage"},"thumbnailUrl":"https:\/\/www.ferembach.com\/cestquilescreas\/wp-content\/uploads\/2019\/01\/portrait.jpg","articleSection":[".Directeur Artistique",".R\u00e9dacteur",".Team","altmann+pacreau"],"inLanguage":"fr-FR"},{"@type":"WebPage","@id":"https:\/\/www.ferembach.com\/cestquilescreas\/team\/dimitri-lucas-anthony-lietart\/","url":"https:\/\/www.ferembach.com\/cestquilescreas\/team\/dimitri-lucas-anthony-lietart\/","name":"Dimitri Lucas + Anthony Lietart &#8226; C&#039;est qui les Cr\u00e9as ?","isPartOf":{"@id":"https:\/\/www.ferembach.com\/cestquilescreas\/#website"},"primaryImageOfPage":{"@id":"https:\/\/www.ferembach.com\/cestquilescreas\/team\/dimitri-lucas-anthony-lietart\/#primaryimage"},"image":{"@id":"https:\/\/www.ferembach.com\/cestquilescreas\/team\/dimitri-lucas-anthony-lietart\/#primaryimage"},"thumbnailUrl":"https:\/\/www.ferembach.com\/cestquilescreas\/wp-content\/uploads\/2019\/01\/portrait.jpg","datePublished":"2019-01-15T21:51:23+00:00","dateModified":"2019-01-16T07:08:01+00:00","breadcrumb":{"@id":"https:\/\/www.ferembach.com\/cestquilescreas\/team\/dimitri-lucas-anthony-lietart\/#breadcrumb"},"inLanguage":"fr-FR","potentialAction":[{"@type":"ReadAction","target":["https:\/\/www.ferembach.com\/cestquilescreas\/team\/dimitri-lucas-anthony-lietart\/"]}]},{"@type":"ImageObject","inLanguage":"fr-FR","@id":"https:\/\/www.ferembach.com\/cestquilescreas\/team\/dimitri-lucas-anthony-lietart\/#primaryimage","url":"https:\/\/www.ferembach.com\/cestquilescreas\/wp-content\/uploads\/2019\/01\/portrait.jpg","contentUrl":"https:\/\/www.ferembach.com\/cestquilescreas\/wp-content\/uploads\/2019\/01\/portrait.jpg","width":800,"height":490},{"@type":"BreadcrumbList","@id":"https:\/\/www.ferembach.com\/cestquilescreas\/team\/dimitri-lucas-anthony-lietart\/#breadcrumb","itemListElement":[{"@type":"ListItem","position":1,"name":"Accueil","item":"https:\/\/www.ferembach.com\/cestquilescreas\/"},{"@type":"ListItem","position":2,"name":"Dimitri Lucas + Anthony Lietart"}]},{"@type":"WebSite","@id":"https:\/\/www.ferembach.com\/cestquilescreas\/#website","url":"https:\/\/www.ferembach.com\/cestquilescreas\/","name":"C'est qui les Cr\u00e9as ?","description":"D\u00e9couvrez les cr\u00e9atifs, leurs parcours et leurs (en)vies...","publisher":{"@id":"https:\/\/www.ferembach.com\/cestquilescreas\/#organization"},"potentialAction":[{"@type":"SearchAction","target":{"@type":"EntryPoint","urlTemplate":"https:\/\/www.ferembach.com\/cestquilescreas\/?s={search_term_string}"},"query-input":{"@type":"PropertyValueSpecification","valueRequired":true,"valueName":"search_term_string"}}],"inLanguage":"fr-FR"},{"@type":"Organization","@id":"https:\/\/www.ferembach.com\/cestquilescreas\/#organization","name":"C'est qui les Cr\u00e9as ?","url":"https:\/\/www.ferembach.com\/cestquilescreas\/","logo":{"@type":"ImageObject","inLanguage":"fr-FR","@id":"https:\/\/www.ferembach.com\/cestquilescreas\/#\/schema\/logo\/image\/","url":"https:\/\/www.ferembach.com\/cestquilescreas\/wp-content\/uploads\/2020\/02\/logo-cqlc-1024x368-3.png","contentUrl":"https:\/\/www.ferembach.com\/cestquilescreas\/wp-content\/uploads\/2020\/02\/logo-cqlc-1024x368-3.png","width":1024,"height":368,"caption":"C'est qui les Cr\u00e9as ?"},"image":{"@id":"https:\/\/www.ferembach.com\/cestquilescreas\/#\/schema\/logo\/image\/"},"sameAs":["https:\/\/www.facebook.com\/CestquilesCreas\/"]},{"@type":"Person","@id":"https:\/\/www.ferembach.com\/cestquilescreas\/#\/schema\/person\/9d9f083667ed4720d2ee333788d921a8","name":"greg","image":{"@type":"ImageObject","inLanguage":"fr-FR","@id":"https:\/\/secure.gravatar.com\/avatar\/3db3c8d065f399dbb7244b016ea0e9f59e2b73fbf21e69f7d69bf805fb99d256?s=96&d=mm&r=g","url":"https:\/\/secure.gravatar.com\/avatar\/3db3c8d065f399dbb7244b016ea0e9f59e2b73fbf21e69f7d69bf805fb99d256?s=96&d=mm&r=g","contentUrl":"https:\/\/secure.gravatar.com\/avatar\/3db3c8d065f399dbb7244b016ea0e9f59e2b73fbf21e69f7d69bf805fb99d256?s=96&d=mm&r=g","caption":"greg"}}]}},"uagb_featured_image_src":{"full":["https:\/\/www.ferembach.com\/cestquilescreas\/wp-content\/uploads\/2019\/01\/portrait.jpg",800,490,false],"thumbnail":["https:\/\/www.ferembach.com\/cestquilescreas\/wp-content\/uploads\/2019\/01\/portrait-290x290.jpg",120,120,true],"medium":["https:\/\/www.ferembach.com\/cestquilescreas\/wp-content\/uploads\/2019\/01\/portrait-600x368.jpg",60,37,true],"medium_large":["https:\/\/www.ferembach.com\/cestquilescreas\/wp-content\/uploads\/2019\/01\/portrait-768x470.jpg",768,470,true],"large":["https:\/\/www.ferembach.com\/cestquilescreas\/wp-content\/uploads\/2019\/01\/portrait.jpg",800,490,false],"1536x1536":["https:\/\/www.ferembach.com\/cestquilescreas\/wp-content\/uploads\/2019\/01\/portrait.jpg",800,490,false],"2048x2048":["https:\/\/www.ferembach.com\/cestquilescreas\/wp-content\/uploads\/2019\/01\/portrait.jpg",800,490,false],"et-pb-post-main-image":["https:\/\/www.ferembach.com\/cestquilescreas\/wp-content\/uploads\/2019\/01\/portrait-400x250.jpg",400,250,true],"et-pb-post-main-image-fullwidth":["https:\/\/www.ferembach.com\/cestquilescreas\/wp-content\/uploads\/2019\/01\/portrait.jpg",800,490,false],"et-pb-portfolio-image":["https:\/\/www.ferembach.com\/cestquilescreas\/wp-content\/uploads\/2019\/01\/portrait-400x284.jpg",400,284,true],"et-pb-portfolio-module-image":["https:\/\/www.ferembach.com\/cestquilescreas\/wp-content\/uploads\/2019\/01\/portrait-510x382.jpg",510,382,true],"et-pb-portfolio-image-single":["https:\/\/www.ferembach.com\/cestquilescreas\/wp-content\/uploads\/2019\/01\/portrait.jpg",800,490,false],"et-pb-gallery-module-image-portrait":["https:\/\/www.ferembach.com\/cestquilescreas\/wp-content\/uploads\/2019\/01\/portrait-400x490.jpg",400,490,true],"et-pb-post-main-image-fullwidth-large":["https:\/\/www.ferembach.com\/cestquilescreas\/wp-content\/uploads\/2019\/01\/portrait.jpg",800,490,false],"et-pb-image--responsive--desktop":["https:\/\/www.ferembach.com\/cestquilescreas\/wp-content\/uploads\/2019\/01\/portrait.jpg",800,490,false],"et-pb-image--responsive--tablet":["https:\/\/www.ferembach.com\/cestquilescreas\/wp-content\/uploads\/2019\/01\/portrait.jpg",800,490,false],"et-pb-image--responsive--phone":["https:\/\/www.ferembach.com\/cestquilescreas\/wp-content\/uploads\/2019\/01\/portrait.jpg",441,270,false]},"uagb_author_info":{"display_name":"greg","author_link":"https:\/\/www.ferembach.com\/cestquilescreas\/author\/greg\/"},"uagb_comment_info":0,"uagb_excerpt":"Bonjour Dimitri &amp; Anthony, vous \u00eates en team chez Altmann + Pacreau....= quoi ? Dimitri : \u00c0 la louche, je dirais 782 ans d\u2019exp\u00e9rience publicitaire. Par contre, il faut dire \u00ab Dimitri + Anthony \u00bb. C\u2019est contractuel. Anthony : = Maison de famille avec tout ce qui va avec... Et vous quels ont \u00e9t\u00e9 vos\u2026","_links":{"self":[{"href":"https:\/\/www.ferembach.com\/cestquilescreas\/wp-json\/wp\/v2\/posts\/7333","targetHints":{"allow":["GET"]}}],"collection":[{"href":"https:\/\/www.ferembach.com\/cestquilescreas\/wp-json\/wp\/v2\/posts"}],"about":[{"href":"https:\/\/www.ferembach.com\/cestquilescreas\/wp-json\/wp\/v2\/types\/post"}],"author":[{"embeddable":true,"href":"https:\/\/www.ferembach.com\/cestquilescreas\/wp-json\/wp\/v2\/users\/5"}],"replies":[{"embeddable":true,"href":"https:\/\/www.ferembach.com\/cestquilescreas\/wp-json\/wp\/v2\/comments?post=7333"}],"version-history":[{"count":0,"href":"https:\/\/www.ferembach.com\/cestquilescreas\/wp-json\/wp\/v2\/posts\/7333\/revisions"}],"wp:featuredmedia":[{"embeddable":true,"href":"https:\/\/www.ferembach.com\/cestquilescreas\/wp-json\/wp\/v2\/media\/7387"}],"wp:attachment":[{"href":"https:\/\/www.ferembach.com\/cestquilescreas\/wp-json\/wp\/v2\/media?parent=7333"}],"wp:term":[{"taxonomy":"category","embeddable":true,"href":"https:\/\/www.ferembach.com\/cestquilescreas\/wp-json\/wp\/v2\/categories?post=7333"},{"taxonomy":"post_tag","embeddable":true,"href":"https:\/\/www.ferembach.com\/cestquilescreas\/wp-json\/wp\/v2\/tags?post=7333"}],"curies":[{"name":"wp","href":"https:\/\/api.w.org\/{rel}","templated":true}]}}