{"id":7477,"date":"2019-06-20T18:03:29","date_gmt":"2019-06-20T16:03:29","guid":{"rendered":"https:\/\/www.ferembach.com\/cestquilescreas\/?p=7477"},"modified":"2019-11-04T11:40:26","modified_gmt":"2019-11-04T09:40:26","slug":"podcasts","status":"publish","type":"post","link":"https:\/\/www.ferembach.com\/cestquilescreas\/creatif\/podcasts\/","title":{"rendered":"#1 : Travailler \u00e0 l&rsquo;\u00e9tranger"},"content":{"rendered":"\n\n[et_pb_section fb_built=\u00a0\u00bb1&Prime; _builder_version=\u00a0\u00bb3.22&Prime; custom_padding=\u00a0\u00bb0|0px|62px|0px|false|false\u00a0\u00bb fb_built=\u00a0\u00bb1&Prime; _i=\u00a0\u00bb0&Prime; _address=\u00a0\u00bb0&Prime;][et_pb_row use_custom_gutter=\u00a0\u00bbon\u00a0\u00bb gutter_width=\u00a0\u00bb1&Prime; _builder_version=\u00a0\u00bb3.27.4&Prime; background_color=\u00a0\u00bb#e5e5e5&Prime; module_alignment=\u00a0\u00bbleft\u00a0\u00bb custom_padding=\u00a0\u00bb0|0px|0|0px|false|false\u00a0\u00bb hover_enabled=\u00a0\u00bb0&Prime; custom_width_px=\u00a0\u00bb1564px\u00a0\u00bb _i=\u00a0\u00bb0&Prime; _address=\u00a0\u00bb0.0&Prime;][et_pb_column type=\u00a0\u00bb4_4&Prime; _builder_version=\u00a0\u00bb3.25&Prime; custom_padding=\u00a0\u00bb|||\u00a0\u00bb _i=\u00a0\u00bb0&Prime; _address=\u00a0\u00bb0.0.0&Prime; custom_padding__hover=\u00a0\u00bb|||\u00a0\u00bb][et_pb_image src=\u00a0\u00bbhttps:\/\/www.ferembach.com\/cestquilescreas\/wp-content\/uploads\/2019\/06\/podcast-etranger-1.jpg\u00a0\u00bb align_tablet=\u00a0\u00bbcenter\u00a0\u00bb align_last_edited=\u00a0\u00bbon|desktop\u00a0\u00bb _builder_version=\u00a0\u00bb3.23&Prime; module_alignment=\u00a0\u00bbleft\u00a0\u00bb _i=\u00a0\u00bb0&Prime; _address=\u00a0\u00bb0.0.0.0&Prime;][\/et_pb_image][et_pb_audio audio=\u00a0\u00bbhttps:\/\/www.ferembach.com\/cestquilescreas\/wp-content\/uploads\/2019\/11\/travailleretranger.mp3&Prime; title=\u00a0\u00bb\u00c9PISODE #1 : TRAVAILLER \u00c0 L&rsquo;\u00c9TRANGER  \u00a0\u00bb _builder_version=\u00a0\u00bb3.27.4&Prime; title_font=\u00a0\u00bbAbel|700|||||||\u00a0\u00bb title_text_align=\u00a0\u00bbcenter\u00a0\u00bb title_text_color=\u00a0\u00bb#000000&Prime; title_font_size=\u00a0\u00bb24px\u00a0\u00bb caption_font=\u00a0\u00bbAbel||||||||\u00a0\u00bb caption_text_align=\u00a0\u00bbcenter\u00a0\u00bb background_color=\u00a0\u00bb#e5e5e5&Prime; text_orientation=\u00a0\u00bbleft\u00a0\u00bb background_layout=\u00a0\u00bblight\u00a0\u00bb custom_margin=\u00a0\u00bb||\u00a0\u00bb hover_enabled=\u00a0\u00bb0&Prime; _i=\u00a0\u00bb1&Prime; _address=\u00a0\u00bb0.0.0.1&Prime;][\/et_pb_audio][et_pb_text _builder_version=\u00a0\u00bb3.27.4&Prime; text_font=\u00a0\u00bbAbel||||||||\u00a0\u00bb text_font_size=\u00a0\u00bb18px\u00a0\u00bb max_width=\u00a0\u00bb81%\u00a0\u00bb module_alignment=\u00a0\u00bbcenter\u00a0\u00bb custom_margin=\u00a0\u00bb-5px|||||\u00a0\u00bb custom_padding=\u00a0\u00bb||20px|||\u00a0\u00bb hover_enabled=\u00a0\u00bb0&Prime; _i=\u00a0\u00bb2&Prime; _address=\u00a0\u00bb0.0.0.2&Prime;]<p><strong>Pendant 50 min, <\/strong><strong>S\u00e9bastien Partika (Buzzman), Margot No\u00ebl (free) et Mathieu Vinciguerra (WNP) <\/strong>\u00e9noncent les raisons de leurs  d\u00e9parts pour Amsterdam, Londres et New-York aux postes de DA s\u00e9nior, ACD, et CR , ils racontent la vie l\u00e0-bas, les diff\u00e9rences de mentalit\u00e9, pourquoi \u00eatre revenu vivre \u00e0 Paris&#8230;<\/p>\n<p><span style=\"font-size: small;\">(illustration : Guillaume Chauvin)<\/span><\/p>[\/et_pb_text][\/et_pb_column][\/et_pb_row][\/et_pb_section]\n\n<div class=\"powerpress_player\" id=\"powerpress_player_8179\"><a href=\"https:\/\/www.ferembach.com\/cestquilescreas\/wp-content\/uploads\/2019\/11\/travailleretranger.mp3\" title=\"Play\" onclick=\"return powerpress_embed_html5a('8179','https:\/\/www.ferembach.com\/cestquilescreas\/wp-content\/uploads\/2019\/11\/travailleretranger.mp3');\" target=\"_blank\"><img decoding=\"async\" src=\"https:\/\/www.ferembach.com\/cestquilescreas\/wp-content\/plugins\/powerpress\/play_audio.png\" title=\"Play\" alt=\"Play\" style=\"border:0;\" width=\"23px\" height=\"24px\" \/><\/a><\/div>\n<p class=\"powerpress_links powerpress_links_mp3\" style=\"margin-bottom: 1px !important;\">Podcast: <a href=\"https:\/\/www.ferembach.com\/cestquilescreas\/wp-content\/uploads\/2019\/11\/travailleretranger.mp3\" class=\"powerpress_link_pinw\" target=\"_blank\" title=\"Play in new window\" onclick=\"return powerpress_pinw('https:\/\/www.ferembach.com\/cestquilescreas\/?powerpress_pinw=7477-podcast');\" rel=\"nofollow\">Play in new window<\/a> | <a href=\"https:\/\/www.ferembach.com\/cestquilescreas\/wp-content\/uploads\/2019\/11\/travailleretranger.mp3\" class=\"powerpress_link_d\" title=\"Download\" rel=\"nofollow\" download=\"travailleretranger.mp3\">Download<\/a><\/p>","protected":false},"excerpt":{"rendered":"<p>S\u00e9bastien Partika (Buzzman), Margot No\u00ebl (free) et Mathieu Vinciguerra (WNP) \u00e9noncent les raisons de leurs d\u00e9parts pour Amsterdam, Londres et New-York aux postes de DA s\u00e9nior, ACD, et CR , ils racontent la vie l\u00e0-bas, les diff\u00e9rences de mentalit\u00e9, pourquoi \u00eatre revenu vivre \u00e0 Paris\u2026<\/p>\n","protected":false},"author":5,"featured_media":7515,"comment_status":"closed","ping_status":"closed","sticky":false,"template":"","format":"standard","meta":{"_et_pb_use_builder":"on","_et_pb_old_content":"","_et_gb_content_width":"","_uag_custom_page_level_css":"","footnotes":""},"categories":[44,87],"tags":[],"class_list":["post-7477","post","type-post","status-publish","format-standard","has-post-thumbnail","hentry","category-creatif","category-podcast"],"yoast_head":"<!-- This site is optimized with the Yoast SEO plugin v27.5 - https:\/\/yoast.com\/product\/yoast-seo-wordpress\/ -->\n<title>#1 : Travailler \u00e0 l&#039;\u00e9tranger &#8226; C&#039;est qui les Cr\u00e9as ?<\/title>\n<meta name=\"robots\" content=\"index, follow, max-snippet:-1, max-image-preview:large, max-video-preview:-1\" \/>\n<link rel=\"canonical\" href=\"https:\/\/www.ferembach.com\/cestquilescreas\/creatif\/podcasts\/\" \/>\n<meta property=\"og:locale\" content=\"fr_FR\" \/>\n<meta property=\"og:type\" content=\"article\" \/>\n<meta property=\"og:title\" content=\"Podcast - Travailler \u00e0 l&#039;\u00e9tranger\" \/>\n<meta property=\"og:description\" content=\"Pendant 50 min, S\u00e9bastien Partika (Buzzman), Margot No\u00ebl (free) et Mathieu Vinciguerra (WNP) \u00e9noncent les raisons de leurs d\u00e9parts pour Amsterdam, Londres et New-York aux postes de DA s\u00e9nior, ACD, et CR , ils racontent la vie l\u00e0-bas, les diff\u00e9rences de mentalit\u00e9, pourquoi \u00eatre revenu vivre \u00e0 Paris\u2026\" \/>\n<meta property=\"og:url\" content=\"https:\/\/www.ferembach.com\/cestquilescreas\/creatif\/podcasts\/\" \/>\n<meta property=\"og:site_name\" content=\"C&#039;est qui les Cr\u00e9as ?\" \/>\n<meta property=\"article:publisher\" content=\"https:\/\/www.facebook.com\/CestquilesCreas\/\" \/>\n<meta property=\"article:published_time\" content=\"2019-06-20T16:03:29+00:00\" \/>\n<meta property=\"article:modified_time\" content=\"2019-11-04T09:40:26+00:00\" \/>\n<meta property=\"og:image\" content=\"https:\/\/www.ferembach.com\/cestquilescreas\/wp-content\/uploads\/2019\/06\/podcast-etranger-1.jpg\" \/>\n\t<meta property=\"og:image:width\" content=\"1019\" \/>\n\t<meta property=\"og:image:height\" content=\"1019\" \/>\n\t<meta property=\"og:image:type\" content=\"image\/jpeg\" \/>\n<meta name=\"author\" content=\"greg\" \/>\n<meta name=\"twitter:card\" content=\"summary_large_image\" \/>\n<meta name=\"twitter:label1\" content=\"\u00c9crit par\" \/>\n\t<meta name=\"twitter:data1\" content=\"greg\" \/>\n\t<meta name=\"twitter:label2\" content=\"Dur\u00e9e de lecture estim\u00e9e\" \/>\n\t<meta name=\"twitter:data2\" content=\"1 minute\" \/>\n<script type=\"application\/ld+json\" class=\"yoast-schema-graph\">{\"@context\":\"https:\\\/\\\/schema.org\",\"@graph\":[{\"@type\":\"Article\",\"@id\":\"https:\\\/\\\/www.ferembach.com\\\/cestquilescreas\\\/creatif\\\/podcasts\\\/#article\",\"isPartOf\":{\"@id\":\"https:\\\/\\\/www.ferembach.com\\\/cestquilescreas\\\/creatif\\\/podcasts\\\/\"},\"author\":{\"name\":\"greg\",\"@id\":\"https:\\\/\\\/www.ferembach.com\\\/cestquilescreas\\\/#\\\/schema\\\/person\\\/9d9f083667ed4720d2ee333788d921a8\"},\"headline\":\"#1 : Travailler \u00e0 l&rsquo;\u00e9tranger\",\"datePublished\":\"2019-06-20T16:03:29+00:00\",\"dateModified\":\"2019-11-04T09:40:26+00:00\",\"mainEntityOfPage\":{\"@id\":\"https:\\\/\\\/www.ferembach.com\\\/cestquilescreas\\\/creatif\\\/podcasts\\\/\"},\"wordCount\":253,\"publisher\":{\"@id\":\"https:\\\/\\\/www.ferembach.com\\\/cestquilescreas\\\/#organization\"},\"image\":{\"@id\":\"https:\\\/\\\/www.ferembach.com\\\/cestquilescreas\\\/creatif\\\/podcasts\\\/#primaryimage\"},\"thumbnailUrl\":\"https:\\\/\\\/www.ferembach.com\\\/cestquilescreas\\\/wp-content\\\/uploads\\\/2019\\\/06\\\/podcast-etranger-1.jpg\",\"articleSection\":[\".cr\u00e9atif\",\"podcast\"],\"inLanguage\":\"fr-FR\"},{\"@type\":\"WebPage\",\"@id\":\"https:\\\/\\\/www.ferembach.com\\\/cestquilescreas\\\/creatif\\\/podcasts\\\/\",\"url\":\"https:\\\/\\\/www.ferembach.com\\\/cestquilescreas\\\/creatif\\\/podcasts\\\/\",\"name\":\"#1 : Travailler \u00e0 l'\u00e9tranger &#8226; C&#039;est qui les Cr\u00e9as ?\",\"isPartOf\":{\"@id\":\"https:\\\/\\\/www.ferembach.com\\\/cestquilescreas\\\/#website\"},\"primaryImageOfPage\":{\"@id\":\"https:\\\/\\\/www.ferembach.com\\\/cestquilescreas\\\/creatif\\\/podcasts\\\/#primaryimage\"},\"image\":{\"@id\":\"https:\\\/\\\/www.ferembach.com\\\/cestquilescreas\\\/creatif\\\/podcasts\\\/#primaryimage\"},\"thumbnailUrl\":\"https:\\\/\\\/www.ferembach.com\\\/cestquilescreas\\\/wp-content\\\/uploads\\\/2019\\\/06\\\/podcast-etranger-1.jpg\",\"datePublished\":\"2019-06-20T16:03:29+00:00\",\"dateModified\":\"2019-11-04T09:40:26+00:00\",\"breadcrumb\":{\"@id\":\"https:\\\/\\\/www.ferembach.com\\\/cestquilescreas\\\/creatif\\\/podcasts\\\/#breadcrumb\"},\"inLanguage\":\"fr-FR\",\"potentialAction\":[{\"@type\":\"ReadAction\",\"target\":[\"https:\\\/\\\/www.ferembach.com\\\/cestquilescreas\\\/creatif\\\/podcasts\\\/\"]}]},{\"@type\":\"ImageObject\",\"inLanguage\":\"fr-FR\",\"@id\":\"https:\\\/\\\/www.ferembach.com\\\/cestquilescreas\\\/creatif\\\/podcasts\\\/#primaryimage\",\"url\":\"https:\\\/\\\/www.ferembach.com\\\/cestquilescreas\\\/wp-content\\\/uploads\\\/2019\\\/06\\\/podcast-etranger-1.jpg\",\"contentUrl\":\"https:\\\/\\\/www.ferembach.com\\\/cestquilescreas\\\/wp-content\\\/uploads\\\/2019\\\/06\\\/podcast-etranger-1.jpg\",\"width\":1019,\"height\":1019},{\"@type\":\"BreadcrumbList\",\"@id\":\"https:\\\/\\\/www.ferembach.com\\\/cestquilescreas\\\/creatif\\\/podcasts\\\/#breadcrumb\",\"itemListElement\":[{\"@type\":\"ListItem\",\"position\":1,\"name\":\"Accueil\",\"item\":\"https:\\\/\\\/www.ferembach.com\\\/cestquilescreas\\\/\"},{\"@type\":\"ListItem\",\"position\":2,\"name\":\"#1 : Travailler \u00e0 l&rsquo;\u00e9tranger\"}]},{\"@type\":\"WebSite\",\"@id\":\"https:\\\/\\\/www.ferembach.com\\\/cestquilescreas\\\/#website\",\"url\":\"https:\\\/\\\/www.ferembach.com\\\/cestquilescreas\\\/\",\"name\":\"C'est qui les Cr\u00e9as ?\",\"description\":\"D\u00e9couvrez les cr\u00e9atifs, leurs parcours et leurs (en)vies...\",\"publisher\":{\"@id\":\"https:\\\/\\\/www.ferembach.com\\\/cestquilescreas\\\/#organization\"},\"potentialAction\":[{\"@type\":\"SearchAction\",\"target\":{\"@type\":\"EntryPoint\",\"urlTemplate\":\"https:\\\/\\\/www.ferembach.com\\\/cestquilescreas\\\/?s={search_term_string}\"},\"query-input\":{\"@type\":\"PropertyValueSpecification\",\"valueRequired\":true,\"valueName\":\"search_term_string\"}}],\"inLanguage\":\"fr-FR\"},{\"@type\":\"Organization\",\"@id\":\"https:\\\/\\\/www.ferembach.com\\\/cestquilescreas\\\/#organization\",\"name\":\"C'est qui les Cr\u00e9as ?\",\"url\":\"https:\\\/\\\/www.ferembach.com\\\/cestquilescreas\\\/\",\"logo\":{\"@type\":\"ImageObject\",\"inLanguage\":\"fr-FR\",\"@id\":\"https:\\\/\\\/www.ferembach.com\\\/cestquilescreas\\\/#\\\/schema\\\/logo\\\/image\\\/\",\"url\":\"https:\\\/\\\/www.ferembach.com\\\/cestquilescreas\\\/wp-content\\\/uploads\\\/2020\\\/02\\\/logo-cqlc-1024x368-3.png\",\"contentUrl\":\"https:\\\/\\\/www.ferembach.com\\\/cestquilescreas\\\/wp-content\\\/uploads\\\/2020\\\/02\\\/logo-cqlc-1024x368-3.png\",\"width\":1024,\"height\":368,\"caption\":\"C'est qui les Cr\u00e9as ?\"},\"image\":{\"@id\":\"https:\\\/\\\/www.ferembach.com\\\/cestquilescreas\\\/#\\\/schema\\\/logo\\\/image\\\/\"},\"sameAs\":[\"https:\\\/\\\/www.facebook.com\\\/CestquilesCreas\\\/\"]},{\"@type\":\"Person\",\"@id\":\"https:\\\/\\\/www.ferembach.com\\\/cestquilescreas\\\/#\\\/schema\\\/person\\\/9d9f083667ed4720d2ee333788d921a8\",\"name\":\"greg\",\"image\":{\"@type\":\"ImageObject\",\"inLanguage\":\"fr-FR\",\"@id\":\"https:\\\/\\\/secure.gravatar.com\\\/avatar\\\/3db3c8d065f399dbb7244b016ea0e9f59e2b73fbf21e69f7d69bf805fb99d256?s=96&d=mm&r=g\",\"url\":\"https:\\\/\\\/secure.gravatar.com\\\/avatar\\\/3db3c8d065f399dbb7244b016ea0e9f59e2b73fbf21e69f7d69bf805fb99d256?s=96&d=mm&r=g\",\"contentUrl\":\"https:\\\/\\\/secure.gravatar.com\\\/avatar\\\/3db3c8d065f399dbb7244b016ea0e9f59e2b73fbf21e69f7d69bf805fb99d256?s=96&d=mm&r=g\",\"caption\":\"greg\"}}]}<\/script>\n<!-- \/ Yoast SEO plugin. -->","yoast_head_json":{"title":"#1 : Travailler \u00e0 l'\u00e9tranger &#8226; C&#039;est qui les Cr\u00e9as ?","robots":{"index":"index","follow":"follow","max-snippet":"max-snippet:-1","max-image-preview":"max-image-preview:large","max-video-preview":"max-video-preview:-1"},"canonical":"https:\/\/www.ferembach.com\/cestquilescreas\/creatif\/podcasts\/","og_locale":"fr_FR","og_type":"article","og_title":"Podcast - Travailler \u00e0 l'\u00e9tranger","og_description":"Pendant 50 min, S\u00e9bastien Partika (Buzzman), Margot No\u00ebl (free) et Mathieu Vinciguerra (WNP) \u00e9noncent les raisons de leurs d\u00e9parts pour Amsterdam, Londres et New-York aux postes de DA s\u00e9nior, ACD, et CR , ils racontent la vie l\u00e0-bas, les diff\u00e9rences de mentalit\u00e9, pourquoi \u00eatre revenu vivre \u00e0 Paris\u2026","og_url":"https:\/\/www.ferembach.com\/cestquilescreas\/creatif\/podcasts\/","og_site_name":"C&#039;est qui les Cr\u00e9as ?","article_publisher":"https:\/\/www.facebook.com\/CestquilesCreas\/","article_published_time":"2019-06-20T16:03:29+00:00","article_modified_time":"2019-11-04T09:40:26+00:00","og_image":[{"width":1019,"height":1019,"url":"https:\/\/www.ferembach.com\/cestquilescreas\/wp-content\/uploads\/2019\/06\/podcast-etranger-1.jpg","type":"image\/jpeg"}],"author":"greg","twitter_card":"summary_large_image","twitter_misc":{"\u00c9crit par":"greg","Dur\u00e9e de lecture estim\u00e9e":"1 minute"},"schema":{"@context":"https:\/\/schema.org","@graph":[{"@type":"Article","@id":"https:\/\/www.ferembach.com\/cestquilescreas\/creatif\/podcasts\/#article","isPartOf":{"@id":"https:\/\/www.ferembach.com\/cestquilescreas\/creatif\/podcasts\/"},"author":{"name":"greg","@id":"https:\/\/www.ferembach.com\/cestquilescreas\/#\/schema\/person\/9d9f083667ed4720d2ee333788d921a8"},"headline":"#1 : Travailler \u00e0 l&rsquo;\u00e9tranger","datePublished":"2019-06-20T16:03:29+00:00","dateModified":"2019-11-04T09:40:26+00:00","mainEntityOfPage":{"@id":"https:\/\/www.ferembach.com\/cestquilescreas\/creatif\/podcasts\/"},"wordCount":253,"publisher":{"@id":"https:\/\/www.ferembach.com\/cestquilescreas\/#organization"},"image":{"@id":"https:\/\/www.ferembach.com\/cestquilescreas\/creatif\/podcasts\/#primaryimage"},"thumbnailUrl":"https:\/\/www.ferembach.com\/cestquilescreas\/wp-content\/uploads\/2019\/06\/podcast-etranger-1.jpg","articleSection":[".cr\u00e9atif","podcast"],"inLanguage":"fr-FR"},{"@type":"WebPage","@id":"https:\/\/www.ferembach.com\/cestquilescreas\/creatif\/podcasts\/","url":"https:\/\/www.ferembach.com\/cestquilescreas\/creatif\/podcasts\/","name":"#1 : Travailler \u00e0 l'\u00e9tranger &#8226; C&#039;est qui les Cr\u00e9as ?","isPartOf":{"@id":"https:\/\/www.ferembach.com\/cestquilescreas\/#website"},"primaryImageOfPage":{"@id":"https:\/\/www.ferembach.com\/cestquilescreas\/creatif\/podcasts\/#primaryimage"},"image":{"@id":"https:\/\/www.ferembach.com\/cestquilescreas\/creatif\/podcasts\/#primaryimage"},"thumbnailUrl":"https:\/\/www.ferembach.com\/cestquilescreas\/wp-content\/uploads\/2019\/06\/podcast-etranger-1.jpg","datePublished":"2019-06-20T16:03:29+00:00","dateModified":"2019-11-04T09:40:26+00:00","breadcrumb":{"@id":"https:\/\/www.ferembach.com\/cestquilescreas\/creatif\/podcasts\/#breadcrumb"},"inLanguage":"fr-FR","potentialAction":[{"@type":"ReadAction","target":["https:\/\/www.ferembach.com\/cestquilescreas\/creatif\/podcasts\/"]}]},{"@type":"ImageObject","inLanguage":"fr-FR","@id":"https:\/\/www.ferembach.com\/cestquilescreas\/creatif\/podcasts\/#primaryimage","url":"https:\/\/www.ferembach.com\/cestquilescreas\/wp-content\/uploads\/2019\/06\/podcast-etranger-1.jpg","contentUrl":"https:\/\/www.ferembach.com\/cestquilescreas\/wp-content\/uploads\/2019\/06\/podcast-etranger-1.jpg","width":1019,"height":1019},{"@type":"BreadcrumbList","@id":"https:\/\/www.ferembach.com\/cestquilescreas\/creatif\/podcasts\/#breadcrumb","itemListElement":[{"@type":"ListItem","position":1,"name":"Accueil","item":"https:\/\/www.ferembach.com\/cestquilescreas\/"},{"@type":"ListItem","position":2,"name":"#1 : Travailler \u00e0 l&rsquo;\u00e9tranger"}]},{"@type":"WebSite","@id":"https:\/\/www.ferembach.com\/cestquilescreas\/#website","url":"https:\/\/www.ferembach.com\/cestquilescreas\/","name":"C'est qui les Cr\u00e9as ?","description":"D\u00e9couvrez les cr\u00e9atifs, leurs parcours et leurs (en)vies...","publisher":{"@id":"https:\/\/www.ferembach.com\/cestquilescreas\/#organization"},"potentialAction":[{"@type":"SearchAction","target":{"@type":"EntryPoint","urlTemplate":"https:\/\/www.ferembach.com\/cestquilescreas\/?s={search_term_string}"},"query-input":{"@type":"PropertyValueSpecification","valueRequired":true,"valueName":"search_term_string"}}],"inLanguage":"fr-FR"},{"@type":"Organization","@id":"https:\/\/www.ferembach.com\/cestquilescreas\/#organization","name":"C'est qui les Cr\u00e9as ?","url":"https:\/\/www.ferembach.com\/cestquilescreas\/","logo":{"@type":"ImageObject","inLanguage":"fr-FR","@id":"https:\/\/www.ferembach.com\/cestquilescreas\/#\/schema\/logo\/image\/","url":"https:\/\/www.ferembach.com\/cestquilescreas\/wp-content\/uploads\/2020\/02\/logo-cqlc-1024x368-3.png","contentUrl":"https:\/\/www.ferembach.com\/cestquilescreas\/wp-content\/uploads\/2020\/02\/logo-cqlc-1024x368-3.png","width":1024,"height":368,"caption":"C'est qui les Cr\u00e9as ?"},"image":{"@id":"https:\/\/www.ferembach.com\/cestquilescreas\/#\/schema\/logo\/image\/"},"sameAs":["https:\/\/www.facebook.com\/CestquilesCreas\/"]},{"@type":"Person","@id":"https:\/\/www.ferembach.com\/cestquilescreas\/#\/schema\/person\/9d9f083667ed4720d2ee333788d921a8","name":"greg","image":{"@type":"ImageObject","inLanguage":"fr-FR","@id":"https:\/\/secure.gravatar.com\/avatar\/3db3c8d065f399dbb7244b016ea0e9f59e2b73fbf21e69f7d69bf805fb99d256?s=96&d=mm&r=g","url":"https:\/\/secure.gravatar.com\/avatar\/3db3c8d065f399dbb7244b016ea0e9f59e2b73fbf21e69f7d69bf805fb99d256?s=96&d=mm&r=g","contentUrl":"https:\/\/secure.gravatar.com\/avatar\/3db3c8d065f399dbb7244b016ea0e9f59e2b73fbf21e69f7d69bf805fb99d256?s=96&d=mm&r=g","caption":"greg"}}]}},"uagb_featured_image_src":{"full":["https:\/\/www.ferembach.com\/cestquilescreas\/wp-content\/uploads\/2019\/06\/podcast-etranger-1.jpg",1019,1019,false],"thumbnail":["https:\/\/www.ferembach.com\/cestquilescreas\/wp-content\/uploads\/2019\/06\/podcast-etranger-1-120x120.jpg",120,120,true],"medium":["https:\/\/www.ferembach.com\/cestquilescreas\/wp-content\/uploads\/2019\/06\/podcast-etranger-1-60x60.jpg",60,60,true],"medium_large":["https:\/\/www.ferembach.com\/cestquilescreas\/wp-content\/uploads\/2019\/06\/podcast-etranger-1-768x768.jpg",768,768,true],"large":["https:\/\/www.ferembach.com\/cestquilescreas\/wp-content\/uploads\/2019\/06\/podcast-etranger-1.jpg",1019,1019,false],"1536x1536":["https:\/\/www.ferembach.com\/cestquilescreas\/wp-content\/uploads\/2019\/06\/podcast-etranger-1.jpg",1019,1019,false],"2048x2048":["https:\/\/www.ferembach.com\/cestquilescreas\/wp-content\/uploads\/2019\/06\/podcast-etranger-1.jpg",1019,1019,false],"et-pb-post-main-image":["https:\/\/www.ferembach.com\/cestquilescreas\/wp-content\/uploads\/2019\/06\/podcast-etranger-1-400x250.jpg",400,250,true],"et-pb-post-main-image-fullwidth":["https:\/\/www.ferembach.com\/cestquilescreas\/wp-content\/uploads\/2019\/06\/podcast-etranger-1-1019x675.jpg",1019,675,true],"et-pb-portfolio-image":["https:\/\/www.ferembach.com\/cestquilescreas\/wp-content\/uploads\/2019\/06\/podcast-etranger-1-400x284.jpg",400,284,true],"et-pb-portfolio-module-image":["https:\/\/www.ferembach.com\/cestquilescreas\/wp-content\/uploads\/2019\/06\/podcast-etranger-1-510x382.jpg",510,382,true],"et-pb-portfolio-image-single":["https:\/\/www.ferembach.com\/cestquilescreas\/wp-content\/uploads\/2019\/06\/podcast-etranger-1.jpg",1019,1019,false],"et-pb-gallery-module-image-portrait":["https:\/\/www.ferembach.com\/cestquilescreas\/wp-content\/uploads\/2019\/06\/podcast-etranger-1-400x516.jpg",400,516,true],"et-pb-post-main-image-fullwidth-large":["https:\/\/www.ferembach.com\/cestquilescreas\/wp-content\/uploads\/2019\/06\/podcast-etranger-1.jpg",1019,1019,false],"et-pb-image--responsive--desktop":["https:\/\/www.ferembach.com\/cestquilescreas\/wp-content\/uploads\/2019\/06\/podcast-etranger-1.jpg",720,720,false],"et-pb-image--responsive--tablet":["https:\/\/www.ferembach.com\/cestquilescreas\/wp-content\/uploads\/2019\/06\/podcast-etranger-1.jpg",551,551,false],"et-pb-image--responsive--phone":["https:\/\/www.ferembach.com\/cestquilescreas\/wp-content\/uploads\/2019\/06\/podcast-etranger-1.jpg",270,270,false]},"uagb_author_info":{"display_name":"greg","author_link":"https:\/\/www.ferembach.com\/cestquilescreas\/author\/greg\/"},"uagb_comment_info":0,"uagb_excerpt":"S\u00e9bastien Partika (Buzzman), Margot No\u00ebl (free) et Mathieu Vinciguerra (WNP) \u00e9noncent les raisons de leurs d\u00e9parts pour Amsterdam, Londres et New-York aux postes de DA s\u00e9nior, ACD, et CR , ils racontent la vie l\u00e0-bas, les diff\u00e9rences de mentalit\u00e9, pourquoi \u00eatre revenu vivre \u00e0 Paris\u2026","_links":{"self":[{"href":"https:\/\/www.ferembach.com\/cestquilescreas\/wp-json\/wp\/v2\/posts\/7477","targetHints":{"allow":["GET"]}}],"collection":[{"href":"https:\/\/www.ferembach.com\/cestquilescreas\/wp-json\/wp\/v2\/posts"}],"about":[{"href":"https:\/\/www.ferembach.com\/cestquilescreas\/wp-json\/wp\/v2\/types\/post"}],"author":[{"embeddable":true,"href":"https:\/\/www.ferembach.com\/cestquilescreas\/wp-json\/wp\/v2\/users\/5"}],"replies":[{"embeddable":true,"href":"https:\/\/www.ferembach.com\/cestquilescreas\/wp-json\/wp\/v2\/comments?post=7477"}],"version-history":[{"count":0,"href":"https:\/\/www.ferembach.com\/cestquilescreas\/wp-json\/wp\/v2\/posts\/7477\/revisions"}],"wp:featuredmedia":[{"embeddable":true,"href":"https:\/\/www.ferembach.com\/cestquilescreas\/wp-json\/wp\/v2\/media\/7515"}],"wp:attachment":[{"href":"https:\/\/www.ferembach.com\/cestquilescreas\/wp-json\/wp\/v2\/media?parent=7477"}],"wp:term":[{"taxonomy":"category","embeddable":true,"href":"https:\/\/www.ferembach.com\/cestquilescreas\/wp-json\/wp\/v2\/categories?post=7477"},{"taxonomy":"post_tag","embeddable":true,"href":"https:\/\/www.ferembach.com\/cestquilescreas\/wp-json\/wp\/v2\/tags?post=7477"}],"curies":[{"name":"wp","href":"https:\/\/api.w.org\/{rel}","templated":true}]}}