{"id":8828,"date":"2021-11-25T01:18:08","date_gmt":"2021-11-24T23:18:08","guid":{"rendered":"https:\/\/www.ferembach.com\/cestquilescreas\/?p=8828"},"modified":"2021-11-25T10:11:59","modified_gmt":"2021-11-25T08:11:59","slug":"hadi-hassan-helou","status":"publish","type":"post","link":"https:\/\/www.ferembach.com\/cestquilescreas\/directeur-de-creation\/hadi-hassan-helou\/","title":{"rendered":"Hadi Hassan-Helou"},"content":{"rendered":"\n<figure class=\"wp-block-image size-large\"><img loading=\"lazy\" decoding=\"async\" width=\"1024\" height=\"358\" src=\"https:\/\/www.ferembach.com\/cestquilescreas\/wp-content\/uploads\/2021\/11\/hassan-helou-min-1024x358.jpg\" alt=\"\" class=\"wp-image-8838\" srcset=\"https:\/\/www.ferembach.com\/cestquilescreas\/wp-content\/uploads\/2021\/11\/hassan-helou-min-980x343.jpg 980w, https:\/\/www.ferembach.com\/cestquilescreas\/wp-content\/uploads\/2021\/11\/hassan-helou-min-480x168.jpg 480w\" sizes=\"auto, (min-width: 0px) and (max-width: 480px) 480px, (min-width: 481px) and (max-width: 980px) 980px, (min-width: 981px) 1024px, 100vw\" \/><\/figure>\n\n\n\n<p class=\"has-vivid-cyan-blue-color has-text-color has-medium-font-size\">Bonjour Hadi, quel a \u00e9t\u00e9 ton parcours ?<\/p>\n\n\n\n<p> J&rsquo;ai commenc\u00e9 ma carri\u00e8re en 2003 chez JWT Paris en tant que concepteur-r\u00e9dacteur junior. Ensuite, je suis all\u00e9 chez Leo Burnett Paris o\u00f9, au bout de quelques ann\u00e9es, je suis devenu senior puis directeur de cr\u00e9ation. Ensuite, nous sommes partis en team, avec J\u00e9r\u00f4me Gonfond mon AD et ami de toujours, faire de la direction de cr\u00e9ation chez Havas Paris avant de devenir ECD chez La Chose. Et aujourd&rsquo;hui je rejoins, pour mon plus grand bonheur, The Good Company. <\/p>\n\n\n\n<p class=\"has-vivid-cyan-blue-color has-text-color has-medium-font-size\">Depuis combien d\u2019ann\u00e9es travailles-tu dans le milieu de la publicit\u00e9 ? <\/p>\n\n\n\n<p>18 ans exactement. <br><\/p>\n\n\n\n<p class=\"has-vivid-cyan-blue-color has-text-color has-medium-font-size\">As-tu h\u00e9sit\u00e9 \u00e0 faire de la pub, tu aurais fait quoi \u00e0 la place ?<\/p>\n\n\n\n<p> Je n\u2019ai pas beaucoup h\u00e9sit\u00e9, non. Apr\u00e8s, selon mes proches, j\u2019aurais pu faire un bon psy. J\u2019adore \u00e9couter les gens parler. Heureusement, il y en a beaucoup dans la publicit\u00e9\u202f! <\/p>\n\n\n\n<p class=\"has-vivid-cyan-blue-color has-text-color has-medium-font-size\">Tu es &lsquo;fan&rsquo; de quoi ? <\/p>\n\n\n\n<p>J\u2019aime les gens. J\u2019adore les voir vivre. Et la meilleure place pour les observer, ce sont les bancs publics. D\u00e8s que je me prom\u00e8ne et que j\u2019en vois un qui est bien plac\u00e9, je fonce m\u2019assoir dessus. J\u2019ai \u00e9galement toute une collection de photos de bancs de toutes sortes chez moi. <\/p>\n\n\n\n<p><\/p>\n\n\n\n<p class=\"has-vivid-cyan-blue-color has-text-color has-medium-font-size\">Tu travailles sur quoi, avec qui ? <\/p>\n\n\n\n<p>Actuellement je travaille avec les talentueux Philippe Pioli-Lesesvre et Fabien Gailleul \u00e0 la direction de cr\u00e9ation de TGC. Nous travaillons ensemble de fa\u00e7on tr\u00e8s fluide sur l\u2019ensemble des clients de l\u2019agence et je m\u2019occupe aussi plus particuli\u00e8rement du budget Macif, que nous venons de gagner avec notre filiale Esp\u00e9rance. <\/p>\n\n\n\n<p class=\"has-vivid-cyan-blue-color has-text-color has-medium-font-size\">Parle-nous des choses que tu as faites : <\/p>\n\n\n\n<p>\u201cEmma\u201d pour le Tr\u00e8fle, une publicit\u00e9 populaire qui a fait le tour du monde sans que l\u2019on s\u2019y attende vraiment&nbsp;: <\/p>\n\n\n<figure class=\"wp-block-embed-youtube wp-block-embed is-type-video is-provider-youtube wp-embed-aspect-16-9 wp-has-aspect-ratio\"><div class=\"lyte-wrapper\" style=\"width:853px;max-width:100%;margin:5px auto;\"><div class=\"lyMe\" id=\"WYL_29eDC4KeETY\"><div id=\"lyte_29eDC4KeETY\" data-src=\"https:\/\/www.ferembach.com\/cestquilescreas\/wp-content\/plugins\/wp-youtube-lyte\/lyteCache.php?origThumbUrl=%2F%2Fi.ytimg.com%2Fvi%2F29eDC4KeETY%2Fhqdefault.jpg\" class=\"pL\"><div class=\"tC\"><div class=\"tT\"><\/div><\/div><div class=\"play\"><\/div><div class=\"ctrl\"><div class=\"Lctrl\"><\/div><div class=\"Rctrl\"><\/div><\/div><\/div><noscript><a href=\"https:\/\/youtu.be\/29eDC4KeETY\" rel=\"nofollow\"><img loading=\"lazy\" decoding=\"async\" src=\"https:\/\/www.ferembach.com\/cestquilescreas\/wp-content\/plugins\/wp-youtube-lyte\/lyteCache.php?origThumbUrl=https%3A%2F%2Fi.ytimg.com%2Fvi%2F29eDC4KeETY%2F0.jpg\" alt=\"YouTube video thumbnail\" width=\"853\" height=\"460\" \/><br \/>Lire cette vid\u00e9o sur YouTube<\/a><\/noscript><\/div><\/div><div class=\"lL\" style=\"max-width:100%;width:853px;margin:5px auto;\"><\/div><figcaption><\/figcaption><\/figure>\n\n\n<p>\u201cMy Lord\u201d pour Sopalin, o\u00f9 l\u2019on prit un plaisir fou \u00e0 le faire du d\u00e9but \u00e0 la fin&nbsp;: <\/p>\n\n\n<figure class=\"wp-block-embed-youtube wp-block-embed is-type-video is-provider-youtube wp-embed-aspect-16-9 wp-has-aspect-ratio\"><div class=\"lyte-wrapper\" style=\"width:853px;max-width:100%;margin:5px auto;\"><div class=\"lyMe\" id=\"WYL_JndegnFNhpA\"><div id=\"lyte_JndegnFNhpA\" data-src=\"https:\/\/www.ferembach.com\/cestquilescreas\/wp-content\/plugins\/wp-youtube-lyte\/lyteCache.php?origThumbUrl=%2F%2Fi.ytimg.com%2Fvi%2FJndegnFNhpA%2Fhqdefault.jpg\" class=\"pL\"><div class=\"tC\"><div class=\"tT\"><\/div><\/div><div class=\"play\"><\/div><div class=\"ctrl\"><div class=\"Lctrl\"><\/div><div class=\"Rctrl\"><\/div><\/div><\/div><noscript><a href=\"https:\/\/youtu.be\/JndegnFNhpA\" rel=\"nofollow\"><img loading=\"lazy\" decoding=\"async\" src=\"https:\/\/www.ferembach.com\/cestquilescreas\/wp-content\/plugins\/wp-youtube-lyte\/lyteCache.php?origThumbUrl=https%3A%2F%2Fi.ytimg.com%2Fvi%2FJndegnFNhpA%2F0.jpg\" alt=\"YouTube video thumbnail\" width=\"853\" height=\"460\" \/><br \/>Lire cette vid\u00e9o sur YouTube<\/a><\/noscript><\/div><\/div><div class=\"lL\" style=\"max-width:100%;width:853px;margin:5px auto;\"><\/div><figcaption><\/figcaption><\/figure>\n\n\n<p>Et dans un style compl\u00e8tement diff\u00e9rent \u201cThe Cube\u201d, un bel ovni. <\/p>\n\n\n<figure class=\"wp-block-embed-youtube wp-block-embed is-type-video is-provider-youtube wp-embed-aspect-16-9 wp-has-aspect-ratio\"><div class=\"lyte-wrapper\" style=\"width:853px;max-width:100%;margin:5px auto;\"><div class=\"lyMe\" id=\"WYL_w-eRxn5Limo\"><div id=\"lyte_w-eRxn5Limo\" data-src=\"https:\/\/www.ferembach.com\/cestquilescreas\/wp-content\/plugins\/wp-youtube-lyte\/lyteCache.php?origThumbUrl=%2F%2Fi.ytimg.com%2Fvi%2Fw-eRxn5Limo%2Fhqdefault.jpg\" class=\"pL\"><div class=\"tC\"><div class=\"tT\"><\/div><\/div><div class=\"play\"><\/div><div class=\"ctrl\"><div class=\"Lctrl\"><\/div><div class=\"Rctrl\"><\/div><\/div><\/div><noscript><a href=\"https:\/\/youtu.be\/w-eRxn5Limo\" rel=\"nofollow\"><img loading=\"lazy\" decoding=\"async\" src=\"https:\/\/www.ferembach.com\/cestquilescreas\/wp-content\/plugins\/wp-youtube-lyte\/lyteCache.php?origThumbUrl=https%3A%2F%2Fi.ytimg.com%2Fvi%2Fw-eRxn5Limo%2F0.jpg\" alt=\"YouTube video thumbnail\" width=\"853\" height=\"460\" \/><br \/>Lire cette vid\u00e9o sur YouTube<\/a><\/noscript><\/div><\/div><div class=\"lL\" style=\"max-width:100%;width:853px;margin:5px auto;\"><\/div><figcaption><\/figcaption><\/figure>\n\n\n<p class=\"has-vivid-cyan-blue-color has-text-color has-medium-font-size\">Tu as des side projet en parall\u00e8le de ton m\u00e9tier ? <\/p>\n\n\n\n<p>C\u2019est un projet invisible, mais d\u2019une grande importance pour moi&nbsp;: renouer, \u00e0 40 ans, avec mes origines syriennes. J\u2019y travaille. Litt\u00e9ralement, on va dire. <\/p>\n\n\n\n<p class=\"has-vivid-cyan-blue-color has-text-color has-medium-font-size\">Quel est ton meilleur et pire souvenir de pub ? <\/p>\n\n\n\n<p>Forc\u00e9ment, gagner des prix dans une carri\u00e8re procure beaucoup de joie. Mais, avec le temps, on s\u2019aper\u00e7oit que ce sont les gens avec qui on travaille tous les jours qui ont une vraie valeur.  <br><br>En ce qui concerne le pire, je dirai que j\u2019ai toujours d\u00e9test\u00e9 que l\u2019on emprunte des mots appartenant au champ lexical de la guerre comme \u201cWar room\u201d ou \u201cCommando\u201d, par exemple. Je trouve \u00e7a triste et ridicule. On travaille dans des agences de communication, pas dans l\u2019arm\u00e9e d\u2019une nation totalitaire et tyrannique.<\/p>\n\n\n\n<p class=\"has-vivid-cyan-blue-color has-text-color has-medium-font-size\">C\u2019est qui ta g\u00e9n\u00e9ration de cr\u00e9as, ceux avec qui tu as grandi ? <\/p>\n\n\n\n<p>J\u2019ai grandi avec J\u00e9r\u00f4me Gonfond, mon bin\u00f4me de toujours et le parrain d\u2019un de mes 3 enfants. Et celui qui m\u2019a fait grandir est Xavier Beauregard. C\u2019est lui qui m\u2019a tout appris et \u00e0 qui je dois ma carri\u00e8re. <br>Sinon, je suis de la m\u00eame g\u00e9n\u00e9ration que Benjamin Dessagne et St\u00e9phane Santana. Un bin\u00f4me que j\u2019appr\u00e9cie aussi bien humainement que professionnellement. <\/p>\n\n\n\n<p class=\"has-vivid-cyan-blue-color has-text-color has-medium-font-size\">Quelles sont les pubs que tu pr\u00e9f\u00e8res, tes classiques ? <\/p>\n\n\n\n<p>Les publicit\u00e9s qui ne ressemblent pas \u00e0 des publicit\u00e9s. <br>Celles qui sont d\u2019une justesse \u00e9motionnelle incroyable, comme celles-ci :<\/p>\n\n\n<figure class=\"wp-block-embed-youtube wp-block-embed is-type-video is-provider-youtube wp-embed-aspect-16-9 wp-has-aspect-ratio\"><div class=\"lyte-wrapper\" style=\"width:853px;max-width:100%;margin:5px auto;\"><div class=\"lyMe\" id=\"WYL_A8dHvVB6NYQ\"><div id=\"lyte_A8dHvVB6NYQ\" data-src=\"https:\/\/www.ferembach.com\/cestquilescreas\/wp-content\/plugins\/wp-youtube-lyte\/lyteCache.php?origThumbUrl=%2F%2Fi.ytimg.com%2Fvi%2FA8dHvVB6NYQ%2Fhqdefault.jpg\" class=\"pL\"><div class=\"tC\"><div class=\"tT\"><\/div><\/div><div class=\"play\"><\/div><div class=\"ctrl\"><div class=\"Lctrl\"><\/div><div class=\"Rctrl\"><\/div><\/div><\/div><noscript><a href=\"https:\/\/youtu.be\/A8dHvVB6NYQ\" rel=\"nofollow\"><img loading=\"lazy\" decoding=\"async\" src=\"https:\/\/www.ferembach.com\/cestquilescreas\/wp-content\/plugins\/wp-youtube-lyte\/lyteCache.php?origThumbUrl=https%3A%2F%2Fi.ytimg.com%2Fvi%2FA8dHvVB6NYQ%2F0.jpg\" alt=\"YouTube video thumbnail\" width=\"853\" height=\"460\" \/><br \/>Lire cette vid\u00e9o sur YouTube<\/a><\/noscript><\/div><\/div><div class=\"lL\" style=\"max-width:100%;width:853px;margin:5px auto;\"><\/div><figcaption><\/figcaption><\/figure>\n\n<figure class=\"wp-block-embed-youtube wp-block-embed is-type-video is-provider-youtube wp-embed-aspect-16-9 wp-has-aspect-ratio\"><div class=\"lyte-wrapper\" style=\"width:853px;max-width:100%;margin:5px auto;\"><div class=\"lyMe\" id=\"WYL_pMWU8dEKwXw\"><div id=\"lyte_pMWU8dEKwXw\" data-src=\"https:\/\/www.ferembach.com\/cestquilescreas\/wp-content\/plugins\/wp-youtube-lyte\/lyteCache.php?origThumbUrl=%2F%2Fi.ytimg.com%2Fvi%2FpMWU8dEKwXw%2Fhqdefault.jpg\" class=\"pL\"><div class=\"tC\"><div class=\"tT\"><\/div><\/div><div class=\"play\"><\/div><div class=\"ctrl\"><div class=\"Lctrl\"><\/div><div class=\"Rctrl\"><\/div><\/div><\/div><noscript><a href=\"https:\/\/youtu.be\/pMWU8dEKwXw\" rel=\"nofollow\"><img loading=\"lazy\" decoding=\"async\" src=\"https:\/\/www.ferembach.com\/cestquilescreas\/wp-content\/plugins\/wp-youtube-lyte\/lyteCache.php?origThumbUrl=https%3A%2F%2Fi.ytimg.com%2Fvi%2FpMWU8dEKwXw%2F0.jpg\" alt=\"YouTube video thumbnail\" width=\"853\" height=\"460\" \/><br \/>Lire cette vid\u00e9o sur YouTube<\/a><\/noscript><\/div><\/div><div class=\"lL\" style=\"max-width:100%;width:853px;margin:5px auto;\"><\/div><figcaption><\/figcaption><\/figure>\n\n\n<p>Les prouesses de r\u00e9alisations comme celle-l\u00e0&nbsp;: <\/p>\n\n\n<figure class=\"wp-block-embed-youtube wp-block-embed is-type-video is-provider-youtube wp-embed-aspect-4-3 wp-has-aspect-ratio\"><div class=\"lyte-wrapper\" style=\"width:853px;max-width:100%;margin:5px auto;\"><div class=\"lyMe\" id=\"WYL_H6dPQJvojRM\"><div id=\"lyte_H6dPQJvojRM\" data-src=\"https:\/\/www.ferembach.com\/cestquilescreas\/wp-content\/plugins\/wp-youtube-lyte\/lyteCache.php?origThumbUrl=%2F%2Fi.ytimg.com%2Fvi%2FH6dPQJvojRM%2Fhqdefault.jpg\" class=\"pL\"><div class=\"tC\"><div class=\"tT\"><\/div><\/div><div class=\"play\"><\/div><div class=\"ctrl\"><div class=\"Lctrl\"><\/div><div class=\"Rctrl\"><\/div><\/div><\/div><noscript><a href=\"https:\/\/youtu.be\/H6dPQJvojRM\" rel=\"nofollow\"><img loading=\"lazy\" decoding=\"async\" src=\"https:\/\/www.ferembach.com\/cestquilescreas\/wp-content\/plugins\/wp-youtube-lyte\/lyteCache.php?origThumbUrl=https%3A%2F%2Fi.ytimg.com%2Fvi%2FH6dPQJvojRM%2F0.jpg\" alt=\"YouTube video thumbnail\" width=\"853\" height=\"460\" \/><br \/>Lire cette vid\u00e9o sur YouTube<\/a><\/noscript><\/div><\/div><div class=\"lL\" style=\"max-width:100%;width:853px;margin:5px auto;\"><\/div><figcaption><\/figcaption><\/figure>\n\n\n<p>Ou celles qui sont vraiment utiles&nbsp;: <\/p>\n\n\n<figure class=\"wp-block-embed-youtube wp-block-embed is-type-video is-provider-youtube wp-embed-aspect-16-9 wp-has-aspect-ratio\"><div class=\"lyte-wrapper\" style=\"width:853px;max-width:100%;margin:5px auto;\"><div class=\"lyMe\" id=\"WYL_jsyKyZLUJ1E\"><div id=\"lyte_jsyKyZLUJ1E\" data-src=\"https:\/\/www.ferembach.com\/cestquilescreas\/wp-content\/plugins\/wp-youtube-lyte\/lyteCache.php?origThumbUrl=%2F%2Fi.ytimg.com%2Fvi%2FjsyKyZLUJ1E%2Fhqdefault.jpg\" class=\"pL\"><div class=\"tC\"><div class=\"tT\"><\/div><\/div><div class=\"play\"><\/div><div class=\"ctrl\"><div class=\"Lctrl\"><\/div><div class=\"Rctrl\"><\/div><\/div><\/div><noscript><a href=\"https:\/\/youtu.be\/jsyKyZLUJ1E\" rel=\"nofollow\"><img loading=\"lazy\" decoding=\"async\" src=\"https:\/\/www.ferembach.com\/cestquilescreas\/wp-content\/plugins\/wp-youtube-lyte\/lyteCache.php?origThumbUrl=https%3A%2F%2Fi.ytimg.com%2Fvi%2FjsyKyZLUJ1E%2F0.jpg\" alt=\"YouTube video thumbnail\" width=\"853\" height=\"460\" \/><br \/>Lire cette vid\u00e9o sur YouTube<\/a><\/noscript><\/div><\/div><div class=\"lL\" style=\"max-width:100%;width:853px;margin:5px auto;\"><\/div><figcaption><\/figcaption><\/figure>\n\n<figure class=\"wp-block-embed-youtube wp-block-embed is-type-video is-provider-youtube wp-embed-aspect-16-9 wp-has-aspect-ratio\"><div class=\"lyte-wrapper\" style=\"width:853px;max-width:100%;margin:5px auto;\"><div class=\"lyMe\" id=\"WYL_tFSxwMvj_bc\"><div id=\"lyte_tFSxwMvj_bc\" data-src=\"https:\/\/www.ferembach.com\/cestquilescreas\/wp-content\/plugins\/wp-youtube-lyte\/lyteCache.php?origThumbUrl=%2F%2Fi.ytimg.com%2Fvi%2FtFSxwMvj_bc%2Fhqdefault.jpg\" class=\"pL\"><div class=\"tC\"><div class=\"tT\"><\/div><\/div><div class=\"play\"><\/div><div class=\"ctrl\"><div class=\"Lctrl\"><\/div><div class=\"Rctrl\"><\/div><\/div><\/div><noscript><a href=\"https:\/\/youtu.be\/tFSxwMvj_bc\" rel=\"nofollow\"><img loading=\"lazy\" decoding=\"async\" src=\"https:\/\/www.ferembach.com\/cestquilescreas\/wp-content\/plugins\/wp-youtube-lyte\/lyteCache.php?origThumbUrl=https%3A%2F%2Fi.ytimg.com%2Fvi%2FtFSxwMvj_bc%2F0.jpg\" alt=\"YouTube video thumbnail\" width=\"853\" height=\"460\" \/><br \/>Lire cette vid\u00e9o sur YouTube<\/a><\/noscript><\/div><\/div><div class=\"lL\" style=\"max-width:100%;width:853px;margin:5px auto;\"><\/div><figcaption><\/figcaption><\/figure>\n\n\n<p><\/p>\n\n\n\n<p class=\"has-vivid-cyan-blue-color has-text-color has-medium-font-size\">Tu as des mod\u00e8les de cr\u00e9atifs dans la publicit\u00e9 ou en dehors, des gens qui t&rsquo;inspirent ? <\/p>\n\n\n\n<p>Ricky Gervais et <a href=\"https:\/\/www.google.com\/search?q=Sebastiao+Salgado&amp;newwindow=1&amp;client=firefox-b-d&amp;sxsrf=AOaemvLmdxSLsef_zfJPr5bUl2_QOJNVZQ:1637794911430&amp;source=lnms&amp;tbm=isch&amp;sa=X&amp;ved=2ahUKEwjz_qO_jbL0AhXo4IUKHa2-A4MQ_AUoAXoECAEQAw&amp;biw=1342&amp;bih=738&amp;dpr=1.82\" target=\"_blank\" rel=\"noreferrer noopener\">Sebastiao Salgado.<\/a> <br>Un beau duo. <br>Le premier pour \u201cThe Office\u201d qui m\u2019a tant aid\u00e9 \u00e0 prendre du recul sur le monde pro. Le second parce que chacune de ses photos est la preuve que l\u2019on peut d\u00e9noncer des choses graves avec beaucoup d\u2019\u00e9l\u00e9gance, de finesse et d\u2019esth\u00e9tisme. <br><\/p>\n\n\n\n<p class=\"has-vivid-cyan-blue-color has-text-color has-medium-font-size\">Tu vois quoi comme changement entre tes d\u00e9buts et maintenant ?<\/p>\n\n\n\n<p>Je suis peut-\u00eatre un des rares \u00e0 penser que la publicit\u00e9 prend un bon tournant. Je vois moins d\u2019\u00e9go et plus de sens dans ce que l\u2019on fait. Je n\u2019ai pas honte de le dire&nbsp;: je pr\u00e9f\u00e8re la publicit\u00e9 d\u2019aujourd\u2019hui \u00e0 celle d\u2019hier. <\/p>\n\n\n\n<p class=\"has-vivid-cyan-blue-color has-text-color has-medium-font-size\">Un conseil pour r\u00e9ussir quand on commence dans ce m\u00e9tier ? <\/p>\n\n\n\n<p>Une maxime ch\u00e8re \u00e0 Luc Wise : \u201cWork hard and be nice to people\u201d.<br><\/p>\n\n\n\n<div style=\"height:100px\" aria-hidden=\"true\" class=\"wp-block-spacer\"><\/div>\n","protected":false},"excerpt":{"rendered":"<p>Bonjour Hadi, quel a \u00e9t\u00e9 ton parcours ? J&rsquo;ai commenc\u00e9 ma carri\u00e8re en 2003 chez JWT Paris en tant que concepteur-r\u00e9dacteur junior. Ensuite, je suis all\u00e9 chez Leo Burnett Paris o\u00f9, au bout de quelques ann\u00e9es, je suis devenu senior puis directeur de cr\u00e9ation. Ensuite, nous sommes partis en team, avec J\u00e9r\u00f4me Gonfond mon AD [&hellip;]<\/p>\n","protected":false},"author":4,"featured_media":8832,"comment_status":"closed","ping_status":"closed","sticky":false,"template":"","format":"standard","meta":{"_et_pb_use_builder":"off","_et_pb_old_content":"","_et_gb_content_width":"","_uag_custom_page_level_css":"","footnotes":""},"categories":[44,25,98],"tags":[],"class_list":["post-8828","post","type-post","status-publish","format-standard","has-post-thumbnail","hentry","category-creatif","category-directeur-de-creation","category-the-good-company"],"yoast_head":"<!-- This site is optimized with the Yoast SEO plugin v27.5 - https:\/\/yoast.com\/product\/yoast-seo-wordpress\/ -->\n<title>Hadi Hassan-Helou &#8226; C&#039;est qui les Cr\u00e9as ?<\/title>\n<meta name=\"robots\" content=\"index, follow, max-snippet:-1, max-image-preview:large, max-video-preview:-1\" \/>\n<link rel=\"canonical\" href=\"https:\/\/www.ferembach.com\/cestquilescreas\/directeur-de-creation\/hadi-hassan-helou\/\" \/>\n<meta property=\"og:locale\" content=\"fr_FR\" \/>\n<meta property=\"og:type\" content=\"article\" \/>\n<meta property=\"og:title\" content=\"Hadi Hassan-Helou &#8226; C&#039;est qui les Cr\u00e9as ?\" \/>\n<meta property=\"og:description\" content=\"Bonjour Hadi, quel a \u00e9t\u00e9 ton parcours ? J&rsquo;ai commenc\u00e9 ma carri\u00e8re en 2003 chez JWT Paris en tant que concepteur-r\u00e9dacteur junior. Ensuite, je suis all\u00e9 chez Leo Burnett Paris o\u00f9, au bout de quelques ann\u00e9es, je suis devenu senior puis directeur de cr\u00e9ation. Ensuite, nous sommes partis en team, avec J\u00e9r\u00f4me Gonfond mon AD [&hellip;]\" \/>\n<meta property=\"og:url\" content=\"https:\/\/www.ferembach.com\/cestquilescreas\/directeur-de-creation\/hadi-hassan-helou\/\" \/>\n<meta property=\"og:site_name\" content=\"C&#039;est qui les Cr\u00e9as ?\" \/>\n<meta property=\"article:publisher\" content=\"https:\/\/www.facebook.com\/CestquilesCreas\/\" \/>\n<meta property=\"article:published_time\" content=\"2021-11-24T23:18:08+00:00\" \/>\n<meta property=\"article:modified_time\" content=\"2021-11-25T08:11:59+00:00\" \/>\n<meta property=\"og:image\" content=\"https:\/\/www.ferembach.com\/cestquilescreas\/wp-content\/uploads\/2021\/11\/hadi.jpg\" \/>\n\t<meta property=\"og:image:width\" content=\"1000\" \/>\n\t<meta property=\"og:image:height\" content=\"658\" \/>\n\t<meta property=\"og:image:type\" content=\"image\/jpeg\" \/>\n<meta name=\"author\" content=\"gregory ferembach\" \/>\n<meta name=\"twitter:card\" content=\"summary_large_image\" \/>\n<meta name=\"twitter:label1\" content=\"\u00c9crit par\" \/>\n\t<meta name=\"twitter:data1\" content=\"gregory ferembach\" \/>\n\t<meta name=\"twitter:label2\" content=\"Dur\u00e9e de lecture estim\u00e9e\" \/>\n\t<meta name=\"twitter:data2\" content=\"4 minutes\" \/>\n<script type=\"application\/ld+json\" class=\"yoast-schema-graph\">{\"@context\":\"https:\\\/\\\/schema.org\",\"@graph\":[{\"@type\":\"Article\",\"@id\":\"https:\\\/\\\/www.ferembach.com\\\/cestquilescreas\\\/directeur-de-creation\\\/hadi-hassan-helou\\\/#article\",\"isPartOf\":{\"@id\":\"https:\\\/\\\/www.ferembach.com\\\/cestquilescreas\\\/directeur-de-creation\\\/hadi-hassan-helou\\\/\"},\"author\":{\"name\":\"gregory ferembach\",\"@id\":\"https:\\\/\\\/www.ferembach.com\\\/cestquilescreas\\\/#\\\/schema\\\/person\\\/228b651374249a02f20a1921f0e2516b\"},\"headline\":\"Hadi Hassan-Helou\",\"datePublished\":\"2021-11-24T23:18:08+00:00\",\"dateModified\":\"2021-11-25T08:11:59+00:00\",\"mainEntityOfPage\":{\"@id\":\"https:\\\/\\\/www.ferembach.com\\\/cestquilescreas\\\/directeur-de-creation\\\/hadi-hassan-helou\\\/\"},\"wordCount\":859,\"publisher\":{\"@id\":\"https:\\\/\\\/www.ferembach.com\\\/cestquilescreas\\\/#organization\"},\"image\":{\"@id\":\"https:\\\/\\\/www.ferembach.com\\\/cestquilescreas\\\/directeur-de-creation\\\/hadi-hassan-helou\\\/#primaryimage\"},\"thumbnailUrl\":\"https:\\\/\\\/www.ferembach.com\\\/cestquilescreas\\\/wp-content\\\/uploads\\\/2021\\\/11\\\/hadi.jpg\",\"articleSection\":[\".cr\u00e9atif\",\".Directeur de Cr\u00e9ation\",\"the good company\"],\"inLanguage\":\"fr-FR\"},{\"@type\":\"WebPage\",\"@id\":\"https:\\\/\\\/www.ferembach.com\\\/cestquilescreas\\\/directeur-de-creation\\\/hadi-hassan-helou\\\/\",\"url\":\"https:\\\/\\\/www.ferembach.com\\\/cestquilescreas\\\/directeur-de-creation\\\/hadi-hassan-helou\\\/\",\"name\":\"Hadi Hassan-Helou &#8226; C&#039;est qui les Cr\u00e9as ?\",\"isPartOf\":{\"@id\":\"https:\\\/\\\/www.ferembach.com\\\/cestquilescreas\\\/#website\"},\"primaryImageOfPage\":{\"@id\":\"https:\\\/\\\/www.ferembach.com\\\/cestquilescreas\\\/directeur-de-creation\\\/hadi-hassan-helou\\\/#primaryimage\"},\"image\":{\"@id\":\"https:\\\/\\\/www.ferembach.com\\\/cestquilescreas\\\/directeur-de-creation\\\/hadi-hassan-helou\\\/#primaryimage\"},\"thumbnailUrl\":\"https:\\\/\\\/www.ferembach.com\\\/cestquilescreas\\\/wp-content\\\/uploads\\\/2021\\\/11\\\/hadi.jpg\",\"datePublished\":\"2021-11-24T23:18:08+00:00\",\"dateModified\":\"2021-11-25T08:11:59+00:00\",\"breadcrumb\":{\"@id\":\"https:\\\/\\\/www.ferembach.com\\\/cestquilescreas\\\/directeur-de-creation\\\/hadi-hassan-helou\\\/#breadcrumb\"},\"inLanguage\":\"fr-FR\",\"potentialAction\":[{\"@type\":\"ReadAction\",\"target\":[\"https:\\\/\\\/www.ferembach.com\\\/cestquilescreas\\\/directeur-de-creation\\\/hadi-hassan-helou\\\/\"]}]},{\"@type\":\"ImageObject\",\"inLanguage\":\"fr-FR\",\"@id\":\"https:\\\/\\\/www.ferembach.com\\\/cestquilescreas\\\/directeur-de-creation\\\/hadi-hassan-helou\\\/#primaryimage\",\"url\":\"https:\\\/\\\/www.ferembach.com\\\/cestquilescreas\\\/wp-content\\\/uploads\\\/2021\\\/11\\\/hadi.jpg\",\"contentUrl\":\"https:\\\/\\\/www.ferembach.com\\\/cestquilescreas\\\/wp-content\\\/uploads\\\/2021\\\/11\\\/hadi.jpg\",\"width\":1000,\"height\":658},{\"@type\":\"BreadcrumbList\",\"@id\":\"https:\\\/\\\/www.ferembach.com\\\/cestquilescreas\\\/directeur-de-creation\\\/hadi-hassan-helou\\\/#breadcrumb\",\"itemListElement\":[{\"@type\":\"ListItem\",\"position\":1,\"name\":\"Accueil\",\"item\":\"https:\\\/\\\/www.ferembach.com\\\/cestquilescreas\\\/\"},{\"@type\":\"ListItem\",\"position\":2,\"name\":\"Hadi Hassan-Helou\"}]},{\"@type\":\"WebSite\",\"@id\":\"https:\\\/\\\/www.ferembach.com\\\/cestquilescreas\\\/#website\",\"url\":\"https:\\\/\\\/www.ferembach.com\\\/cestquilescreas\\\/\",\"name\":\"C'est qui les Cr\u00e9as ?\",\"description\":\"D\u00e9couvrez les cr\u00e9atifs, leurs parcours et leurs (en)vies...\",\"publisher\":{\"@id\":\"https:\\\/\\\/www.ferembach.com\\\/cestquilescreas\\\/#organization\"},\"potentialAction\":[{\"@type\":\"SearchAction\",\"target\":{\"@type\":\"EntryPoint\",\"urlTemplate\":\"https:\\\/\\\/www.ferembach.com\\\/cestquilescreas\\\/?s={search_term_string}\"},\"query-input\":{\"@type\":\"PropertyValueSpecification\",\"valueRequired\":true,\"valueName\":\"search_term_string\"}}],\"inLanguage\":\"fr-FR\"},{\"@type\":\"Organization\",\"@id\":\"https:\\\/\\\/www.ferembach.com\\\/cestquilescreas\\\/#organization\",\"name\":\"C'est qui les Cr\u00e9as ?\",\"url\":\"https:\\\/\\\/www.ferembach.com\\\/cestquilescreas\\\/\",\"logo\":{\"@type\":\"ImageObject\",\"inLanguage\":\"fr-FR\",\"@id\":\"https:\\\/\\\/www.ferembach.com\\\/cestquilescreas\\\/#\\\/schema\\\/logo\\\/image\\\/\",\"url\":\"https:\\\/\\\/www.ferembach.com\\\/cestquilescreas\\\/wp-content\\\/uploads\\\/2020\\\/02\\\/logo-cqlc-1024x368-3.png\",\"contentUrl\":\"https:\\\/\\\/www.ferembach.com\\\/cestquilescreas\\\/wp-content\\\/uploads\\\/2020\\\/02\\\/logo-cqlc-1024x368-3.png\",\"width\":1024,\"height\":368,\"caption\":\"C'est qui les Cr\u00e9as ?\"},\"image\":{\"@id\":\"https:\\\/\\\/www.ferembach.com\\\/cestquilescreas\\\/#\\\/schema\\\/logo\\\/image\\\/\"},\"sameAs\":[\"https:\\\/\\\/www.facebook.com\\\/CestquilesCreas\\\/\"]},{\"@type\":\"Person\",\"@id\":\"https:\\\/\\\/www.ferembach.com\\\/cestquilescreas\\\/#\\\/schema\\\/person\\\/228b651374249a02f20a1921f0e2516b\",\"name\":\"gregory ferembach\",\"image\":{\"@type\":\"ImageObject\",\"inLanguage\":\"fr-FR\",\"@id\":\"https:\\\/\\\/secure.gravatar.com\\\/avatar\\\/605c4bda0e1d2a91637e7bb2eb4af75b09419585355d212ee36e067ca646749c?s=96&d=mm&r=g\",\"url\":\"https:\\\/\\\/secure.gravatar.com\\\/avatar\\\/605c4bda0e1d2a91637e7bb2eb4af75b09419585355d212ee36e067ca646749c?s=96&d=mm&r=g\",\"contentUrl\":\"https:\\\/\\\/secure.gravatar.com\\\/avatar\\\/605c4bda0e1d2a91637e7bb2eb4af75b09419585355d212ee36e067ca646749c?s=96&d=mm&r=g\",\"caption\":\"gregory ferembach\"}}]}<\/script>\n<!-- \/ Yoast SEO plugin. -->","yoast_head_json":{"title":"Hadi Hassan-Helou &#8226; C&#039;est qui les Cr\u00e9as ?","robots":{"index":"index","follow":"follow","max-snippet":"max-snippet:-1","max-image-preview":"max-image-preview:large","max-video-preview":"max-video-preview:-1"},"canonical":"https:\/\/www.ferembach.com\/cestquilescreas\/directeur-de-creation\/hadi-hassan-helou\/","og_locale":"fr_FR","og_type":"article","og_title":"Hadi Hassan-Helou &#8226; C&#039;est qui les Cr\u00e9as ?","og_description":"Bonjour Hadi, quel a \u00e9t\u00e9 ton parcours ? J&rsquo;ai commenc\u00e9 ma carri\u00e8re en 2003 chez JWT Paris en tant que concepteur-r\u00e9dacteur junior. Ensuite, je suis all\u00e9 chez Leo Burnett Paris o\u00f9, au bout de quelques ann\u00e9es, je suis devenu senior puis directeur de cr\u00e9ation. Ensuite, nous sommes partis en team, avec J\u00e9r\u00f4me Gonfond mon AD [&hellip;]","og_url":"https:\/\/www.ferembach.com\/cestquilescreas\/directeur-de-creation\/hadi-hassan-helou\/","og_site_name":"C&#039;est qui les Cr\u00e9as ?","article_publisher":"https:\/\/www.facebook.com\/CestquilesCreas\/","article_published_time":"2021-11-24T23:18:08+00:00","article_modified_time":"2021-11-25T08:11:59+00:00","og_image":[{"width":1000,"height":658,"url":"https:\/\/www.ferembach.com\/cestquilescreas\/wp-content\/uploads\/2021\/11\/hadi.jpg","type":"image\/jpeg"}],"author":"gregory ferembach","twitter_card":"summary_large_image","twitter_misc":{"\u00c9crit par":"gregory ferembach","Dur\u00e9e de lecture estim\u00e9e":"4 minutes"},"schema":{"@context":"https:\/\/schema.org","@graph":[{"@type":"Article","@id":"https:\/\/www.ferembach.com\/cestquilescreas\/directeur-de-creation\/hadi-hassan-helou\/#article","isPartOf":{"@id":"https:\/\/www.ferembach.com\/cestquilescreas\/directeur-de-creation\/hadi-hassan-helou\/"},"author":{"name":"gregory ferembach","@id":"https:\/\/www.ferembach.com\/cestquilescreas\/#\/schema\/person\/228b651374249a02f20a1921f0e2516b"},"headline":"Hadi Hassan-Helou","datePublished":"2021-11-24T23:18:08+00:00","dateModified":"2021-11-25T08:11:59+00:00","mainEntityOfPage":{"@id":"https:\/\/www.ferembach.com\/cestquilescreas\/directeur-de-creation\/hadi-hassan-helou\/"},"wordCount":859,"publisher":{"@id":"https:\/\/www.ferembach.com\/cestquilescreas\/#organization"},"image":{"@id":"https:\/\/www.ferembach.com\/cestquilescreas\/directeur-de-creation\/hadi-hassan-helou\/#primaryimage"},"thumbnailUrl":"https:\/\/www.ferembach.com\/cestquilescreas\/wp-content\/uploads\/2021\/11\/hadi.jpg","articleSection":[".cr\u00e9atif",".Directeur de Cr\u00e9ation","the good company"],"inLanguage":"fr-FR"},{"@type":"WebPage","@id":"https:\/\/www.ferembach.com\/cestquilescreas\/directeur-de-creation\/hadi-hassan-helou\/","url":"https:\/\/www.ferembach.com\/cestquilescreas\/directeur-de-creation\/hadi-hassan-helou\/","name":"Hadi Hassan-Helou &#8226; C&#039;est qui les Cr\u00e9as ?","isPartOf":{"@id":"https:\/\/www.ferembach.com\/cestquilescreas\/#website"},"primaryImageOfPage":{"@id":"https:\/\/www.ferembach.com\/cestquilescreas\/directeur-de-creation\/hadi-hassan-helou\/#primaryimage"},"image":{"@id":"https:\/\/www.ferembach.com\/cestquilescreas\/directeur-de-creation\/hadi-hassan-helou\/#primaryimage"},"thumbnailUrl":"https:\/\/www.ferembach.com\/cestquilescreas\/wp-content\/uploads\/2021\/11\/hadi.jpg","datePublished":"2021-11-24T23:18:08+00:00","dateModified":"2021-11-25T08:11:59+00:00","breadcrumb":{"@id":"https:\/\/www.ferembach.com\/cestquilescreas\/directeur-de-creation\/hadi-hassan-helou\/#breadcrumb"},"inLanguage":"fr-FR","potentialAction":[{"@type":"ReadAction","target":["https:\/\/www.ferembach.com\/cestquilescreas\/directeur-de-creation\/hadi-hassan-helou\/"]}]},{"@type":"ImageObject","inLanguage":"fr-FR","@id":"https:\/\/www.ferembach.com\/cestquilescreas\/directeur-de-creation\/hadi-hassan-helou\/#primaryimage","url":"https:\/\/www.ferembach.com\/cestquilescreas\/wp-content\/uploads\/2021\/11\/hadi.jpg","contentUrl":"https:\/\/www.ferembach.com\/cestquilescreas\/wp-content\/uploads\/2021\/11\/hadi.jpg","width":1000,"height":658},{"@type":"BreadcrumbList","@id":"https:\/\/www.ferembach.com\/cestquilescreas\/directeur-de-creation\/hadi-hassan-helou\/#breadcrumb","itemListElement":[{"@type":"ListItem","position":1,"name":"Accueil","item":"https:\/\/www.ferembach.com\/cestquilescreas\/"},{"@type":"ListItem","position":2,"name":"Hadi Hassan-Helou"}]},{"@type":"WebSite","@id":"https:\/\/www.ferembach.com\/cestquilescreas\/#website","url":"https:\/\/www.ferembach.com\/cestquilescreas\/","name":"C'est qui les Cr\u00e9as ?","description":"D\u00e9couvrez les cr\u00e9atifs, leurs parcours et leurs (en)vies...","publisher":{"@id":"https:\/\/www.ferembach.com\/cestquilescreas\/#organization"},"potentialAction":[{"@type":"SearchAction","target":{"@type":"EntryPoint","urlTemplate":"https:\/\/www.ferembach.com\/cestquilescreas\/?s={search_term_string}"},"query-input":{"@type":"PropertyValueSpecification","valueRequired":true,"valueName":"search_term_string"}}],"inLanguage":"fr-FR"},{"@type":"Organization","@id":"https:\/\/www.ferembach.com\/cestquilescreas\/#organization","name":"C'est qui les Cr\u00e9as ?","url":"https:\/\/www.ferembach.com\/cestquilescreas\/","logo":{"@type":"ImageObject","inLanguage":"fr-FR","@id":"https:\/\/www.ferembach.com\/cestquilescreas\/#\/schema\/logo\/image\/","url":"https:\/\/www.ferembach.com\/cestquilescreas\/wp-content\/uploads\/2020\/02\/logo-cqlc-1024x368-3.png","contentUrl":"https:\/\/www.ferembach.com\/cestquilescreas\/wp-content\/uploads\/2020\/02\/logo-cqlc-1024x368-3.png","width":1024,"height":368,"caption":"C'est qui les Cr\u00e9as ?"},"image":{"@id":"https:\/\/www.ferembach.com\/cestquilescreas\/#\/schema\/logo\/image\/"},"sameAs":["https:\/\/www.facebook.com\/CestquilesCreas\/"]},{"@type":"Person","@id":"https:\/\/www.ferembach.com\/cestquilescreas\/#\/schema\/person\/228b651374249a02f20a1921f0e2516b","name":"gregory ferembach","image":{"@type":"ImageObject","inLanguage":"fr-FR","@id":"https:\/\/secure.gravatar.com\/avatar\/605c4bda0e1d2a91637e7bb2eb4af75b09419585355d212ee36e067ca646749c?s=96&d=mm&r=g","url":"https:\/\/secure.gravatar.com\/avatar\/605c4bda0e1d2a91637e7bb2eb4af75b09419585355d212ee36e067ca646749c?s=96&d=mm&r=g","contentUrl":"https:\/\/secure.gravatar.com\/avatar\/605c4bda0e1d2a91637e7bb2eb4af75b09419585355d212ee36e067ca646749c?s=96&d=mm&r=g","caption":"gregory ferembach"}}]}},"uagb_featured_image_src":{"full":["https:\/\/www.ferembach.com\/cestquilescreas\/wp-content\/uploads\/2021\/11\/hadi.jpg",1000,658,false],"thumbnail":["https:\/\/www.ferembach.com\/cestquilescreas\/wp-content\/uploads\/2021\/11\/hadi-120x120.jpg",120,120,true],"medium":["https:\/\/www.ferembach.com\/cestquilescreas\/wp-content\/uploads\/2021\/11\/hadi-60x39.jpg",60,39,true],"medium_large":["https:\/\/www.ferembach.com\/cestquilescreas\/wp-content\/uploads\/2021\/11\/hadi-768x505.jpg",768,505,true],"large":["https:\/\/www.ferembach.com\/cestquilescreas\/wp-content\/uploads\/2021\/11\/hadi.jpg",1000,658,false],"1536x1536":["https:\/\/www.ferembach.com\/cestquilescreas\/wp-content\/uploads\/2021\/11\/hadi.jpg",1000,658,false],"2048x2048":["https:\/\/www.ferembach.com\/cestquilescreas\/wp-content\/uploads\/2021\/11\/hadi.jpg",1000,658,false],"et-pb-post-main-image":["https:\/\/www.ferembach.com\/cestquilescreas\/wp-content\/uploads\/2021\/11\/hadi-400x250.jpg",400,250,true],"et-pb-post-main-image-fullwidth":["https:\/\/www.ferembach.com\/cestquilescreas\/wp-content\/uploads\/2021\/11\/hadi.jpg",1000,658,false],"et-pb-portfolio-image":["https:\/\/www.ferembach.com\/cestquilescreas\/wp-content\/uploads\/2021\/11\/hadi-400x284.jpg",400,284,true],"et-pb-portfolio-module-image":["https:\/\/www.ferembach.com\/cestquilescreas\/wp-content\/uploads\/2021\/11\/hadi-510x382.jpg",510,382,true],"et-pb-portfolio-image-single":["https:\/\/www.ferembach.com\/cestquilescreas\/wp-content\/uploads\/2021\/11\/hadi.jpg",1000,658,false],"et-pb-gallery-module-image-portrait":["https:\/\/www.ferembach.com\/cestquilescreas\/wp-content\/uploads\/2021\/11\/hadi-400x516.jpg",400,516,true],"et-pb-post-main-image-fullwidth-large":["https:\/\/www.ferembach.com\/cestquilescreas\/wp-content\/uploads\/2021\/11\/hadi.jpg",1000,658,false],"et-pb-image--responsive--desktop":["https:\/\/www.ferembach.com\/cestquilescreas\/wp-content\/uploads\/2021\/11\/hadi.jpg",1000,658,false],"et-pb-image--responsive--tablet":["https:\/\/www.ferembach.com\/cestquilescreas\/wp-content\/uploads\/2021\/11\/hadi-980x645.jpg",837,551,true],"et-pb-image--responsive--phone":["https:\/\/www.ferembach.com\/cestquilescreas\/wp-content\/uploads\/2021\/11\/hadi-480x316.jpg",410,270,true]},"uagb_author_info":{"display_name":"gregory ferembach","author_link":"https:\/\/www.ferembach.com\/cestquilescreas\/author\/gregoryferembach\/"},"uagb_comment_info":0,"uagb_excerpt":"Bonjour Hadi, quel a \u00e9t\u00e9 ton parcours ? J&rsquo;ai commenc\u00e9 ma carri\u00e8re en 2003 chez JWT Paris en tant que concepteur-r\u00e9dacteur junior. Ensuite, je suis all\u00e9 chez Leo Burnett Paris o\u00f9, au bout de quelques ann\u00e9es, je suis devenu senior puis directeur de cr\u00e9ation. Ensuite, nous sommes partis en team, avec J\u00e9r\u00f4me Gonfond mon AD\u2026","_links":{"self":[{"href":"https:\/\/www.ferembach.com\/cestquilescreas\/wp-json\/wp\/v2\/posts\/8828","targetHints":{"allow":["GET"]}}],"collection":[{"href":"https:\/\/www.ferembach.com\/cestquilescreas\/wp-json\/wp\/v2\/posts"}],"about":[{"href":"https:\/\/www.ferembach.com\/cestquilescreas\/wp-json\/wp\/v2\/types\/post"}],"author":[{"embeddable":true,"href":"https:\/\/www.ferembach.com\/cestquilescreas\/wp-json\/wp\/v2\/users\/4"}],"replies":[{"embeddable":true,"href":"https:\/\/www.ferembach.com\/cestquilescreas\/wp-json\/wp\/v2\/comments?post=8828"}],"version-history":[{"count":0,"href":"https:\/\/www.ferembach.com\/cestquilescreas\/wp-json\/wp\/v2\/posts\/8828\/revisions"}],"wp:featuredmedia":[{"embeddable":true,"href":"https:\/\/www.ferembach.com\/cestquilescreas\/wp-json\/wp\/v2\/media\/8832"}],"wp:attachment":[{"href":"https:\/\/www.ferembach.com\/cestquilescreas\/wp-json\/wp\/v2\/media?parent=8828"}],"wp:term":[{"taxonomy":"category","embeddable":true,"href":"https:\/\/www.ferembach.com\/cestquilescreas\/wp-json\/wp\/v2\/categories?post=8828"},{"taxonomy":"post_tag","embeddable":true,"href":"https:\/\/www.ferembach.com\/cestquilescreas\/wp-json\/wp\/v2\/tags?post=8828"}],"curies":[{"name":"wp","href":"https:\/\/api.w.org\/{rel}","templated":true}]}}