{"id":8976,"date":"2022-03-31T20:48:20","date_gmt":"2022-03-31T18:48:20","guid":{"rendered":"https:\/\/www.ferembach.com\/cestquilescreas\/?p=8976"},"modified":"2022-04-01T14:21:21","modified_gmt":"2022-04-01T12:21:21","slug":"chrystel-jung","status":"publish","type":"post","link":"https:\/\/www.ferembach.com\/cestquilescreas\/creatif\/chrystel-jung\/","title":{"rendered":"Chrystel Jung"},"content":{"rendered":"\n<figure class=\"wp-block-image size-large\"><img loading=\"lazy\" decoding=\"async\" width=\"1024\" height=\"358\" src=\"https:\/\/www.ferembach.com\/cestquilescreas\/wp-content\/uploads\/2022\/03\/jung-1-min1-1024x358.jpg\" alt=\"\" class=\"wp-image-9000\" srcset=\"https:\/\/www.ferembach.com\/cestquilescreas\/wp-content\/uploads\/2022\/03\/jung-1-min1-980x343.jpg 980w, https:\/\/www.ferembach.com\/cestquilescreas\/wp-content\/uploads\/2022\/03\/jung-1-min1-480x168.jpg 480w\" sizes=\"auto, (min-width: 0px) and (max-width: 480px) 480px, (min-width: 481px) and (max-width: 980px) 980px, (min-width: 981px) 1024px, 100vw\" \/><\/figure>\n\n\n\n<p class=\"has-vivid-cyan-blue-color has-text-color has-medium-font-size\">Bonjour Chrystel,<strong> quel a \u00e9t\u00e9 ton parcours ?<\/strong><\/p>\n\n\n\n<p>Je viens de la plus belle r\u00e9gion de France, la Lorraine et de la plus belle ville de Lorraine, Thionville. C\u2019est dans ces magnifiques contr\u00e9es que j\u2019ai fait un bac ES et comme je n&rsquo;\u00e9tais pas trop mauvaise \u00e0 l\u2019\u00e9cole, on m\u2019a pouss\u00e9e (pour ne pas dire forc\u00e9e) \u00e0 faire une pr\u00e9pa HEC \u00e0 Nancy parce que c\u2019\u00e9tait la \u00ab voie royale \u00bb. J\u2019ai d\u00e9test\u00e9 la pr\u00e9pa, j\u2019\u00e9tais en internat, on travaillait tout le temps, on avait z\u00e9ro loisir. Bref, c\u2019\u00e9tait l\u2019enfer. <br>Heureusement, un jour, avec ma pote de chambre, on a d\u00e9cid\u00e9 de fuguer, on a fait nos valises et on s\u2019est barr\u00e9es sans pr\u00e9avis. Le directeur de la pr\u00e9pa nous a bien rabaiss\u00e9es et fait clairement comprendre qu\u2019on allait rater nos vies. <br>Spoiler alert : on n\u2019a pas rat\u00e9 nos vies (enfin je crois). Ensuite, j\u2019ai fait un passage \u00e9clair en Fac d\u2019arts plastiques \u00e0 Metz. L\u00e0, c\u2019\u00e9tait l\u2019inverse de la pr\u00e9pa, mais je n\u2019ai pas aim\u00e9 non plus (la reloue). Et l\u2019ann\u00e9e d\u2019apr\u00e8s, ENFIN, j\u2019ai commenc\u00e9 une formation \u00e0 LISAA Strasbourg pour devenir Directrice Artistique. L\u00e0, All\u00e9luia, j\u2019ai enfin kiff\u00e9. J\u2019ai fait mon stage de fin d\u2019\u00e9tudes chez JWT Paris et ils m\u2019ont embauch\u00e9e en tant que DA dans la foul\u00e9e. <br>J\u2019ai eu la chance de rencontrer mon premier bin\u00f4me en stage, Johan Tchang-Minh. On a vite form\u00e9 une team et on s\u2019est bien \u00e9clat\u00e9 sur Crunch et Reporters sans Fronti\u00e8res notamment. <br><br>Au bout de quelques ann\u00e9es, avec Nathan Brunstein, un super pote que j\u2019ai rencontr\u00e9 \u00e0 LISAA Strasbourg et qui \u00e9tait chez Publicis, on s\u2019est dit qu\u2019on formerait un bon duo. Alors il est venu chez JWT et on s\u2019est mis en team. On n\u2019est pas rest\u00e9s tr\u00e8s longtemps l\u00e0-bas, car Olivier Apers nous a contact\u00e9s pour venir travailler chez BETC et on a accept\u00e9. Le souci, c\u2019est qu\u2019on \u00e9tait tous les deux DA et la question s\u2019est vite pos\u00e9e de qui allait \u00e9crire les accroches, les scripts, etc. On en a discut\u00e9 avec Olivier et il trouvait que je n&rsquo;\u00e9crivais pas trop mal (pour une DA) et qu\u2019en plus, en conception, je n&rsquo;\u00e9tais pas trop mauvaise non plus. Alors, je suis pass\u00e9e CR. Quelques ann\u00e9es plus tard, Nathan a d\u00e9cid\u00e9 de changer de vie et a quitt\u00e9 le monde de la pub parisienne et du coup, BETC. \u00c0 ce moment-l\u00e0, un nouveau DA venait d\u2019arriver \u00e0 l\u2019agence, Romain Ducos. On a tout de suite accroch\u00e9 et on s\u2019est vite mis en team. Voil\u00e0. <br>Maintenant je suis CR avec Romain et ACD toute seule, sur d\u2019autres sujets en parall\u00e8le.<\/p>\n\n\n\n<p class=\"has-vivid-cyan-blue-color has-text-color has-medium-font-size\"><strong>Depuis combien d\u2019ann\u00e9es travailles-tu dans le milieu de la publicit\u00e9 ?<\/strong><\/p>\n\n\n\n<p>Linkedin dit que \u00e7a fait 12 ans. Et au moment o\u00f9 j\u2019\u00e9cris cette phrase, Linkedin dit aussi que je f\u00eate ma 8\u00e8me ann\u00e9e chez BETC.<\/p>\n\n\n\n<p class=\"has-vivid-cyan-blue-color has-text-color has-medium-font-size\"><strong>As-tu h\u00e9sit\u00e9 \u00e0 faire de la pub, tu aurais fait quoi \u00e0 la place ?<\/strong><\/p>\n\n\n\n<p>J\u2019ai toujours r\u00eav\u00e9 d\u2019\u00eatre mannequin, mais je fais 1,58 m alors compliqu\u00e9\u2026 Non, en vrai, j\u2019ai toujours voulu travailler dans la pub. Je me souviens que petite, j\u2019\u00e9tais fascin\u00e9e par les gens qui travaillaient dans la pub, dans les films et les s\u00e9ries. Et puis, j\u2019adorai regarder les pubs \u00e0 la t\u00e9l\u00e9, je trouvais que \u00e7a avait l\u2019air marrant \u00e0 faire. Ado aussi, j\u2019ai \u00e9t\u00e9 berc\u00e9e par CulturePub. Et si je n\u2019avais pas fait \u00e7a, franchement, je pense que j\u2019aurais ador\u00e9 \u00eatre artiste peintre ou chanteuse. Heureusement pour vos yeux et vos oreilles, ce n\u2019est pas le cas.<\/p>\n\n\n\n<p class=\"has-vivid-cyan-blue-color has-text-color has-medium-font-size\"><strong>Tu es &lsquo;fan&rsquo; de quoi ? <\/strong><\/p>\n\n\n\n<p>Alors clairement, de musique. C\u2019est une pathologie, l\u2019ann\u00e9e derni\u00e8re, j\u2019ai \u00e9cout\u00e9 genre 70 000 heures de musique sur Spotify. Sinon, j\u2019aime l\u2019art en g\u00e9n\u00e9ral, mais surtout la peinture, je fais pas mal d\u2019expos en tous genres. Je fais aussi beaucoup de yoga depuis quelques ann\u00e9es, mais je suis toujours aussi stress\u00e9e, je ne dois pas \u00eatre tr\u00e8s dou\u00e9e. Je lis pas mal, des livres, mais aussi des BDs. J\u2019aime aussi les jeux vid\u00e9o et la trentaine bien pass\u00e9e oblige, les jeux de soci\u00e9t\u00e9.<\/p>\n\n\n\n<p class=\"has-vivid-cyan-blue-color has-text-color has-medium-font-size\"><strong>Tu travailles sur quels budgets, avec qui ?&nbsp;<\/strong><\/p>\n\n\n\n<p>Je travaille sur des sujets assez vari\u00e9s. \u00c7a va de Canal+ \u00e0 Leroy Merlin en passant par EDF, Coca-Cola ou E.Leclerc. La quasi-totalit\u00e9 du temps, je bosse avec Romain. On travaille avec les diff\u00e9rents DC de l&rsquo;agence, surtout avec Olivier Apers, \u00c9ric Astorgue ou St\u00e9phane Xiberras.<\/p>\n\n\n\n<p class=\"has-vivid-cyan-blue-color has-text-color has-medium-font-size\"><strong>Parle-nous des choses que tu as faites  :<\/strong><\/p>\n\n\n\n<p>Canal+ \u2013 Campagne film Les Vieux. Mon premier Lion, en film.<\/p>\n\n\n<figure class=\"wp-block-embed-youtube wp-block-embed is-type-video is-provider-youtube wp-embed-aspect-16-9 wp-has-aspect-ratio\"><div class=\"lyte-wrapper\" style=\"width:853px;max-width:100%;margin:5px auto;\"><div class=\"lyMe\" id=\"WYL_cy7HPrhEucM\"><div id=\"lyte_cy7HPrhEucM\" data-src=\"https:\/\/www.ferembach.com\/cestquilescreas\/wp-content\/plugins\/wp-youtube-lyte\/lyteCache.php?origThumbUrl=%2F%2Fi.ytimg.com%2Fvi%2Fcy7HPrhEucM%2Fhqdefault.jpg\" class=\"pL\"><div class=\"tC\"><div class=\"tT\"><\/div><\/div><div class=\"play\"><\/div><div class=\"ctrl\"><div class=\"Lctrl\"><\/div><div class=\"Rctrl\"><\/div><\/div><\/div><noscript><a href=\"https:\/\/youtu.be\/cy7HPrhEucM\" rel=\"nofollow\"><img loading=\"lazy\" decoding=\"async\" src=\"https:\/\/www.ferembach.com\/cestquilescreas\/wp-content\/plugins\/wp-youtube-lyte\/lyteCache.php?origThumbUrl=https%3A%2F%2Fi.ytimg.com%2Fvi%2Fcy7HPrhEucM%2F0.jpg\" alt=\"YouTube video thumbnail\" width=\"853\" height=\"460\" \/><br \/>Lire cette vid\u00e9o sur YouTube<\/a><\/noscript><\/div><\/div><div class=\"lL\" style=\"max-width:100%;width:853px;margin:5px auto;\"><\/div><figcaption><\/figcaption><\/figure>\n\n<figure class=\"wp-block-embed-youtube wp-block-embed is-type-video is-provider-youtube wp-embed-aspect-16-9 wp-has-aspect-ratio\"><div class=\"lyte-wrapper\" style=\"width:853px;max-width:100%;margin:5px auto;\"><div class=\"lyMe\" id=\"WYL_PzhrbISld8o\"><div id=\"lyte_PzhrbISld8o\" data-src=\"https:\/\/www.ferembach.com\/cestquilescreas\/wp-content\/plugins\/wp-youtube-lyte\/lyteCache.php?origThumbUrl=%2F%2Fi.ytimg.com%2Fvi%2FPzhrbISld8o%2Fhqdefault.jpg\" class=\"pL\"><div class=\"tC\"><div class=\"tT\"><\/div><\/div><div class=\"play\"><\/div><div class=\"ctrl\"><div class=\"Lctrl\"><\/div><div class=\"Rctrl\"><\/div><\/div><\/div><noscript><a href=\"https:\/\/youtu.be\/PzhrbISld8o\" rel=\"nofollow\"><img loading=\"lazy\" decoding=\"async\" src=\"https:\/\/www.ferembach.com\/cestquilescreas\/wp-content\/plugins\/wp-youtube-lyte\/lyteCache.php?origThumbUrl=https%3A%2F%2Fi.ytimg.com%2Fvi%2FPzhrbISld8o%2F0.jpg\" alt=\"YouTube video thumbnail\" width=\"853\" height=\"460\" \/><br \/>Lire cette vid\u00e9o sur YouTube<\/a><\/noscript><\/div><\/div><div class=\"lL\" style=\"max-width:100%;width:853px;margin:5px auto;\"><\/div><figcaption><\/figcaption><\/figure>\n\n\n<p>Leroy Merlin \u2013 Films<\/p>\n\n\n<figure class=\"wp-block-embed-youtube wp-block-embed is-type-video is-provider-youtube wp-embed-aspect-16-9 wp-has-aspect-ratio\"><div class=\"lyte-wrapper\" style=\"width:853px;max-width:100%;margin:5px auto;\"><div class=\"lyMe\" id=\"WYL_GyM9GhiwBxE\"><div id=\"lyte_GyM9GhiwBxE\" data-src=\"https:\/\/www.ferembach.com\/cestquilescreas\/wp-content\/plugins\/wp-youtube-lyte\/lyteCache.php?origThumbUrl=%2F%2Fi.ytimg.com%2Fvi%2FGyM9GhiwBxE%2Fhqdefault.jpg\" class=\"pL\"><div class=\"tC\"><div class=\"tT\"><\/div><\/div><div class=\"play\"><\/div><div class=\"ctrl\"><div class=\"Lctrl\"><\/div><div class=\"Rctrl\"><\/div><\/div><\/div><noscript><a href=\"https:\/\/youtu.be\/GyM9GhiwBxE\" rel=\"nofollow\"><img loading=\"lazy\" decoding=\"async\" src=\"https:\/\/www.ferembach.com\/cestquilescreas\/wp-content\/plugins\/wp-youtube-lyte\/lyteCache.php?origThumbUrl=https%3A%2F%2Fi.ytimg.com%2Fvi%2FGyM9GhiwBxE%2F0.jpg\" alt=\"YouTube video thumbnail\" width=\"853\" height=\"460\" \/><br \/>Lire cette vid\u00e9o sur YouTube<\/a><\/noscript><\/div><\/div><div class=\"lL\" style=\"max-width:100%;width:853px;margin:5px auto;\"><\/div><figcaption><\/figcaption><\/figure>\n\n<figure class=\"wp-block-embed-youtube wp-block-embed is-type-video is-provider-youtube wp-embed-aspect-16-9 wp-has-aspect-ratio\"><div class=\"lyte-wrapper\" style=\"width:853px;max-width:100%;margin:5px auto;\"><div class=\"lyMe\" id=\"WYL_Kii4ydVAwXI\"><div id=\"lyte_Kii4ydVAwXI\" data-src=\"https:\/\/www.ferembach.com\/cestquilescreas\/wp-content\/plugins\/wp-youtube-lyte\/lyteCache.php?origThumbUrl=%2F%2Fi.ytimg.com%2Fvi%2FKii4ydVAwXI%2Fhqdefault.jpg\" class=\"pL\"><div class=\"tC\"><div class=\"tT\"><\/div><\/div><div class=\"play\"><\/div><div class=\"ctrl\"><div class=\"Lctrl\"><\/div><div class=\"Rctrl\"><\/div><\/div><\/div><noscript><a href=\"https:\/\/youtu.be\/Kii4ydVAwXI\" rel=\"nofollow\"><img loading=\"lazy\" decoding=\"async\" src=\"https:\/\/www.ferembach.com\/cestquilescreas\/wp-content\/plugins\/wp-youtube-lyte\/lyteCache.php?origThumbUrl=https%3A%2F%2Fi.ytimg.com%2Fvi%2FKii4ydVAwXI%2F0.jpg\" alt=\"YouTube video thumbnail\" width=\"853\" height=\"460\" \/><br \/>Lire cette vid\u00e9o sur YouTube<\/a><\/noscript><\/div><\/div><div class=\"lL\" style=\"max-width:100%;width:853px;margin:5px auto;\"><\/div><figcaption><\/figcaption><\/figure>\n\n\n<p>E.Leclerc \u2013 Film marque. C\u2019est le premier gros film Leclerc qu\u2019on a fait apr\u00e8s avoir gagn\u00e9 la compet.<\/p>\n\n\n<figure class=\"wp-block-embed-youtube wp-block-embed is-type-video is-provider-youtube wp-embed-aspect-16-9 wp-has-aspect-ratio\"><div class=\"lyte-wrapper\" style=\"width:853px;max-width:100%;margin:5px auto;\"><div class=\"lyMe\" id=\"WYL_S8ju_MFxrEY\"><div id=\"lyte_S8ju_MFxrEY\" data-src=\"https:\/\/www.ferembach.com\/cestquilescreas\/wp-content\/plugins\/wp-youtube-lyte\/lyteCache.php?origThumbUrl=%2F%2Fi.ytimg.com%2Fvi%2FS8ju_MFxrEY%2Fhqdefault.jpg\" class=\"pL\"><div class=\"tC\"><div class=\"tT\"><\/div><\/div><div class=\"play\"><\/div><div class=\"ctrl\"><div class=\"Lctrl\"><\/div><div class=\"Rctrl\"><\/div><\/div><\/div><noscript><a href=\"https:\/\/youtu.be\/S8ju_MFxrEY\" rel=\"nofollow\"><img loading=\"lazy\" decoding=\"async\" src=\"https:\/\/www.ferembach.com\/cestquilescreas\/wp-content\/plugins\/wp-youtube-lyte\/lyteCache.php?origThumbUrl=https%3A%2F%2Fi.ytimg.com%2Fvi%2FS8ju_MFxrEY%2F0.jpg\" alt=\"YouTube video thumbnail\" width=\"853\" height=\"460\" \/><br \/>Lire cette vid\u00e9o sur YouTube<\/a><\/noscript><\/div><\/div><div class=\"lL\" style=\"max-width:100%;width:853px;margin:5px auto;\"><\/div><figcaption><\/figcaption><\/figure>\n\n\n<p>Air France La gomme \u00e0 m\u00e2cher \u2013 Activation<\/p>\n\n\n<figure class=\"wp-block-embed-youtube wp-block-embed is-type-video is-provider-youtube wp-embed-aspect-16-9 wp-has-aspect-ratio\"><div class=\"lyte-wrapper\" style=\"width:853px;max-width:100%;margin:5px auto;\"><div class=\"lyMe\" id=\"WYL_pFskU0aftLo\"><div id=\"lyte_pFskU0aftLo\" data-src=\"https:\/\/www.ferembach.com\/cestquilescreas\/wp-content\/plugins\/wp-youtube-lyte\/lyteCache.php?origThumbUrl=%2F%2Fi.ytimg.com%2Fvi%2FpFskU0aftLo%2Fhqdefault.jpg\" class=\"pL\"><div class=\"tC\"><div class=\"tT\"><\/div><\/div><div class=\"play\"><\/div><div class=\"ctrl\"><div class=\"Lctrl\"><\/div><div class=\"Rctrl\"><\/div><\/div><\/div><noscript><a href=\"https:\/\/youtu.be\/pFskU0aftLo\" rel=\"nofollow\"><img loading=\"lazy\" decoding=\"async\" src=\"https:\/\/www.ferembach.com\/cestquilescreas\/wp-content\/plugins\/wp-youtube-lyte\/lyteCache.php?origThumbUrl=https%3A%2F%2Fi.ytimg.com%2Fvi%2FpFskU0aftLo%2F0.jpg\" alt=\"YouTube video thumbnail\" width=\"853\" height=\"460\" \/><br \/>Lire cette vid\u00e9o sur YouTube<\/a><\/noscript><\/div><\/div><div class=\"lL\" style=\"max-width:100%;width:853px;margin:5px auto;\"><\/div><figcaption><\/figcaption><\/figure>\n\n\n<p>E.Leclerc \u2013 Tournage 100% confin\u00e9s. Pendant le 1er confinement, toutes les prod \u00e9taient \u00e0 l\u2019arr\u00eat. Alors, on s\u2019est dit que ce serait marrant de faire un film sur Microsoft Teams avec tout le monde \u00e0 la maison.<\/p>\n\n\n<figure class=\"wp-block-embed-youtube wp-block-embed is-type-video is-provider-youtube wp-embed-aspect-16-9 wp-has-aspect-ratio\"><div class=\"lyte-wrapper\" style=\"width:853px;max-width:100%;margin:5px auto;\"><div class=\"lyMe\" id=\"WYL_Pw8pZLsmeoQ\"><div id=\"lyte_Pw8pZLsmeoQ\" data-src=\"https:\/\/www.ferembach.com\/cestquilescreas\/wp-content\/plugins\/wp-youtube-lyte\/lyteCache.php?origThumbUrl=%2F%2Fi.ytimg.com%2Fvi%2FPw8pZLsmeoQ%2Fhqdefault.jpg\" class=\"pL\"><div class=\"tC\"><div class=\"tT\"><\/div><\/div><div class=\"play\"><\/div><div class=\"ctrl\"><div class=\"Lctrl\"><\/div><div class=\"Rctrl\"><\/div><\/div><\/div><noscript><a href=\"https:\/\/youtu.be\/Pw8pZLsmeoQ\" rel=\"nofollow\"><img loading=\"lazy\" decoding=\"async\" src=\"https:\/\/www.ferembach.com\/cestquilescreas\/wp-content\/plugins\/wp-youtube-lyte\/lyteCache.php?origThumbUrl=https%3A%2F%2Fi.ytimg.com%2Fvi%2FPw8pZLsmeoQ%2F0.jpg\" alt=\"YouTube video thumbnail\" width=\"853\" height=\"460\" \/><br \/>Lire cette vid\u00e9o sur YouTube<\/a><\/noscript><\/div><\/div><div class=\"lL\" style=\"max-width:100%;width:853px;margin:5px auto;\"><\/div><figcaption><\/figcaption><\/figure>\n\n\n<p>Lego \u2013 Campagne d\u2019affichage Rebuild the World<\/p>\n\n\n\n<figure class=\"wp-block-image size-large\"><img loading=\"lazy\" decoding=\"async\" width=\"1024\" height=\"776\" src=\"https:\/\/www.ferembach.com\/cestquilescreas\/wp-content\/uploads\/2022\/03\/Lego-1024x776.jpeg\" alt=\"\" class=\"wp-image-8984\" srcset=\"https:\/\/www.ferembach.com\/cestquilescreas\/wp-content\/uploads\/2022\/03\/Lego-1024x776.jpeg 1024w, https:\/\/www.ferembach.com\/cestquilescreas\/wp-content\/uploads\/2022\/03\/Lego-980x743.jpeg 980w, https:\/\/www.ferembach.com\/cestquilescreas\/wp-content\/uploads\/2022\/03\/Lego-480x364.jpeg 480w\" sizes=\"auto, (min-width: 0px) and (max-width: 480px) 480px, (min-width: 481px) and (max-width: 980px) 980px, (min-width: 981px) 1024px, 100vw\" \/><\/figure>\n\n\n\n<p>E.Leclerc \u2013 Campagne print institutonnelle<\/p>\n\n\n\n<p> <\/p>\n\n\n\n<figure class=\"wp-block-image size-large\"><img loading=\"lazy\" decoding=\"async\" width=\"815\" height=\"1024\" src=\"https:\/\/www.ferembach.com\/cestquilescreas\/wp-content\/uploads\/2022\/03\/jung-815x1024.png\" alt=\"\" class=\"wp-image-8985\"\/><\/figure>\n\n\n\n<p>Crunch sort Norman de sa chambre. Ma premi\u00e8re \u00ab vraie \u00bb grosse campagne. \u00c0 l\u2019\u00e9poque, c\u2019\u00e9tait l\u2019une des premi\u00e8res campagnes avec un influenceur (le terme n\u2019existait m\u00eame pas encore). On a fait faire un tour du monde \u00e0 Norman et les gens pouvaient voter pour les destinations. Ce fut hyper chouette \u00e0 produire et c\u2019est un super souvenir. En plus, on a gagn\u00e9 des prix.<\/p>\n\n\n<figure class=\"wp-block-embed-youtube wp-block-embed is-type-video is-provider-youtube wp-embed-aspect-16-9 wp-has-aspect-ratio\"><div class=\"lyte-wrapper\" style=\"width:853px;max-width:100%;margin:5px auto;\"><div class=\"lyMe\" id=\"WYL_FHMeLjz2RlA\"><div id=\"lyte_FHMeLjz2RlA\" data-src=\"https:\/\/www.ferembach.com\/cestquilescreas\/wp-content\/plugins\/wp-youtube-lyte\/lyteCache.php?origThumbUrl=%2F%2Fi.ytimg.com%2Fvi%2FFHMeLjz2RlA%2Fhqdefault.jpg\" class=\"pL\"><div class=\"tC\"><div class=\"tT\"><\/div><\/div><div class=\"play\"><\/div><div class=\"ctrl\"><div class=\"Lctrl\"><\/div><div class=\"Rctrl\"><\/div><\/div><\/div><noscript><a href=\"https:\/\/youtu.be\/FHMeLjz2RlA\" rel=\"nofollow\"><img loading=\"lazy\" decoding=\"async\" src=\"https:\/\/www.ferembach.com\/cestquilescreas\/wp-content\/plugins\/wp-youtube-lyte\/lyteCache.php?origThumbUrl=https%3A%2F%2Fi.ytimg.com%2Fvi%2FFHMeLjz2RlA%2F0.jpg\" alt=\"YouTube video thumbnail\" width=\"853\" height=\"460\" \/><br \/>Lire cette vid\u00e9o sur YouTube<\/a><\/noscript><\/div><\/div><div class=\"lL\" style=\"max-width:100%;width:853px;margin:5px auto;\"><\/div><figcaption><\/figcaption><\/figure>\n\n\n<p class=\"has-vivid-cyan-blue-color has-text-color has-medium-font-size\"><strong>Tu as des side projets en parall\u00e8le de ton m\u00e9tier ?<\/strong><\/p>\n\n\n\n<p>J\u2019ai un compte Insta sur lequel j\u2019\u00e9cris des b\u00eatises et un peu de po\u00e9sie, \u00e7a s\u2019appelle<a href=\"https:\/\/www.instagram.com\/leverssolitaire\/\"> Le Vers Solitaire<\/a>. J\u2019\u00e9cris pas mal en fait, de la po\u00e9sie, des aphorismes, j\u2019ai une id\u00e9e de bouquin sur laquelle il faudrait que je b\u00fbche, mais je ne trouve jamais le temps\u2026 Aussi, j\u2019adorerais \u00e9crire des paroles de chansons ou \u00e9crire un podcast. <br>Sinon, je fais aussi du collage aussi avec des ciseaux et de la colle UHU \u00e0 l\u2019ancienne. Bon d\u2019accord, on dirait une petite vieille qui fait du patchwork, mais \u00e7a me d\u00e9tend. Et j\u2019aimerais tenter de r\u00e9aliser des films de pub ou autre, c\u2019est un truc qui m\u2019a toujours attir\u00e9e. Je me suis d\u00e9j\u00e0 essay\u00e9e \u00e0 la r\u00e9alisation pour le Nikon Film Festival et \u00e7a m\u2019a beaucoup plu. En ce moment, je travaille aussi sur un petit docu-fiction avec un bon copain r\u00e9alisateur ex-BETC, j\u2019ai nomm\u00e9 Guillaume Palmantier.<\/p>\n\n\n\n<p class=\"has-vivid-cyan-blue-color has-text-color has-medium-font-size\"><strong>Quel est ton meilleur et pire souvenir de pub ?<\/strong><\/p>\n\n\n\n<p>Meilleur souvenir de pub : mon premier tournage loin, c\u2019\u00e9tait \u00e0 Los Angeles, on avait lou\u00e9 une villa \u00e0 Beverly Hills avec la prod (Noside RPZ) de Crunch, on \u00e9tait les voisins de Tom Cruise. On est all\u00e9s sonner chez lui mais il ne nous a pas ouvert. En plus d\u2019avoir fait un super tournage, on est rest\u00e9s super amis avec toute l\u2019\u00e9quipe.&nbsp;<\/p>\n\n\n\n<p>Pire souvenir de pub : Une machine de motion control qui est tomb\u00e9e en panne sur un tournage. 6h pour la r\u00e9parer. Une nuit blanche dans un studio \u00e0 attendre et \u00e0 s\u2019ennuyer cordialement. Il faisait super froid, l\u2019air \u00e9tait m\u00e9ga pollu\u00e9 et on avait des machines \u00e0 fausses neiges qui avait tourn\u00e9, c\u2019\u00e9tait irrespirable. M\u00eame si le film est plut\u00f4t chouette, plus JAMAIS je ne referai un film en motion control.<\/p>\n\n\n\n<p class=\"has-vivid-cyan-blue-color has-text-color has-medium-font-size\"><strong>C\u2019est qui ta g\u00e9n\u00e9ration de cr\u00e9as, ceux avec qui tu as grandi ?<\/strong><\/p>\n\n\n\n<p>J\u2019ai grandi dans un premier temps aux c\u00f4t\u00e9s de Ghislain de Villoutreys, chez JWT. Je ne le remercierais jamais assez de m\u2019avoir donn\u00e9 de belles opportunit\u00e9s cr\u00e9atives et de m\u2019avoir fait confiance. Et ensuite, chez BETC, je suis arriv\u00e9e dans ce qu\u2019on appelait \u201cLa cellule Apers\u201d \u00e0 l\u2019\u00e9poque. Olivier Apers s\u2019\u00e9tait entour\u00e9 des cr\u00e9atifs en qui il croyait et on \u00e9tait tous assis autour de lui. Il y avait Adrian Skedenrovic, Romain Pergeaux, Lucas Boun\u00e9ou, Guillaume Rebbot, Fanny Molins, Julien Deschamps, Jordan Lemarchand, j\u2019en oublie certainement\u2026  <br><br>C\u2019\u00e9tait super, \u00e7a donnait envie de faire des campagnes aussi bien que celles des copains. Avec Olivier Apers, on s\u2019est tout de suite bien entendus, tant sur le plan cr\u00e9atif que sur le plan humain. C\u2019est lui qui a imm\u00e9diatement vu que je serai meilleure CR que DA et franchement, bien vu \ud83d\ude09 Huit ans plus tard, on bosse toujours ensemble et c\u2019est toujours aussi cool. Et il y a \u00e9videmment St\u00e9phane Xiberras, avec qui c\u2019est toujours un plaisir de bosser.<\/p>\n\n\n\n<p class=\"has-vivid-cyan-blue-color has-text-color has-medium-font-size\"><strong>Tu as des mod\u00e8les de cr\u00e9atifs dans la publicit\u00e9 ou en dehors, des gens qui t&rsquo;inspirent ?<\/strong><\/p>\n\n\n\n<p>\u00c9videmment, je pourrais citer les Droga, Bernbach, Wieden, Hegarty etc. Bon ben \u00e7a y est, c\u2019est fait.<\/p>\n\n\n\n<p>Plus s\u00e9rieusement, j\u2019admire le travail de beaucoup de mes pairs, mais de l\u00e0 \u00e0 dire que ce sont des mod\u00e8les, pas s\u00fbre. Sinon, les gens qui m\u2019inspirent le plus, ce sont les gens en g\u00e9n\u00e9ral. Ma famille, mes amis et surtout les parfaits inconnus. J\u2019adore observer les gens, leurs comportements, comment ils marchent, comment ils s&rsquo;expriment, etc. Je pense que c\u2019est \u00e7a, l\u2019essence m\u00eame de notre m\u00e9tier et que c\u2019est comme \u00e7a qu\u2019on trouve les meilleurs insights.<\/p>\n\n\n\n<p class=\"has-vivid-cyan-blue-color has-text-color has-medium-font-size\"><strong>Quelles sont les pubs que tu pr\u00e9f\u00e8res, tes classiques ?<\/strong><\/p>\n\n\n\n<p>Levi\u2019s &#8211; When the world zig, zags<\/p>\n\n\n\n<p><\/p>\n\n\n\n<figure class=\"wp-block-image size-large\"><img loading=\"lazy\" decoding=\"async\" width=\"1024\" height=\"632\" src=\"https:\/\/www.ferembach.com\/cestquilescreas\/wp-content\/uploads\/2022\/03\/Levis-min-1024x632.png\" alt=\"\" class=\"wp-image-8986\" srcset=\"https:\/\/www.ferembach.com\/cestquilescreas\/wp-content\/uploads\/2022\/03\/Levis-min-1024x632.png 1024w, https:\/\/www.ferembach.com\/cestquilescreas\/wp-content\/uploads\/2022\/03\/Levis-min-980x604.png 980w, https:\/\/www.ferembach.com\/cestquilescreas\/wp-content\/uploads\/2022\/03\/Levis-min-480x296.png 480w\" sizes=\"auto, (min-width: 0px) and (max-width: 480px) 480px, (min-width: 481px) and (max-width: 980px) 980px, (min-width: 981px) 1024px, 100vw\" \/><\/figure>\n\n\n\n<p>Nike &#8211; Find your greatness<\/p>\n\n\n<figure class=\"wp-block-embed-youtube wp-block-embed is-type-video is-provider-youtube wp-embed-aspect-4-3 wp-has-aspect-ratio\"><div class=\"lyte-wrapper\" style=\"width:853px;max-width:100%;margin:5px auto;\"><div class=\"lyMe\" id=\"WYL_WYP9AGtLvRg\"><div id=\"lyte_WYP9AGtLvRg\" data-src=\"https:\/\/www.ferembach.com\/cestquilescreas\/wp-content\/plugins\/wp-youtube-lyte\/lyteCache.php?origThumbUrl=%2F%2Fi.ytimg.com%2Fvi%2FWYP9AGtLvRg%2Fhqdefault.jpg\" class=\"pL\"><div class=\"tC\"><div class=\"tT\"><\/div><\/div><div class=\"play\"><\/div><div class=\"ctrl\"><div class=\"Lctrl\"><\/div><div class=\"Rctrl\"><\/div><\/div><\/div><noscript><a href=\"https:\/\/youtu.be\/WYP9AGtLvRg\" rel=\"nofollow\"><img loading=\"lazy\" decoding=\"async\" src=\"https:\/\/www.ferembach.com\/cestquilescreas\/wp-content\/plugins\/wp-youtube-lyte\/lyteCache.php?origThumbUrl=https%3A%2F%2Fi.ytimg.com%2Fvi%2FWYP9AGtLvRg%2F0.jpg\" alt=\"YouTube video thumbnail\" width=\"853\" height=\"460\" \/><br \/>Lire cette vid\u00e9o sur YouTube<\/a><\/noscript><\/div><\/div><div class=\"lL\" style=\"max-width:100%;width:853px;margin:5px auto;\"><\/div><figcaption><\/figcaption><\/figure>\n\n\n<p>Time is precious &#8211; Nike<\/p>\n\n\n<figure class=\"wp-block-embed-youtube wp-block-embed is-type-video is-provider-youtube wp-embed-aspect-16-9 wp-has-aspect-ratio\"><div class=\"lyte-wrapper\" style=\"width:853px;max-width:100%;margin:5px auto;\"><div class=\"lyMe\" id=\"WYL_-U-TlwKWsA0\"><div id=\"lyte_-U-TlwKWsA0\" data-src=\"https:\/\/www.ferembach.com\/cestquilescreas\/wp-content\/plugins\/wp-youtube-lyte\/lyteCache.php?origThumbUrl=%2F%2Fi.ytimg.com%2Fvi%2F-U-TlwKWsA0%2Fhqdefault.jpg\" class=\"pL\"><div class=\"tC\"><div class=\"tT\"><\/div><\/div><div class=\"play\"><\/div><div class=\"ctrl\"><div class=\"Lctrl\"><\/div><div class=\"Rctrl\"><\/div><\/div><\/div><noscript><a href=\"https:\/\/youtu.be\/-U-TlwKWsA0\" rel=\"nofollow\"><img loading=\"lazy\" decoding=\"async\" src=\"https:\/\/www.ferembach.com\/cestquilescreas\/wp-content\/plugins\/wp-youtube-lyte\/lyteCache.php?origThumbUrl=https%3A%2F%2Fi.ytimg.com%2Fvi%2F-U-TlwKWsA0%2F0.jpg\" alt=\"YouTube video thumbnail\" width=\"853\" height=\"460\" \/><br \/>Lire cette vid\u00e9o sur YouTube<\/a><\/noscript><\/div><\/div><div class=\"lL\" style=\"max-width:100%;width:853px;margin:5px auto;\"><\/div><figcaption><\/figcaption><\/figure>\n\n\n<p>Buenos Aires Independent Film Festival<\/p>\n\n\n<figure class=\"wp-block-embed-youtube wp-block-embed is-type-video is-provider-youtube wp-embed-aspect-4-3 wp-has-aspect-ratio\"><div class=\"lyte-wrapper\" style=\"width:853px;max-width:100%;margin:5px auto;\"><div class=\"lyMe\" id=\"WYL_sL6jX2TTSZg\"><div id=\"lyte_sL6jX2TTSZg\" data-src=\"https:\/\/www.ferembach.com\/cestquilescreas\/wp-content\/plugins\/wp-youtube-lyte\/lyteCache.php?origThumbUrl=%2F%2Fi.ytimg.com%2Fvi%2FsL6jX2TTSZg%2Fhqdefault.jpg\" class=\"pL\"><div class=\"tC\"><div class=\"tT\"><\/div><\/div><div class=\"play\"><\/div><div class=\"ctrl\"><div class=\"Lctrl\"><\/div><div class=\"Rctrl\"><\/div><\/div><\/div><noscript><a href=\"https:\/\/youtu.be\/sL6jX2TTSZg\" rel=\"nofollow\"><img loading=\"lazy\" decoding=\"async\" src=\"https:\/\/www.ferembach.com\/cestquilescreas\/wp-content\/plugins\/wp-youtube-lyte\/lyteCache.php?origThumbUrl=https%3A%2F%2Fi.ytimg.com%2Fvi%2FsL6jX2TTSZg%2F0.jpg\" alt=\"YouTube video thumbnail\" width=\"853\" height=\"460\" \/><br \/>Lire cette vid\u00e9o sur YouTube<\/a><\/noscript><\/div><\/div><div class=\"lL\" style=\"max-width:100%;width:853px;margin:5px auto;\"><\/div><figcaption><\/figcaption><\/figure>\n\n\n<p>Starbust &#8211; Acid<\/p>\n\n\n<figure class=\"wp-block-embed-youtube wp-block-embed is-type-video is-provider-youtube wp-embed-aspect-4-3 wp-has-aspect-ratio\"><div class=\"lyte-wrapper\" style=\"width:853px;max-width:100%;margin:5px auto;\"><div class=\"lyMe\" id=\"WYL_8yfZRHZ_UYk\"><div id=\"lyte_8yfZRHZ_UYk\" data-src=\"https:\/\/www.ferembach.com\/cestquilescreas\/wp-content\/plugins\/wp-youtube-lyte\/lyteCache.php?origThumbUrl=%2F%2Fi.ytimg.com%2Fvi%2F8yfZRHZ_UYk%2Fhqdefault.jpg\" class=\"pL\"><div class=\"tC\"><div class=\"tT\"><\/div><\/div><div class=\"play\"><\/div><div class=\"ctrl\"><div class=\"Lctrl\"><\/div><div class=\"Rctrl\"><\/div><\/div><\/div><noscript><a href=\"https:\/\/youtu.be\/8yfZRHZ_UYk\" rel=\"nofollow\"><img loading=\"lazy\" decoding=\"async\" src=\"https:\/\/www.ferembach.com\/cestquilescreas\/wp-content\/plugins\/wp-youtube-lyte\/lyteCache.php?origThumbUrl=https%3A%2F%2Fi.ytimg.com%2Fvi%2F8yfZRHZ_UYk%2F0.jpg\" alt=\"YouTube video thumbnail\" width=\"853\" height=\"460\" \/><br \/>Lire cette vid\u00e9o sur YouTube<\/a><\/noscript><\/div><\/div><div class=\"lL\" style=\"max-width:100%;width:853px;margin:5px auto;\"><\/div><figcaption><\/figcaption><\/figure>\n\n\n<p>Puma &#8211; After Hours Athlete<\/p>\n\n\n<figure class=\"wp-block-embed-youtube wp-block-embed is-type-video is-provider-youtube wp-embed-aspect-16-9 wp-has-aspect-ratio\"><div class=\"lyte-wrapper\" style=\"width:853px;max-width:100%;margin:5px auto;\"><div class=\"lyMe\" id=\"WYL_hhPe7mFBdAc\"><div id=\"lyte_hhPe7mFBdAc\" data-src=\"https:\/\/www.ferembach.com\/cestquilescreas\/wp-content\/plugins\/wp-youtube-lyte\/lyteCache.php?origThumbUrl=%2F%2Fi.ytimg.com%2Fvi%2FhhPe7mFBdAc%2Fhqdefault.jpg\" class=\"pL\"><div class=\"tC\"><div class=\"tT\"><\/div><\/div><div class=\"play\"><\/div><div class=\"ctrl\"><div class=\"Lctrl\"><\/div><div class=\"Rctrl\"><\/div><\/div><\/div><noscript><a href=\"https:\/\/youtu.be\/hhPe7mFBdAc\" rel=\"nofollow\"><img loading=\"lazy\" decoding=\"async\" src=\"https:\/\/www.ferembach.com\/cestquilescreas\/wp-content\/plugins\/wp-youtube-lyte\/lyteCache.php?origThumbUrl=https%3A%2F%2Fi.ytimg.com%2Fvi%2FhhPe7mFBdAc%2F0.jpg\" alt=\"YouTube video thumbnail\" width=\"853\" height=\"460\" \/><br \/>Lire cette vid\u00e9o sur YouTube<\/a><\/noscript><\/div><\/div><div class=\"lL\" style=\"max-width:100%;width:853px;margin:5px auto;\"><\/div><figcaption><\/figcaption><\/figure>\n\n\n<p>Benetton Unhate<\/p>\n\n\n\n<figure class=\"wp-block-image size-full is-resized\"><img loading=\"lazy\" decoding=\"async\" src=\"https:\/\/www.ferembach.com\/cestquilescreas\/wp-content\/uploads\/2022\/03\/Unhate.jpeg\" alt=\"\" class=\"wp-image-8987\" width=\"838\" height=\"394\" srcset=\"https:\/\/www.ferembach.com\/cestquilescreas\/wp-content\/uploads\/2022\/03\/Unhate.jpeg 838w, https:\/\/www.ferembach.com\/cestquilescreas\/wp-content\/uploads\/2022\/03\/Unhate-480x226.jpeg 480w\" sizes=\"auto, (min-width: 0px) and (max-width: 480px) 480px, (min-width: 481px) 838px, 100vw\" \/><\/figure>\n\n\n\n<p> <\/p>\n\n\n\n<p>Rei &#8211; Opt Outside<\/p>\n\n\n<figure class=\"wp-block-embed-youtube wp-block-embed is-type-video is-provider-youtube wp-embed-aspect-16-9 wp-has-aspect-ratio\"><div class=\"lyte-wrapper\" style=\"width:853px;max-width:100%;margin:5px auto;\"><div class=\"lyMe\" id=\"WYL_lMsxrJeJ8lU\"><div id=\"lyte_lMsxrJeJ8lU\" data-src=\"https:\/\/www.ferembach.com\/cestquilescreas\/wp-content\/plugins\/wp-youtube-lyte\/lyteCache.php?origThumbUrl=%2F%2Fi.ytimg.com%2Fvi%2FlMsxrJeJ8lU%2Fhqdefault.jpg\" class=\"pL\"><div class=\"tC\"><div class=\"tT\"><\/div><\/div><div class=\"play\"><\/div><div class=\"ctrl\"><div class=\"Lctrl\"><\/div><div class=\"Rctrl\"><\/div><\/div><\/div><noscript><a href=\"https:\/\/youtu.be\/lMsxrJeJ8lU\" rel=\"nofollow\"><img loading=\"lazy\" decoding=\"async\" src=\"https:\/\/www.ferembach.com\/cestquilescreas\/wp-content\/plugins\/wp-youtube-lyte\/lyteCache.php?origThumbUrl=https%3A%2F%2Fi.ytimg.com%2Fvi%2FlMsxrJeJ8lU%2F0.jpg\" alt=\"YouTube video thumbnail\" width=\"853\" height=\"460\" \/><br \/>Lire cette vid\u00e9o sur YouTube<\/a><\/noscript><\/div><\/div><div class=\"lL\" style=\"max-width:100%;width:853px;margin:5px auto;\"><\/div><figcaption><\/figcaption><\/figure>\n\n\n<p class=\"has-vivid-cyan-blue-color has-text-color has-medium-font-size\"><strong>Tu vois quoi comme changement entre tes d\u00e9buts et maintenant ?<\/strong><\/p>\n\n\n\n<p>Comment ne pas parler des GAFAM et du Metaverse. \u00c0 l\u2019\u00e9cole, on ne m\u2019a enseign\u00e9 que le print et le film. Quand je suis arriv\u00e9e en agence, on employait le mot \u201cdigital\u201d \u00e0 toutes les sauces, mais personne ne savait vraiment de quoi il parlait. On exp\u00e9rimentait, on faisait des sites \u00e0 500k \u20ac, c\u2019\u00e9tait n\u2019importe quoi, mais c\u2019\u00e9tait marrant. Aujourd\u2019hui, on est compl\u00e8tement tributaire de Facebook, Google, etc. Ils font des lavages de cerveaux aux clients et leur vendent tout un tas de formats digitaux et de fa\u00e7ons de communiquer standardis\u00e9es qui font qu\u2019on a souvent tendance \u00e0 oublier l\u2019essentiel : l\u2019id\u00e9e. C\u2019est dommage. Apr\u00e8s, il faut vivre avec son temps et tenter de \u201chacker\u201d ces formats et de rester cr\u00e9atif malgr\u00e9 tout. Une chose n\u2019a pas chang\u00e9 en revanche, c\u2019est le fait que le spot TV existe toujours. Tout le monde pensait que la t\u00e9l\u00e9 allait mourir et non, elle est plus que jamais l\u00e0.<\/p>\n\n\n\n<p><\/p>\n\n\n\n<p class=\"has-vivid-cyan-blue-color has-text-color has-medium-font-size\"><strong>Un conseil pour r\u00e9ussir quand on commence dans ce m\u00e9tier ?<\/strong><\/p>\n\n\n\n<p>Rester humble. \u00c9couter les conseils des anciens. Et pers\u00e9v\u00e9rer (parce que beaucoup de nos id\u00e9es partent \u00e0 la poubelle malheureusement), on peut ne rien produire pendant un moment, il ne faut pas se laisser abattre. Et aussi, s\u2019ouvrir l\u2019esprit, s\u2019a\u00e9rer, faire des expos, lire, aller au cin\u00e9, marcher, ne pas rester bloqu\u00e9 dans le microcosme publicitaire. Faire de la veille sans cesse, c\u2019est bien, mais \u00e7a peut aussi bloquer la cr\u00e9ativit\u00e9 dans le sens o\u00f9, inconsciemment, on va reproduire ce qu\u2019on a d\u00e9j\u00e0 vu, en un peu diff\u00e9rent.<\/p>\n\n\n\n<div style=\"height:134px\" aria-hidden=\"true\" class=\"wp-block-spacer\"><\/div>\n","protected":false},"excerpt":{"rendered":"<p>Bonjour Chrystel, quel a \u00e9t\u00e9 ton parcours ? Je viens de la plus belle r\u00e9gion de France, la Lorraine et de la plus belle ville de Lorraine, Thionville. C\u2019est dans ces magnifiques contr\u00e9es que j\u2019ai fait un bac ES et comme je n&rsquo;\u00e9tais pas trop mauvaise \u00e0 l\u2019\u00e9cole, on m\u2019a pouss\u00e9e (pour ne pas dire [&hellip;]<\/p>\n","protected":false},"author":4,"featured_media":8993,"comment_status":"closed","ping_status":"closed","sticky":false,"template":"","format":"standard","meta":{"_et_pb_use_builder":"","_et_pb_old_content":"","_et_gb_content_width":"","_uag_custom_page_level_css":"","footnotes":""},"categories":[44,75,7],"tags":[],"class_list":["post-8976","post","type-post","status-publish","format-standard","has-post-thumbnail","hentry","category-creatif","category-redactrice","category-betc-paris"],"yoast_head":"<!-- This site is optimized with the Yoast SEO plugin v27.5 - https:\/\/yoast.com\/product\/yoast-seo-wordpress\/ -->\n<title>Chrystel Jung &#8226; C&#039;est qui les Cr\u00e9as ?<\/title>\n<meta name=\"robots\" content=\"index, follow, max-snippet:-1, max-image-preview:large, max-video-preview:-1\" \/>\n<link rel=\"canonical\" href=\"https:\/\/www.ferembach.com\/cestquilescreas\/creatif\/chrystel-jung\/\" \/>\n<meta property=\"og:locale\" content=\"fr_FR\" \/>\n<meta property=\"og:type\" content=\"article\" \/>\n<meta property=\"og:title\" content=\"Chrystel Jung &#8226; C&#039;est qui les Cr\u00e9as ?\" \/>\n<meta property=\"og:description\" content=\"Bonjour Chrystel, quel a \u00e9t\u00e9 ton parcours ? Je viens de la plus belle r\u00e9gion de France, la Lorraine et de la plus belle ville de Lorraine, Thionville. C\u2019est dans ces magnifiques contr\u00e9es que j\u2019ai fait un bac ES et comme je n&rsquo;\u00e9tais pas trop mauvaise \u00e0 l\u2019\u00e9cole, on m\u2019a pouss\u00e9e (pour ne pas dire [&hellip;]\" \/>\n<meta property=\"og:url\" content=\"https:\/\/www.ferembach.com\/cestquilescreas\/creatif\/chrystel-jung\/\" \/>\n<meta property=\"og:site_name\" content=\"C&#039;est qui les Cr\u00e9as ?\" \/>\n<meta property=\"article:publisher\" content=\"https:\/\/www.facebook.com\/CestquilesCreas\/\" \/>\n<meta property=\"article:published_time\" content=\"2022-03-31T18:48:20+00:00\" \/>\n<meta property=\"article:modified_time\" content=\"2022-04-01T12:21:21+00:00\" \/>\n<meta property=\"og:image\" content=\"https:\/\/www.ferembach.com\/cestquilescreas\/wp-content\/uploads\/2022\/03\/Chrystel04.jpg\" \/>\n\t<meta property=\"og:image:width\" content=\"1980\" \/>\n\t<meta property=\"og:image:height\" content=\"1439\" \/>\n\t<meta property=\"og:image:type\" content=\"image\/jpeg\" \/>\n<meta name=\"author\" content=\"gregory ferembach\" \/>\n<meta name=\"twitter:card\" content=\"summary_large_image\" \/>\n<meta name=\"twitter:label1\" content=\"\u00c9crit par\" \/>\n\t<meta name=\"twitter:data1\" content=\"gregory ferembach\" \/>\n\t<meta name=\"twitter:label2\" content=\"Dur\u00e9e de lecture estim\u00e9e\" \/>\n\t<meta name=\"twitter:data2\" content=\"11 minutes\" \/>\n<script type=\"application\/ld+json\" class=\"yoast-schema-graph\">{\"@context\":\"https:\\\/\\\/schema.org\",\"@graph\":[{\"@type\":\"Article\",\"@id\":\"https:\\\/\\\/www.ferembach.com\\\/cestquilescreas\\\/creatif\\\/chrystel-jung\\\/#article\",\"isPartOf\":{\"@id\":\"https:\\\/\\\/www.ferembach.com\\\/cestquilescreas\\\/creatif\\\/chrystel-jung\\\/\"},\"author\":{\"name\":\"gregory ferembach\",\"@id\":\"https:\\\/\\\/www.ferembach.com\\\/cestquilescreas\\\/#\\\/schema\\\/person\\\/228b651374249a02f20a1921f0e2516b\"},\"headline\":\"Chrystel Jung\",\"datePublished\":\"2022-03-31T18:48:20+00:00\",\"dateModified\":\"2022-04-01T12:21:21+00:00\",\"mainEntityOfPage\":{\"@id\":\"https:\\\/\\\/www.ferembach.com\\\/cestquilescreas\\\/creatif\\\/chrystel-jung\\\/\"},\"wordCount\":2157,\"publisher\":{\"@id\":\"https:\\\/\\\/www.ferembach.com\\\/cestquilescreas\\\/#organization\"},\"image\":{\"@id\":\"https:\\\/\\\/www.ferembach.com\\\/cestquilescreas\\\/creatif\\\/chrystel-jung\\\/#primaryimage\"},\"thumbnailUrl\":\"https:\\\/\\\/www.ferembach.com\\\/cestquilescreas\\\/wp-content\\\/uploads\\\/2022\\\/03\\\/Chrystel04.jpg\",\"articleSection\":[\".cr\u00e9atif\",\".R\u00e9dactrice\",\"BETC Paris\"],\"inLanguage\":\"fr-FR\"},{\"@type\":\"WebPage\",\"@id\":\"https:\\\/\\\/www.ferembach.com\\\/cestquilescreas\\\/creatif\\\/chrystel-jung\\\/\",\"url\":\"https:\\\/\\\/www.ferembach.com\\\/cestquilescreas\\\/creatif\\\/chrystel-jung\\\/\",\"name\":\"Chrystel Jung &#8226; C&#039;est qui les Cr\u00e9as ?\",\"isPartOf\":{\"@id\":\"https:\\\/\\\/www.ferembach.com\\\/cestquilescreas\\\/#website\"},\"primaryImageOfPage\":{\"@id\":\"https:\\\/\\\/www.ferembach.com\\\/cestquilescreas\\\/creatif\\\/chrystel-jung\\\/#primaryimage\"},\"image\":{\"@id\":\"https:\\\/\\\/www.ferembach.com\\\/cestquilescreas\\\/creatif\\\/chrystel-jung\\\/#primaryimage\"},\"thumbnailUrl\":\"https:\\\/\\\/www.ferembach.com\\\/cestquilescreas\\\/wp-content\\\/uploads\\\/2022\\\/03\\\/Chrystel04.jpg\",\"datePublished\":\"2022-03-31T18:48:20+00:00\",\"dateModified\":\"2022-04-01T12:21:21+00:00\",\"breadcrumb\":{\"@id\":\"https:\\\/\\\/www.ferembach.com\\\/cestquilescreas\\\/creatif\\\/chrystel-jung\\\/#breadcrumb\"},\"inLanguage\":\"fr-FR\",\"potentialAction\":[{\"@type\":\"ReadAction\",\"target\":[\"https:\\\/\\\/www.ferembach.com\\\/cestquilescreas\\\/creatif\\\/chrystel-jung\\\/\"]}]},{\"@type\":\"ImageObject\",\"inLanguage\":\"fr-FR\",\"@id\":\"https:\\\/\\\/www.ferembach.com\\\/cestquilescreas\\\/creatif\\\/chrystel-jung\\\/#primaryimage\",\"url\":\"https:\\\/\\\/www.ferembach.com\\\/cestquilescreas\\\/wp-content\\\/uploads\\\/2022\\\/03\\\/Chrystel04.jpg\",\"contentUrl\":\"https:\\\/\\\/www.ferembach.com\\\/cestquilescreas\\\/wp-content\\\/uploads\\\/2022\\\/03\\\/Chrystel04.jpg\",\"width\":1920,\"height\":1395},{\"@type\":\"BreadcrumbList\",\"@id\":\"https:\\\/\\\/www.ferembach.com\\\/cestquilescreas\\\/creatif\\\/chrystel-jung\\\/#breadcrumb\",\"itemListElement\":[{\"@type\":\"ListItem\",\"position\":1,\"name\":\"Accueil\",\"item\":\"https:\\\/\\\/www.ferembach.com\\\/cestquilescreas\\\/\"},{\"@type\":\"ListItem\",\"position\":2,\"name\":\"Chrystel Jung\"}]},{\"@type\":\"WebSite\",\"@id\":\"https:\\\/\\\/www.ferembach.com\\\/cestquilescreas\\\/#website\",\"url\":\"https:\\\/\\\/www.ferembach.com\\\/cestquilescreas\\\/\",\"name\":\"C'est qui les Cr\u00e9as ?\",\"description\":\"D\u00e9couvrez les cr\u00e9atifs, leurs parcours et leurs (en)vies...\",\"publisher\":{\"@id\":\"https:\\\/\\\/www.ferembach.com\\\/cestquilescreas\\\/#organization\"},\"potentialAction\":[{\"@type\":\"SearchAction\",\"target\":{\"@type\":\"EntryPoint\",\"urlTemplate\":\"https:\\\/\\\/www.ferembach.com\\\/cestquilescreas\\\/?s={search_term_string}\"},\"query-input\":{\"@type\":\"PropertyValueSpecification\",\"valueRequired\":true,\"valueName\":\"search_term_string\"}}],\"inLanguage\":\"fr-FR\"},{\"@type\":\"Organization\",\"@id\":\"https:\\\/\\\/www.ferembach.com\\\/cestquilescreas\\\/#organization\",\"name\":\"C'est qui les Cr\u00e9as ?\",\"url\":\"https:\\\/\\\/www.ferembach.com\\\/cestquilescreas\\\/\",\"logo\":{\"@type\":\"ImageObject\",\"inLanguage\":\"fr-FR\",\"@id\":\"https:\\\/\\\/www.ferembach.com\\\/cestquilescreas\\\/#\\\/schema\\\/logo\\\/image\\\/\",\"url\":\"https:\\\/\\\/www.ferembach.com\\\/cestquilescreas\\\/wp-content\\\/uploads\\\/2020\\\/02\\\/logo-cqlc-1024x368-3.png\",\"contentUrl\":\"https:\\\/\\\/www.ferembach.com\\\/cestquilescreas\\\/wp-content\\\/uploads\\\/2020\\\/02\\\/logo-cqlc-1024x368-3.png\",\"width\":1024,\"height\":368,\"caption\":\"C'est qui les Cr\u00e9as ?\"},\"image\":{\"@id\":\"https:\\\/\\\/www.ferembach.com\\\/cestquilescreas\\\/#\\\/schema\\\/logo\\\/image\\\/\"},\"sameAs\":[\"https:\\\/\\\/www.facebook.com\\\/CestquilesCreas\\\/\"]},{\"@type\":\"Person\",\"@id\":\"https:\\\/\\\/www.ferembach.com\\\/cestquilescreas\\\/#\\\/schema\\\/person\\\/228b651374249a02f20a1921f0e2516b\",\"name\":\"gregory ferembach\",\"image\":{\"@type\":\"ImageObject\",\"inLanguage\":\"fr-FR\",\"@id\":\"https:\\\/\\\/secure.gravatar.com\\\/avatar\\\/605c4bda0e1d2a91637e7bb2eb4af75b09419585355d212ee36e067ca646749c?s=96&d=mm&r=g\",\"url\":\"https:\\\/\\\/secure.gravatar.com\\\/avatar\\\/605c4bda0e1d2a91637e7bb2eb4af75b09419585355d212ee36e067ca646749c?s=96&d=mm&r=g\",\"contentUrl\":\"https:\\\/\\\/secure.gravatar.com\\\/avatar\\\/605c4bda0e1d2a91637e7bb2eb4af75b09419585355d212ee36e067ca646749c?s=96&d=mm&r=g\",\"caption\":\"gregory ferembach\"}}]}<\/script>\n<!-- \/ Yoast SEO plugin. -->","yoast_head_json":{"title":"Chrystel Jung &#8226; C&#039;est qui les Cr\u00e9as ?","robots":{"index":"index","follow":"follow","max-snippet":"max-snippet:-1","max-image-preview":"max-image-preview:large","max-video-preview":"max-video-preview:-1"},"canonical":"https:\/\/www.ferembach.com\/cestquilescreas\/creatif\/chrystel-jung\/","og_locale":"fr_FR","og_type":"article","og_title":"Chrystel Jung &#8226; C&#039;est qui les Cr\u00e9as ?","og_description":"Bonjour Chrystel, quel a \u00e9t\u00e9 ton parcours ? Je viens de la plus belle r\u00e9gion de France, la Lorraine et de la plus belle ville de Lorraine, Thionville. C\u2019est dans ces magnifiques contr\u00e9es que j\u2019ai fait un bac ES et comme je n&rsquo;\u00e9tais pas trop mauvaise \u00e0 l\u2019\u00e9cole, on m\u2019a pouss\u00e9e (pour ne pas dire [&hellip;]","og_url":"https:\/\/www.ferembach.com\/cestquilescreas\/creatif\/chrystel-jung\/","og_site_name":"C&#039;est qui les Cr\u00e9as ?","article_publisher":"https:\/\/www.facebook.com\/CestquilesCreas\/","article_published_time":"2022-03-31T18:48:20+00:00","article_modified_time":"2022-04-01T12:21:21+00:00","og_image":[{"width":1980,"height":1439,"url":"https:\/\/www.ferembach.com\/cestquilescreas\/wp-content\/uploads\/2022\/03\/Chrystel04.jpg","type":"image\/jpeg"}],"author":"gregory ferembach","twitter_card":"summary_large_image","twitter_misc":{"\u00c9crit par":"gregory ferembach","Dur\u00e9e de lecture estim\u00e9e":"11 minutes"},"schema":{"@context":"https:\/\/schema.org","@graph":[{"@type":"Article","@id":"https:\/\/www.ferembach.com\/cestquilescreas\/creatif\/chrystel-jung\/#article","isPartOf":{"@id":"https:\/\/www.ferembach.com\/cestquilescreas\/creatif\/chrystel-jung\/"},"author":{"name":"gregory ferembach","@id":"https:\/\/www.ferembach.com\/cestquilescreas\/#\/schema\/person\/228b651374249a02f20a1921f0e2516b"},"headline":"Chrystel Jung","datePublished":"2022-03-31T18:48:20+00:00","dateModified":"2022-04-01T12:21:21+00:00","mainEntityOfPage":{"@id":"https:\/\/www.ferembach.com\/cestquilescreas\/creatif\/chrystel-jung\/"},"wordCount":2157,"publisher":{"@id":"https:\/\/www.ferembach.com\/cestquilescreas\/#organization"},"image":{"@id":"https:\/\/www.ferembach.com\/cestquilescreas\/creatif\/chrystel-jung\/#primaryimage"},"thumbnailUrl":"https:\/\/www.ferembach.com\/cestquilescreas\/wp-content\/uploads\/2022\/03\/Chrystel04.jpg","articleSection":[".cr\u00e9atif",".R\u00e9dactrice","BETC Paris"],"inLanguage":"fr-FR"},{"@type":"WebPage","@id":"https:\/\/www.ferembach.com\/cestquilescreas\/creatif\/chrystel-jung\/","url":"https:\/\/www.ferembach.com\/cestquilescreas\/creatif\/chrystel-jung\/","name":"Chrystel Jung &#8226; C&#039;est qui les Cr\u00e9as ?","isPartOf":{"@id":"https:\/\/www.ferembach.com\/cestquilescreas\/#website"},"primaryImageOfPage":{"@id":"https:\/\/www.ferembach.com\/cestquilescreas\/creatif\/chrystel-jung\/#primaryimage"},"image":{"@id":"https:\/\/www.ferembach.com\/cestquilescreas\/creatif\/chrystel-jung\/#primaryimage"},"thumbnailUrl":"https:\/\/www.ferembach.com\/cestquilescreas\/wp-content\/uploads\/2022\/03\/Chrystel04.jpg","datePublished":"2022-03-31T18:48:20+00:00","dateModified":"2022-04-01T12:21:21+00:00","breadcrumb":{"@id":"https:\/\/www.ferembach.com\/cestquilescreas\/creatif\/chrystel-jung\/#breadcrumb"},"inLanguage":"fr-FR","potentialAction":[{"@type":"ReadAction","target":["https:\/\/www.ferembach.com\/cestquilescreas\/creatif\/chrystel-jung\/"]}]},{"@type":"ImageObject","inLanguage":"fr-FR","@id":"https:\/\/www.ferembach.com\/cestquilescreas\/creatif\/chrystel-jung\/#primaryimage","url":"https:\/\/www.ferembach.com\/cestquilescreas\/wp-content\/uploads\/2022\/03\/Chrystel04.jpg","contentUrl":"https:\/\/www.ferembach.com\/cestquilescreas\/wp-content\/uploads\/2022\/03\/Chrystel04.jpg","width":1920,"height":1395},{"@type":"BreadcrumbList","@id":"https:\/\/www.ferembach.com\/cestquilescreas\/creatif\/chrystel-jung\/#breadcrumb","itemListElement":[{"@type":"ListItem","position":1,"name":"Accueil","item":"https:\/\/www.ferembach.com\/cestquilescreas\/"},{"@type":"ListItem","position":2,"name":"Chrystel Jung"}]},{"@type":"WebSite","@id":"https:\/\/www.ferembach.com\/cestquilescreas\/#website","url":"https:\/\/www.ferembach.com\/cestquilescreas\/","name":"C'est qui les Cr\u00e9as ?","description":"D\u00e9couvrez les cr\u00e9atifs, leurs parcours et leurs (en)vies...","publisher":{"@id":"https:\/\/www.ferembach.com\/cestquilescreas\/#organization"},"potentialAction":[{"@type":"SearchAction","target":{"@type":"EntryPoint","urlTemplate":"https:\/\/www.ferembach.com\/cestquilescreas\/?s={search_term_string}"},"query-input":{"@type":"PropertyValueSpecification","valueRequired":true,"valueName":"search_term_string"}}],"inLanguage":"fr-FR"},{"@type":"Organization","@id":"https:\/\/www.ferembach.com\/cestquilescreas\/#organization","name":"C'est qui les Cr\u00e9as ?","url":"https:\/\/www.ferembach.com\/cestquilescreas\/","logo":{"@type":"ImageObject","inLanguage":"fr-FR","@id":"https:\/\/www.ferembach.com\/cestquilescreas\/#\/schema\/logo\/image\/","url":"https:\/\/www.ferembach.com\/cestquilescreas\/wp-content\/uploads\/2020\/02\/logo-cqlc-1024x368-3.png","contentUrl":"https:\/\/www.ferembach.com\/cestquilescreas\/wp-content\/uploads\/2020\/02\/logo-cqlc-1024x368-3.png","width":1024,"height":368,"caption":"C'est qui les Cr\u00e9as ?"},"image":{"@id":"https:\/\/www.ferembach.com\/cestquilescreas\/#\/schema\/logo\/image\/"},"sameAs":["https:\/\/www.facebook.com\/CestquilesCreas\/"]},{"@type":"Person","@id":"https:\/\/www.ferembach.com\/cestquilescreas\/#\/schema\/person\/228b651374249a02f20a1921f0e2516b","name":"gregory ferembach","image":{"@type":"ImageObject","inLanguage":"fr-FR","@id":"https:\/\/secure.gravatar.com\/avatar\/605c4bda0e1d2a91637e7bb2eb4af75b09419585355d212ee36e067ca646749c?s=96&d=mm&r=g","url":"https:\/\/secure.gravatar.com\/avatar\/605c4bda0e1d2a91637e7bb2eb4af75b09419585355d212ee36e067ca646749c?s=96&d=mm&r=g","contentUrl":"https:\/\/secure.gravatar.com\/avatar\/605c4bda0e1d2a91637e7bb2eb4af75b09419585355d212ee36e067ca646749c?s=96&d=mm&r=g","caption":"gregory ferembach"}}]}},"uagb_featured_image_src":{"full":["https:\/\/www.ferembach.com\/cestquilescreas\/wp-content\/uploads\/2022\/03\/Chrystel04.jpg",1920,1395,false],"thumbnail":["https:\/\/www.ferembach.com\/cestquilescreas\/wp-content\/uploads\/2022\/03\/Chrystel04-120x120.jpg",120,120,true],"medium":["https:\/\/www.ferembach.com\/cestquilescreas\/wp-content\/uploads\/2022\/03\/Chrystel04-60x44.jpg",60,44,true],"medium_large":["https:\/\/www.ferembach.com\/cestquilescreas\/wp-content\/uploads\/2022\/03\/Chrystel04-768x558.jpg",768,558,true],"large":["https:\/\/www.ferembach.com\/cestquilescreas\/wp-content\/uploads\/2022\/03\/Chrystel04-1024x744.jpg",1024,744,true],"1536x1536":["https:\/\/www.ferembach.com\/cestquilescreas\/wp-content\/uploads\/2022\/03\/Chrystel04-1536x1116.jpg",1536,1116,true],"2048x2048":["https:\/\/www.ferembach.com\/cestquilescreas\/wp-content\/uploads\/2022\/03\/Chrystel04.jpg",1920,1395,false],"et-pb-post-main-image":["https:\/\/www.ferembach.com\/cestquilescreas\/wp-content\/uploads\/2022\/03\/Chrystel04-400x250.jpg",400,250,true],"et-pb-post-main-image-fullwidth":["https:\/\/www.ferembach.com\/cestquilescreas\/wp-content\/uploads\/2022\/03\/Chrystel04-1080x675.jpg",1080,675,true],"et-pb-portfolio-image":["https:\/\/www.ferembach.com\/cestquilescreas\/wp-content\/uploads\/2022\/03\/Chrystel04-400x284.jpg",400,284,true],"et-pb-portfolio-module-image":["https:\/\/www.ferembach.com\/cestquilescreas\/wp-content\/uploads\/2022\/03\/Chrystel04-510x382.jpg",510,382,true],"et-pb-portfolio-image-single":["https:\/\/www.ferembach.com\/cestquilescreas\/wp-content\/uploads\/2022\/03\/Chrystel04-1080x785.jpg",1080,785,true],"et-pb-gallery-module-image-portrait":["https:\/\/www.ferembach.com\/cestquilescreas\/wp-content\/uploads\/2022\/03\/Chrystel04-400x516.jpg",400,516,true],"et-pb-post-main-image-fullwidth-large":["https:\/\/www.ferembach.com\/cestquilescreas\/wp-content\/uploads\/2022\/03\/Chrystel04.jpg",1920,1395,false],"et-pb-image--responsive--desktop":["https:\/\/www.ferembach.com\/cestquilescreas\/wp-content\/uploads\/2022\/03\/Chrystel04-1280x930.jpg",991,720,true],"et-pb-image--responsive--tablet":["https:\/\/www.ferembach.com\/cestquilescreas\/wp-content\/uploads\/2022\/03\/Chrystel04-980x712.jpg",758,551,true],"et-pb-image--responsive--phone":["https:\/\/www.ferembach.com\/cestquilescreas\/wp-content\/uploads\/2022\/03\/Chrystel04-480x349.jpg",371,270,true]},"uagb_author_info":{"display_name":"gregory ferembach","author_link":"https:\/\/www.ferembach.com\/cestquilescreas\/author\/gregoryferembach\/"},"uagb_comment_info":0,"uagb_excerpt":"Bonjour Chrystel, quel a \u00e9t\u00e9 ton parcours ? Je viens de la plus belle r\u00e9gion de France, la Lorraine et de la plus belle ville de Lorraine, Thionville. C\u2019est dans ces magnifiques contr\u00e9es que j\u2019ai fait un bac ES et comme je n&rsquo;\u00e9tais pas trop mauvaise \u00e0 l\u2019\u00e9cole, on m\u2019a pouss\u00e9e (pour ne pas dire\u2026","_links":{"self":[{"href":"https:\/\/www.ferembach.com\/cestquilescreas\/wp-json\/wp\/v2\/posts\/8976","targetHints":{"allow":["GET"]}}],"collection":[{"href":"https:\/\/www.ferembach.com\/cestquilescreas\/wp-json\/wp\/v2\/posts"}],"about":[{"href":"https:\/\/www.ferembach.com\/cestquilescreas\/wp-json\/wp\/v2\/types\/post"}],"author":[{"embeddable":true,"href":"https:\/\/www.ferembach.com\/cestquilescreas\/wp-json\/wp\/v2\/users\/4"}],"replies":[{"embeddable":true,"href":"https:\/\/www.ferembach.com\/cestquilescreas\/wp-json\/wp\/v2\/comments?post=8976"}],"version-history":[{"count":0,"href":"https:\/\/www.ferembach.com\/cestquilescreas\/wp-json\/wp\/v2\/posts\/8976\/revisions"}],"wp:featuredmedia":[{"embeddable":true,"href":"https:\/\/www.ferembach.com\/cestquilescreas\/wp-json\/wp\/v2\/media\/8993"}],"wp:attachment":[{"href":"https:\/\/www.ferembach.com\/cestquilescreas\/wp-json\/wp\/v2\/media?parent=8976"}],"wp:term":[{"taxonomy":"category","embeddable":true,"href":"https:\/\/www.ferembach.com\/cestquilescreas\/wp-json\/wp\/v2\/categories?post=8976"},{"taxonomy":"post_tag","embeddable":true,"href":"https:\/\/www.ferembach.com\/cestquilescreas\/wp-json\/wp\/v2\/tags?post=8976"}],"curies":[{"name":"wp","href":"https:\/\/api.w.org\/{rel}","templated":true}]}}