{"id":9469,"date":"2023-02-20T16:28:49","date_gmt":"2023-02-20T14:28:49","guid":{"rendered":"https:\/\/www.ferembach.com\/cestquilescreas\/?p=9469"},"modified":"2023-12-12T01:17:30","modified_gmt":"2023-12-11T23:17:30","slug":"sebastien-jauffret","status":"publish","type":"post","link":"https:\/\/www.ferembach.com\/cestquilescreas\/commerce\/sebastien-jauffret\/","title":{"rendered":"Mais comment ont-ils vendu \u00e7a\u00a0? #02 : S\u00e9bastien Jauffret"},"content":{"rendered":"\n<p><\/p>\n\n\n\n<div class=\"wp-block-group has-background is-nowrap is-layout-flex wp-container-core-group-is-layout-ad2f72ca wp-block-group-is-layout-flex\" style=\"background:linear-gradient(135deg,rgb(238,238,238) 0%,rgba(169,183,194,0.05) 100%)\">\n<div class=\"wp-block-group is-vertical is-layout-flex wp-container-core-group-is-layout-8cf370e7 wp-block-group-is-layout-flex\">\n<p>INTRO<\/p>\n\n\n\n<p>Il y a toujours ce moment, \u00e0 la fois jouissif et extr\u00eamement frustrant, o\u00f9 l\u2019on d\u00e9couvre une super campagne pour la premi\u00e8re fois. Ce plaisir m\u00eal\u00e9 de jalousie o\u00f9 l\u2019on se dit \u00ab p*tain, quelle bonne id\u00e9e ! \u00bb. Et puis parfois, en creusant un peu, une autre question nous rend encore plus jaloux : <strong>Mais comment ont-ils vendu \u00e7a ?<\/strong><br><\/p>\n\n\n\n<p>Vendre, c\u2019est un talent. Au m\u00eame titre qu\u2019avoir des id\u00e9es ou les r\u00e9aliser. Et ce talent, c\u2019est celui de ceux qu\u2019on appelle en agence : <strong>les commerciaux.<\/strong><br><\/p>\n\n\n\n<p><strong>Mais c\u2019est qui les commerciaux ? <\/strong>Ici, c\u2019est Sebastien Jauffret. Il a aid\u00e9 Canal+ \u00e0 faire parler une peau d\u2019ours, pirat\u00e9 la plus grande marque du monde et nargu\u00e9 la plus grosse compagnie de VTC. Alors forc\u00e9ment, il fallait se d\u00e9p\u00eacher de lui parler avant qu\u2019il finisse en prison.<\/p>\n\n\n\n<div class=\"wp-block-group is-nowrap is-layout-flex wp-container-core-group-is-layout-ad2f72ca wp-block-group-is-layout-flex\">\n<figure class=\"wp-block-image size-full is-resized is-style-rounded\"><img loading=\"lazy\" decoding=\"async\" width=\"778\" height=\"772\" src=\"https:\/\/www.ferembach.com\/cestquilescreas\/wp-content\/uploads\/2023\/02\/Portrait_Joseph.jpg\" alt=\"\" class=\"wp-image-9422\" style=\"width:127px;height:126px\" srcset=\"https:\/\/www.ferembach.com\/cestquilescreas\/wp-content\/uploads\/2023\/02\/Portrait_Joseph.jpg 778w, https:\/\/www.ferembach.com\/cestquilescreas\/wp-content\/uploads\/2023\/02\/Portrait_Joseph-480x476.jpg 480w\" sizes=\"auto, (min-width: 0px) and (max-width: 480px) 480px, (min-width: 481px) 778px, 100vw\" \/><\/figure>\n\n\n\n<p>NDLR : <strong>Cette s\u00e9rie d&rsquo;interviews est orchestr\u00e9e par <\/strong><em><a href=\"https:\/\/fr.linkedin.com\/in\/joseph-rozier-8186375b\" target=\"_blank\" rel=\"noreferrer noopener\"><strong>Joseph Rozier<\/strong>.<\/a><\/em><\/p>\n<\/div>\n\n\n\n<p><strong><br><\/strong><\/p>\n<\/div>\n<\/div>\n\n\n\n<div style=\"height:55px\" aria-hidden=\"true\" class=\"wp-block-spacer\"><\/div>\n\n\n\n<figure class=\"wp-block-image size-large\"><img loading=\"lazy\" decoding=\"async\" width=\"1024\" height=\"359\" src=\"https:\/\/www.ferembach.com\/cestquilescreas\/wp-content\/uploads\/2023\/02\/seb-jauffret-6-1024x359.jpg\" alt=\"\" class=\"wp-image-9489\" srcset=\"https:\/\/www.ferembach.com\/cestquilescreas\/wp-content\/uploads\/2023\/02\/seb-jauffret-6-980x343.jpg 980w, https:\/\/www.ferembach.com\/cestquilescreas\/wp-content\/uploads\/2023\/02\/seb-jauffret-6-480x168.jpg 480w\" sizes=\"auto, (min-width: 0px) and (max-width: 480px) 480px, (min-width: 481px) and (max-width: 980px) 980px, (min-width: 981px) 1024px, 100vw\" \/><\/figure>\n\n\n\n<h2 class=\"wp-block-heading has-vivid-cyan-blue-color has-text-color\"><strong>Salut Seb, peux-tu nous raconter un peu ton parcours&nbsp;?<\/strong><\/h2>\n\n\n\n<p>J\u2019ai grandi dans la publicit\u00e9. Mon grand-p\u00e8re avait une agence baptis\u00e9e Yves Alexandre et c\u2019est d\u2019ailleurs dr\u00f4le de penser aujourd\u2019hui que c\u2019\u00e9tait un tr\u00e8s bon ami de Monsieur Marcel.<\/p>\n\n\n\n<p>\u00c0 la fin du lyc\u00e9e, je me voyais bien devenir cr\u00e9atif. Mais si on se dit la v\u00e9rit\u00e9 je savais que je n\u2019\u00e9tais pas tr\u00e8s bon cr\u00e9atif et c\u2019est en grande partie pour \u00e7a que j\u2019ai d\u00e9cid\u00e9 de devenir commercial, mais avec un go\u00fbt prononc\u00e9 pour la cr\u00e9ation.<\/p>\n\n\n\n<p>J\u2019ai d\u00e9marr\u00e9 en agence en 2006. C\u2019\u00e9tait chez TBWA, dans la cellule Nissan. Un d\u00e9lire comme on en fait malheureusement plus : Un plateau de 750m2 sur les Champs-\u00c9lys\u00e9es pour 20 personnes, une \u00e9quipe compos\u00e9e de personnalit\u00e9s folles et globalement tr\u00e8s talentueuses, le DC c\u2019\u00e9tait Chris Garbutt par exemple et ils sortaient des campagnes sacr\u00e9ment chouettes.<\/p>\n\n\n\n<div style=\"height:55px\" aria-hidden=\"true\" class=\"wp-block-spacer\"><\/div>\n\n\n<figure class=\"wp-block-embed-youtube wp-block-embed is-type-video is-provider-youtube wp-embed-aspect-4-3 wp-has-aspect-ratio\"><div class=\"lyte-wrapper\" style=\"width:853px;max-width:100%;margin:5px auto;\"><div class=\"lyMe\" id=\"WYL_ks51T3ST-O8\"><div id=\"lyte_ks51T3ST-O8\" data-src=\"https:\/\/www.ferembach.com\/cestquilescreas\/wp-content\/plugins\/wp-youtube-lyte\/lyteCache.php?origThumbUrl=%2F%2Fi.ytimg.com%2Fvi%2Fks51T3ST-O8%2Fhqdefault.jpg\" class=\"pL\"><div class=\"tC\"><div class=\"tT\"><\/div><\/div><div class=\"play\"><\/div><div class=\"ctrl\"><div class=\"Lctrl\"><\/div><div class=\"Rctrl\"><\/div><\/div><\/div><noscript><a href=\"https:\/\/youtu.be\/ks51T3ST-O8\" rel=\"nofollow\"><img loading=\"lazy\" decoding=\"async\" src=\"https:\/\/www.ferembach.com\/cestquilescreas\/wp-content\/plugins\/wp-youtube-lyte\/lyteCache.php?origThumbUrl=https%3A%2F%2Fi.ytimg.com%2Fvi%2Fks51T3ST-O8%2F0.jpg\" alt=\"YouTube video thumbnail\" width=\"853\" height=\"460\" \/><br \/>Lire cette vid\u00e9o sur YouTube<\/a><\/noscript><\/div><\/div><div class=\"lL\" style=\"max-width:100%;width:853px;margin:5px auto;\"><\/div><figcaption><\/figcaption><\/figure>\n\n\n<div style=\"height:55px\" aria-hidden=\"true\" class=\"wp-block-spacer\"><\/div>\n\n\n\n<p>Mon premier jour reste inoubliable, je me retrouve \u00e0 9h seul dans l\u2019ascenseur avec\u2026 Jean-Marie Dru. <br>On avait 1 seul \u00e9tage \u00e0 monter, mais c\u2019\u00e9tait interminable. Je devais \u00eatre visiblement impressionn\u00e9 (je l\u2019\u00e9tais). Alors pour \u00eatre sympa, il me dit <em><strong>\u00ab&nbsp;vous \u00eates nouveau vous ?&nbsp;c\u2019est bien, travaillez dur&nbsp;\u00bb <\/strong><\/em>&#8211; Je ne me sentais pas forc\u00e9ment mieux\u2026 Il sort de l\u2019ascenseur, le r\u00e9ceptionniste lui glisse <em><strong>\u00ab&nbsp;Bonjour Jean-Marie&nbsp;\u00bb<\/strong><\/em>. Lui r\u00e9pond <em><strong>\u00ab&nbsp;bonjour, bonjour \u00bb<\/strong><\/em>, je m\u2019approche \u00e0 mon tour du r\u00e9ceptionniste, il portait, l\u2019air de rien, un t-shirt <em><strong>\u00ab&nbsp;I love bondage&nbsp;\u00bb<\/strong><\/em>. Bizarrement, \u00e7a m\u2019a d\u00e9tendu.<\/p>\n\n\n\n<p>\u00c7a a d\u00e9marr\u00e9 comme&nbsp;\u00e7a. Je ne connaissais rien, j\u2019\u00e9tais m\u00eame nul mais tellement content d\u2019\u00eatre l\u00e0. Avec le recul, je me rends compte que j\u2019ai eu une chance folle de d\u00e9marrer l\u00e0-bas.<\/p>\n\n\n\n<p>Apr\u00e8s 9 mois de stage, je passe chez TBWA\\Paris \u00e0 Boulogne. L\u00e0, je d\u00e9couvre la diff\u00e9rence entre une cellule et une agence. C\u2019\u00e9tait en pleine \u00e9poque Erik Vervroegen \u00e0 la cr\u00e9ation \/ Arthur Sadoun \u00e0 la pr\u00e9sidence&nbsp;: &nbsp;des charrettes, des frolics, des lions hunters. Surtout des charrettes en vrai. Apr\u00e8s 4 ann\u00e9es intenses, j\u2019arrive chez BETC sur pour travailler sur l\u2019un des comptes qui me faisait le plus r\u00eaver en tant que jeune commercial&nbsp;: CANAL+. \u00catre pay\u00e9 pour vendre des blagues, c\u2019est quand m\u00eame cool comme concept. Apr\u00e8s CANAL, j\u2019ai travaill\u00e9 sur Air France au lancement de <em>France is in the air<\/em> et d\u2019autres grandes marques FMCG. Et enfin 7 ans plus tard, je d\u00e9cide de partir pour une nouvelle aventure \u00e0 taille plus humaine, plus libre, plus digitale chez Marcel. \u00c7a fait 5 ans et j\u2019ai travaill\u00e9 sur Meetic, Heetch, Back Market, Nescaf\u00e9 Dolce Gusto et d\u00e9sormais sur la marque automobile DS.<\/p>\n\n\n\n<div style=\"height:55px\" aria-hidden=\"true\" class=\"wp-block-spacer\"><\/div>\n\n\n\n<h2 class=\"wp-block-heading has-vivid-cyan-blue-color has-text-color\"><strong>Tu es derri\u00e8re la vente de \u00ab&nbsp;Hack Market&nbsp;\u00bb chez Marcel&nbsp;? Dis-nous, comment on convainc son client de pirater Apple aussi effront\u00e9ment&nbsp;?<\/strong><\/h2>\n\n\n<figure class=\"wp-block-embed-youtube wp-block-embed is-type-video is-provider-youtube wp-embed-aspect-16-9 wp-has-aspect-ratio\"><div class=\"lyte-wrapper\" style=\"width:853px;max-width:100%;margin:5px auto;\"><div class=\"lyMe\" id=\"WYL_J2Y66Av5Cuk\"><div id=\"lyte_J2Y66Av5Cuk\" data-src=\"https:\/\/www.ferembach.com\/cestquilescreas\/wp-content\/plugins\/wp-youtube-lyte\/lyteCache.php?origThumbUrl=%2F%2Fi.ytimg.com%2Fvi%2FJ2Y66Av5Cuk%2Fhqdefault.jpg\" class=\"pL\"><div class=\"tC\"><div class=\"tT\"><\/div><\/div><div class=\"play\"><\/div><div class=\"ctrl\"><div class=\"Lctrl\"><\/div><div class=\"Rctrl\"><\/div><\/div><\/div><noscript><a href=\"https:\/\/youtu.be\/J2Y66Av5Cuk\" rel=\"nofollow\"><img loading=\"lazy\" decoding=\"async\" src=\"https:\/\/www.ferembach.com\/cestquilescreas\/wp-content\/plugins\/wp-youtube-lyte\/lyteCache.php?origThumbUrl=https%3A%2F%2Fi.ytimg.com%2Fvi%2FJ2Y66Av5Cuk%2F0.jpg\" alt=\"YouTube video thumbnail\" width=\"853\" height=\"460\" \/><br \/>Lire cette vid\u00e9o sur YouTube<\/a><\/noscript><\/div><\/div><div class=\"lL\" style=\"max-width:100%;width:853px;margin:5px auto;\"><\/div><figcaption><\/figcaption><\/figure>\n\n\n<div style=\"height:55px\" aria-hidden=\"true\" class=\"wp-block-spacer\"><\/div>\n\n\n\n<p>Avec Back Market, on se connaissait bien. Je savais que l\u2019audace de l\u2019id\u00e9e les s\u00e9duirait. Mais avec la pression du business, des investisseurs\u2026 il fallait attendre le bon moment pour leur pr\u00e9senter l\u2019id\u00e9e. On a attendu 1 an. L\u2019id\u00e9e en soi n\u2019\u00e9tait pas compliqu\u00e9e \u00e0 vendre. Elle \u00e9tait simple, marrante, facile \u00e0 raconter. On a fait une cartographie d\u2019un vrai Apple store, des essais \u00ab&nbsp;home made&nbsp;\u00bb, une simulation de l\u2019id\u00e9e pour mieux visualiser comment \u00e7a marcherait le jour-j. Mais la clef de la vente, c\u2019\u00e9tait le rapport b\u00e9n\u00e9fices-risques\u2026 Car on ne pouvait pas faire dispara\u00eetre tous les risques. Alors l\u2019enjeu commercial \u00e9tait \u00e0 chaque fois de faire comprendre qu\u2019ils avaient beaucoup plus \u00e0 gagner qu\u2019\u00e0 perdre.<\/p>\n\n\n\n<p>Ce n\u2019\u00e9tait pas toujours facile, et on partait de loin. Car lors de la premi\u00e8re \u00e9valuation juridique, on encourait une peine au p\u00e9nal. On a travaill\u00e9 main dans la main avec un avocat et les avocats de Back Market pour limiter les risques au maximum&#8230; La vente de l\u2019id\u00e9e s\u2019est faite en une r\u00e9union. La vente du projet aux avocats a dur\u00e9 six mois.<\/p>\n\n\n\n<p>La seconde \u00ab&nbsp;grosse&nbsp;\u00bb vente, c\u2019\u00e9tait pour trouver les bons partenaires,&nbsp;parce que s\u2019attaquer \u00e0 Apple, \u00e7a semble impensable voire commercialement irresponsable quand on travaille dans la communication. Beaucoup esp\u00e8rent travailler avec Apple un jour. Il a donc fallu vendre ce rapport gains \/ risques \u00e0 une boite de production qui allait prendre tous les risques sur le terrain et \u00e0 des influenceurs aussi fous que nous qui se moquaient d\u2019\u00eatre black list\u00e9s (et des influenceurs qui veulent bosser avec Apple, je peux vous dire maintenant qu\u2019il y en a vraiment beaucoup). Et enfin, convaincre des plateformes qui ont toutes essay\u00e9 de bloquer la diffusion de notre vid\u00e9o par peur des repr\u00e9sailles d\u2019un de leur meilleur client\u2026 bref, c\u2019\u00e9tait un bon casse-t\u00eate commercial.<\/p>\n\n\n\n<p><br>D\u2019ailleurs, Uber Heetch \u00e9tait une vente similaire en tous points mais dans une moindre mesure\u2026 sans doute parce que beaucoup plus de gens en France \u00e9taient pr\u00eats \u00e0 s\u2019en prendre \u00e0 Uber.<\/p>\n\n\n\n<div style=\"height:55px\" aria-hidden=\"true\" class=\"wp-block-spacer\"><\/div>\n\n\n<figure class=\"wp-block-embed-youtube wp-block-embed is-type-video is-provider-youtube wp-embed-aspect-16-9 wp-has-aspect-ratio\"><div class=\"lyte-wrapper\" style=\"width:853px;max-width:100%;margin:5px auto;\"><div class=\"lyMe\" id=\"WYL_pblathx8pCY\"><div id=\"lyte_pblathx8pCY\" data-src=\"https:\/\/www.ferembach.com\/cestquilescreas\/wp-content\/plugins\/wp-youtube-lyte\/lyteCache.php?origThumbUrl=%2F%2Fi.ytimg.com%2Fvi%2Fpblathx8pCY%2Fhqdefault.jpg\" class=\"pL\"><div class=\"tC\"><div class=\"tT\"><\/div><\/div><div class=\"play\"><\/div><div class=\"ctrl\"><div class=\"Lctrl\"><\/div><div class=\"Rctrl\"><\/div><\/div><\/div><noscript><a href=\"https:\/\/youtu.be\/pblathx8pCY\" rel=\"nofollow\"><img loading=\"lazy\" decoding=\"async\" src=\"https:\/\/www.ferembach.com\/cestquilescreas\/wp-content\/plugins\/wp-youtube-lyte\/lyteCache.php?origThumbUrl=https%3A%2F%2Fi.ytimg.com%2Fvi%2Fpblathx8pCY%2F0.jpg\" alt=\"YouTube video thumbnail\" width=\"853\" height=\"460\" \/><br \/>Lire cette vid\u00e9o sur YouTube<\/a><\/noscript><\/div><\/div><div class=\"lL\" style=\"max-width:100%;width:853px;margin:5px auto;\"><\/div><figcaption><\/figcaption><\/figure>\n\n\n<div style=\"height:55px\" aria-hidden=\"true\" class=\"wp-block-spacer\"><\/div>\n\n\n\n<h2 class=\"wp-block-heading has-vivid-cyan-blue-color has-text-color\"><strong>Tu fais aussi parti de l\u2019\u00e9quipe \u00e0 l\u2019origine de \u00ab&nbsp;L\u2019Ours&nbsp;\u00bb de Canal+. Dis-nous, comment on vend une campagne pareille ?&nbsp;<\/strong><\/h2>\n\n\n<figure class=\"wp-block-embed-youtube wp-block-embed is-type-video is-provider-youtube wp-embed-aspect-16-9 wp-has-aspect-ratio\"><div class=\"lyte-wrapper\" style=\"width:853px;max-width:100%;margin:5px auto;\"><div class=\"lyMe\" id=\"WYL_A5gLBvHPxKM\"><div id=\"lyte_A5gLBvHPxKM\" data-src=\"https:\/\/www.ferembach.com\/cestquilescreas\/wp-content\/plugins\/wp-youtube-lyte\/lyteCache.php?origThumbUrl=%2F%2Fi.ytimg.com%2Fvi%2FA5gLBvHPxKM%2Fhqdefault.jpg\" class=\"pL\"><div class=\"tC\"><div class=\"tT\"><\/div><\/div><div class=\"play\"><\/div><div class=\"ctrl\"><div class=\"Lctrl\"><\/div><div class=\"Rctrl\"><\/div><\/div><\/div><noscript><a href=\"https:\/\/youtu.be\/A5gLBvHPxKM\" rel=\"nofollow\"><img loading=\"lazy\" decoding=\"async\" src=\"https:\/\/www.ferembach.com\/cestquilescreas\/wp-content\/plugins\/wp-youtube-lyte\/lyteCache.php?origThumbUrl=https%3A%2F%2Fi.ytimg.com%2Fvi%2FA5gLBvHPxKM%2F0.jpg\" alt=\"YouTube video thumbnail\" width=\"853\" height=\"460\" \/><br \/>Lire cette vid\u00e9o sur YouTube<\/a><\/noscript><\/div><\/div><div class=\"lL\" style=\"max-width:100%;width:853px;margin:5px auto;\"><\/div><figcaption><\/figcaption><\/figure>\n\n\n<div style=\"height:55px\" aria-hidden=\"true\" class=\"wp-block-spacer\"><\/div>\n\n\n\n<p>Pour remettre dans le contexte, parce que \u00e7a commence \u00e0 dater, ce film arrivait apr\u00e8s des films tr\u00e8s populaires sur \u00ab&nbsp;la Cr\u00e9ation Originale&nbsp;\u00bb, comme \u00ab&nbsp;Le Placard&nbsp;\u00bb, et Canal+ voulait rassurer l\u2019industrie du cin\u00e9ma et lui dire qu\u2019elle ne l\u2019oubliait pas. C\u2019\u00e9tait donc une commande de film tr\u00e8s important pour la cha\u00eene avec une grosse dimension politique. En gros, impossible de se louper. &nbsp;\u00ab&nbsp;L\u2019Ours&nbsp;\u00bb a pris un an et demi en conception et en vente. On a pr\u00e9sent\u00e9 des scripts pendant plus d\u2019un an au client&nbsp;! Les PB \u00e9taient hilarants. Les pr\u00e9sentations clients l\u2019\u00e9taient aussi. Mais il n\u2019y avait jamais d\u2019\u00e9vidence pour eux\u2026 Et puis au bout d\u2019un an, B\u00e9atrice Roux, la dir com de CANAL, nous dit&nbsp;\u00e0 la fin d\u2019une r\u00e9union \u00ab&nbsp;il y a quelques mois, il y avait un film avec un animal bizarre, ce n&rsquo;\u00e9tait pas si mal, non&nbsp;?&nbsp;\u00bb<\/p>\n\n\n\n<p>Pour la petite histoire, \u00e0 l\u2019origine, ce n\u2019\u00e9tait pas une peau d\u2019ours dans le script. Mais une t\u00eate de sanglier port\u00e9e par deux gars. Un troph\u00e9e de chasse accroch\u00e9 au mur qui passait son temps devant la t\u00e9l\u00e9.<\/p>\n\n\n\n<p>Jean-Christophe Royer, Eric Astorgue &amp; St\u00e9phane Xiberras ont eu l\u2019id\u00e9e de transformer le sanglier en peau d\u2019ours. 4 roughs de cette peau d\u2019ours en plein tournage et le g\u00e9nie narratif de St\u00e9phane auront r\u00e9ussi \u00e0 convaincre le CEO. C\u2019\u00e9tait parti.<\/p>\n\n\n\n<p>Bon l\u00e0, je vous la raconte comme si c\u2019\u00e9tait une petite balade sympa mais il y avait quand m\u00eame une sacr\u00e9e pression en conception. La vente \u00e0 CANAL s\u2019est faite parce qu\u2019on se faisait mutuellement confiance et que l\u2019on est arriv\u00e9 ensemble \u00e0 ce film. Ils savaient que si cela prenait du temps, ce n\u2019\u00e9tait pas une question de manque de travail \u00e0 l\u2019agence ou de flemme, juste, ils acceptaient (selon les jours et humeurs) que la cr\u00e9ation est une science humaine qui a besoin de temps. C\u2019\u00e9tait une sacr\u00e9e cliente B\u00e9atrice et ce n\u2019est pas un hasard, d\u2019ailleurs, si les meilleurs pubs CANAL+ sont sorties quand elle \u00e9tait directrice de la communication.<\/p>\n\n\n\n<div style=\"height:55px\" aria-hidden=\"true\" class=\"wp-block-spacer\"><\/div>\n\n\n\n<h2 class=\"wp-block-heading has-vivid-cyan-blue-color has-text-color\"><strong>Et \u00e7a a roul\u00e9 tout seul ensuite&nbsp;?<\/strong><\/h2>\n\n\n\n<p>Oulah non&nbsp;! Vendre l\u2019id\u00e9e, m\u00eame apr\u00e8s 1 an, ce n\u2019est que le d\u00e9but. Le plus \u00e9nergivore, c\u2019est de rassurer le client tout au long du process. Le budget de prod, ce fut quelque chose\u2026 le devis \u00e9tait super compliqu\u00e9 \u00e0 n\u00e9gocier. Les clients voulaient absolument baisser l\u2019enveloppe. Mais c\u2019\u00e9tait un film avec \u00e9norm\u00e9ment d\u2019effets sp\u00e9ciaux.&nbsp; Quand on est la cha\u00eene experte du cin\u00e9ma, la pub se doit d\u2019\u00eatre au m\u00eame niveau que les films.<\/p>\n\n\n\n<p>Et puis forc\u00e9ment, quand CANAL a d\u00e9couvert l\u2019ours hurler \u00ab&nbsp;<em>I don\u2019t give a shit&nbsp;!<\/em>&nbsp;\u00bb au montage\u2026 leur r\u00e9action&nbsp;: \u00ab c\u2019est super dr\u00f4le mais bon \u00e7a reste une injure, est-ce qu\u2019on ne le garde pas pour la version RP&nbsp;?&nbsp;\u00bb. Ce fut la derni\u00e8re grosse vente de l\u2019ours. Sans regrets.<\/p>\n\n\n\n<p>C\u2019est d\u2019ailleurs ce genre de d\u00e9tails qui potentiellement font entrer des films de pub dans la culture populaire et autant de petits combats qu\u2019il faut aussi savoir mener avec la cr\u00e9ation quand on est commercial.<\/p>\n\n\n\n<div style=\"height:55px\" aria-hidden=\"true\" class=\"wp-block-spacer\"><\/div>\n\n\n\n<h2 class=\"wp-block-heading has-vivid-cyan-blue-color has-text-color\"><strong>Quelles sont les campagnes o\u00f9 tu t\u2019es d\u00e9j\u00e0 dit \u00ab&nbsp;mais comment ont-ils vendu \u00e7a&nbsp;?&nbsp;\u00bb<\/strong><\/h2>\n\n\n\n<p>J\u2019aurais bien aim\u00e9 \u00eatre l\u00e0 quand ils ont vendu le positionnement de Marmite. Par curiosit\u00e9, mais aussi parce que j\u2019ai l\u2019impression que personne n\u2019a vraiment r\u00e9ussi \u00e0 le refaire depuis. Et puis, aussi, quand ils ont vendu une de mes pubs pr\u00e9f\u00e9r\u00e9es, the Gene Project, tant \u00e0 Marmite qu\u2019\u00e0 des scientifiques. Bref, je crois bien qu\u2019en fait j\u2019aimerais rencontrer les commerciaux qui ont \u0153uvr\u00e9 sur Marmite ces 30 derni\u00e8res ann\u00e9es.<\/p>\n\n\n\n<div style=\"height:26px\" aria-hidden=\"true\" class=\"wp-block-spacer\"><\/div>\n\n\n\n<p><\/p>\n\n\n\n<figure class=\"wp-block-image aligncenter size-large is-resized\"><img loading=\"lazy\" decoding=\"async\" width=\"1024\" height=\"657\" src=\"https:\/\/www.ferembach.com\/cestquilescreas\/wp-content\/uploads\/2023\/02\/15758681715645-1024x657.jpeg\" alt=\"\" class=\"wp-image-9473\" style=\"width:768px;height:493px\" srcset=\"https:\/\/www.ferembach.com\/cestquilescreas\/wp-content\/uploads\/2023\/02\/15758681715645-980x628.jpeg 980w, https:\/\/www.ferembach.com\/cestquilescreas\/wp-content\/uploads\/2023\/02\/15758681715645-480x308.jpeg 480w\" sizes=\"auto, (min-width: 0px) and (max-width: 480px) 480px, (min-width: 481px) and (max-width: 980px) 980px, (min-width: 981px) 1024px, 100vw\" \/><\/figure>\n\n\n\n<figure class=\"wp-block-image size-large is-resized\"><img loading=\"lazy\" decoding=\"async\" width=\"700\" height=\"396\" src=\"https:\/\/www.ferembach.com\/cestquilescreas\/wp-content\/uploads\/2023\/02\/c6abfa87945f6107db46fe00765a4449.jpg\" alt=\"\" class=\"wp-image-9472\" style=\"width:828px;height:468px\" srcset=\"https:\/\/www.ferembach.com\/cestquilescreas\/wp-content\/uploads\/2023\/02\/c6abfa87945f6107db46fe00765a4449.jpg 700w, https:\/\/www.ferembach.com\/cestquilescreas\/wp-content\/uploads\/2023\/02\/c6abfa87945f6107db46fe00765a4449-480x272.jpg 480w\" sizes=\"auto, (min-width: 0px) and (max-width: 480px) 480px, (min-width: 481px) 700px, 100vw\" \/><\/figure>\n\n\n\n<div style=\"height:55px\" aria-hidden=\"true\" class=\"wp-block-spacer\"><\/div>\n\n\n<figure class=\"wp-block-embed-youtube wp-block-embed is-type-video is-provider-youtube wp-embed-aspect-16-9 wp-has-aspect-ratio\"><div class=\"lyte-wrapper\" style=\"width:853px;max-width:100%;margin:5px auto;\"><div class=\"lyMe\" id=\"WYL_B_191RnWwww\"><div id=\"lyte_B_191RnWwww\" data-src=\"https:\/\/www.ferembach.com\/cestquilescreas\/wp-content\/plugins\/wp-youtube-lyte\/lyteCache.php?origThumbUrl=%2F%2Fi.ytimg.com%2Fvi%2FB_191RnWwww%2Fhqdefault.jpg\" class=\"pL\"><div class=\"tC\"><div class=\"tT\"><\/div><\/div><div class=\"play\"><\/div><div class=\"ctrl\"><div class=\"Lctrl\"><\/div><div class=\"Rctrl\"><\/div><\/div><\/div><noscript><a href=\"https:\/\/youtu.be\/B_191RnWwww\" rel=\"nofollow\"><img loading=\"lazy\" decoding=\"async\" src=\"https:\/\/www.ferembach.com\/cestquilescreas\/wp-content\/plugins\/wp-youtube-lyte\/lyteCache.php?origThumbUrl=https%3A%2F%2Fi.ytimg.com%2Fvi%2FB_191RnWwww%2F0.jpg\" alt=\"YouTube video thumbnail\" width=\"853\" height=\"460\" \/><br \/>Lire cette vid\u00e9o sur YouTube<\/a><\/noscript><\/div><\/div><div class=\"lL\" style=\"max-width:100%;width:853px;margin:5px auto;\"><\/div><figcaption><\/figcaption><\/figure>\n\n\n<h2 class=\"wp-block-heading has-vivid-cyan-blue-color has-text-color\"><strong>Quelle est la vente qui t\u2019a fait le plus halluciner&nbsp;?<\/strong><\/h2>\n\n\n\n<p>Je n\u2019y ai pas assist\u00e9 directement, mais on me l\u2019a racont\u00e9e. C\u2019\u00e9tait avant mon arriv\u00e9e sur CANAL+, justement sur le film \u00ab&nbsp;Le Placard&nbsp;\u00bb. Le d\u00e9partement des \u00e9tudes, chez CANAL, avait test\u00e9 dans son coin la copie. Et r\u00e9sultat\u2026 il ne fallait surtout pas faire ce film&nbsp;! Tous les signaux \u00e9taient au rouge. Quand on y r\u00e9fl\u00e9chit 2 secondes, \u00ab&nbsp;Le Placard&nbsp;\u00bb c\u2019est l\u2019histoire d\u2019un salari\u00e9 de CANAL+ qui trompe un abonn\u00e9 de CANAL+ avec sa femme et cet abonn\u00e9 est trop stupide pour s\u2019en rendre compte. \u00c7a ne peut que mal se passer en test. Dans une r\u00e9union de la derni\u00e8re chance, Rapha\u00ebl de Andreis alors CEO de BETC monte sur la table et dit \u00ab&nbsp;Faites-nous confiance. Si ce film ne marche pas, eh bien, vous n\u2019aurez qu\u2019\u00e0 nous mettre en pitch et on ne montera pas dessus&nbsp;!&nbsp;\u00bb. R\u00e9sultat&nbsp;: la campagne est sortie et carton total tant en image qu\u2019en recrutement. Encore une fois, tout est une question d\u2019audace, de courage, et dans ce cas, il en fallait vraiment du courage pour qu\u2019une dir com aille contre les tests, prenne personnellement tous les risques car sur le papier c\u2019\u00e9tait casse-gueule.<\/p>\n\n\n\n<div style=\"height:55px\" aria-hidden=\"true\" class=\"wp-block-spacer\"><\/div>\n\n\n\n<h2 class=\"wp-block-heading has-vivid-cyan-blue-color has-text-color\"><strong>Quels sont les conseils qui t\u2019ont le plus servis jusqu\u2019ici&nbsp;?<\/strong><\/h2>\n\n\n\n<p>\u00ab&nbsp;On ne ment jamais \u00e0 un client&nbsp;\u00bb. Pour vendre, et encore plus pour vendre des projets ambitieux, il faut la confiance de son client. Si tu brises cette confiance, \u00e7a devient tr\u00e8s tr\u00e8s compliqu\u00e9 derri\u00e8re. La confiance d\u2019un client c\u2019est le basique indispensable pour un commercial dans la pub comme il n\u2019y a aucune garantie de r\u00e9sultats.<\/p>\n\n\n\n<p>Et puis trouver son style\u2026 il n\u2019y a pas de recette magique, chaque commercial a sa diction, son style d\u2019\u00e9loquence, son style de vente. \u00c7a vient avec le temps mais surtout \u00e7a se travaille. Et c\u2019est encore plus important aujourd\u2019hui avec Zoom ou Teams, o\u00f9 le corps et l\u2019espace sont limit\u00e9s.&nbsp; Apr\u00e8s, on a de la chance, il y a de nombreuses et formidables sources d\u2019inspirations dans ce m\u00e9tier pour cela&nbsp;: Charles Georges-Picot ou Bertille Toledano par exemple.<\/p>\n\n\n\n<div style=\"height:55px\" aria-hidden=\"true\" class=\"wp-block-spacer\"><\/div>\n\n\n\n<h2 class=\"wp-block-heading has-vivid-cyan-blue-color has-text-color\"><strong>As-tu des personnalit\u00e9s qui t\u2019ont inspir\u00e9 durant ta carri\u00e8re&nbsp;?<\/strong><\/h2>\n\n\n\n<p>Fran\u00e7ois Brogi (G.M. Artefact 3000). Mon premier coup de c\u0153ur professionnel. Un excellent publicitaire capable de retourner une salle enti\u00e8re qui est contre une id\u00e9e. &rsquo;12 Hommes en col\u00e8re&rsquo; version COGIP, c\u2019est forc\u00e9ment bien.<\/p>\n\n\n\n<p>\u00c9videmment Christophe Neyret (E.M.D. TBWA), un raisonnement toujours simple, toujours clair, toujours juste et du coup quand il vend, on dirait qu\u2019il ne vend pas. C\u2019est aussi quasiment une agence \u00e0 lui seul\u2026 J&rsquo;aimerais bien un jour arriver \u00e0 la chaussette de Christophe Neyret, ce serait une carri\u00e8re plut\u00f4t r\u00e9ussie.<\/p>\n\n\n\n<p>Et enfin Pascal Nessim (co-president Marcel) &amp; Charles Georges-Picot (C.E.O. Marcel-Publicis Luxe), ils sont \u00e0 la fois tellement diff\u00e9rents et tellement compl\u00e9mentaires que c\u2019est le meilleur torture test possible de toute strat\u00e9gie de vente.<\/p>\n\n\n\n<p>Et apr\u00e8s, beaucoup de cr\u00e9atifs\u2026 forc\u00e9ment Youri &amp; Ga\u00ebtan avec qui je passe une grande partie de mes journ\u00e9es et qui m\u2019ont \u00e9norm\u00e9ment apport\u00e9 ces cinq derni\u00e8res ann\u00e9es, mais aussi St\u00e9phane Xiberras, Virgile Lasalle &amp; Vincent Boursaud, David Soussan &amp; Marie-Eve Schoettl, Cl\u00e9ment S\u00e9chet, Olivier Apers, Vincent Malone, JC Royer \u2026 et puis Patrice Dumas \u00e9videment\u2026 s\u2019il acceptait d\u2019aller en r\u00e9union client, il serait exceptionnel&nbsp;! Il m\u2019a toujours dit qu\u2019il avait fait mettre dans son contrat qu\u2019il n\u2019irait \u00e0 aucune r\u00e9union client. Si c\u2019est vrai, c\u2019est un g\u00e9nie. Si c\u2019est faux, c\u2019est un g\u00e9nie aussi.<\/p>\n\n\n\n<p>Au global, c\u2019est quand m\u00eame de passer du temps avec les cr\u00e9atifs qui t\u2019aide \u00e0 mieux vendre de la cr\u00e9ation.<\/p>\n\n\n\n<div style=\"height:55px\" aria-hidden=\"true\" class=\"wp-block-spacer\"><\/div>\n\n\n\n<h2 class=\"wp-block-heading has-vivid-cyan-blue-color has-text-color\"><strong>Quelle est la difficult\u00e9 suppl\u00e9mentaire quand il s\u2019agit de vendre de la cr\u00e9ation&nbsp;?<\/strong><\/h2>\n\n\n\n<p>C\u2019est un m\u00e9tier profond\u00e9ment humain, avec beaucoup de frustrations. Quand tu ne vends pas, le plus dur, c\u2019est de croiser la d\u00e9ception des cr\u00e9atifs. Et accessoirement, les avant-bras d\u2019Olivier Apers\u2026<\/p>\n\n\n\n<div style=\"height:55px\" aria-hidden=\"true\" class=\"wp-block-spacer\"><\/div>\n\n\n\n<h2 class=\"wp-block-heading has-vivid-cyan-blue-color has-text-color\"><strong>Un regret&nbsp;? Une vente qui ne s\u2019est pas faite&nbsp;?<\/strong><\/h2>\n\n\n\n<p>Le jour o\u00f9 avec Jean-Christophe Royer je me suis retrouv\u00e9 en t\u00eate-\u00e0-t\u00eate dans un caf\u00e9 avec Paul Watson, le fondateur de Sea Shepherd. Il \u00e9tait en exil, h\u00e9berg\u00e9 en France chez Nicolas Hulot. On avait 30 min pour lui pitcher une id\u00e9e mi-folle mi-conne&nbsp;: un clip \u00e0 la <em>we are the world<\/em> sur l\u2019importance des crottes de baleines dans l\u2019\u00e9quilibre de l\u2019oc\u00e9an avec tous les chanteurs partenaires de l\u2019association. C\u2019\u00e9tait con et \u00e7a aurait pu \u00eatre fou mais bon, voil\u00e0, cette id\u00e9e est rest\u00e9e dans ce caf\u00e9.<\/p>\n\n\n\n<div style=\"height:55px\" aria-hidden=\"true\" class=\"wp-block-spacer\"><\/div>\n\n\n\n<h2 class=\"wp-block-heading has-vivid-cyan-blue-color has-text-color\"><strong>Quels conseils donnerais-tu \u00e0 un.e jeune commercial.e qui se lance dans la pub&nbsp;?<\/strong><\/h2>\n\n\n\n<p>Rep\u00e9rer l\u2019alchimie entre cr\u00e9ativit\u00e9 et efficacit\u00e9, c\u2019est-\u00e0-dire regarder les fiches techniques de Cannes &amp; des Effie par exemple et cibler les commerciaux qui vendent les projets qui cochent ces 2 cases. R\u00e9ussir \u00e0 concilier les int\u00e9r\u00eats des clients et ceux des cr\u00e9atifs, c\u2019est g\u00e9n\u00e9ralement bon signe sur l\u2019\u00e9tat de la relation avec un client.<\/p>\n\n\n\n<div style=\"height:60px\" aria-hidden=\"true\" class=\"wp-block-spacer\"><\/div>\n\n\n\n\t\t\t<div class=\"wp-block-uagb-post-carousel uagb-post-grid  uagb-post__image-position-top uagb-post__image-enabled uagb-block-b24d0886     uagb-post__arrow-outside uagb-post__items uagb-post__columns-6 is-carousel uagb-post__columns-tablet-2 uagb-post__columns-mobile-1\" data-total=\"2\" style=\"\">\n\n\t\t\t\t\t\t\t\t\t\t\t\t<article class=\"uagb-post__inner-wrap\">\t\t\t\t\t\t\t\t<div class='uagb-post__image'>\n\t\t\t\t\t\t\t\t\t<a href=\"https:\/\/www.ferembach.com\/cestquilescreas\/commerce\/blandine-mercier\/\" target=\"_self\" rel=\"bookmark noopener noreferrer\"><img loading=\"lazy\" decoding=\"async\" width=\"120\" height=\"120\" src=\"https:\/\/www.ferembach.com\/cestquilescreas\/wp-content\/uploads\/2024\/02\/blandine-120x120.jpg\" class=\"attachment-thumbnail size-thumbnail\" alt=\"\" \/>\t\t\t\t\t<\/a>\n\t\t\t\t\t\t\t\t\t<\/div>\n\t\t\t\t\t\t\t<div class=\"uagb-post__text\">\n\t\t\t\t\t<span class='uagb-post__taxonomy default'>\n\t\t\t\t\t\t<span class=\"dashicons-tag dashicons\"><\/span>\t\t\t\t\t\t<a href=\"https:\/\/www.ferembach.com\/cestquilescreas\/category\/commerce\/\">Commerce<\/a>, &nbsp;<a href=\"https:\/\/www.ferembach.com\/cestquilescreas\/category\/marcel\/\">Marcel<\/a>\t\t\t\t\t<\/span>\n\t\t\t\t<\/div>\n\t\t\t\t\t\t\t<h6 class=\"uagb-post__title uagb-post__text\">\n\t\t\t\t<a href=\"https:\/\/www.ferembach.com\/cestquilescreas\/commerce\/blandine-mercier\/\" target=\"_self\" rel=\"bookmark noopener noreferrer\">Mais comment ont-ils vendu \u00e7a\u00a0? #08 : Blandine Mercier<\/a>\n\t\t\t<\/h6>\n\t\t\t\t\t\t<div class='uagb-post__text uagb-post-grid-byline'>\n\t\t\t\t\t\t\t<\/div>\n\t\t\t\n\t\t\t\t\t\t\t\t\t<\/article>\n\t\t\t\t\t\t\t\t\t\t\t\t\t\t\t\t<article class=\"uagb-post__inner-wrap\">\t\t\t\t\t\t\t\t<div class='uagb-post__image'>\n\t\t\t\t\t\t\t\t\t<a href=\"https:\/\/www.ferembach.com\/cestquilescreas\/commerce\/sacha-lacroix\/\" target=\"_self\" rel=\"bookmark noopener noreferrer\"><img loading=\"lazy\" decoding=\"async\" width=\"120\" height=\"120\" src=\"https:\/\/www.ferembach.com\/cestquilescreas\/wp-content\/uploads\/2023\/12\/sacha-120x120.jpg\" class=\"attachment-thumbnail size-thumbnail\" alt=\"\" \/>\t\t\t\t\t<\/a>\n\t\t\t\t\t\t\t\t\t<\/div>\n\t\t\t\t\t\t\t<div class=\"uagb-post__text\">\n\t\t\t\t\t<span class='uagb-post__taxonomy default'>\n\t\t\t\t\t\t<span class=\"dashicons-tag dashicons\"><\/span>\t\t\t\t\t\t<a href=\"https:\/\/www.ferembach.com\/cestquilescreas\/category\/clm-bbdo\/\">CLM BBDO<\/a>, &nbsp;<a href=\"https:\/\/www.ferembach.com\/cestquilescreas\/category\/commerce\/\">Commerce<\/a>, &nbsp;<a href=\"https:\/\/www.ferembach.com\/cestquilescreas\/category\/rosa-paris\/\">Rosa Paris<\/a>\t\t\t\t\t<\/span>\n\t\t\t\t<\/div>\n\t\t\t\t\t\t\t<h6 class=\"uagb-post__title uagb-post__text\">\n\t\t\t\t<a href=\"https:\/\/www.ferembach.com\/cestquilescreas\/commerce\/sacha-lacroix\/\" target=\"_self\" rel=\"bookmark noopener noreferrer\">Mais comment ont-ils vendu \u00e7a\u00a0? #08 : Sacha Lacroix<\/a>\n\t\t\t<\/h6>\n\t\t\t\t\t\t<div class='uagb-post__text uagb-post-grid-byline'>\n\t\t\t\t\t\t\t<\/div>\n\t\t\t\n\t\t\t\t\t\t\t\t\t<\/article>\n\t\t\t\t\t\t\t\t\t\t\t\t\t\t\t\t<article class=\"uagb-post__inner-wrap\">\t\t\t\t\t\t\t\t<div class='uagb-post__image'>\n\t\t\t\t\t\t\t\t\t<a href=\"https:\/\/www.ferembach.com\/cestquilescreas\/commerce\/olivier-massanella\/\" target=\"_self\" rel=\"bookmark noopener noreferrer\"><img loading=\"lazy\" decoding=\"async\" width=\"120\" height=\"120\" src=\"https:\/\/www.ferembach.com\/cestquilescreas\/wp-content\/uploads\/2023\/12\/massanella-pic-120x120.jpg\" class=\"attachment-thumbnail size-thumbnail\" alt=\"\" \/>\t\t\t\t\t<\/a>\n\t\t\t\t\t\t\t\t\t<\/div>\n\t\t\t\t\t\t\t<div class=\"uagb-post__text\">\n\t\t\t\t\t<span class='uagb-post__taxonomy default'>\n\t\t\t\t\t\t<span class=\"dashicons-tag dashicons\"><\/span>\t\t\t\t\t\t<a href=\"https:\/\/www.ferembach.com\/cestquilescreas\/category\/betc-paris\/\">BETC Paris<\/a>, &nbsp;<a href=\"https:\/\/www.ferembach.com\/cestquilescreas\/category\/commerce\/\">Commerce<\/a>, &nbsp;<a href=\"https:\/\/www.ferembach.com\/cestquilescreas\/category\/ddb\/\">DDB<\/a>\t\t\t\t\t<\/span>\n\t\t\t\t<\/div>\n\t\t\t\t\t\t\t<h6 class=\"uagb-post__title uagb-post__text\">\n\t\t\t\t<a href=\"https:\/\/www.ferembach.com\/cestquilescreas\/commerce\/olivier-massanella\/\" target=\"_self\" rel=\"bookmark noopener noreferrer\">Mais comment ont-ils vendu \u00e7a\u00a0? #07 : Olivier Massanella<\/a>\n\t\t\t<\/h6>\n\t\t\t\t\t\t<div class='uagb-post__text uagb-post-grid-byline'>\n\t\t\t\t\t\t\t<\/div>\n\t\t\t\n\t\t\t\t\t\t\t\t\t<\/article>\n\t\t\t\t\t\t\t\t\t\t\t\t\t\t\t\t<article class=\"uagb-post__inner-wrap\">\t\t\t\t\t\t\t\t<div class='uagb-post__image'>\n\t\t\t\t\t\t\t\t\t<a href=\"https:\/\/www.ferembach.com\/cestquilescreas\/commerce\/mais-comment-ont-ils-vendu-ca-06-jonathan-serog\/\" target=\"_self\" rel=\"bookmark noopener noreferrer\"><img loading=\"lazy\" decoding=\"async\" width=\"120\" height=\"120\" src=\"https:\/\/www.ferembach.com\/cestquilescreas\/wp-content\/uploads\/2023\/07\/serog-120x120.jpg\" class=\"attachment-thumbnail size-thumbnail\" alt=\"\" \/>\t\t\t\t\t<\/a>\n\t\t\t\t\t\t\t\t\t<\/div>\n\t\t\t\t\t\t\t<div class=\"uagb-post__text\">\n\t\t\t\t\t<span class='uagb-post__taxonomy default'>\n\t\t\t\t\t\t<span class=\"dashicons-tag dashicons\"><\/span>\t\t\t\t\t\t<a href=\"https:\/\/www.ferembach.com\/cestquilescreas\/category\/commerce\/\">Commerce<\/a>, &nbsp;<a href=\"https:\/\/www.ferembach.com\/cestquilescreas\/category\/tbwa\/\">TBWA<\/a>\t\t\t\t\t<\/span>\n\t\t\t\t<\/div>\n\t\t\t\t\t\t\t<h6 class=\"uagb-post__title uagb-post__text\">\n\t\t\t\t<a href=\"https:\/\/www.ferembach.com\/cestquilescreas\/commerce\/mais-comment-ont-ils-vendu-ca-06-jonathan-serog\/\" target=\"_self\" rel=\"bookmark noopener noreferrer\">Mais comment ont-ils vendu \u00e7a\u00a0? #06 : Jonathan Serog<\/a>\n\t\t\t<\/h6>\n\t\t\t\t\t\t<div class='uagb-post__text uagb-post-grid-byline'>\n\t\t\t\t\t\t\t<\/div>\n\t\t\t\n\t\t\t\t\t\t\t\t\t<\/article>\n\t\t\t\t\t\t\t\t\t\t\t\t\t\t\t\t<article class=\"uagb-post__inner-wrap\">\t\t\t\t\t\t\t\t<div class='uagb-post__image'>\n\t\t\t\t\t\t\t\t\t<a href=\"https:\/\/www.ferembach.com\/cestquilescreas\/commerce\/mais-comment-ont-ils-vendu-ca-05-charlotte-montrichard\/\" target=\"_self\" rel=\"bookmark noopener noreferrer\"><img loading=\"lazy\" decoding=\"async\" width=\"120\" height=\"120\" src=\"https:\/\/www.ferembach.com\/cestquilescreas\/wp-content\/uploads\/2023\/06\/charlotte-120x120.jpg\" class=\"attachment-thumbnail size-thumbnail\" alt=\"\" \/>\t\t\t\t\t<\/a>\n\t\t\t\t\t\t\t\t\t<\/div>\n\t\t\t\t\t\t\t<div class=\"uagb-post__text\">\n\t\t\t\t\t<span class='uagb-post__taxonomy default'>\n\t\t\t\t\t\t<span class=\"dashicons-tag dashicons\"><\/span>\t\t\t\t\t\t<a href=\"https:\/\/www.ferembach.com\/cestquilescreas\/category\/accenture-song\/\">Accenture Song<\/a>, &nbsp;<a href=\"https:\/\/www.ferembach.com\/cestquilescreas\/category\/clm-bbdo\/\">CLM BBDO<\/a>, &nbsp;<a href=\"https:\/\/www.ferembach.com\/cestquilescreas\/category\/commerce\/\">Commerce<\/a>\t\t\t\t\t<\/span>\n\t\t\t\t<\/div>\n\t\t\t\t\t\t\t<h6 class=\"uagb-post__title uagb-post__text\">\n\t\t\t\t<a href=\"https:\/\/www.ferembach.com\/cestquilescreas\/commerce\/mais-comment-ont-ils-vendu-ca-05-charlotte-montrichard\/\" target=\"_self\" rel=\"bookmark noopener noreferrer\">Mais comment ont-ils vendu \u00e7a\u00a0? #05 : Charlotte Montrichard<\/a>\n\t\t\t<\/h6>\n\t\t\t\t\t\t<div class='uagb-post__text uagb-post-grid-byline'>\n\t\t\t\t\t\t\t<\/div>\n\t\t\t\n\t\t\t\t\t\t\t\t\t<\/article>\n\t\t\t\t\t\t\t\t\t\t\t\t\t\t\t\t<article class=\"uagb-post__inner-wrap\">\t\t\t\t\t\t\t\t<div class='uagb-post__image'>\n\t\t\t\t\t\t\t\t\t<a href=\"https:\/\/www.ferembach.com\/cestquilescreas\/commerce\/mais-comment-ont-ils-vendu-ca-04-julien-levilain\/\" target=\"_self\" rel=\"bookmark noopener noreferrer\"><img loading=\"lazy\" decoding=\"async\" width=\"120\" height=\"120\" src=\"https:\/\/www.ferembach.com\/cestquilescreas\/wp-content\/uploads\/2023\/06\/levilain-2-120x120.jpg\" class=\"attachment-thumbnail size-thumbnail\" alt=\"\" \/>\t\t\t\t\t<\/a>\n\t\t\t\t\t\t\t\t\t<\/div>\n\t\t\t\t\t\t\t<div class=\"uagb-post__text\">\n\t\t\t\t\t<span class='uagb-post__taxonomy default'>\n\t\t\t\t\t\t<span class=\"dashicons-tag dashicons\"><\/span>\t\t\t\t\t\t<a href=\"https:\/\/www.ferembach.com\/cestquilescreas\/category\/buzzman\/\">Buzzman<\/a>, &nbsp;<a href=\"https:\/\/www.ferembach.com\/cestquilescreas\/category\/commerce\/\">Commerce<\/a>\t\t\t\t\t<\/span>\n\t\t\t\t<\/div>\n\t\t\t\t\t\t\t<h6 class=\"uagb-post__title uagb-post__text\">\n\t\t\t\t<a href=\"https:\/\/www.ferembach.com\/cestquilescreas\/commerce\/mais-comment-ont-ils-vendu-ca-04-julien-levilain\/\" target=\"_self\" rel=\"bookmark noopener noreferrer\">Mais comment ont-ils vendu \u00e7a\u00a0? #04 : Julien Levilain<\/a>\n\t\t\t<\/h6>\n\t\t\t\t\t\t<div class='uagb-post__text uagb-post-grid-byline'>\n\t\t\t\t\t\t\t<\/div>\n\t\t\t\n\t\t\t\t\t\t\t\t\t<\/article>\n\t\t\t\t\t\t\t\t\t\t\t<\/div>\n\t\t\t\n\n\n<div style=\"height:100px\" aria-hidden=\"true\" class=\"wp-block-spacer\"><\/div>\n","protected":false},"excerpt":{"rendered":"<p> Ici, c\u2019est Sebastien Jauffret. Il a aid\u00e9 Canal+ \u00e0 faire parler une peau d\u2019ours, pirat\u00e9 la plus grande marque du monde et nargu\u00e9 la plus grosse compagnie de VTC. Alors forc\u00e9ment, il fallait se d\u00e9p\u00eacher de lui parler avant qu\u2019il finisse en prison.<\/p>\n","protected":false},"author":4,"featured_media":9475,"comment_status":"closed","ping_status":"closed","sticky":false,"template":"","format":"standard","meta":{"_et_pb_use_builder":"off","_et_pb_old_content":"","_et_gb_content_width":"","_uag_custom_page_level_css":"","footnotes":""},"categories":[108,43],"tags":[],"class_list":["post-9469","post","type-post","status-publish","format-standard","has-post-thumbnail","hentry","category-commerce","category-marcel"],"yoast_head":"<!-- This site is optimized with the Yoast SEO plugin v27.5 - https:\/\/yoast.com\/product\/yoast-seo-wordpress\/ -->\n<title>Mais comment ont-ils vendu \u00e7a\u00a0? #02 : S\u00e9bastien Jauffret &#8226; C&#039;est qui les Cr\u00e9as ?<\/title>\n<meta name=\"robots\" content=\"index, follow, max-snippet:-1, max-image-preview:large, max-video-preview:-1\" \/>\n<link rel=\"canonical\" href=\"https:\/\/www.ferembach.com\/cestquilescreas\/commerce\/sebastien-jauffret\/\" \/>\n<meta property=\"og:locale\" content=\"fr_FR\" \/>\n<meta property=\"og:type\" content=\"article\" \/>\n<meta property=\"og:title\" content=\"Mais comment ont-ils vendu \u00e7a\u00a0? #02 : S\u00e9bastien Jauffret &#8226; C&#039;est qui les Cr\u00e9as ?\" \/>\n<meta property=\"og:description\" content=\"Ici, c\u2019est Sebastien Jauffret. Il a aid\u00e9 Canal+ \u00e0 faire parler une peau d\u2019ours, pirat\u00e9 la plus grande marque du monde et nargu\u00e9 la plus grosse compagnie de VTC. Alors forc\u00e9ment, il fallait se d\u00e9p\u00eacher de lui parler avant qu\u2019il finisse en prison.\" \/>\n<meta property=\"og:url\" content=\"https:\/\/www.ferembach.com\/cestquilescreas\/commerce\/sebastien-jauffret\/\" \/>\n<meta property=\"og:site_name\" content=\"C&#039;est qui les Cr\u00e9as ?\" \/>\n<meta property=\"article:publisher\" content=\"https:\/\/www.facebook.com\/CestquilesCreas\/\" \/>\n<meta property=\"article:published_time\" content=\"2023-02-20T14:28:49+00:00\" \/>\n<meta property=\"article:modified_time\" content=\"2023-12-11T23:17:30+00:00\" \/>\n<meta property=\"og:image\" content=\"https:\/\/www.ferembach.com\/cestquilescreas\/wp-content\/uploads\/2023\/02\/seb-jauffret.jpg\" \/>\n\t<meta property=\"og:image:width\" content=\"800\" \/>\n\t<meta property=\"og:image:height\" content=\"563\" \/>\n\t<meta property=\"og:image:type\" content=\"image\/jpeg\" \/>\n<meta name=\"author\" content=\"gregory ferembach\" \/>\n<meta name=\"twitter:card\" content=\"summary_large_image\" \/>\n<meta name=\"twitter:label1\" content=\"\u00c9crit par\" \/>\n\t<meta name=\"twitter:data1\" content=\"gregory ferembach\" \/>\n\t<meta name=\"twitter:label2\" content=\"Dur\u00e9e de lecture estim\u00e9e\" \/>\n\t<meta name=\"twitter:data2\" content=\"13 minutes\" \/>\n<script type=\"application\/ld+json\" class=\"yoast-schema-graph\">{\"@context\":\"https:\\\/\\\/schema.org\",\"@graph\":[{\"@type\":\"Article\",\"@id\":\"https:\\\/\\\/www.ferembach.com\\\/cestquilescreas\\\/commerce\\\/sebastien-jauffret\\\/#article\",\"isPartOf\":{\"@id\":\"https:\\\/\\\/www.ferembach.com\\\/cestquilescreas\\\/commerce\\\/sebastien-jauffret\\\/\"},\"author\":{\"name\":\"gregory ferembach\",\"@id\":\"https:\\\/\\\/www.ferembach.com\\\/cestquilescreas\\\/#\\\/schema\\\/person\\\/228b651374249a02f20a1921f0e2516b\"},\"headline\":\"Mais comment ont-ils vendu \u00e7a\u00a0? #02 : S\u00e9bastien Jauffret\",\"datePublished\":\"2023-02-20T14:28:49+00:00\",\"dateModified\":\"2023-12-11T23:17:30+00:00\",\"mainEntityOfPage\":{\"@id\":\"https:\\\/\\\/www.ferembach.com\\\/cestquilescreas\\\/commerce\\\/sebastien-jauffret\\\/\"},\"wordCount\":2740,\"publisher\":{\"@id\":\"https:\\\/\\\/www.ferembach.com\\\/cestquilescreas\\\/#organization\"},\"image\":{\"@id\":\"https:\\\/\\\/www.ferembach.com\\\/cestquilescreas\\\/commerce\\\/sebastien-jauffret\\\/#primaryimage\"},\"thumbnailUrl\":\"https:\\\/\\\/www.ferembach.com\\\/cestquilescreas\\\/wp-content\\\/uploads\\\/2023\\\/02\\\/seb-jauffret.jpg\",\"articleSection\":[\"Commerce\",\"Marcel\"],\"inLanguage\":\"fr-FR\"},{\"@type\":\"WebPage\",\"@id\":\"https:\\\/\\\/www.ferembach.com\\\/cestquilescreas\\\/commerce\\\/sebastien-jauffret\\\/\",\"url\":\"https:\\\/\\\/www.ferembach.com\\\/cestquilescreas\\\/commerce\\\/sebastien-jauffret\\\/\",\"name\":\"Mais comment ont-ils vendu \u00e7a\u00a0? #02 : S\u00e9bastien Jauffret &#8226; C&#039;est qui les Cr\u00e9as ?\",\"isPartOf\":{\"@id\":\"https:\\\/\\\/www.ferembach.com\\\/cestquilescreas\\\/#website\"},\"primaryImageOfPage\":{\"@id\":\"https:\\\/\\\/www.ferembach.com\\\/cestquilescreas\\\/commerce\\\/sebastien-jauffret\\\/#primaryimage\"},\"image\":{\"@id\":\"https:\\\/\\\/www.ferembach.com\\\/cestquilescreas\\\/commerce\\\/sebastien-jauffret\\\/#primaryimage\"},\"thumbnailUrl\":\"https:\\\/\\\/www.ferembach.com\\\/cestquilescreas\\\/wp-content\\\/uploads\\\/2023\\\/02\\\/seb-jauffret.jpg\",\"datePublished\":\"2023-02-20T14:28:49+00:00\",\"dateModified\":\"2023-12-11T23:17:30+00:00\",\"breadcrumb\":{\"@id\":\"https:\\\/\\\/www.ferembach.com\\\/cestquilescreas\\\/commerce\\\/sebastien-jauffret\\\/#breadcrumb\"},\"inLanguage\":\"fr-FR\",\"potentialAction\":[{\"@type\":\"ReadAction\",\"target\":[\"https:\\\/\\\/www.ferembach.com\\\/cestquilescreas\\\/commerce\\\/sebastien-jauffret\\\/\"]}]},{\"@type\":\"ImageObject\",\"inLanguage\":\"fr-FR\",\"@id\":\"https:\\\/\\\/www.ferembach.com\\\/cestquilescreas\\\/commerce\\\/sebastien-jauffret\\\/#primaryimage\",\"url\":\"https:\\\/\\\/www.ferembach.com\\\/cestquilescreas\\\/wp-content\\\/uploads\\\/2023\\\/02\\\/seb-jauffret.jpg\",\"contentUrl\":\"https:\\\/\\\/www.ferembach.com\\\/cestquilescreas\\\/wp-content\\\/uploads\\\/2023\\\/02\\\/seb-jauffret.jpg\",\"width\":800,\"height\":563},{\"@type\":\"BreadcrumbList\",\"@id\":\"https:\\\/\\\/www.ferembach.com\\\/cestquilescreas\\\/commerce\\\/sebastien-jauffret\\\/#breadcrumb\",\"itemListElement\":[{\"@type\":\"ListItem\",\"position\":1,\"name\":\"Accueil\",\"item\":\"https:\\\/\\\/www.ferembach.com\\\/cestquilescreas\\\/\"},{\"@type\":\"ListItem\",\"position\":2,\"name\":\"Mais comment ont-ils vendu \u00e7a\u00a0? #02 : S\u00e9bastien Jauffret\"}]},{\"@type\":\"WebSite\",\"@id\":\"https:\\\/\\\/www.ferembach.com\\\/cestquilescreas\\\/#website\",\"url\":\"https:\\\/\\\/www.ferembach.com\\\/cestquilescreas\\\/\",\"name\":\"C'est qui les Cr\u00e9as ?\",\"description\":\"D\u00e9couvrez les cr\u00e9atifs, leurs parcours et leurs (en)vies...\",\"publisher\":{\"@id\":\"https:\\\/\\\/www.ferembach.com\\\/cestquilescreas\\\/#organization\"},\"potentialAction\":[{\"@type\":\"SearchAction\",\"target\":{\"@type\":\"EntryPoint\",\"urlTemplate\":\"https:\\\/\\\/www.ferembach.com\\\/cestquilescreas\\\/?s={search_term_string}\"},\"query-input\":{\"@type\":\"PropertyValueSpecification\",\"valueRequired\":true,\"valueName\":\"search_term_string\"}}],\"inLanguage\":\"fr-FR\"},{\"@type\":\"Organization\",\"@id\":\"https:\\\/\\\/www.ferembach.com\\\/cestquilescreas\\\/#organization\",\"name\":\"C'est qui les Cr\u00e9as ?\",\"url\":\"https:\\\/\\\/www.ferembach.com\\\/cestquilescreas\\\/\",\"logo\":{\"@type\":\"ImageObject\",\"inLanguage\":\"fr-FR\",\"@id\":\"https:\\\/\\\/www.ferembach.com\\\/cestquilescreas\\\/#\\\/schema\\\/logo\\\/image\\\/\",\"url\":\"https:\\\/\\\/www.ferembach.com\\\/cestquilescreas\\\/wp-content\\\/uploads\\\/2020\\\/02\\\/logo-cqlc-1024x368-3.png\",\"contentUrl\":\"https:\\\/\\\/www.ferembach.com\\\/cestquilescreas\\\/wp-content\\\/uploads\\\/2020\\\/02\\\/logo-cqlc-1024x368-3.png\",\"width\":1024,\"height\":368,\"caption\":\"C'est qui les Cr\u00e9as ?\"},\"image\":{\"@id\":\"https:\\\/\\\/www.ferembach.com\\\/cestquilescreas\\\/#\\\/schema\\\/logo\\\/image\\\/\"},\"sameAs\":[\"https:\\\/\\\/www.facebook.com\\\/CestquilesCreas\\\/\"]},{\"@type\":\"Person\",\"@id\":\"https:\\\/\\\/www.ferembach.com\\\/cestquilescreas\\\/#\\\/schema\\\/person\\\/228b651374249a02f20a1921f0e2516b\",\"name\":\"gregory ferembach\",\"image\":{\"@type\":\"ImageObject\",\"inLanguage\":\"fr-FR\",\"@id\":\"https:\\\/\\\/secure.gravatar.com\\\/avatar\\\/605c4bda0e1d2a91637e7bb2eb4af75b09419585355d212ee36e067ca646749c?s=96&d=mm&r=g\",\"url\":\"https:\\\/\\\/secure.gravatar.com\\\/avatar\\\/605c4bda0e1d2a91637e7bb2eb4af75b09419585355d212ee36e067ca646749c?s=96&d=mm&r=g\",\"contentUrl\":\"https:\\\/\\\/secure.gravatar.com\\\/avatar\\\/605c4bda0e1d2a91637e7bb2eb4af75b09419585355d212ee36e067ca646749c?s=96&d=mm&r=g\",\"caption\":\"gregory ferembach\"}}]}<\/script>\n<!-- \/ Yoast SEO plugin. -->","yoast_head_json":{"title":"Mais comment ont-ils vendu \u00e7a\u00a0? #02 : S\u00e9bastien Jauffret &#8226; C&#039;est qui les Cr\u00e9as ?","robots":{"index":"index","follow":"follow","max-snippet":"max-snippet:-1","max-image-preview":"max-image-preview:large","max-video-preview":"max-video-preview:-1"},"canonical":"https:\/\/www.ferembach.com\/cestquilescreas\/commerce\/sebastien-jauffret\/","og_locale":"fr_FR","og_type":"article","og_title":"Mais comment ont-ils vendu \u00e7a\u00a0? #02 : S\u00e9bastien Jauffret &#8226; C&#039;est qui les Cr\u00e9as ?","og_description":"Ici, c\u2019est Sebastien Jauffret. Il a aid\u00e9 Canal+ \u00e0 faire parler une peau d\u2019ours, pirat\u00e9 la plus grande marque du monde et nargu\u00e9 la plus grosse compagnie de VTC. Alors forc\u00e9ment, il fallait se d\u00e9p\u00eacher de lui parler avant qu\u2019il finisse en prison.","og_url":"https:\/\/www.ferembach.com\/cestquilescreas\/commerce\/sebastien-jauffret\/","og_site_name":"C&#039;est qui les Cr\u00e9as ?","article_publisher":"https:\/\/www.facebook.com\/CestquilesCreas\/","article_published_time":"2023-02-20T14:28:49+00:00","article_modified_time":"2023-12-11T23:17:30+00:00","og_image":[{"width":800,"height":563,"url":"https:\/\/www.ferembach.com\/cestquilescreas\/wp-content\/uploads\/2023\/02\/seb-jauffret.jpg","type":"image\/jpeg"}],"author":"gregory ferembach","twitter_card":"summary_large_image","twitter_misc":{"\u00c9crit par":"gregory ferembach","Dur\u00e9e de lecture estim\u00e9e":"13 minutes"},"schema":{"@context":"https:\/\/schema.org","@graph":[{"@type":"Article","@id":"https:\/\/www.ferembach.com\/cestquilescreas\/commerce\/sebastien-jauffret\/#article","isPartOf":{"@id":"https:\/\/www.ferembach.com\/cestquilescreas\/commerce\/sebastien-jauffret\/"},"author":{"name":"gregory ferembach","@id":"https:\/\/www.ferembach.com\/cestquilescreas\/#\/schema\/person\/228b651374249a02f20a1921f0e2516b"},"headline":"Mais comment ont-ils vendu \u00e7a\u00a0? #02 : S\u00e9bastien Jauffret","datePublished":"2023-02-20T14:28:49+00:00","dateModified":"2023-12-11T23:17:30+00:00","mainEntityOfPage":{"@id":"https:\/\/www.ferembach.com\/cestquilescreas\/commerce\/sebastien-jauffret\/"},"wordCount":2740,"publisher":{"@id":"https:\/\/www.ferembach.com\/cestquilescreas\/#organization"},"image":{"@id":"https:\/\/www.ferembach.com\/cestquilescreas\/commerce\/sebastien-jauffret\/#primaryimage"},"thumbnailUrl":"https:\/\/www.ferembach.com\/cestquilescreas\/wp-content\/uploads\/2023\/02\/seb-jauffret.jpg","articleSection":["Commerce","Marcel"],"inLanguage":"fr-FR"},{"@type":"WebPage","@id":"https:\/\/www.ferembach.com\/cestquilescreas\/commerce\/sebastien-jauffret\/","url":"https:\/\/www.ferembach.com\/cestquilescreas\/commerce\/sebastien-jauffret\/","name":"Mais comment ont-ils vendu \u00e7a\u00a0? #02 : S\u00e9bastien Jauffret &#8226; C&#039;est qui les Cr\u00e9as ?","isPartOf":{"@id":"https:\/\/www.ferembach.com\/cestquilescreas\/#website"},"primaryImageOfPage":{"@id":"https:\/\/www.ferembach.com\/cestquilescreas\/commerce\/sebastien-jauffret\/#primaryimage"},"image":{"@id":"https:\/\/www.ferembach.com\/cestquilescreas\/commerce\/sebastien-jauffret\/#primaryimage"},"thumbnailUrl":"https:\/\/www.ferembach.com\/cestquilescreas\/wp-content\/uploads\/2023\/02\/seb-jauffret.jpg","datePublished":"2023-02-20T14:28:49+00:00","dateModified":"2023-12-11T23:17:30+00:00","breadcrumb":{"@id":"https:\/\/www.ferembach.com\/cestquilescreas\/commerce\/sebastien-jauffret\/#breadcrumb"},"inLanguage":"fr-FR","potentialAction":[{"@type":"ReadAction","target":["https:\/\/www.ferembach.com\/cestquilescreas\/commerce\/sebastien-jauffret\/"]}]},{"@type":"ImageObject","inLanguage":"fr-FR","@id":"https:\/\/www.ferembach.com\/cestquilescreas\/commerce\/sebastien-jauffret\/#primaryimage","url":"https:\/\/www.ferembach.com\/cestquilescreas\/wp-content\/uploads\/2023\/02\/seb-jauffret.jpg","contentUrl":"https:\/\/www.ferembach.com\/cestquilescreas\/wp-content\/uploads\/2023\/02\/seb-jauffret.jpg","width":800,"height":563},{"@type":"BreadcrumbList","@id":"https:\/\/www.ferembach.com\/cestquilescreas\/commerce\/sebastien-jauffret\/#breadcrumb","itemListElement":[{"@type":"ListItem","position":1,"name":"Accueil","item":"https:\/\/www.ferembach.com\/cestquilescreas\/"},{"@type":"ListItem","position":2,"name":"Mais comment ont-ils vendu \u00e7a\u00a0? #02 : S\u00e9bastien Jauffret"}]},{"@type":"WebSite","@id":"https:\/\/www.ferembach.com\/cestquilescreas\/#website","url":"https:\/\/www.ferembach.com\/cestquilescreas\/","name":"C'est qui les Cr\u00e9as ?","description":"D\u00e9couvrez les cr\u00e9atifs, leurs parcours et leurs (en)vies...","publisher":{"@id":"https:\/\/www.ferembach.com\/cestquilescreas\/#organization"},"potentialAction":[{"@type":"SearchAction","target":{"@type":"EntryPoint","urlTemplate":"https:\/\/www.ferembach.com\/cestquilescreas\/?s={search_term_string}"},"query-input":{"@type":"PropertyValueSpecification","valueRequired":true,"valueName":"search_term_string"}}],"inLanguage":"fr-FR"},{"@type":"Organization","@id":"https:\/\/www.ferembach.com\/cestquilescreas\/#organization","name":"C'est qui les Cr\u00e9as ?","url":"https:\/\/www.ferembach.com\/cestquilescreas\/","logo":{"@type":"ImageObject","inLanguage":"fr-FR","@id":"https:\/\/www.ferembach.com\/cestquilescreas\/#\/schema\/logo\/image\/","url":"https:\/\/www.ferembach.com\/cestquilescreas\/wp-content\/uploads\/2020\/02\/logo-cqlc-1024x368-3.png","contentUrl":"https:\/\/www.ferembach.com\/cestquilescreas\/wp-content\/uploads\/2020\/02\/logo-cqlc-1024x368-3.png","width":1024,"height":368,"caption":"C'est qui les Cr\u00e9as ?"},"image":{"@id":"https:\/\/www.ferembach.com\/cestquilescreas\/#\/schema\/logo\/image\/"},"sameAs":["https:\/\/www.facebook.com\/CestquilesCreas\/"]},{"@type":"Person","@id":"https:\/\/www.ferembach.com\/cestquilescreas\/#\/schema\/person\/228b651374249a02f20a1921f0e2516b","name":"gregory ferembach","image":{"@type":"ImageObject","inLanguage":"fr-FR","@id":"https:\/\/secure.gravatar.com\/avatar\/605c4bda0e1d2a91637e7bb2eb4af75b09419585355d212ee36e067ca646749c?s=96&d=mm&r=g","url":"https:\/\/secure.gravatar.com\/avatar\/605c4bda0e1d2a91637e7bb2eb4af75b09419585355d212ee36e067ca646749c?s=96&d=mm&r=g","contentUrl":"https:\/\/secure.gravatar.com\/avatar\/605c4bda0e1d2a91637e7bb2eb4af75b09419585355d212ee36e067ca646749c?s=96&d=mm&r=g","caption":"gregory ferembach"}}]}},"uagb_featured_image_src":{"full":["https:\/\/www.ferembach.com\/cestquilescreas\/wp-content\/uploads\/2023\/02\/seb-jauffret.jpg",800,563,false],"thumbnail":["https:\/\/www.ferembach.com\/cestquilescreas\/wp-content\/uploads\/2023\/02\/seb-jauffret-120x120.jpg",120,120,true],"medium":["https:\/\/www.ferembach.com\/cestquilescreas\/wp-content\/uploads\/2023\/02\/seb-jauffret-60x42.jpg",60,42,true],"medium_large":["https:\/\/www.ferembach.com\/cestquilescreas\/wp-content\/uploads\/2023\/02\/seb-jauffret-768x540.jpg",768,540,true],"large":["https:\/\/www.ferembach.com\/cestquilescreas\/wp-content\/uploads\/2023\/02\/seb-jauffret.jpg",800,563,false],"1536x1536":["https:\/\/www.ferembach.com\/cestquilescreas\/wp-content\/uploads\/2023\/02\/seb-jauffret.jpg",800,563,false],"2048x2048":["https:\/\/www.ferembach.com\/cestquilescreas\/wp-content\/uploads\/2023\/02\/seb-jauffret.jpg",800,563,false],"et-pb-post-main-image":["https:\/\/www.ferembach.com\/cestquilescreas\/wp-content\/uploads\/2023\/02\/seb-jauffret-400x250.jpg",400,250,true],"et-pb-post-main-image-fullwidth":["https:\/\/www.ferembach.com\/cestquilescreas\/wp-content\/uploads\/2023\/02\/seb-jauffret.jpg",800,563,false],"et-pb-portfolio-image":["https:\/\/www.ferembach.com\/cestquilescreas\/wp-content\/uploads\/2023\/02\/seb-jauffret-400x284.jpg",400,284,true],"et-pb-portfolio-module-image":["https:\/\/www.ferembach.com\/cestquilescreas\/wp-content\/uploads\/2023\/02\/seb-jauffret-510x382.jpg",510,382,true],"et-pb-portfolio-image-single":["https:\/\/www.ferembach.com\/cestquilescreas\/wp-content\/uploads\/2023\/02\/seb-jauffret.jpg",800,563,false],"et-pb-gallery-module-image-portrait":["https:\/\/www.ferembach.com\/cestquilescreas\/wp-content\/uploads\/2023\/02\/seb-jauffret-400x516.jpg",400,516,true],"et-pb-post-main-image-fullwidth-large":["https:\/\/www.ferembach.com\/cestquilescreas\/wp-content\/uploads\/2023\/02\/seb-jauffret.jpg",800,563,false],"et-pb-image--responsive--desktop":["https:\/\/www.ferembach.com\/cestquilescreas\/wp-content\/uploads\/2023\/02\/seb-jauffret.jpg",800,563,false],"et-pb-image--responsive--tablet":["https:\/\/www.ferembach.com\/cestquilescreas\/wp-content\/uploads\/2023\/02\/seb-jauffret.jpg",783,551,false],"et-pb-image--responsive--phone":["https:\/\/www.ferembach.com\/cestquilescreas\/wp-content\/uploads\/2023\/02\/seb-jauffret-480x338.jpg",383,270,true]},"uagb_author_info":{"display_name":"gregory ferembach","author_link":"https:\/\/www.ferembach.com\/cestquilescreas\/author\/gregoryferembach\/"},"uagb_comment_info":0,"uagb_excerpt":"Ici, c\u2019est Sebastien Jauffret. Il a aid\u00e9 Canal+ \u00e0 faire parler une peau d\u2019ours, pirat\u00e9 la plus grande marque du monde et nargu\u00e9 la plus grosse compagnie de VTC. Alors forc\u00e9ment, il fallait se d\u00e9p\u00eacher de lui parler avant qu\u2019il finisse en prison.","_links":{"self":[{"href":"https:\/\/www.ferembach.com\/cestquilescreas\/wp-json\/wp\/v2\/posts\/9469","targetHints":{"allow":["GET"]}}],"collection":[{"href":"https:\/\/www.ferembach.com\/cestquilescreas\/wp-json\/wp\/v2\/posts"}],"about":[{"href":"https:\/\/www.ferembach.com\/cestquilescreas\/wp-json\/wp\/v2\/types\/post"}],"author":[{"embeddable":true,"href":"https:\/\/www.ferembach.com\/cestquilescreas\/wp-json\/wp\/v2\/users\/4"}],"replies":[{"embeddable":true,"href":"https:\/\/www.ferembach.com\/cestquilescreas\/wp-json\/wp\/v2\/comments?post=9469"}],"version-history":[{"count":0,"href":"https:\/\/www.ferembach.com\/cestquilescreas\/wp-json\/wp\/v2\/posts\/9469\/revisions"}],"wp:featuredmedia":[{"embeddable":true,"href":"https:\/\/www.ferembach.com\/cestquilescreas\/wp-json\/wp\/v2\/media\/9475"}],"wp:attachment":[{"href":"https:\/\/www.ferembach.com\/cestquilescreas\/wp-json\/wp\/v2\/media?parent=9469"}],"wp:term":[{"taxonomy":"category","embeddable":true,"href":"https:\/\/www.ferembach.com\/cestquilescreas\/wp-json\/wp\/v2\/categories?post=9469"},{"taxonomy":"post_tag","embeddable":true,"href":"https:\/\/www.ferembach.com\/cestquilescreas\/wp-json\/wp\/v2\/tags?post=9469"}],"curies":[{"name":"wp","href":"https:\/\/api.w.org\/{rel}","templated":true}]}}