{"id":9783,"date":"2023-07-05T10:47:19","date_gmt":"2023-07-05T08:47:19","guid":{"rendered":"https:\/\/www.ferembach.com\/cestquilescreas\/?p=9783"},"modified":"2023-12-12T01:16:48","modified_gmt":"2023-12-11T23:16:48","slug":"mais-comment-ont-ils-vendu-ca-06-jonathan-serog","status":"publish","type":"post","link":"https:\/\/www.ferembach.com\/cestquilescreas\/commerce\/mais-comment-ont-ils-vendu-ca-06-jonathan-serog\/","title":{"rendered":"Mais comment ont-ils vendu \u00e7a\u00a0? #06 : Jonathan Serog"},"content":{"rendered":"\n<p> <\/p>\n\n\n\n<div class=\"wp-block-group has-background is-nowrap is-layout-flex wp-container-core-group-is-layout-ad2f72ca wp-block-group-is-layout-flex\" style=\"background:linear-gradient(135deg,rgb(238,238,238) 0%,rgba(169,183,194,0.05) 100%)\">\n<div class=\"wp-block-group is-vertical is-layout-flex wp-container-core-group-is-layout-8cf370e7 wp-block-group-is-layout-flex\">\n<p>INTRO<\/p>\n\n\n\n<p class=\"has-small-font-size\">Il y a toujours ce moment, \u00e0 la fois jouissif et extr\u00eamement frustrant, o\u00f9 l\u2019on d\u00e9couvre une super campagne pour la premi\u00e8re fois. Ce plaisir m\u00eal\u00e9 de jalousie o\u00f9 l\u2019on se dit \u00ab p*tain, quelle bonne id\u00e9e ! \u00bb. Puis parfois, en creusant un peu, une autre question nous rend encore plus jaloux : Mais comment ont-ils vendu \u00e7a ?<\/p>\n\n\n\n<p class=\"has-small-font-size\">Vendre, c\u2019est un talent. Au m\u00eame titre qu\u2019avoir des id\u00e9es ou les r\u00e9aliser. Ce talent, c\u2019est celui de ceux que l&rsquo;on appelle en agence :<strong> les commerciaux.<\/strong>  <br>Mais c\u2019est qui les commerciaux ? Ici, c\u2019est<strong> Jonathan Serog<\/strong>, Directeur G\u00e9n\u00e9ral chez TBWA\\Paris. Il a commenc\u00e9 par retranscrire les dialogues des vieilles pubs Maggie avant de devenir l\u2019un des pilotes derri\u00e8re l\u2019incroyable saga Winamax. Gros parcours. Grosses campagnes. Grosse interview.<br><\/p>\n\n\n\n<div class=\"wp-block-group is-nowrap is-layout-flex wp-container-core-group-is-layout-ad2f72ca wp-block-group-is-layout-flex\">\n<figure class=\"wp-block-image size-full is-resized is-style-rounded\"><img loading=\"lazy\" decoding=\"async\" width=\"778\" height=\"772\" src=\"https:\/\/www.ferembach.com\/cestquilescreas\/wp-content\/uploads\/2023\/02\/Portrait_Joseph.jpg\" alt=\"\" class=\"wp-image-9422\" style=\"width:127px;height:126px\" srcset=\"https:\/\/www.ferembach.com\/cestquilescreas\/wp-content\/uploads\/2023\/02\/Portrait_Joseph.jpg 778w, https:\/\/www.ferembach.com\/cestquilescreas\/wp-content\/uploads\/2023\/02\/Portrait_Joseph-480x476.jpg 480w\" sizes=\"auto, (min-width: 0px) and (max-width: 480px) 480px, (min-width: 481px) 778px, 100vw\" \/><\/figure>\n\n\n\n<p class=\"has-small-font-size\">NDLR : <strong>Cette s\u00e9rie d&rsquo;interviews est orchestr\u00e9e par <\/strong><em><a href=\"https:\/\/fr.linkedin.com\/in\/joseph-rozier-8186375b\" target=\"_blank\" rel=\"noreferrer noopener\"><strong>Joseph Rozier<\/strong>.<\/a><\/em><\/p>\n<\/div>\n\n\n\n<p><strong><br><\/strong><\/p>\n<\/div>\n<\/div>\n\n\n\n<div style=\"height:45px\" aria-hidden=\"true\" class=\"wp-block-spacer\"><\/div>\n\n\n\n<figure class=\"wp-block-image size-large\"><img loading=\"lazy\" decoding=\"async\" width=\"1024\" height=\"359\" src=\"https:\/\/www.ferembach.com\/cestquilescreas\/wp-content\/uploads\/2023\/07\/serog-1-1024x359.jpg\" alt=\"\" class=\"wp-image-9785\" srcset=\"https:\/\/www.ferembach.com\/cestquilescreas\/wp-content\/uploads\/2023\/07\/serog-1-1024x359.jpg 1024w, https:\/\/www.ferembach.com\/cestquilescreas\/wp-content\/uploads\/2023\/07\/serog-1-980x343.jpg 980w, https:\/\/www.ferembach.com\/cestquilescreas\/wp-content\/uploads\/2023\/07\/serog-1-480x168.jpg 480w\" sizes=\"auto, (min-width: 0px) and (max-width: 480px) 480px, (min-width: 481px) and (max-width: 980px) 980px, (min-width: 981px) 1024px, 100vw\" \/><\/figure>\n\n\n\n<h2 class=\"wp-block-heading has-vivid-cyan-blue-color has-text-color\"><strong>Salut Jonathan, peux-tu nous raconter un peu ton parcours&nbsp;?<\/strong><\/h2>\n\n\n\n<p>J\u2019ai su tr\u00e8s t\u00f4t que je voulais faire ce m\u00e9tier. J\u2019ai eu la chance de faire mon stage de 3\u1d49 en Agence. Mais voil\u00e0. \u00c0 la fin du lyc\u00e9e, ma famille voulait que je fasse m\u00e9decine. J\u2019ai opt\u00e9 pour la finance, mais j\u2019avais toujours en t\u00eate de faire de la pub. Alors je truquais mes rapports de stage de finance pour faire des stages en douce en agence. Ma premi\u00e8re exp\u00e9rience, c\u2019\u00e9tait chez Publicis sur Nestl\u00e9. Pendant une semaine, je me suis tap\u00e9 de retranscrire les dialogues des vieilles pubs Maggie. Aujourd\u2019hui encore, je n\u2019ai toujours pas compris pourquoi\u2026<\/p>\n\n\n\n<p>\u00c0 la fin de mes \u00e9tudes, en 2005, j\u2019ai commenc\u00e9 chez Marcel quand l\u2019agence s\u2019appelait encore Marcel R\u00e9publique et qu\u2019elle \u00e9tait dirig\u00e9e par deux t\u00eates br\u00fbl\u00e9es&nbsp;: Fred &amp; Farid. Et autant dire que c\u2019\u00e9tait la pub dont je r\u00eavais&nbsp;!<\/p>\n\n\n\n<p>Un exemple pour t\u2019illustrer l\u2019\u00e9tat d\u2019esprit&nbsp;: un jour, on re\u00e7oit \u00e0 l\u2019agence le pr\u00e9sident de Coca-Cola. \u00c7a pr\u00e9pare les slides, \u00e7a charbonne\u2026 Mais \u00e0 30mn de la pr\u00e9sentation, rien \u00e0 faire, on n\u2019est pas pr\u00eats&nbsp;! \u00c0 ce moment-l\u00e0, Fred Raillard s\u2019exclame \u00ab&nbsp;On n\u2019a qu\u2019\u00e0 p\u00e9ter les plombs&nbsp;!&nbsp;\u00bb. Quoi&nbsp;? S\u00e9rieux, le mec veut partir en vrille devant les clients&nbsp;?! \u00ab&nbsp;Non, on fait sauter les plombs&nbsp;! On fout l\u2019Agence dans le noir, on pr\u00e9textera une panne de courant&nbsp;\u00bb Et voil\u00e0 comment on se retrouve \u00e0 pitcher le pr\u00e9sident de Coca-Cola \u00e0 la bougie. Mythique&nbsp;!<\/p>\n\n\n\n<p>Je passe deux ans chez Marcel. Deux ann\u00e9es de folie. Puis vient le moment o\u00f9 Fred &amp; Farid annoncent \u00e0 la presse leur d\u00e9part de Marcel, un soir vers 22h, pour fonder leur propre agence\u2026 Je me dis que c\u2019est le moment de partir. Le probl\u00e8me, c\u2019est que je connaissais tr\u00e8s mal le march\u00e9 \u00e0 l\u2019\u00e9poque. Du coup, un pote qui venait d\u2019\u00eatre recrut\u00e9 chez CLM BBDO fait passer mon CV l\u00e0-bas. C\u2019\u00e9tait une des meilleures agences du moment. Et je suis recrut\u00e9 sur Mars. Enfin, le groupe Mars. Et pour \u00eatre honn\u00eate, au d\u00e9but, bah je ne kiffe pas du tout\u2026<\/p>\n\n\n\n<p>Mon premier call client, c\u2019\u00e9tait avec la marque Malteser. La cliente nous brief sur un tag. S\u00e9rieux, un tag&nbsp;? Alors forc\u00e9ment, au bout d\u2019un mois, je d\u00e9cide de me barrer. Je rencontre un DG de chez Publicis et je lui explique que je dois absolument me tirer\u2026 Et l\u00e0, le mec me dit \u00ab&nbsp;Tu croyais quoi&nbsp;? C\u2019est \u00e7a le m\u00e9tier&nbsp;\u00bb S\u00e9rieux&nbsp;? Faire des packshots avec du chocolat, c\u2019est \u00e7a le m\u00e9tier&nbsp;? Mais il avait raison\u2026 c\u2019est une industrie, la pub. Et c\u2019est aussi \u00e7a, le m\u00e9tier.<\/p>\n\n\n\n<p>R\u00e9sultat&nbsp;: je reste chez 7 ans chez CLM. Je fais mes armes. Je rencontre des gens brillants, dont ma femme. Je d\u00e9couvre des secteurs tr\u00e8s divers. Le food, le luxe, l\u2019assurance, la distribution, les transports\u2026 Je fais mon premier Cannes.<\/p>\n\n\n\n<p>Puis retour \u00e0 mes premi\u00e8res amours&nbsp;: je rejoins l\u2019agence Fred &amp; Farid. Cette fois, avec plus de responsabilit\u00e9s. J\u2019encadre des \u00e9quipes sur Schweppes, Orangina, Decathlon\u2026 Les retrouvailles avec Fred &amp; Farid sont pleines de surprises. Fred est parti en Chine et Farid g\u00e8re l\u2019agence de Paris. Dans les locaux, pas de bureau fixe. Les commerciaux dans un b\u00e2timent, les cr\u00e9as dans l\u2019autre. On se parle sur Wechat\u2026 J\u2019y fais de belles rencontres, mais le chaos que j\u2019adorais chez Marcel m\u2019enthousiasme soudain beaucoup moins.<\/p>\n\n\n\n<p>Je me fais alors d\u00e9baucher par Pierrette Diaz, la Directrice de cr\u00e9ation de La Young \u00e0 l\u2019\u00e9poque. Un projet assez sexy sur le papier. Le passage du jardin d\u2019enfants \u00e0 la maison de retraite est violent\u2026 Donc forc\u00e9ment, apr\u00e8s 11 mois, je d\u00e9cide de me barrer.<\/p>\n\n\n\n<p>C\u2019est l\u00e0 que j\u2019atterris en 2017 chez TBWA\\Paris, o\u00f9 je suis encore aujourd\u2019hui.<\/p>\n\n\n\n<h2 class=\"wp-block-heading has-vivid-cyan-blue-color has-text-color\"><strong>Chez TBWA, tu fais partie de l\u2019\u00e9quipe \u00e0 l\u2019origine de toute la saga Winamax. Comment on vend des campagnes aussi cr\u00e9atives dans un march\u00e9 aussi complexe que le pari sportif&nbsp;?<\/strong><\/h2>\n\n\n\n<p>Wina, c\u2019\u00e9tait d\u2019abord le leader du poker en ligne. Le but \u00e9tait d\u2019en faire le n\u00b01 du pari sportif. On est invit\u00e9 \u00e0 pitcher. Ils nous briefent principalement sur un film. On se qualifie avec une bonne strat\u00e9gie, un mauvais film mais une campagne print canon ! On savait qu\u2019on avait la campagne mais pas le film. Avec du recul, je pense qu\u2019on aurait d\u00fb y aller sans le film. Il vaut toujours mieux pr\u00e9senter ce qu\u2019on a de mieux. Mais heureusement pour nous, on a eu en face des gens intelligents qui ne se sont pas arr\u00eat\u00e9s sur une ex\u00e9cution mais ont vu le potentiel de la campagne. On retravaille le film et on sort \u00ab&nbsp;Le nouveau roi&nbsp;\u00bb.<\/p>\n\n\n<figure class=\"wp-block-embed-youtube wp-block-embed is-type-video is-provider-youtube wp-embed-aspect-16-9 wp-has-aspect-ratio\"><div class=\"lyte-wrapper\" style=\"width:853px;max-width:100%;margin:5px auto;\"><div class=\"lyMe\" id=\"WYL_GDxCYvsCBoY\"><div id=\"lyte_GDxCYvsCBoY\" data-src=\"https:\/\/www.ferembach.com\/cestquilescreas\/wp-content\/plugins\/wp-youtube-lyte\/lyteCache.php?origThumbUrl=%2F%2Fi.ytimg.com%2Fvi%2FGDxCYvsCBoY%2Fhqdefault.jpg\" class=\"pL\"><div class=\"tC\"><div class=\"tT\"><\/div><\/div><div class=\"play\"><\/div><div class=\"ctrl\"><div class=\"Lctrl\"><\/div><div class=\"Rctrl\"><\/div><\/div><\/div><noscript><a href=\"https:\/\/youtu.be\/GDxCYvsCBoY\" rel=\"nofollow\"><img loading=\"lazy\" decoding=\"async\" src=\"https:\/\/www.ferembach.com\/cestquilescreas\/wp-content\/plugins\/wp-youtube-lyte\/lyteCache.php?origThumbUrl=https%3A%2F%2Fi.ytimg.com%2Fvi%2FGDxCYvsCBoY%2F0.jpg\" alt=\"YouTube video thumbnail\" width=\"853\" height=\"460\" \/><br \/>Lire cette vid\u00e9o sur YouTube<\/a><\/noscript><\/div><\/div><div class=\"lL\" style=\"max-width:100%;width:853px;margin:5px auto;\"><\/div><figcaption><\/figcaption><\/figure>\n\n\n<figure class=\"wp-block-gallery has-nested-images columns-default is-cropped wp-block-gallery-1 is-layout-flex wp-block-gallery-is-layout-flex\">\n<figure class=\"wp-block-image size-large\"><img loading=\"lazy\" decoding=\"async\" width=\"1024\" height=\"768\" data-id=\"9806\" src=\"https:\/\/www.ferembach.com\/cestquilescreas\/wp-content\/uploads\/2023\/07\/WINA-V2-1-1-1024x768.jpg\" alt=\"\" class=\"wp-image-9806\" srcset=\"https:\/\/www.ferembach.com\/cestquilescreas\/wp-content\/uploads\/2023\/07\/WINA-V2-1-1-980x735.jpg 980w, https:\/\/www.ferembach.com\/cestquilescreas\/wp-content\/uploads\/2023\/07\/WINA-V2-1-1-480x360.jpg 480w\" sizes=\"auto, (min-width: 0px) and (max-width: 480px) 480px, (min-width: 481px) and (max-width: 980px) 980px, (min-width: 981px) 1024px, 100vw\" \/><\/figure>\n\n\n\n<figure class=\"wp-block-image size-large\"><img loading=\"lazy\" decoding=\"async\" width=\"1024\" height=\"768\" data-id=\"9804\" src=\"https:\/\/www.ferembach.com\/cestquilescreas\/wp-content\/uploads\/2023\/07\/WINA-V2-2-1-1024x768.jpg\" alt=\"\" class=\"wp-image-9804\" srcset=\"https:\/\/www.ferembach.com\/cestquilescreas\/wp-content\/uploads\/2023\/07\/WINA-V2-2-1-980x735.jpg 980w, https:\/\/www.ferembach.com\/cestquilescreas\/wp-content\/uploads\/2023\/07\/WINA-V2-2-1-480x360.jpg 480w\" sizes=\"auto, (min-width: 0px) and (max-width: 480px) 480px, (min-width: 481px) and (max-width: 980px) 980px, (min-width: 981px) 1024px, 100vw\" \/><\/figure>\n\n\n\n<figure class=\"wp-block-image size-large\"><img loading=\"lazy\" decoding=\"async\" width=\"1024\" height=\"768\" data-id=\"9808\" src=\"https:\/\/www.ferembach.com\/cestquilescreas\/wp-content\/uploads\/2023\/07\/WINA-V2-3-1-1024x768.jpg\" alt=\"\" class=\"wp-image-9808\" srcset=\"https:\/\/www.ferembach.com\/cestquilescreas\/wp-content\/uploads\/2023\/07\/WINA-V2-3-1-980x735.jpg 980w, https:\/\/www.ferembach.com\/cestquilescreas\/wp-content\/uploads\/2023\/07\/WINA-V2-3-1-480x360.jpg 480w\" sizes=\"auto, (min-width: 0px) and (max-width: 480px) 480px, (min-width: 481px) and (max-width: 980px) 980px, (min-width: 981px) 1024px, 100vw\" \/><\/figure>\n\n\n\n<figure class=\"wp-block-image size-large\"><img loading=\"lazy\" decoding=\"async\" width=\"1024\" height=\"768\" data-id=\"9809\" src=\"https:\/\/www.ferembach.com\/cestquilescreas\/wp-content\/uploads\/2023\/07\/WINA-V2-4-1024x768.jpg\" alt=\"\" class=\"wp-image-9809\" srcset=\"https:\/\/www.ferembach.com\/cestquilescreas\/wp-content\/uploads\/2023\/07\/WINA-V2-4-980x735.jpg 980w, https:\/\/www.ferembach.com\/cestquilescreas\/wp-content\/uploads\/2023\/07\/WINA-V2-4-480x360.jpg 480w\" sizes=\"auto, (min-width: 0px) and (max-width: 480px) 480px, (min-width: 481px) and (max-width: 980px) 980px, (min-width: 981px) 1024px, 100vw\" \/><\/figure>\n\n\n\n<figure class=\"wp-block-image size-large\"><img loading=\"lazy\" decoding=\"async\" width=\"1024\" height=\"768\" data-id=\"9802\" src=\"https:\/\/www.ferembach.com\/cestquilescreas\/wp-content\/uploads\/2023\/07\/WINA-V2-5-1024x768.jpg\" alt=\"\" class=\"wp-image-9802\" srcset=\"https:\/\/www.ferembach.com\/cestquilescreas\/wp-content\/uploads\/2023\/07\/WINA-V2-5-980x735.jpg 980w, https:\/\/www.ferembach.com\/cestquilescreas\/wp-content\/uploads\/2023\/07\/WINA-V2-5-480x360.jpg 480w\" sizes=\"auto, (min-width: 0px) and (max-width: 480px) 480px, (min-width: 481px) and (max-width: 980px) 980px, (min-width: 981px) 1024px, 100vw\" \/><\/figure>\n\n\n\n<figure class=\"wp-block-image size-large\"><img loading=\"lazy\" decoding=\"async\" width=\"1024\" height=\"768\" data-id=\"9805\" src=\"https:\/\/www.ferembach.com\/cestquilescreas\/wp-content\/uploads\/2023\/07\/WINA-V2-6-1024x768.jpg\" alt=\"\" class=\"wp-image-9805\" srcset=\"https:\/\/www.ferembach.com\/cestquilescreas\/wp-content\/uploads\/2023\/07\/WINA-V2-6-980x735.jpg 980w, https:\/\/www.ferembach.com\/cestquilescreas\/wp-content\/uploads\/2023\/07\/WINA-V2-6-480x360.jpg 480w\" sizes=\"auto, (min-width: 0px) and (max-width: 480px) 480px, (min-width: 481px) and (max-width: 980px) 980px, (min-width: 981px) 1024px, 100vw\" \/><\/figure>\n\n\n\n<figure class=\"wp-block-image size-large\"><img loading=\"lazy\" decoding=\"async\" width=\"1024\" height=\"768\" data-id=\"9811\" src=\"https:\/\/www.ferembach.com\/cestquilescreas\/wp-content\/uploads\/2023\/07\/WINA-V2-7-1024x768.jpg\" alt=\"\" class=\"wp-image-9811\" srcset=\"https:\/\/www.ferembach.com\/cestquilescreas\/wp-content\/uploads\/2023\/07\/WINA-V2-7-980x735.jpg 980w, https:\/\/www.ferembach.com\/cestquilescreas\/wp-content\/uploads\/2023\/07\/WINA-V2-7-480x360.jpg 480w\" sizes=\"auto, (min-width: 0px) and (max-width: 480px) 480px, (min-width: 481px) and (max-width: 980px) 980px, (min-width: 981px) 1024px, 100vw\" \/><\/figure>\n\n\n\n<figure class=\"wp-block-image size-large\"><img loading=\"lazy\" decoding=\"async\" width=\"1024\" height=\"768\" data-id=\"9803\" src=\"https:\/\/www.ferembach.com\/cestquilescreas\/wp-content\/uploads\/2023\/07\/WINA-V2-8-1024x768.jpg\" alt=\"\" class=\"wp-image-9803\" srcset=\"https:\/\/www.ferembach.com\/cestquilescreas\/wp-content\/uploads\/2023\/07\/WINA-V2-8-980x735.jpg 980w, https:\/\/www.ferembach.com\/cestquilescreas\/wp-content\/uploads\/2023\/07\/WINA-V2-8-480x360.jpg 480w\" sizes=\"auto, (min-width: 0px) and (max-width: 480px) 480px, (min-width: 481px) and (max-width: 980px) 980px, (min-width: 981px) 1024px, 100vw\" \/><\/figure>\n<\/figure>\n\n\n\n<p><em>Cr\u00e9as : Glen Troadec &amp; Fabien Duval<\/em><\/p>\n\n\n\n<p><br>Apr\u00e8s le succ\u00e8s de la premi\u00e8re campagne, on est brief\u00e9 sur la seconde.<\/p>\n\n\n\n<p>Avant de partir en cr\u00e9ation, on partage avec la marque des r\u00e9f\u00e9rences de campagnes qu\u2019on aime et qui nous semblent r\u00e9pondre \u00e0 leur ambition. On en retient trois avec lesquelles on brief les cr\u00e9as. C\u2019est une bonne mani\u00e8re de s\u2019accorder sur une ambition, un style, une tonalit\u00e9\u2026<\/p>\n\n\n\n<p>Premier plan\u2019s board. Les cr\u00e9atifs nous racontent la campagne \u00ab&nbsp;Tout pour la daronne&nbsp;\u00bb.<\/p>\n\n\n\n<p>C\u2019est le coup de foudre. J\u2019ai rarement \u00e9t\u00e9 aussi bluff\u00e9 par une campagne. On n\u2019a pas chang\u00e9 une ligne, pas une image. On d\u00e9cide collectivement de ne pr\u00e9senter que cette campagne. Ok. Mais comment on vend un truc pareil maintenant&nbsp;? C\u2019\u00e9tait un ovni.<\/p>\n\n\n<figure class=\"wp-block-embed-youtube wp-block-embed is-type-video is-provider-youtube wp-embed-aspect-16-9 wp-has-aspect-ratio\"><div class=\"lyte-wrapper\" style=\"width:853px;max-width:100%;margin:5px auto;\"><div class=\"lyMe\" id=\"WYL_v0cDP1f9rmo\"><div id=\"lyte_v0cDP1f9rmo\" data-src=\"https:\/\/www.ferembach.com\/cestquilescreas\/wp-content\/plugins\/wp-youtube-lyte\/lyteCache.php?origThumbUrl=%2F%2Fi.ytimg.com%2Fvi%2Fv0cDP1f9rmo%2Fhqdefault.jpg\" class=\"pL\"><div class=\"tC\"><div class=\"tT\"><\/div><\/div><div class=\"play\"><\/div><div class=\"ctrl\"><div class=\"Lctrl\"><\/div><div class=\"Rctrl\"><\/div><\/div><\/div><noscript><a href=\"https:\/\/youtu.be\/v0cDP1f9rmo\" rel=\"nofollow\"><img loading=\"lazy\" decoding=\"async\" src=\"https:\/\/www.ferembach.com\/cestquilescreas\/wp-content\/plugins\/wp-youtube-lyte\/lyteCache.php?origThumbUrl=https%3A%2F%2Fi.ytimg.com%2Fvi%2Fv0cDP1f9rmo%2F0.jpg\" alt=\"YouTube video thumbnail\" width=\"853\" height=\"460\" \/><br \/>Lire cette vid\u00e9o sur YouTube<\/a><\/noscript><\/div><\/div><div class=\"lL\" style=\"max-width:100%;width:853px;margin:5px auto;\"><\/div><figcaption><\/figcaption><\/figure>\n\n\n<p><em>Cr\u00e9as : Lucie Vallotton &amp; Vincent Cusenier<\/em><\/p>\n\n\n\n<p><br>Alors, on a \u00e9vit\u00e9 de faire trop de strat. On a fait tr\u00e8s simple lors de la vente. Je leur dis \u00ab&nbsp;tr\u00e8s honn\u00eatement, c\u2019est la meilleure campagne que j\u2019ai eue entre les mains de ma vie. S\u2019il faut en faire une, \u00e7a sera celle-l\u00e0 \u00bb parce que je le pense sinc\u00e8rement. Un des fondateurs se marre et me dit \u00ab&nbsp;La derni\u00e8re fois que tu es venue avec une seule campagne, tu es reparti avec&nbsp;\u00bb. Ensuite, on laisse le talent des cr\u00e9atifs s\u2019exprimer pour raconter la campagne en mimant jusqu\u2019au sound design. On \u00e9tait tous tellement convaincus qu\u2019on les a convaincus. L\u2019envie et l\u2019\u00e9nergie se ressentent et se transmettent.<\/p>\n\n\n\n<p>L\u2019id\u00e9e, c\u2019\u00e9tait une chose. Mais il y avait la r\u00e9alisation aussi. Pour la petite histoire, lors de la pr\u00e9sentation des r\u00e9als, on a commenc\u00e9 le meeting par le budget. Une id\u00e9e de Ben Marchal. Le sujet, c\u2019\u00e9tait le budget plus que les talents pour faire le film. Apr\u00e8s avoir pr\u00e9sent\u00e9 le budget, on leur a demand\u00e9 si on continuait le meeting ou si on s\u2019arr\u00eatait l\u00e0. Quand on a bien identifi\u00e9 le sujet central du meeting, il faut mettre le poids du corps dessus. M\u00eame si \u00e7a n\u2019est pas toujours la discussion la plus simple.<\/p>\n\n\n\n<h2 class=\"wp-block-heading has-vivid-cyan-blue-color has-text-color\"><strong>Malgr\u00e9 le succ\u00e8s cr\u00e9atif, la campagne \u00ab&nbsp;Tout pour la Daronne&nbsp;\u00bb a \u00e9t\u00e9 suspendue 1 an apr\u00e8s sa diffusion. Nouvelle r\u00e9glementation des paris sportifs. Comment vous avez v\u00e9cu cette d\u00e9cision \u00e0 l\u2019agence&nbsp;?<\/strong><\/h2>\n\n\n\n<p>On a \u00e9t\u00e9 critiqu\u00e9 pour notre franc-parl\u00e9 et notre approche disruptive. On a toujours pens\u00e9 qu\u2019il fallait dire les choses \u00e0 l\u2019agence. Parier, n\u2019est pas un sport. On ne parie pas pour avoir plus de sensations ou partager des moments entre amis. Parier, c\u2019est avant tout pour gagner de l\u2019argent. Ce n\u2019\u00e9tait pas un discours polic\u00e9. La nouvelle r\u00e9glementation en vigueur nous a amen\u00e9s \u00e0 r\u00e9fl\u00e9chir diff\u00e9remment pour la 3\u1d49 campagne.<\/p>\n\n\n\n<h2 class=\"wp-block-heading has-vivid-cyan-blue-color has-text-color\"><strong>Maintenant que tu en parles, comment on vend des homme-chats qui courent apr\u00e8s une pelote de laine dans Bangkok ?<\/strong><\/h2>\n\n\n\n<p>Honn\u00eatement \u00e7a a \u00e9t\u00e9 le plus compliqu\u00e9e des trois. Pour convaincre, il faut cr\u00e9er les conditions du succ\u00e8s. Or le contexte \u00e9tait compliqu\u00e9. Des nouvelles r\u00e8gles qui pouvaient laisser place \u00e0 une certaine interpr\u00e9tation, un nouveau process de d\u00e9cision impliquant les l\u00e9gislateurs, la pression du timing et des clients qui aimaient \u00e0 nous rappeler que \u00ab&nbsp;c\u2019est g\u00e9n\u00e9ralement \u00e0 la 3<sup>\u00e8me<\/sup> campagne que les agences se plantent&nbsp;\u00bb.<\/p>\n\n\n\n<p>On est pass\u00e9 par diff\u00e9rentes \u00e9tapes. On a commenc\u00e9 par poser les bases. Plus besoin d\u2019avoir le pari au c\u0153ur de l\u2019histoire car Winamax = pari. On est une marque de divertissement, faisons du divertissement. Un message fid\u00e8le \u00e0 ce qu\u2019est la marque, vraie et directe \u2013 <em>Le plus important c\u2019est de gagner<\/em>. Une fois align\u00e9s sur le fond, on a cherch\u00e9 une forme. Plus que l\u2019histoire, qui est assez simple, il fallait mettre le poids du corps sur l\u2019univers pour que chacun puisse se projeter. On a craft\u00e9 le mat\u00e9riel de pr\u00e9sentation pour qu\u2019il soit au plus pr\u00e8s du r\u00e9sultat final et qu\u2019il enthousiasme les clients.<\/p>\n\n\n<figure class=\"wp-block-embed-youtube wp-block-embed is-type-video is-provider-youtube wp-embed-aspect-16-9 wp-has-aspect-ratio\"><div class=\"lyte-wrapper\" style=\"width:853px;max-width:100%;margin:5px auto;\"><div class=\"lyMe\" id=\"WYL_kKmH0kkQ4W4\"><div id=\"lyte_kKmH0kkQ4W4\" data-src=\"https:\/\/www.ferembach.com\/cestquilescreas\/wp-content\/plugins\/wp-youtube-lyte\/lyteCache.php?origThumbUrl=%2F%2Fi.ytimg.com%2Fvi%2FkKmH0kkQ4W4%2Fhqdefault.jpg\" class=\"pL\"><div class=\"tC\"><div class=\"tT\"><\/div><\/div><div class=\"play\"><\/div><div class=\"ctrl\"><div class=\"Lctrl\"><\/div><div class=\"Rctrl\"><\/div><\/div><\/div><noscript><a href=\"https:\/\/youtu.be\/kKmH0kkQ4W4\" rel=\"nofollow\"><img loading=\"lazy\" decoding=\"async\" src=\"https:\/\/www.ferembach.com\/cestquilescreas\/wp-content\/plugins\/wp-youtube-lyte\/lyteCache.php?origThumbUrl=https%3A%2F%2Fi.ytimg.com%2Fvi%2FkKmH0kkQ4W4%2F0.jpg\" alt=\"YouTube video thumbnail\" width=\"853\" height=\"460\" \/><br \/>Lire cette vid\u00e9o sur YouTube<\/a><\/noscript><\/div><\/div><div class=\"lL\" style=\"max-width:100%;width:853px;margin:5px auto;\"><\/div><figcaption><\/figcaption><\/figure>\n\n\n<p><em>Cr\u00e9as : Swann Richard &amp; Fran\u00e7ois Claux<\/em><\/p>\n\n\n\n<h2 class=\"wp-block-heading has-vivid-cyan-blue-color has-text-color\"><strong>C\u2019est quoi le secret d\u2019une bonne vente d\u2019apr\u00e8s toi&nbsp;?<\/strong><\/h2>\n\n\n\n<p>L\u2019important, c\u2019est de cr\u00e9er les bonnes conditions. La vente se joue avant la vente. Une pr\u00e9sentation, c\u2019est comme une pi\u00e8ce de th\u00e9\u00e2tre. Chacun son r\u00f4le, tout est pr\u00e9par\u00e9, r\u00e9p\u00e9t\u00e9, m\u00eame l\u2019improvisation est planifi\u00e9e.<\/p>\n\n\n\n<p>Exemple&nbsp;avec les Fr\u00e8res Saatchi qui pitchent British Airways\u2026 Le jour de la pr\u00e9sentation ils font poireauter les clients plus d\u2019une heure dans une salle de r\u00e9union volontairement d\u00e9grad\u00e9e et inconfortable. Les clients commencent \u00e0 \u00eatre furax et menacent de quitter l\u2019agence au regard du traitement qui leur est r\u00e9serv\u00e9. Les fr\u00e8res Saatchi arrivent alors et l\u2019un des deux s\u2019exclame \u00ab&nbsp;Vous venez de vivre ce que vivent vos clients tous les jours. \u00c0 pr\u00e9sent, la pr\u00e9sentation peut commencer&nbsp;\u00bb. La phrase fait mouche, car c\u2019\u00e9tait si vrai \u00e0 l\u2019\u00e9poque. Les clients sont conditionn\u00e9s dans un certain \u00e9tat d\u2019esprit. La vente peut avoir lieu.<\/p>\n\n\n\n<h2 class=\"wp-block-heading has-vivid-cyan-blue-color has-text-color\"><strong>\u00c0 quoi tu fais attention quand des cr\u00e9atifs te pr\u00e9sentent des id\u00e9es&nbsp;?<\/strong><\/h2>\n\n\n\n<p>Plusieurs choses que j\u2019essaie d\u2019instaurer, m\u00eame si parfois on se laisse emporter par l\u2019\u00e9motion.<\/p>\n\n\n\n<p><strong>1.<\/strong> Remercier les cr\u00e9atifs avant d\u2019\u00e9mettre un jugement. Ce que je dis souvent aux jeunes commerciaux, c\u2019est que les cr\u00e9as se mettent \u00e0 nu quand ils pr\u00e9sentent leur id\u00e9e. C\u2019est super important de respecter cet effort.<\/p>\n\n\n\n<p><strong>2. <\/strong>Laisser la parole aux plus juniors pour ne pas brider leur avis.<\/p>\n\n\n\n<p><strong>3.<\/strong> \u00catre constructif. Il y a toujours du bon dans une id\u00e9e. M\u00eame si elle est imparfaite, elle peut \u00eatre am\u00e9lior\u00e9e, transform\u00e9e, servir de point de d\u00e9part \u00e0 un \u00e9change&#8230; Elle est rarement inutile.<\/p>\n\n\n\n<p><strong>4.<\/strong> Surtout profiter, parce que \u00e7a reste le meilleur moment de la journ\u00e9e.<\/p>\n\n\n\n<h2 class=\"wp-block-heading has-vivid-cyan-blue-color has-text-color\"><strong>Quelles sont les campagnes o\u00f9 tu t\u2019es d\u00e9j\u00e0 dit \u00ab&nbsp;mais comment ont-ils vendu \u00e7a&nbsp;?&nbsp;\u00bb<\/strong><\/h2>\n\n\n\n<p>Nike <em>Write the Futur<\/em>. Comment ils ont fait pour financer un film pareil&nbsp;? <br>Comment tu vends la campagne la plus ch\u00e8re de l\u2019histoire de la pub ?<\/p>\n\n\n<figure class=\"wp-block-embed-youtube wp-block-embed is-type-video is-provider-youtube wp-embed-aspect-16-9 wp-has-aspect-ratio\"><div class=\"lyte-wrapper\" style=\"width:853px;max-width:100%;margin:5px auto;\"><div class=\"lyMe\" id=\"WYL_DBrA6LNx0cE\"><div id=\"lyte_DBrA6LNx0cE\" data-src=\"https:\/\/www.ferembach.com\/cestquilescreas\/wp-content\/plugins\/wp-youtube-lyte\/lyteCache.php?origThumbUrl=%2F%2Fi.ytimg.com%2Fvi%2FDBrA6LNx0cE%2Fhqdefault.jpg\" class=\"pL\"><div class=\"tC\"><div class=\"tT\"><\/div><\/div><div class=\"play\"><\/div><div class=\"ctrl\"><div class=\"Lctrl\"><\/div><div class=\"Rctrl\"><\/div><\/div><\/div><noscript><a href=\"https:\/\/youtu.be\/DBrA6LNx0cE\" rel=\"nofollow\"><img loading=\"lazy\" decoding=\"async\" src=\"https:\/\/www.ferembach.com\/cestquilescreas\/wp-content\/plugins\/wp-youtube-lyte\/lyteCache.php?origThumbUrl=https%3A%2F%2Fi.ytimg.com%2Fvi%2FDBrA6LNx0cE%2F0.jpg\" alt=\"YouTube video thumbnail\" width=\"853\" height=\"460\" \/><br \/>Lire cette vid\u00e9o sur YouTube<\/a><\/noscript><\/div><\/div><div class=\"lL\" style=\"max-width:100%;width:853px;margin:5px auto;\"><\/div><figcaption><\/figcaption><\/figure>\n\n\n<p>Xbox <em>Life is short Play more<\/em>. Comment tu vends un ovni pareil&nbsp;? <br>Pas de console, pas de produit et surtout pas de jeu sous quelque forme que ce soit.<\/p>\n\n\n<figure class=\"wp-block-embed-youtube wp-block-embed is-type-video is-provider-youtube wp-embed-aspect-16-9 wp-has-aspect-ratio\"><div class=\"lyte-wrapper\" style=\"width:853px;max-width:100%;margin:5px auto;\"><div class=\"lyMe\" id=\"WYL__IexQrWwGM0\"><div id=\"lyte__IexQrWwGM0\" data-src=\"https:\/\/www.ferembach.com\/cestquilescreas\/wp-content\/plugins\/wp-youtube-lyte\/lyteCache.php?origThumbUrl=%2F%2Fi.ytimg.com%2Fvi%2F_IexQrWwGM0%2Fhqdefault.jpg\" class=\"pL\"><div class=\"tC\"><div class=\"tT\"><\/div><\/div><div class=\"play\"><\/div><div class=\"ctrl\"><div class=\"Lctrl\"><\/div><div class=\"Rctrl\"><\/div><\/div><\/div><noscript><a href=\"https:\/\/youtu.be\/_IexQrWwGM0\" rel=\"nofollow\"><img loading=\"lazy\" decoding=\"async\" src=\"https:\/\/www.ferembach.com\/cestquilescreas\/wp-content\/plugins\/wp-youtube-lyte\/lyteCache.php?origThumbUrl=https%3A%2F%2Fi.ytimg.com%2Fvi%2F_IexQrWwGM0%2F0.jpg\" alt=\"YouTube video thumbnail\" width=\"853\" height=\"460\" \/><br \/>Lire cette vid\u00e9o sur YouTube<\/a><\/noscript><\/div><\/div><div class=\"lL\" style=\"max-width:100%;width:853px;margin:5px auto;\"><\/div><figcaption><\/figcaption><\/figure>\n\n\n<p><em>Moldy Whopper.<\/em> S\u00e9rieux, comment tu vends un burger en d\u00e9composition dans un secteur o\u00f9 chaque image doit donner envie de manger&nbsp;?<\/p>\n\n\n\n<div class=\"wp-block-group is-nowrap is-layout-flex wp-container-core-group-is-layout-ad2f72ca wp-block-group-is-layout-flex\">\n<figure class=\"wp-block-image size-full\"><img loading=\"lazy\" decoding=\"async\" width=\"277\" height=\"415\" src=\"https:\/\/www.ferembach.com\/cestquilescreas\/wp-content\/uploads\/2023\/07\/image-2.png\" alt=\"\" class=\"wp-image-9788\" srcset=\"https:\/\/www.ferembach.com\/cestquilescreas\/wp-content\/uploads\/2023\/07\/image-2.png 277w, https:\/\/www.ferembach.com\/cestquilescreas\/wp-content\/uploads\/2023\/07\/image-2-40x60.png 40w\" sizes=\"auto, (max-width: 277px) 100vw, 277px\" \/><\/figure>\n\n\n\n<figure class=\"wp-block-image size-full is-resized\"><img loading=\"lazy\" decoding=\"async\" width=\"265\" height=\"398\" src=\"https:\/\/www.ferembach.com\/cestquilescreas\/wp-content\/uploads\/2023\/07\/image-3.png\" alt=\"\" class=\"wp-image-9789\" style=\"width:281px;height:421px\" srcset=\"https:\/\/www.ferembach.com\/cestquilescreas\/wp-content\/uploads\/2023\/07\/image-3.png 265w, https:\/\/www.ferembach.com\/cestquilescreas\/wp-content\/uploads\/2023\/07\/image-3-40x60.png 40w\" sizes=\"auto, (max-width: 265px) 100vw, 265px\" \/><\/figure>\n<\/div>\n\n\n\n<h2 class=\"wp-block-heading has-vivid-cyan-blue-color has-text-color\"><strong>As-tu des personnalit\u00e9s qui t\u2019ont inspir\u00e9 durant ta carri\u00e8re&nbsp;?<\/strong><\/h2>\n\n\n\n<p>Dans le m\u00e9tier, je dirais Dan Wieden, le p\u00e8re de \u00ab&nbsp;Just do it&nbsp;\u00bb qui reste \u00e0 ce jour \u00e0 mes yeux la quintessence de la pub. John Hegarty, le H de BBH. J\u2019aime son bon sens, sa logique. Il a une vraie vision du m\u00e9tier. Et puis quelle audace\u2026 Le mec fait vraiment partie de ceux qui ont chang\u00e9 ce m\u00e9tier. Fred Raillard que j\u2019ai c\u00f4toy\u00e9. Un mec hors du commun. Et plus r\u00e9cemment Lee Clow &amp; Jean-Marie Dru que j\u2019ai eu la chance de d\u00e9couvrir pour l\u2019un et de c\u00f4toyer pour l\u2019autre, en arrivant chez TBWA.<\/p>\n\n\n\n<h2 class=\"wp-block-heading has-vivid-cyan-blue-color has-text-color\"><strong>Quels sont les conseils qui t\u2019ont le plus servis jusqu\u2019ici&nbsp;?<\/strong><\/h2>\n\n\n\n<p>Mon p\u00e8re m\u2019a toujours dit&nbsp;: le plus important dans la vie, c\u2019est de dormir tranquille. C\u2019est si simple, si \u00e9vident et en m\u00eame temps, c\u2019est si vrai\u2026 \u00e7a dit beaucoup de choses.<\/p>\n\n\n\n<h2 class=\"wp-block-heading has-vivid-cyan-blue-color has-text-color\"><strong>Ce serait quoi ton meilleur conseil \u00e0 un jeune qui veut faire carri\u00e8re en tant que commercial&nbsp;?<\/strong><\/h2>\n\n\n\n<p>Un mec m\u2019a dit un jour&nbsp;: si tu veux r\u00e9ussir en tant que commercial, il faut que tu trouves ton DC de carri\u00e8re. Le Directeur de Cr\u00e9ation avec qui tu vas faire ta carri\u00e8re. C\u2019est ce qui s\u2019est pass\u00e9 avec Benjamin Marchal. Quand on s\u2019est rencontr\u00e9s chez CLM, au d\u00e9but, on ne pouvait pas se piffrer. On s\u2019est retrouv\u00e9 chez Fred &amp; Farid. Aujourd\u2019hui, on adore \u00eatre ensemble.<\/p>\n\n\n\n<h2 class=\"wp-block-heading has-vivid-cyan-blue-color has-text-color\"><strong>Dirais-tu qu\u2019il y a diff\u00e9rents types de commerciaux&nbsp;?<\/strong><\/h2>\n\n\n\n<p>Oui, comme dans toute profession. On a tous une sensibilit\u00e9 particuli\u00e8re qu\u2019il faut cultiver. C\u2019est ce qui fait la richesse d\u2019une Agence. Il y a des commerciaux strat\u00e9giques, des commerciaux producteurs, des commerciaux cr\u00e9atifs, des commerciaux internationaux (de network)\u2026 Le seul point commun qui doit les animer, c\u2019est la passion. Pas uniquement pour le m\u00e9tier, mais vivre les choses avec passion.<\/p>\n\n\n\n<p>Sur un CV, la partie qui m\u2019int\u00e9resse le plus, ce sont les centres d\u2019int\u00e9r\u00eat. C\u2019est assez repr\u00e9sentatif d\u2019une personnalit\u00e9. Il m\u2019est arriv\u00e9 de recruter une personne parce qu\u2019elle \u00e9tait passionn\u00e9e de ch\u00e2teaux-forts. Je me suis dit que si elle pouvait me transmettre sa passion pour les ch\u00e2teaux, elle en ferait de m\u00eame avec une campagne pour un client.<\/p>\n\n\n\n<h2 class=\"wp-block-heading has-vivid-cyan-blue-color has-text-color\"><strong>Les prix cr\u00e9atifs ont-ils de la valeur pour les commerciaux ? <\/strong><strong>Ou bien c\u2019est l\u2019argent qu\u2019on g\u00e8re qui compte plus que tout&nbsp;?<\/strong><\/h2>\n\n\n\n<p>Si tu ne veux pas de lions, change de m\u00e9tier&nbsp;! C\u2019est comme un footballeur qui ne voudrait pas jouer la Coupe du Monde. \u00c7a n\u2019a pas de sens.<\/p>\n\n\n\n<p>On ne doit pas choisir l\u2019un ou l\u2019autre, car les deux sont intrins\u00e8quement li\u00e9s. La cr\u00e9ation pour la cr\u00e9ation, c\u2019est de l\u2019art. Nous ne sommes pas non plus des gestionnaires de patrimoine. La cr\u00e9ation publicitaire, elle est au service du business. Elle a pour objectif premier de d\u00e9velopper le business d\u2019une marque. Il suffit de regarder l\u2019\u00e9tat du business des marques les plus cr\u00e9atives de leur march\u00e9. Apple, premi\u00e8re capitalisation boursi\u00e8re du monde.<\/p>\n\n\n\n<h2 class=\"wp-block-heading has-vivid-cyan-blue-color has-text-color\">Tu dirais quoi \u00e0 ceux qui h\u00e9siteraient \u00e0 faire ce m\u00e9tier&nbsp;?<\/h2>\n\n\n\n<p>Il y a peu de m\u00e9tiers aussi diversifi\u00e9s, dans les sujets que l&rsquo;on traite, les gens que l&rsquo;on y croise aussi passionnants, avec autant de libert\u00e9 d\u2019action. Que ce soit sur la gestion d\u2019un compte, d\u2019une \u00e9quipe, d\u2019une organisation de travail. C\u2019est un m\u00e9tier qui nous responsabilise tr\u00e8s t\u00f4t. On commence Chef (de pub) et on devient vite directeur. C\u2019est un m\u00e9tier de passion et d\u2019audace. Il faut tenter sans arr\u00eat. <br>On ne t\u2019en voudra jamais de te planter. <br>En revanche, on te reprochera de ne pas avoir essay\u00e9.<\/p>\n\n\n\n<div style=\"height:60px\" aria-hidden=\"true\" class=\"wp-block-spacer\"><\/div>\n\n\n\n\t\t\t<div class=\"wp-block-uagb-post-carousel uagb-post-grid  uagb-post__image-position-top uagb-post__image-enabled uagb-block-b24d0886     uagb-post__arrow-outside uagb-post__items uagb-post__columns-6 is-carousel uagb-post__columns-tablet-2 uagb-post__columns-mobile-1\" data-total=\"2\" style=\"\">\n\n\t\t\t\t\t\t\t\t\t\t\t\t<article class=\"uagb-post__inner-wrap\">\t\t\t\t\t\t\t\t<div class='uagb-post__image'>\n\t\t\t\t\t\t\t\t\t<a href=\"https:\/\/www.ferembach.com\/cestquilescreas\/commerce\/blandine-mercier\/\" target=\"_self\" rel=\"bookmark noopener noreferrer\"><img loading=\"lazy\" decoding=\"async\" width=\"120\" height=\"120\" src=\"https:\/\/www.ferembach.com\/cestquilescreas\/wp-content\/uploads\/2024\/02\/blandine-120x120.jpg\" class=\"attachment-thumbnail size-thumbnail\" alt=\"\" \/>\t\t\t\t\t<\/a>\n\t\t\t\t\t\t\t\t\t<\/div>\n\t\t\t\t\t\t\t<div class=\"uagb-post__text\">\n\t\t\t\t\t<span class='uagb-post__taxonomy default'>\n\t\t\t\t\t\t<span class=\"dashicons-tag dashicons\"><\/span>\t\t\t\t\t\t<a href=\"https:\/\/www.ferembach.com\/cestquilescreas\/category\/commerce\/\">Commerce<\/a>, &nbsp;<a href=\"https:\/\/www.ferembach.com\/cestquilescreas\/category\/marcel\/\">Marcel<\/a>\t\t\t\t\t<\/span>\n\t\t\t\t<\/div>\n\t\t\t\t\t\t\t<h6 class=\"uagb-post__title uagb-post__text\">\n\t\t\t\t<a href=\"https:\/\/www.ferembach.com\/cestquilescreas\/commerce\/blandine-mercier\/\" target=\"_self\" rel=\"bookmark noopener noreferrer\">Mais comment ont-ils vendu \u00e7a\u00a0? #08 : Blandine Mercier<\/a>\n\t\t\t<\/h6>\n\t\t\t\t\t\t<div class='uagb-post__text uagb-post-grid-byline'>\n\t\t\t\t\t\t\t<\/div>\n\t\t\t\n\t\t\t\t\t\t\t\t\t<\/article>\n\t\t\t\t\t\t\t\t\t\t\t\t\t\t\t\t<article class=\"uagb-post__inner-wrap\">\t\t\t\t\t\t\t\t<div class='uagb-post__image'>\n\t\t\t\t\t\t\t\t\t<a href=\"https:\/\/www.ferembach.com\/cestquilescreas\/commerce\/sacha-lacroix\/\" target=\"_self\" rel=\"bookmark noopener noreferrer\"><img loading=\"lazy\" decoding=\"async\" width=\"120\" height=\"120\" src=\"https:\/\/www.ferembach.com\/cestquilescreas\/wp-content\/uploads\/2023\/12\/sacha-120x120.jpg\" class=\"attachment-thumbnail size-thumbnail\" alt=\"\" \/>\t\t\t\t\t<\/a>\n\t\t\t\t\t\t\t\t\t<\/div>\n\t\t\t\t\t\t\t<div class=\"uagb-post__text\">\n\t\t\t\t\t<span class='uagb-post__taxonomy default'>\n\t\t\t\t\t\t<span class=\"dashicons-tag dashicons\"><\/span>\t\t\t\t\t\t<a href=\"https:\/\/www.ferembach.com\/cestquilescreas\/category\/clm-bbdo\/\">CLM BBDO<\/a>, &nbsp;<a href=\"https:\/\/www.ferembach.com\/cestquilescreas\/category\/commerce\/\">Commerce<\/a>, &nbsp;<a href=\"https:\/\/www.ferembach.com\/cestquilescreas\/category\/rosa-paris\/\">Rosa Paris<\/a>\t\t\t\t\t<\/span>\n\t\t\t\t<\/div>\n\t\t\t\t\t\t\t<h6 class=\"uagb-post__title uagb-post__text\">\n\t\t\t\t<a href=\"https:\/\/www.ferembach.com\/cestquilescreas\/commerce\/sacha-lacroix\/\" target=\"_self\" rel=\"bookmark noopener noreferrer\">Mais comment ont-ils vendu \u00e7a\u00a0? #08 : Sacha Lacroix<\/a>\n\t\t\t<\/h6>\n\t\t\t\t\t\t<div class='uagb-post__text uagb-post-grid-byline'>\n\t\t\t\t\t\t\t<\/div>\n\t\t\t\n\t\t\t\t\t\t\t\t\t<\/article>\n\t\t\t\t\t\t\t\t\t\t\t\t\t\t\t\t<article class=\"uagb-post__inner-wrap\">\t\t\t\t\t\t\t\t<div class='uagb-post__image'>\n\t\t\t\t\t\t\t\t\t<a href=\"https:\/\/www.ferembach.com\/cestquilescreas\/commerce\/olivier-massanella\/\" target=\"_self\" rel=\"bookmark noopener noreferrer\"><img loading=\"lazy\" decoding=\"async\" width=\"120\" height=\"120\" src=\"https:\/\/www.ferembach.com\/cestquilescreas\/wp-content\/uploads\/2023\/12\/massanella-pic-120x120.jpg\" class=\"attachment-thumbnail size-thumbnail\" alt=\"\" \/>\t\t\t\t\t<\/a>\n\t\t\t\t\t\t\t\t\t<\/div>\n\t\t\t\t\t\t\t<div class=\"uagb-post__text\">\n\t\t\t\t\t<span class='uagb-post__taxonomy default'>\n\t\t\t\t\t\t<span class=\"dashicons-tag dashicons\"><\/span>\t\t\t\t\t\t<a href=\"https:\/\/www.ferembach.com\/cestquilescreas\/category\/betc-paris\/\">BETC Paris<\/a>, &nbsp;<a href=\"https:\/\/www.ferembach.com\/cestquilescreas\/category\/commerce\/\">Commerce<\/a>, &nbsp;<a href=\"https:\/\/www.ferembach.com\/cestquilescreas\/category\/ddb\/\">DDB<\/a>\t\t\t\t\t<\/span>\n\t\t\t\t<\/div>\n\t\t\t\t\t\t\t<h6 class=\"uagb-post__title uagb-post__text\">\n\t\t\t\t<a href=\"https:\/\/www.ferembach.com\/cestquilescreas\/commerce\/olivier-massanella\/\" target=\"_self\" rel=\"bookmark noopener noreferrer\">Mais comment ont-ils vendu \u00e7a\u00a0? #07 : Olivier Massanella<\/a>\n\t\t\t<\/h6>\n\t\t\t\t\t\t<div class='uagb-post__text uagb-post-grid-byline'>\n\t\t\t\t\t\t\t<\/div>\n\t\t\t\n\t\t\t\t\t\t\t\t\t<\/article>\n\t\t\t\t\t\t\t\t\t\t\t\t\t\t\t\t<article class=\"uagb-post__inner-wrap\">\t\t\t\t\t\t\t\t<div class='uagb-post__image'>\n\t\t\t\t\t\t\t\t\t<a href=\"https:\/\/www.ferembach.com\/cestquilescreas\/commerce\/mais-comment-ont-ils-vendu-ca-05-charlotte-montrichard\/\" target=\"_self\" rel=\"bookmark noopener noreferrer\"><img loading=\"lazy\" decoding=\"async\" width=\"120\" height=\"120\" src=\"https:\/\/www.ferembach.com\/cestquilescreas\/wp-content\/uploads\/2023\/06\/charlotte-120x120.jpg\" class=\"attachment-thumbnail size-thumbnail\" alt=\"\" \/>\t\t\t\t\t<\/a>\n\t\t\t\t\t\t\t\t\t<\/div>\n\t\t\t\t\t\t\t<div class=\"uagb-post__text\">\n\t\t\t\t\t<span class='uagb-post__taxonomy default'>\n\t\t\t\t\t\t<span class=\"dashicons-tag dashicons\"><\/span>\t\t\t\t\t\t<a href=\"https:\/\/www.ferembach.com\/cestquilescreas\/category\/accenture-song\/\">Accenture Song<\/a>, &nbsp;<a href=\"https:\/\/www.ferembach.com\/cestquilescreas\/category\/clm-bbdo\/\">CLM BBDO<\/a>, &nbsp;<a href=\"https:\/\/www.ferembach.com\/cestquilescreas\/category\/commerce\/\">Commerce<\/a>\t\t\t\t\t<\/span>\n\t\t\t\t<\/div>\n\t\t\t\t\t\t\t<h6 class=\"uagb-post__title uagb-post__text\">\n\t\t\t\t<a href=\"https:\/\/www.ferembach.com\/cestquilescreas\/commerce\/mais-comment-ont-ils-vendu-ca-05-charlotte-montrichard\/\" target=\"_self\" rel=\"bookmark noopener noreferrer\">Mais comment ont-ils vendu \u00e7a\u00a0? #05 : Charlotte Montrichard<\/a>\n\t\t\t<\/h6>\n\t\t\t\t\t\t<div class='uagb-post__text uagb-post-grid-byline'>\n\t\t\t\t\t\t\t<\/div>\n\t\t\t\n\t\t\t\t\t\t\t\t\t<\/article>\n\t\t\t\t\t\t\t\t\t\t\t\t\t\t\t\t<article class=\"uagb-post__inner-wrap\">\t\t\t\t\t\t\t\t<div class='uagb-post__image'>\n\t\t\t\t\t\t\t\t\t<a href=\"https:\/\/www.ferembach.com\/cestquilescreas\/commerce\/mais-comment-ont-ils-vendu-ca-04-julien-levilain\/\" target=\"_self\" rel=\"bookmark noopener noreferrer\"><img loading=\"lazy\" decoding=\"async\" width=\"120\" height=\"120\" src=\"https:\/\/www.ferembach.com\/cestquilescreas\/wp-content\/uploads\/2023\/06\/levilain-2-120x120.jpg\" class=\"attachment-thumbnail size-thumbnail\" alt=\"\" \/>\t\t\t\t\t<\/a>\n\t\t\t\t\t\t\t\t\t<\/div>\n\t\t\t\t\t\t\t<div class=\"uagb-post__text\">\n\t\t\t\t\t<span class='uagb-post__taxonomy default'>\n\t\t\t\t\t\t<span class=\"dashicons-tag dashicons\"><\/span>\t\t\t\t\t\t<a href=\"https:\/\/www.ferembach.com\/cestquilescreas\/category\/buzzman\/\">Buzzman<\/a>, &nbsp;<a href=\"https:\/\/www.ferembach.com\/cestquilescreas\/category\/commerce\/\">Commerce<\/a>\t\t\t\t\t<\/span>\n\t\t\t\t<\/div>\n\t\t\t\t\t\t\t<h6 class=\"uagb-post__title uagb-post__text\">\n\t\t\t\t<a href=\"https:\/\/www.ferembach.com\/cestquilescreas\/commerce\/mais-comment-ont-ils-vendu-ca-04-julien-levilain\/\" target=\"_self\" rel=\"bookmark noopener noreferrer\">Mais comment ont-ils vendu \u00e7a\u00a0? #04 : Julien Levilain<\/a>\n\t\t\t<\/h6>\n\t\t\t\t\t\t<div class='uagb-post__text uagb-post-grid-byline'>\n\t\t\t\t\t\t\t<\/div>\n\t\t\t\n\t\t\t\t\t\t\t\t\t<\/article>\n\t\t\t\t\t\t\t\t\t\t\t\t\t\t\t\t<article class=\"uagb-post__inner-wrap\">\t\t\t\t\t\t\t\t<div class='uagb-post__image'>\n\t\t\t\t\t\t\t\t\t<a href=\"https:\/\/www.ferembach.com\/cestquilescreas\/commerce\/marion-floch\/\" target=\"_self\" rel=\"bookmark noopener noreferrer\"><img loading=\"lazy\" decoding=\"async\" width=\"120\" height=\"120\" src=\"https:\/\/www.ferembach.com\/cestquilescreas\/wp-content\/uploads\/2023\/02\/marion-floch-120x120.jpg\" class=\"attachment-thumbnail size-thumbnail\" alt=\"\" \/>\t\t\t\t\t<\/a>\n\t\t\t\t\t\t\t\t\t<\/div>\n\t\t\t\t\t\t\t<div class=\"uagb-post__text\">\n\t\t\t\t\t<span class='uagb-post__taxonomy default'>\n\t\t\t\t\t\t<span class=\"dashicons-tag dashicons\"><\/span>\t\t\t\t\t\t<a href=\"https:\/\/www.ferembach.com\/cestquilescreas\/category\/commerce\/\">Commerce<\/a>, &nbsp;<a href=\"https:\/\/www.ferembach.com\/cestquilescreas\/category\/romance\/\">Romance<\/a>, &nbsp;<a href=\"https:\/\/www.ferembach.com\/cestquilescreas\/category\/tbwa\/\">TBWA<\/a>\t\t\t\t\t<\/span>\n\t\t\t\t<\/div>\n\t\t\t\t\t\t\t<h6 class=\"uagb-post__title uagb-post__text\">\n\t\t\t\t<a href=\"https:\/\/www.ferembach.com\/cestquilescreas\/commerce\/marion-floch\/\" target=\"_self\" rel=\"bookmark noopener noreferrer\">Mais comment ont-ils vendu \u00e7a\u00a0? #03 : Marion Floch<\/a>\n\t\t\t<\/h6>\n\t\t\t\t\t\t<div class='uagb-post__text uagb-post-grid-byline'>\n\t\t\t\t\t\t\t<\/div>\n\t\t\t\n\t\t\t\t\t\t\t\t\t<\/article>\n\t\t\t\t\t\t\t\t\t\t\t<\/div>\n\t\t\t\n\n\n<div style=\"height:100px\" aria-hidden=\"true\" class=\"wp-block-spacer\"><\/div>\n","protected":false},"excerpt":{"rendered":"<p>INTRO Il y a toujours ce moment, \u00e0 la fois jouissif et extr\u00eamement frustrant, o\u00f9 l\u2019on d\u00e9couvre une super campagne pour la premi\u00e8re fois. Ce plaisir m\u00eal\u00e9 de jalousie o\u00f9 l\u2019on se dit \u00ab p*tain, quelle bonne id\u00e9e ! \u00bb. Puis parfois, en creusant un peu, une autre question nous rend encore plus jaloux : [&hellip;]<\/p>\n","protected":false},"author":4,"featured_media":9840,"comment_status":"closed","ping_status":"closed","sticky":false,"template":"","format":"standard","meta":{"_et_pb_use_builder":"off","_et_pb_old_content":"","_et_gb_content_width":"","_uag_custom_page_level_css":"","footnotes":""},"categories":[108,12],"tags":[],"class_list":["post-9783","post","type-post","status-publish","format-standard","has-post-thumbnail","hentry","category-commerce","category-tbwa"],"yoast_head":"<!-- This site is optimized with the Yoast SEO plugin v27.5 - https:\/\/yoast.com\/product\/yoast-seo-wordpress\/ -->\n<title>Mais comment ont-ils vendu \u00e7a\u00a0? #06 : Jonathan Serog &#8226; C&#039;est qui les Cr\u00e9as ?<\/title>\n<meta name=\"robots\" content=\"index, follow, max-snippet:-1, max-image-preview:large, max-video-preview:-1\" \/>\n<link rel=\"canonical\" href=\"https:\/\/www.ferembach.com\/cestquilescreas\/commerce\/mais-comment-ont-ils-vendu-ca-06-jonathan-serog\/\" \/>\n<meta property=\"og:locale\" content=\"fr_FR\" \/>\n<meta property=\"og:type\" content=\"article\" \/>\n<meta property=\"og:title\" content=\"Mais comment ont-ils vendu \u00e7a\u00a0? #06 : Jonathan Serog &#8226; C&#039;est qui les Cr\u00e9as ?\" \/>\n<meta property=\"og:description\" content=\"INTRO Il y a toujours ce moment, \u00e0 la fois jouissif et extr\u00eamement frustrant, o\u00f9 l\u2019on d\u00e9couvre une super campagne pour la premi\u00e8re fois. Ce plaisir m\u00eal\u00e9 de jalousie o\u00f9 l\u2019on se dit \u00ab p*tain, quelle bonne id\u00e9e ! \u00bb. Puis parfois, en creusant un peu, une autre question nous rend encore plus jaloux : [&hellip;]\" \/>\n<meta property=\"og:url\" content=\"https:\/\/www.ferembach.com\/cestquilescreas\/commerce\/mais-comment-ont-ils-vendu-ca-06-jonathan-serog\/\" \/>\n<meta property=\"og:site_name\" content=\"C&#039;est qui les Cr\u00e9as ?\" \/>\n<meta property=\"article:publisher\" content=\"https:\/\/www.facebook.com\/CestquilesCreas\/\" \/>\n<meta property=\"article:published_time\" content=\"2023-07-05T08:47:19+00:00\" \/>\n<meta property=\"article:modified_time\" content=\"2023-12-11T23:16:48+00:00\" \/>\n<meta property=\"og:image\" content=\"https:\/\/www.ferembach.com\/cestquilescreas\/wp-content\/uploads\/2023\/07\/serog.jpg\" \/>\n\t<meta property=\"og:image:width\" content=\"800\" \/>\n\t<meta property=\"og:image:height\" content=\"569\" \/>\n\t<meta property=\"og:image:type\" content=\"image\/jpeg\" \/>\n<meta name=\"author\" content=\"gregory ferembach\" \/>\n<meta name=\"twitter:card\" content=\"summary_large_image\" \/>\n<meta name=\"twitter:label1\" content=\"\u00c9crit par\" \/>\n\t<meta name=\"twitter:data1\" content=\"gregory ferembach\" \/>\n\t<meta name=\"twitter:label2\" content=\"Dur\u00e9e de lecture estim\u00e9e\" \/>\n\t<meta name=\"twitter:data2\" content=\"15 minutes\" \/>\n<script type=\"application\/ld+json\" class=\"yoast-schema-graph\">{\"@context\":\"https:\\\/\\\/schema.org\",\"@graph\":[{\"@type\":\"Article\",\"@id\":\"https:\\\/\\\/www.ferembach.com\\\/cestquilescreas\\\/commerce\\\/mais-comment-ont-ils-vendu-ca-06-jonathan-serog\\\/#article\",\"isPartOf\":{\"@id\":\"https:\\\/\\\/www.ferembach.com\\\/cestquilescreas\\\/commerce\\\/mais-comment-ont-ils-vendu-ca-06-jonathan-serog\\\/\"},\"author\":{\"name\":\"gregory ferembach\",\"@id\":\"https:\\\/\\\/www.ferembach.com\\\/cestquilescreas\\\/#\\\/schema\\\/person\\\/228b651374249a02f20a1921f0e2516b\"},\"headline\":\"Mais comment ont-ils vendu \u00e7a\u00a0? #06 : Jonathan Serog\",\"datePublished\":\"2023-07-05T08:47:19+00:00\",\"dateModified\":\"2023-12-11T23:16:48+00:00\",\"mainEntityOfPage\":{\"@id\":\"https:\\\/\\\/www.ferembach.com\\\/cestquilescreas\\\/commerce\\\/mais-comment-ont-ils-vendu-ca-06-jonathan-serog\\\/\"},\"wordCount\":2909,\"publisher\":{\"@id\":\"https:\\\/\\\/www.ferembach.com\\\/cestquilescreas\\\/#organization\"},\"image\":{\"@id\":\"https:\\\/\\\/www.ferembach.com\\\/cestquilescreas\\\/commerce\\\/mais-comment-ont-ils-vendu-ca-06-jonathan-serog\\\/#primaryimage\"},\"thumbnailUrl\":\"https:\\\/\\\/www.ferembach.com\\\/cestquilescreas\\\/wp-content\\\/uploads\\\/2023\\\/07\\\/serog.jpg\",\"articleSection\":[\"Commerce\",\"TBWA\"],\"inLanguage\":\"fr-FR\"},{\"@type\":\"WebPage\",\"@id\":\"https:\\\/\\\/www.ferembach.com\\\/cestquilescreas\\\/commerce\\\/mais-comment-ont-ils-vendu-ca-06-jonathan-serog\\\/\",\"url\":\"https:\\\/\\\/www.ferembach.com\\\/cestquilescreas\\\/commerce\\\/mais-comment-ont-ils-vendu-ca-06-jonathan-serog\\\/\",\"name\":\"Mais comment ont-ils vendu \u00e7a\u00a0? #06 : Jonathan Serog &#8226; C&#039;est qui les Cr\u00e9as ?\",\"isPartOf\":{\"@id\":\"https:\\\/\\\/www.ferembach.com\\\/cestquilescreas\\\/#website\"},\"primaryImageOfPage\":{\"@id\":\"https:\\\/\\\/www.ferembach.com\\\/cestquilescreas\\\/commerce\\\/mais-comment-ont-ils-vendu-ca-06-jonathan-serog\\\/#primaryimage\"},\"image\":{\"@id\":\"https:\\\/\\\/www.ferembach.com\\\/cestquilescreas\\\/commerce\\\/mais-comment-ont-ils-vendu-ca-06-jonathan-serog\\\/#primaryimage\"},\"thumbnailUrl\":\"https:\\\/\\\/www.ferembach.com\\\/cestquilescreas\\\/wp-content\\\/uploads\\\/2023\\\/07\\\/serog.jpg\",\"datePublished\":\"2023-07-05T08:47:19+00:00\",\"dateModified\":\"2023-12-11T23:16:48+00:00\",\"breadcrumb\":{\"@id\":\"https:\\\/\\\/www.ferembach.com\\\/cestquilescreas\\\/commerce\\\/mais-comment-ont-ils-vendu-ca-06-jonathan-serog\\\/#breadcrumb\"},\"inLanguage\":\"fr-FR\",\"potentialAction\":[{\"@type\":\"ReadAction\",\"target\":[\"https:\\\/\\\/www.ferembach.com\\\/cestquilescreas\\\/commerce\\\/mais-comment-ont-ils-vendu-ca-06-jonathan-serog\\\/\"]}]},{\"@type\":\"ImageObject\",\"inLanguage\":\"fr-FR\",\"@id\":\"https:\\\/\\\/www.ferembach.com\\\/cestquilescreas\\\/commerce\\\/mais-comment-ont-ils-vendu-ca-06-jonathan-serog\\\/#primaryimage\",\"url\":\"https:\\\/\\\/www.ferembach.com\\\/cestquilescreas\\\/wp-content\\\/uploads\\\/2023\\\/07\\\/serog.jpg\",\"contentUrl\":\"https:\\\/\\\/www.ferembach.com\\\/cestquilescreas\\\/wp-content\\\/uploads\\\/2023\\\/07\\\/serog.jpg\",\"width\":800,\"height\":569},{\"@type\":\"BreadcrumbList\",\"@id\":\"https:\\\/\\\/www.ferembach.com\\\/cestquilescreas\\\/commerce\\\/mais-comment-ont-ils-vendu-ca-06-jonathan-serog\\\/#breadcrumb\",\"itemListElement\":[{\"@type\":\"ListItem\",\"position\":1,\"name\":\"Accueil\",\"item\":\"https:\\\/\\\/www.ferembach.com\\\/cestquilescreas\\\/\"},{\"@type\":\"ListItem\",\"position\":2,\"name\":\"Mais comment ont-ils vendu \u00e7a\u00a0? #06 : Jonathan Serog\"}]},{\"@type\":\"WebSite\",\"@id\":\"https:\\\/\\\/www.ferembach.com\\\/cestquilescreas\\\/#website\",\"url\":\"https:\\\/\\\/www.ferembach.com\\\/cestquilescreas\\\/\",\"name\":\"C'est qui les Cr\u00e9as ?\",\"description\":\"D\u00e9couvrez les cr\u00e9atifs, leurs parcours et leurs (en)vies...\",\"publisher\":{\"@id\":\"https:\\\/\\\/www.ferembach.com\\\/cestquilescreas\\\/#organization\"},\"potentialAction\":[{\"@type\":\"SearchAction\",\"target\":{\"@type\":\"EntryPoint\",\"urlTemplate\":\"https:\\\/\\\/www.ferembach.com\\\/cestquilescreas\\\/?s={search_term_string}\"},\"query-input\":{\"@type\":\"PropertyValueSpecification\",\"valueRequired\":true,\"valueName\":\"search_term_string\"}}],\"inLanguage\":\"fr-FR\"},{\"@type\":\"Organization\",\"@id\":\"https:\\\/\\\/www.ferembach.com\\\/cestquilescreas\\\/#organization\",\"name\":\"C'est qui les Cr\u00e9as ?\",\"url\":\"https:\\\/\\\/www.ferembach.com\\\/cestquilescreas\\\/\",\"logo\":{\"@type\":\"ImageObject\",\"inLanguage\":\"fr-FR\",\"@id\":\"https:\\\/\\\/www.ferembach.com\\\/cestquilescreas\\\/#\\\/schema\\\/logo\\\/image\\\/\",\"url\":\"https:\\\/\\\/www.ferembach.com\\\/cestquilescreas\\\/wp-content\\\/uploads\\\/2020\\\/02\\\/logo-cqlc-1024x368-3.png\",\"contentUrl\":\"https:\\\/\\\/www.ferembach.com\\\/cestquilescreas\\\/wp-content\\\/uploads\\\/2020\\\/02\\\/logo-cqlc-1024x368-3.png\",\"width\":1024,\"height\":368,\"caption\":\"C'est qui les Cr\u00e9as ?\"},\"image\":{\"@id\":\"https:\\\/\\\/www.ferembach.com\\\/cestquilescreas\\\/#\\\/schema\\\/logo\\\/image\\\/\"},\"sameAs\":[\"https:\\\/\\\/www.facebook.com\\\/CestquilesCreas\\\/\"]},{\"@type\":\"Person\",\"@id\":\"https:\\\/\\\/www.ferembach.com\\\/cestquilescreas\\\/#\\\/schema\\\/person\\\/228b651374249a02f20a1921f0e2516b\",\"name\":\"gregory ferembach\",\"image\":{\"@type\":\"ImageObject\",\"inLanguage\":\"fr-FR\",\"@id\":\"https:\\\/\\\/secure.gravatar.com\\\/avatar\\\/605c4bda0e1d2a91637e7bb2eb4af75b09419585355d212ee36e067ca646749c?s=96&d=mm&r=g\",\"url\":\"https:\\\/\\\/secure.gravatar.com\\\/avatar\\\/605c4bda0e1d2a91637e7bb2eb4af75b09419585355d212ee36e067ca646749c?s=96&d=mm&r=g\",\"contentUrl\":\"https:\\\/\\\/secure.gravatar.com\\\/avatar\\\/605c4bda0e1d2a91637e7bb2eb4af75b09419585355d212ee36e067ca646749c?s=96&d=mm&r=g\",\"caption\":\"gregory ferembach\"}}]}<\/script>\n<!-- \/ Yoast SEO plugin. -->","yoast_head_json":{"title":"Mais comment ont-ils vendu \u00e7a\u00a0? #06 : Jonathan Serog &#8226; C&#039;est qui les Cr\u00e9as ?","robots":{"index":"index","follow":"follow","max-snippet":"max-snippet:-1","max-image-preview":"max-image-preview:large","max-video-preview":"max-video-preview:-1"},"canonical":"https:\/\/www.ferembach.com\/cestquilescreas\/commerce\/mais-comment-ont-ils-vendu-ca-06-jonathan-serog\/","og_locale":"fr_FR","og_type":"article","og_title":"Mais comment ont-ils vendu \u00e7a\u00a0? #06 : Jonathan Serog &#8226; C&#039;est qui les Cr\u00e9as ?","og_description":"INTRO Il y a toujours ce moment, \u00e0 la fois jouissif et extr\u00eamement frustrant, o\u00f9 l\u2019on d\u00e9couvre une super campagne pour la premi\u00e8re fois. Ce plaisir m\u00eal\u00e9 de jalousie o\u00f9 l\u2019on se dit \u00ab p*tain, quelle bonne id\u00e9e ! \u00bb. Puis parfois, en creusant un peu, une autre question nous rend encore plus jaloux : [&hellip;]","og_url":"https:\/\/www.ferembach.com\/cestquilescreas\/commerce\/mais-comment-ont-ils-vendu-ca-06-jonathan-serog\/","og_site_name":"C&#039;est qui les Cr\u00e9as ?","article_publisher":"https:\/\/www.facebook.com\/CestquilesCreas\/","article_published_time":"2023-07-05T08:47:19+00:00","article_modified_time":"2023-12-11T23:16:48+00:00","og_image":[{"width":800,"height":569,"url":"https:\/\/www.ferembach.com\/cestquilescreas\/wp-content\/uploads\/2023\/07\/serog.jpg","type":"image\/jpeg"}],"author":"gregory ferembach","twitter_card":"summary_large_image","twitter_misc":{"\u00c9crit par":"gregory ferembach","Dur\u00e9e de lecture estim\u00e9e":"15 minutes"},"schema":{"@context":"https:\/\/schema.org","@graph":[{"@type":"Article","@id":"https:\/\/www.ferembach.com\/cestquilescreas\/commerce\/mais-comment-ont-ils-vendu-ca-06-jonathan-serog\/#article","isPartOf":{"@id":"https:\/\/www.ferembach.com\/cestquilescreas\/commerce\/mais-comment-ont-ils-vendu-ca-06-jonathan-serog\/"},"author":{"name":"gregory ferembach","@id":"https:\/\/www.ferembach.com\/cestquilescreas\/#\/schema\/person\/228b651374249a02f20a1921f0e2516b"},"headline":"Mais comment ont-ils vendu \u00e7a\u00a0? #06 : Jonathan Serog","datePublished":"2023-07-05T08:47:19+00:00","dateModified":"2023-12-11T23:16:48+00:00","mainEntityOfPage":{"@id":"https:\/\/www.ferembach.com\/cestquilescreas\/commerce\/mais-comment-ont-ils-vendu-ca-06-jonathan-serog\/"},"wordCount":2909,"publisher":{"@id":"https:\/\/www.ferembach.com\/cestquilescreas\/#organization"},"image":{"@id":"https:\/\/www.ferembach.com\/cestquilescreas\/commerce\/mais-comment-ont-ils-vendu-ca-06-jonathan-serog\/#primaryimage"},"thumbnailUrl":"https:\/\/www.ferembach.com\/cestquilescreas\/wp-content\/uploads\/2023\/07\/serog.jpg","articleSection":["Commerce","TBWA"],"inLanguage":"fr-FR"},{"@type":"WebPage","@id":"https:\/\/www.ferembach.com\/cestquilescreas\/commerce\/mais-comment-ont-ils-vendu-ca-06-jonathan-serog\/","url":"https:\/\/www.ferembach.com\/cestquilescreas\/commerce\/mais-comment-ont-ils-vendu-ca-06-jonathan-serog\/","name":"Mais comment ont-ils vendu \u00e7a\u00a0? #06 : Jonathan Serog &#8226; C&#039;est qui les Cr\u00e9as ?","isPartOf":{"@id":"https:\/\/www.ferembach.com\/cestquilescreas\/#website"},"primaryImageOfPage":{"@id":"https:\/\/www.ferembach.com\/cestquilescreas\/commerce\/mais-comment-ont-ils-vendu-ca-06-jonathan-serog\/#primaryimage"},"image":{"@id":"https:\/\/www.ferembach.com\/cestquilescreas\/commerce\/mais-comment-ont-ils-vendu-ca-06-jonathan-serog\/#primaryimage"},"thumbnailUrl":"https:\/\/www.ferembach.com\/cestquilescreas\/wp-content\/uploads\/2023\/07\/serog.jpg","datePublished":"2023-07-05T08:47:19+00:00","dateModified":"2023-12-11T23:16:48+00:00","breadcrumb":{"@id":"https:\/\/www.ferembach.com\/cestquilescreas\/commerce\/mais-comment-ont-ils-vendu-ca-06-jonathan-serog\/#breadcrumb"},"inLanguage":"fr-FR","potentialAction":[{"@type":"ReadAction","target":["https:\/\/www.ferembach.com\/cestquilescreas\/commerce\/mais-comment-ont-ils-vendu-ca-06-jonathan-serog\/"]}]},{"@type":"ImageObject","inLanguage":"fr-FR","@id":"https:\/\/www.ferembach.com\/cestquilescreas\/commerce\/mais-comment-ont-ils-vendu-ca-06-jonathan-serog\/#primaryimage","url":"https:\/\/www.ferembach.com\/cestquilescreas\/wp-content\/uploads\/2023\/07\/serog.jpg","contentUrl":"https:\/\/www.ferembach.com\/cestquilescreas\/wp-content\/uploads\/2023\/07\/serog.jpg","width":800,"height":569},{"@type":"BreadcrumbList","@id":"https:\/\/www.ferembach.com\/cestquilescreas\/commerce\/mais-comment-ont-ils-vendu-ca-06-jonathan-serog\/#breadcrumb","itemListElement":[{"@type":"ListItem","position":1,"name":"Accueil","item":"https:\/\/www.ferembach.com\/cestquilescreas\/"},{"@type":"ListItem","position":2,"name":"Mais comment ont-ils vendu \u00e7a\u00a0? #06 : Jonathan Serog"}]},{"@type":"WebSite","@id":"https:\/\/www.ferembach.com\/cestquilescreas\/#website","url":"https:\/\/www.ferembach.com\/cestquilescreas\/","name":"C'est qui les Cr\u00e9as ?","description":"D\u00e9couvrez les cr\u00e9atifs, leurs parcours et leurs (en)vies...","publisher":{"@id":"https:\/\/www.ferembach.com\/cestquilescreas\/#organization"},"potentialAction":[{"@type":"SearchAction","target":{"@type":"EntryPoint","urlTemplate":"https:\/\/www.ferembach.com\/cestquilescreas\/?s={search_term_string}"},"query-input":{"@type":"PropertyValueSpecification","valueRequired":true,"valueName":"search_term_string"}}],"inLanguage":"fr-FR"},{"@type":"Organization","@id":"https:\/\/www.ferembach.com\/cestquilescreas\/#organization","name":"C'est qui les Cr\u00e9as ?","url":"https:\/\/www.ferembach.com\/cestquilescreas\/","logo":{"@type":"ImageObject","inLanguage":"fr-FR","@id":"https:\/\/www.ferembach.com\/cestquilescreas\/#\/schema\/logo\/image\/","url":"https:\/\/www.ferembach.com\/cestquilescreas\/wp-content\/uploads\/2020\/02\/logo-cqlc-1024x368-3.png","contentUrl":"https:\/\/www.ferembach.com\/cestquilescreas\/wp-content\/uploads\/2020\/02\/logo-cqlc-1024x368-3.png","width":1024,"height":368,"caption":"C'est qui les Cr\u00e9as ?"},"image":{"@id":"https:\/\/www.ferembach.com\/cestquilescreas\/#\/schema\/logo\/image\/"},"sameAs":["https:\/\/www.facebook.com\/CestquilesCreas\/"]},{"@type":"Person","@id":"https:\/\/www.ferembach.com\/cestquilescreas\/#\/schema\/person\/228b651374249a02f20a1921f0e2516b","name":"gregory ferembach","image":{"@type":"ImageObject","inLanguage":"fr-FR","@id":"https:\/\/secure.gravatar.com\/avatar\/605c4bda0e1d2a91637e7bb2eb4af75b09419585355d212ee36e067ca646749c?s=96&d=mm&r=g","url":"https:\/\/secure.gravatar.com\/avatar\/605c4bda0e1d2a91637e7bb2eb4af75b09419585355d212ee36e067ca646749c?s=96&d=mm&r=g","contentUrl":"https:\/\/secure.gravatar.com\/avatar\/605c4bda0e1d2a91637e7bb2eb4af75b09419585355d212ee36e067ca646749c?s=96&d=mm&r=g","caption":"gregory ferembach"}}]}},"uagb_featured_image_src":{"full":["https:\/\/www.ferembach.com\/cestquilescreas\/wp-content\/uploads\/2023\/07\/serog.jpg",800,569,false],"thumbnail":["https:\/\/www.ferembach.com\/cestquilescreas\/wp-content\/uploads\/2023\/07\/serog-120x120.jpg",120,120,true],"medium":["https:\/\/www.ferembach.com\/cestquilescreas\/wp-content\/uploads\/2023\/07\/serog-60x43.jpg",60,43,true],"medium_large":["https:\/\/www.ferembach.com\/cestquilescreas\/wp-content\/uploads\/2023\/07\/serog-768x546.jpg",768,546,true],"large":["https:\/\/www.ferembach.com\/cestquilescreas\/wp-content\/uploads\/2023\/07\/serog.jpg",800,569,false],"1536x1536":["https:\/\/www.ferembach.com\/cestquilescreas\/wp-content\/uploads\/2023\/07\/serog.jpg",800,569,false],"2048x2048":["https:\/\/www.ferembach.com\/cestquilescreas\/wp-content\/uploads\/2023\/07\/serog.jpg",800,569,false],"et-pb-post-main-image":["https:\/\/www.ferembach.com\/cestquilescreas\/wp-content\/uploads\/2023\/07\/serog-400x250.jpg",400,250,true],"et-pb-post-main-image-fullwidth":["https:\/\/www.ferembach.com\/cestquilescreas\/wp-content\/uploads\/2023\/07\/serog.jpg",800,569,false],"et-pb-portfolio-image":["https:\/\/www.ferembach.com\/cestquilescreas\/wp-content\/uploads\/2023\/07\/serog-400x284.jpg",400,284,true],"et-pb-portfolio-module-image":["https:\/\/www.ferembach.com\/cestquilescreas\/wp-content\/uploads\/2023\/07\/serog-510x382.jpg",510,382,true],"et-pb-portfolio-image-single":["https:\/\/www.ferembach.com\/cestquilescreas\/wp-content\/uploads\/2023\/07\/serog.jpg",800,569,false],"et-pb-gallery-module-image-portrait":["https:\/\/www.ferembach.com\/cestquilescreas\/wp-content\/uploads\/2023\/07\/serog-400x516.jpg",400,516,true],"et-pb-post-main-image-fullwidth-large":["https:\/\/www.ferembach.com\/cestquilescreas\/wp-content\/uploads\/2023\/07\/serog.jpg",800,569,false],"et-pb-image--responsive--desktop":["https:\/\/www.ferembach.com\/cestquilescreas\/wp-content\/uploads\/2023\/07\/serog.jpg",800,569,false],"et-pb-image--responsive--tablet":["https:\/\/www.ferembach.com\/cestquilescreas\/wp-content\/uploads\/2023\/07\/serog.jpg",775,551,false],"et-pb-image--responsive--phone":["https:\/\/www.ferembach.com\/cestquilescreas\/wp-content\/uploads\/2023\/07\/serog-480x341.jpg",380,270,true]},"uagb_author_info":{"display_name":"gregory ferembach","author_link":"https:\/\/www.ferembach.com\/cestquilescreas\/author\/gregoryferembach\/"},"uagb_comment_info":0,"uagb_excerpt":"INTRO Il y a toujours ce moment, \u00e0 la fois jouissif et extr\u00eamement frustrant, o\u00f9 l\u2019on d\u00e9couvre une super campagne pour la premi\u00e8re fois. Ce plaisir m\u00eal\u00e9 de jalousie o\u00f9 l\u2019on se dit \u00ab p*tain, quelle bonne id\u00e9e ! \u00bb. Puis parfois, en creusant un peu, une autre question nous rend encore plus jaloux :\u2026","_links":{"self":[{"href":"https:\/\/www.ferembach.com\/cestquilescreas\/wp-json\/wp\/v2\/posts\/9783","targetHints":{"allow":["GET"]}}],"collection":[{"href":"https:\/\/www.ferembach.com\/cestquilescreas\/wp-json\/wp\/v2\/posts"}],"about":[{"href":"https:\/\/www.ferembach.com\/cestquilescreas\/wp-json\/wp\/v2\/types\/post"}],"author":[{"embeddable":true,"href":"https:\/\/www.ferembach.com\/cestquilescreas\/wp-json\/wp\/v2\/users\/4"}],"replies":[{"embeddable":true,"href":"https:\/\/www.ferembach.com\/cestquilescreas\/wp-json\/wp\/v2\/comments?post=9783"}],"version-history":[{"count":0,"href":"https:\/\/www.ferembach.com\/cestquilescreas\/wp-json\/wp\/v2\/posts\/9783\/revisions"}],"wp:featuredmedia":[{"embeddable":true,"href":"https:\/\/www.ferembach.com\/cestquilescreas\/wp-json\/wp\/v2\/media\/9840"}],"wp:attachment":[{"href":"https:\/\/www.ferembach.com\/cestquilescreas\/wp-json\/wp\/v2\/media?parent=9783"}],"wp:term":[{"taxonomy":"category","embeddable":true,"href":"https:\/\/www.ferembach.com\/cestquilescreas\/wp-json\/wp\/v2\/categories?post=9783"},{"taxonomy":"post_tag","embeddable":true,"href":"https:\/\/www.ferembach.com\/cestquilescreas\/wp-json\/wp\/v2\/tags?post=9783"}],"curies":[{"name":"wp","href":"https:\/\/api.w.org\/{rel}","templated":true}]}}